{"id":32471,"date":"2011-05-10T20:17:47","date_gmt":"2011-05-10T17:17:47","guid":{"rendered":"http:\/\/www.korhanyilmaz.com\/?p=32471"},"modified":"2011-05-10T20:17:47","modified_gmt":"2011-05-10T17:17:47","slug":"secim-afisine-polis-nobeti","status":"publish","type":"post","link":"http:\/\/www.korhanyilmaz.com\/?p=32471","title":{"rendered":"Se\u00e7im afi\u015fine polis n\u00f6beti"},"content":{"rendered":"<p style=\"text-align: justify;\"><a href=\"http:\/\/www.korhanyilmaz.com\/wp-content\/uploads\/2011\/05\/133.jpg\"  class=\"lightview\"><img loading=\"lazy\" decoding=\"async\" class=\"aligncenter size-full wp-image-32472\" src=\"http:\/\/www.korhanyilmaz.com\/wp-content\/uploads\/2011\/05\/133.jpg\" alt=\"\" width=\"384\" height=\"254\" \/><\/a><\/p>\n<p style=\"text-align: justify;\">Erdo\u011fan&#8217;\u0131n b\u00fcy\u00fck foto\u011fraf\u0131n\u0131n bulundu\u011fu se\u00e7im afi\u015fi sivil polislerce 24 saat korunuyor.<\/p>\n<p style=\"text-align: justify;\">ED\u0130RNE&#8217;-Edirne&#8217;de Ba\u015fbakan Recep Tayyip Erdo\u011fan\u2019\u0131n b\u00fcy\u00fck foto\u011fraf\u0131n\u0131n bulundu\u011fu se\u00e7im afi\u015finin \u0130l Emniyet M\u00fcd\u00fcrl\u00fc\u011f\u00fc\u2019nde g\u00f6revli sivil polislerce 24 saat korundu\u011fu ortaya \u00e7\u0131kt\u0131. <!--more--><\/p>\n<p style=\"text-align: justify;\">AK Parti Edirne \u0130l Te\u015fkilat\u0131, ge\u00e7en hafta se\u00e7im b\u00fcrosu olarak kiralad\u0131klar\u0131 bir d\u00fckkan\u0131n d\u0131\u015f\u0131na yar\u0131n kentte miting yapacak olan Ba\u015fbakan Recep Tayyip Erdo\u011fan\u2019\u0131n b\u00fcy\u00fck foto\u011fraf\u0131n\u0131n bulundu\u011fu se\u00e7im afi\u015fi ast\u0131. \u00dczerinde &#8216;Edirne haz\u0131r, hedef 2023&#8217; ve &#8216;\u0130stikrar s\u00fcrs\u00fcn, T\u00fcrkiye b\u00fcy\u00fcs\u00fcn&#8217; yaz\u0131l\u0131 yakla\u015f\u0131k 5 metre uzunlu\u011funda, 2 metre y\u00fckseklikteki afi\u015f, ge\u00e7en 4 May\u0131s sabah\u0131 kimli\u011fi belirsiz ki\u015fi ya da ki\u015filerce y\u0131rt\u0131ld\u0131. Parti \u00fcyeleri taraf\u0131ndan fark edilen afi\u015fin kalan par\u00e7alar\u0131, polis ekiplerinin incelemenin ard\u0131ndan yenisi as\u0131lmas\u0131 i\u00e7in yerinden s\u00f6k\u00fclerek \u00e7\u00f6pe at\u0131ld\u0131.<\/p>\n<p style=\"text-align: justify;\"><strong>POL\u0130SE AF\u0130\u015e N\u00d6BET\u0130<\/strong><\/p>\n<p style=\"text-align: justify;\">AK Parti Edirne \u0130l Ba\u015fkanl\u0131\u011f\u0131 taraf\u0131ndan bir g\u00fcn sonra afi\u015fin yenisi yap\u0131larak ayn\u0131 d\u00fckkan\u0131n d\u0131\u015f\u0131na yap\u0131\u015ft\u0131r\u0131ld\u0131. Edirne Emniyet M\u00fcd\u00fcrl\u00fc\u011f\u00fc, afi\u015fi korumak i\u00e7in ba\u015f\u0131na sivil polis dikti. 24 saat g\u00f6rev yapan sivil polis, elinde telsizle afi\u015f \u00e7evresinde dola\u015farak Ba\u015fbakan Erdo\u011fan\u2019\u0131n foto\u011fraf\u0131n\u0131n bulundu\u011fu se\u00e7im afi\u015fini koruma alt\u0131na ald\u0131.<\/p>\n<p style=\"text-align: justify;\">Sivil polisler, 7 May\u0131s g\u00fcn\u00fc maket b\u0131\u00e7a\u011f\u0131 ile afi\u015fi y\u0131rtmaya \u00e7al\u0131\u015fan biri k\u0131z, 2 \u00fcniversite \u00f6\u011frencisini su\u00e7\u00fcst\u00fc yakalad\u0131. \u0130ki \u00f6\u011frenci daha sonra serbest b\u0131rak\u0131ld\u0131.<\/p>\n<p style=\"text-align: justify;\"><strong>ERDO\u011eAN YARIN ED\u0130RNE\u2019DE<\/strong><\/p>\n<p style=\"text-align: justify;\">Ba\u015fbakan Recep Tayyip Erdo\u011fan, se\u00e7im mitingi i\u00e7in yar\u0131n Edirne\u2019ye gelecek. Saat 18.00\u2019da Selimiye Meydan\u0131\u2019nda halka seslenecek olan Erdo\u011fan, saat 19.00\u2019da ise Tapu Kadastro B\u00f6lge M\u00fcd\u00fcrl\u00fc\u011f\u00fc\u2019n\u00fcn hizmet binas\u0131n\u0131n a\u00e7\u0131l\u0131\u015f\u0131n\u0131 yapacak.<\/p>\n<p style=\"text-align: justify;\"><a href=\"http:\/\/www.radikal.com.tr\/Radikal.aspx?aType=RadikalDetayV3&amp;ArticleID=1048891&amp;Date=10.05.2011&amp;CategoryID=78\" target=\"_blank\">Kaynak : Radikal<\/a><\/p>\n","protected":false},"excerpt":{"rendered":"<p style=\"text-align: justify;\">\n<p style=\"text-align: justify;\">Erdo\u011fan&#8217;\u0131n b\u00fcy\u00fck foto\u011fraf\u0131n\u0131n bulundu\u011fu se\u00e7im afi\u015fi sivil polislerce 24 saat korunuyor.<\/p>\n<p style=\"text-align: justify;\">ED\u0130RNE&#8217;-Edirne&#8217;de Ba\u015fbakan Recep Tayyip Erdo\u011fan\u2019\u0131n b\u00fcy\u00fck foto\u011fraf\u0131n\u0131n bulundu\u011fu se\u00e7im afi\u015finin \u0130l Emniyet M\u00fcd\u00fcrl\u00fc\u011f\u00fc\u2019nde g\u00f6revli sivil polislerce 24 saat korundu\u011fu ortaya \u00e7\u0131kt\u0131. <\/p>\n","protected":false},"author":1,"featured_media":0,"comment_status":"open","ping_status":"closed","sticky":false,"template":"","format":"standard","meta":{"footnotes":""},"categories":[105],"tags":[],"class_list":["post-32471","post","type-post","status-publish","format-standard","hentry","category-gundem","odd"],"_links":{"self":[{"href":"http:\/\/www.korhanyilmaz.com\/index.php?rest_route=\/wp\/v2\/posts\/32471","targetHints":{"allow":["GET"]}}],"collection":[{"href":"http:\/\/www.korhanyilmaz.com\/index.php?rest_route=\/wp\/v2\/posts"}],"about":[{"href":"http:\/\/www.korhanyilmaz.com\/index.php?rest_route=\/wp\/v2\/types\/post"}],"author":[{"embeddable":true,"href":"http:\/\/www.korhanyilmaz.com\/index.php?rest_route=\/wp\/v2\/users\/1"}],"replies":[{"embeddable":true,"href":"http:\/\/www.korhanyilmaz.com\/index.php?rest_route=%2Fwp%2Fv2%2Fcomments&post=32471"}],"version-history":[{"count":0,"href":"http:\/\/www.korhanyilmaz.com\/index.php?rest_route=\/wp\/v2\/posts\/32471\/revisions"}],"wp:attachment":[{"href":"http:\/\/www.korhanyilmaz.com\/index.php?rest_route=%2Fwp%2Fv2%2Fmedia&parent=32471"}],"wp:term":[{"taxonomy":"category","embeddable":true,"href":"http:\/\/www.korhanyilmaz.com\/index.php?rest_route=%2Fwp%2Fv2%2Fcategories&post=32471"},{"taxonomy":"post_tag","embeddable":true,"href":"http:\/\/www.korhanyilmaz.com\/index.php?rest_route=%2Fwp%2Fv2%2Ftags&post=32471"}],"curies":[{"name":"wp","href":"https:\/\/api.w.org\/{rel}","templated":true}]}}