{"id":32454,"date":"2011-05-10T11:06:43","date_gmt":"2011-05-10T08:06:43","guid":{"rendered":"http:\/\/www.korhanyilmaz.com\/?p=32454"},"modified":"2011-05-10T11:06:43","modified_gmt":"2011-05-10T08:06:43","slug":"arinc-sadece-cumhuriyete-dokunulmasin","status":"publish","type":"post","link":"http:\/\/www.korhanyilmaz.com\/?p=32454","title":{"rendered":"Ar\u0131n\u00e7: Sadece Cumhuriyet&#8217;e dokunulmas\u0131n!"},"content":{"rendered":"<p style=\"text-align: justify;\"><a href=\"http:\/\/www.korhanyilmaz.com\/wp-content\/uploads\/2011\/05\/1281.jpg\"  class=\"lightview\"><img loading=\"lazy\" decoding=\"async\" class=\"aligncenter size-full wp-image-32455\" src=\"http:\/\/www.korhanyilmaz.com\/wp-content\/uploads\/2011\/05\/1281.jpg\" alt=\"\" width=\"384\" height=\"254\" \/><\/a><\/p>\n<p style=\"text-align: justify;\">Yeni anayasayla ilgili konu\u015fan B\u00fclent Ar\u0131n\u00e7, ki\u015fisel fikrinin, de\u011fi\u015ftirilemez 3 madde aras\u0131ndan sadece &#8216;T\u00fcrkiye devleti bir cumhuriyettir&#8217;e dokunulmamas\u0131 y\u00f6n\u00fcnde oldu\u011funu s\u00f6yledi.<!--more--><\/p>\n<p style=\"text-align: justify;\">ANKARA &#8211; Devlet Bakan\u0131 ve Ba\u015fbakan Yard\u0131mc\u0131s\u0131 B\u00fclent Ar\u0131n\u00e7, &#8220;Yeni anayasa daha az maddeli olacak. Yeni anayasa yapma konusunda \u2019hemen bir iki ay i\u00e7erisinde bu i\u015f bitsin\u2019 diye bir endi\u015femiz de yok&#8221; dedi. AK Parti Genel Merkezi\u2019nde baz\u0131 yerel televizyon kanal\u0131 temsilcilerinin sorular\u0131n\u0131 yan\u0131tlayan Ar\u0131n\u00e7, bir soru \u00fczerine yeni anayasan\u0131n daha az maddeli olaca\u011f\u0131n\u0131 ifade ederek, devlet odakl\u0131 de\u011fil insan odakl\u0131 bir anayasa haz\u0131rlayacaklar\u0131n\u0131 s\u00f6yledi. Bu sayede temel haklar\u0131n daha \u00e7ok ortaya konulaca\u011f\u0131n\u0131, bireylerin devlet kar\u015f\u0131s\u0131ndaki g\u00fcc\u00fcn\u00fcn veya korunmas\u0131n\u0131n sa\u011flayaca\u011f\u0131n\u0131 dile getiren Ar\u0131n\u00e7, &#8220;Yeni anayasa yapma konusunda \u2019hemen bir iki ay i\u00e7erisinde bu i\u015f bitsin\u2019 diye bir endi\u015femiz de yok&#8221; diye konu\u015ftu.<\/p>\n<p style=\"text-align: justify;\">Bu konudaki kar\u015f\u0131l\u0131kl\u0131 g\u00f6r\u00fc\u015fmeler ve tekliflerin de\u011ferlendirme a\u015famas\u0131n\u0131n bir iki sene de s\u00fcrebilece\u011fini ifade eden Ar\u0131n\u00e7, yeni anayasa konusunda T\u00fcrkiye\u2019nin gecikti\u011fini ancak \u015fartlar\u0131n yeni olu\u015ftu\u011funu belirtti.<\/p>\n<p style=\"text-align: justify;\"><strong>ANAYASANIN &#8220;DE\u011e\u0130\u015eT\u0130R\u0130LEMEZ&#8221; MADDELER\u0130<\/strong><\/p>\n<p style=\"text-align: justify;\">S\u00fcre\u00e7 i\u00e7inde sivil toplum kurulu\u015flar\u0131, meslek kurulu\u015flar\u0131 ve &#8220;bana g\u00f6re anayasa \u015f\u00f6yle olmal\u0131&#8221; diyen insan\u0131n da g\u00f6r\u00fc\u015flerini de dikkate alacaklar\u0131n\u0131n alt\u0131n\u0131 \u00e7izen Ar\u0131n\u00e7, anayasan\u0131n de\u011fi\u015ftirilemez ve de\u011fi\u015ftirilmesi teklif bile edilemez maddeleriyle ilgili olarak, &#8220;T\u00fcrkiye Cumhuriyeti demokratik, laik, sosyal ve hukuk devletidir dedikten sonra demokrasinin unsurlar\u0131 i\u00e7erisinde bu t\u00fcr stat\u00fckonun veya dogmatizme gidi\u015fin olmamas\u0131 gerekti\u011fini&#8221; s\u00f6yledi.<\/p>\n<p style=\"text-align: justify;\">&#8220;Benim \u0130stiklal Mar\u015f\u0131\u2019ndan, bayraktan bir \u015fikayetim yok&#8221; diyen Ar\u0131n\u00e7, ki\u015fisel olarak, bunlar\u0131n i\u00e7erisinde anayasada korunmas\u0131 gereken hususun sadece cumhuriyet ile ilgili olmas\u0131 gerekti\u011fini d\u00fc\u015f\u00fcnd\u00fc\u011f\u00fcn\u00fc belirtti. Ar\u0131n\u00e7, &#8220;Cumhuriyet de\u011fi\u015ftirilemez veya cumhuriyetin \u015fekli de\u011fi\u015ftirilemez, rejim cumhuriyet olmaktan \u00e7\u0131kart\u0131lamaz, bunu yazabiliriz ama bunlar\u0131n d\u0131\u015f\u0131ndaki b\u00fct\u00fcn konularda (de\u011fi\u015ftirilemez, de\u011fi\u015ftirilmesi teklif dahi edilemez) s\u00f6zleri yerine, de\u011fi\u015ftirilmelerini nitelikli \u00e7o\u011funlu\u011fa ba\u011flamak m\u00fcmk\u00fcn&#8221; diye konu\u015ftu.<\/p>\n<p style=\"text-align: justify;\"><strong>T\u00dcS\u0130AD\u2019IN YEN\u0130 ANAYASA \u00d6NER\u0130S\u0130<\/strong><\/p>\n<p style=\"text-align: justify;\">Anayasa teklifini ortaya koymadan bu konuda bir \u015fey s\u00f6ylemesinin m\u00fcmk\u00fcn olmad\u0131\u011f\u0131n\u0131 vurgulayan B\u00fclent Ar\u0131n\u00e7, &#8220;\u0130lk \u00fc\u00e7 madde konusunda T\u00dcS\u0130AD da ayn\u0131 d\u00fc\u015f\u00fcnceleri payla\u015f\u0131nca, ba\u015flar\u0131na pek \u00e7ok \u015fey geldi. Onlar da zaten her zaman tornistan etmeye haz\u0131r. Ertesi g\u00fcn \u2019Bu bizim d\u00fc\u015f\u00fcncemiz de\u011fil, profes\u00f6rler b\u00f6yle yazm\u0131\u015f\u2019 dediler&#8221; dedi. Ar\u0131n\u00e7, se\u00e7men tercihleri ile ilgili bir soruyu yan\u0131tlarken vatanda\u015flar\u0131n genel se\u00e7imde farkl\u0131, yerel se\u00e7imlerde de ba\u015fka tercihlerde bulunabildi\u011fini ifade etti.<\/p>\n<p style=\"text-align: justify;\">T\u00fcrkiye\u2019nin &#8220;sa\u011fc\u0131-solcu&#8221; diye ayr\u0131ld\u0131\u011f\u0131 d\u00f6nemlerde de siyaset yapt\u0131\u011f\u0131n\u0131 anlatan Ar\u0131n\u00e7, se\u00e7menlerin &#8220;sa\u011f ya da sol&#8221; diye oy verdi\u011fi partilerin, &#8220;\u00e7ok da sa\u011f ya da sol olmad\u0131\u011f\u0131n\u0131 g\u00f6rd\u00fc\u011f\u00fcn\u00fc&#8221; savundu.<\/p>\n<p style=\"text-align: justify;\"><strong>&#8220;CHP BUG\u00dcN \u00c7AR\u015eAFLILARA B\u0130LE ROZET TAKIYOR&#8221;<\/strong><\/p>\n<p style=\"text-align: justify;\">Konu\u015fmas\u0131nda CHP\u2019ye y\u00f6nelik ele\u015ftirilerde de bulunan Devlet Bakan\u0131 ve Ba\u015fbakan Yard\u0131mc\u0131s\u0131 B\u00fclent Ar\u0131n\u00e7, &#8220;AK Parti\u2019nin yapt\u0131klar\u0131na bakarak Avrupa\u2019daki sosyal demokrat partiler diyor ki \u2019Siz muhafazakar demokrat parti de\u011filsiniz, siz asl\u0131nda sosyal demokrat partisiniz.\u2019 CHP\u2019nin s\u00f6ylediklerine bak\u0131yorlar, \u2019CHP sosyal demokrat parti de\u011fil bizim g\u00f6z\u00fcm\u00fczde. O, olsa olsa fa\u015fizme do\u011fru giden bir a\u015f\u0131r\u0131 sol parti gibi\u2019 diyorlar&#8221; iddias\u0131nda bulundu. T\u00fcrkiye\u2019de geleneksel, kli\u015fele\u015fmi\u015f korkular oldu\u011funu s\u00f6yleyen Ar\u0131n\u00e7, CHP\u2019nin eskiden \u2019laiklik \u00e7i\u011fnendi, Cumhuriyet tehlikede diye\u2019 askeri d\u00f6nemi a\u011f\u0131rd\u0131\u011f\u0131n\u0131, bug\u00fcn ise \u00e7ar\u015fafl\u0131lara bile rozet takt\u0131\u011f\u0131n\u0131 kaydetti. Ar\u0131n\u00e7, &#8220;Bir siyasi parti, muhasebesi insan olan bir sahada i\u015f yap\u0131yorsa, toplumun b\u00fct\u00fcn kesimleri ile ili\u015fkide olmas\u0131 laz\u0131m&#8221; g\u00f6r\u00fc\u015f\u00fcn\u00fc dile getirdi.<\/p>\n<p style=\"text-align: justify;\">Ar\u0131n\u00e7, &#8220;Ergenekon Soru\u015fturmas\u0131&#8221; ile ilgili olarak da soru\u015fturma ve yarg\u0131laman\u0131n uzamas\u0131n\u0131n kendilerinin de\u011fil savc\u0131lar\u0131n ve hakimlerin i\u015fi oldu\u011funu vurgulayarak, yarg\u0131 s\u00fcrecinin uzamas\u0131ndan kendisinin de \u015fikayet\u00e7i oldu\u011funu ifade etti. Ar\u0131n\u00e7, en az\u0131ndan eldeki davalardan bir k\u0131sm\u0131n\u0131n bitirilmesi gerekti\u011fini kaydetti.<\/p>\n<p style=\"text-align: justify;\"><strong>SE\u00c7\u0130M B\u00d6LGES\u0130 BURSA\u2019YA &#8220;100. YIL&#8221; M\u00dcJDES\u0130<\/strong><\/p>\n<p style=\"text-align: justify;\">B\u00fclent Ar\u0131n\u00e7, programa Bursa\u2019dan kat\u0131lan bir gazetecinin sorusunu yan\u0131tlarken, Cumhuriyet\u2019in 100. y\u0131l\u0131 i\u00e7in Bursa\u2019n\u0131n \u00f6nemli katk\u0131s\u0131 olaca\u011f\u0131n\u0131<\/p>\n<p style=\"text-align: justify;\">ifade ederek Bursa\u2019ya y\u00f6nelik \u00e7e\u015fitli projeleri oldu\u011funu belirtti. Ar\u0131n\u00e7, Bursa\u2019ya tarifeli u\u00e7ak seferleri d\u00fczenlenebilece\u011fini, kentsel d\u00f6n\u00fc\u015f\u00fcm i\u00e7in \u00f6zel bir kanun \u00e7\u0131kar\u0131labilece\u011fini ve ilin turizm ve konaklama merkezi haline getirilebilece\u011fini s\u00f6yledi.<\/p>\n<p style=\"text-align: justify;\"><a href=\"http:\/\/www.radikal.com.tr\/Radikal.aspx?aType=RadikalDetayV3&amp;ArticleID=1048850&amp;Date=10.05.2011&amp;CategoryID=78\">Kaynak : Radikal<\/a><\/p>\n","protected":false},"excerpt":{"rendered":"<p style=\"text-align: justify;\">\n<p style=\"text-align: justify;\">Yeni anayasayla ilgili konu\u015fan B\u00fclent Ar\u0131n\u00e7, ki\u015fisel fikrinin, de\u011fi\u015ftirilemez 3 madde aras\u0131ndan sadece &#8216;T\u00fcrkiye devleti bir cumhuriyettir&#8217;e dokunulmamas\u0131 y\u00f6n\u00fcnde oldu\u011funu s\u00f6yledi.<\/p>\n","protected":false},"author":1,"featured_media":0,"comment_status":"open","ping_status":"closed","sticky":false,"template":"","format":"standard","meta":{"footnotes":""},"categories":[105],"tags":[],"class_list":["post-32454","post","type-post","status-publish","format-standard","hentry","category-gundem","odd"],"_links":{"self":[{"href":"http:\/\/www.korhanyilmaz.com\/index.php?rest_route=\/wp\/v2\/posts\/32454","targetHints":{"allow":["GET"]}}],"collection":[{"href":"http:\/\/www.korhanyilmaz.com\/index.php?rest_route=\/wp\/v2\/posts"}],"about":[{"href":"http:\/\/www.korhanyilmaz.com\/index.php?rest_route=\/wp\/v2\/types\/post"}],"author":[{"embeddable":true,"href":"http:\/\/www.korhanyilmaz.com\/index.php?rest_route=\/wp\/v2\/users\/1"}],"replies":[{"embeddable":true,"href":"http:\/\/www.korhanyilmaz.com\/index.php?rest_route=%2Fwp%2Fv2%2Fcomments&post=32454"}],"version-history":[{"count":0,"href":"http:\/\/www.korhanyilmaz.com\/index.php?rest_route=\/wp\/v2\/posts\/32454\/revisions"}],"wp:attachment":[{"href":"http:\/\/www.korhanyilmaz.com\/index.php?rest_route=%2Fwp%2Fv2%2Fmedia&parent=32454"}],"wp:term":[{"taxonomy":"category","embeddable":true,"href":"http:\/\/www.korhanyilmaz.com\/index.php?rest_route=%2Fwp%2Fv2%2Fcategories&post=32454"},{"taxonomy":"post_tag","embeddable":true,"href":"http:\/\/www.korhanyilmaz.com\/index.php?rest_route=%2Fwp%2Fv2%2Ftags&post=32454"}],"curies":[{"name":"wp","href":"https:\/\/api.w.org\/{rel}","templated":true}]}}