{"id":32452,"date":"2011-05-10T16:08:31","date_gmt":"2011-05-10T13:08:31","guid":{"rendered":"http:\/\/www.korhanyilmaz.com\/?p=32452"},"modified":"2011-05-10T16:08:31","modified_gmt":"2011-05-10T13:08:31","slug":"kilicdaroglundan-erdogana-yurekli-ol","status":"publish","type":"post","link":"http:\/\/www.korhanyilmaz.com\/?p=32452","title":{"rendered":"K\u0131l\u0131\u00e7daro\u011flu&#8217;ndan Erdo\u011fan&#8217;a: Y\u00fcrekli ol!"},"content":{"rendered":"<p style=\"text-align: justify;\"><a href=\"http:\/\/www.korhanyilmaz.com\/wp-content\/uploads\/2011\/05\/1271.jpg\"  class=\"lightview\"><img loading=\"lazy\" decoding=\"async\" class=\"aligncenter size-full wp-image-32458\" src=\"http:\/\/www.korhanyilmaz.com\/wp-content\/uploads\/2011\/05\/1271.jpg\" alt=\"\" width=\"384\" height=\"254\" \/><\/a><\/p>\n<p style=\"text-align: justify;\">CHP Genel Ba\u015fkan\u0131 Kemal K\u0131l\u0131\u00e7daro\u011flu, &#8216;(Efendim ter\u00f6rle m\u00fccadelede hi\u00e7kimse bize yard\u0131m etmedi&#8230;) \u0130cazet ald\u0131\u011f\u0131 yerin b\u00fcy\u00fckel\u00e7isi diyor ki, (Senin s\u00f6yledi\u011fin yalan arkada\u015f ben sana yard\u0131m ediyorum). Bir \u00fclkenin ba\u015fbakan\u0131n\u0131 bir ba\u015fka \u00fclkenin b\u00fcy\u00fckel\u00e7isi yalanl\u0131yorsa ve sesini \u00e7\u0131karm\u0131yorsa, susup yerine oturuyorsa o bizim ba\u015fbakan\u0131m\u0131z de\u011fildir&#8217; dedi.<!--more--><\/p>\n<p style=\"text-align: justify;\">BURDUR &#8211; K\u0131l\u0131\u00e7daro\u011flu, Burdur\u2019daki se\u00e7im gezisi \u00e7er\u00e7evesinde Bucak il\u00e7esine geldi. Cumhuriyet Meydan\u0131\u2019nda parti otob\u00fcs\u00fcnden vatanda\u015flara seslenen Kemal K\u0131l\u0131\u00e7daro\u011flu, Bucak\u2019ta oy oranlar\u0131n\u0131n d\u00fc\u015f\u00fck oldu\u011funu ancak bu konuda vatanda\u015f\u0131 de\u011fil, kendilerini su\u00e7lad\u0131klar\u0131n\u0131 dile getirdi. K\u0131l\u0131\u00e7daro\u011flu, Bucak\u2019a daha \u00f6nce gelmediklerini ancak se\u00e7im d\u00f6nemi &#8220;Niye bize oy vermiyorsunuz?&#8221; diye sorduklar\u0131n\u0131 belirterek, &#8220;Derdini dinlemezsen olmaz, sohbet etmezsen olmaz, bir bardak \u00e7ay\u0131n\u0131 i\u00e7mezsen olmaz&#8221; dedi.<\/p>\n<p style=\"text-align: justify;\"><strong>&#8220;HERKES\u0130N G\u00dc\u00c7L\u00dc OLDU\u011eU B\u0130R T\u00dcRK\u0130YE G\u00dc\u00c7L\u00dcD\u00dcR&#8221;<\/strong><\/p>\n<p style=\"text-align: justify;\">Kemal K\u0131l\u0131\u00e7daro\u011flu, ge\u00e7mi\u015fte hangi partiye oy verirse versin herkesten oy istediklerini s\u00f6yledi. Herkese a\u015f ve i\u015fin oldu\u011fu bir T\u00fcrkiye\u2019yi yaratmak istediklerini belirten K\u0131l\u0131\u00e7daro\u011flu, \u015f\u00f6yle konu\u015ftu: &#8220;Bir h\u00fck\u00fcmet gidip, iktidar olmadan \u00f6nce Amerika\u2019dan icazet al\u0131rsa o h\u00fck\u00fcmet size hizmet etmez, T\u00fcrkiye\u2019ye hizmet etmez. Bak\u0131n \u015fimdi \u2019Efendim ter\u00f6rle m\u00fccadelede hi\u00e7 kimse bize yard\u0131m etmedi&#8230;\u2019 \u0130cazet ald\u0131\u011f\u0131 yerin b\u00fcy\u00fckel\u00e7isi diyor ki, \u2019Senin s\u00f6yledi\u011fin yalan arkada\u015f ben sana yard\u0131m ediyorum\u2019. Bir \u00fclkenin ba\u015fbakan\u0131n\u0131 bir ba\u015fka \u00fclkenin b\u00fcy\u00fckel\u00e7isi yalanl\u0131yorsa ve sesini \u00e7\u0131karm\u0131yorsa, susup yerine oturuyorsa o bizim ba\u015fbakan\u0131m\u0131z de\u011fildir. Bunu bilmenizi isterim. Bu \u00fclkenin ba\u015fbakan\u0131 y\u00fcrekli adam olacak. Bu \u00fclkenin ba\u015fbakan\u0131 kimsenin \u00f6n\u00fcnde diz \u00e7\u00f6kmeyecek. Bu \u00fclkenin ba\u015fbakan\u0131 T\u00fcrkiye\u2019yi uluslararas\u0131 arenada onurlu bir devlet kimli\u011fine kavu\u015fturacak. Olay budur. Biz bunu istiyoruz. Herkesin karn\u0131n\u0131n doydu\u011fu bir \u00fclkede bunlar olur. Herkesin g\u00fc\u00e7l\u00fc oldu\u011fu bir T\u00fcrkiye g\u00fc\u00e7l\u00fcd\u00fcr. 12 milyon 715 bin yoksulun oldu\u011fu T\u00fcrkiye g\u00fc\u00e7l\u00fc T\u00fcrkiye de\u011fildir, b\u00fcy\u00fck T\u00fcrkiye de\u011fildir.&#8221;<\/p>\n<p style=\"text-align: justify;\">K\u0131l\u0131\u00e7daro\u011flu, ba\u015fbakan se\u00e7ilmesi halinde Bucak\u2019\u0131n ilk ziyaret edece\u011fi il\u00e7elerden birisi olaca\u011f\u0131n\u0131 belirtti. O g\u00fcn verdi\u011fi s\u00f6zleri yineleyece\u011fini anlatan K\u0131l\u0131\u00e7daro\u011flu, &#8220;O s\u00f6zleri yerine getirmezsem beni burada protesto edin. S\u00f6zlerimi yerine getirirsem bana bir bardak \u00e7ay \u0131smarlay\u0131n yeter&#8221; dedi. (aa)<\/p>\n<p style=\"text-align: justify;\"><a href=\"http:\/\/www.radikal.com.tr\/Radikal.aspx?aType=RadikalDetayV3&amp;ArticleID=1048874&amp;Date=10.05.2011&amp;CategoryID=78\" target=\"_blank\">Kaynak : Radikal<\/a><\/p>\n","protected":false},"excerpt":{"rendered":"<p style=\"text-align: justify;\">\n<p style=\"text-align: justify;\">CHP Genel Ba\u015fkan\u0131 Kemal K\u0131l\u0131\u00e7daro\u011flu, &#8216;(Efendim ter\u00f6rle m\u00fccadelede hi\u00e7kimse bize yard\u0131m etmedi&#8230;) \u0130cazet ald\u0131\u011f\u0131 yerin b\u00fcy\u00fckel\u00e7isi diyor ki, (Senin s\u00f6yledi\u011fin yalan arkada\u015f ben sana yard\u0131m ediyorum). Bir \u00fclkenin ba\u015fbakan\u0131n\u0131 bir ba\u015fka \u00fclkenin b\u00fcy\u00fckel\u00e7isi yalanl\u0131yorsa ve sesini \u00e7\u0131karm\u0131yorsa, susup yerine oturuyorsa o bizim ba\u015fbakan\u0131m\u0131z de\u011fildir&#8217; dedi.<\/p>\n","protected":false},"author":1,"featured_media":0,"comment_status":"open","ping_status":"closed","sticky":false,"template":"","format":"standard","meta":{"footnotes":""},"categories":[105],"tags":[],"class_list":["post-32452","post","type-post","status-publish","format-standard","hentry","category-gundem","odd"],"_links":{"self":[{"href":"http:\/\/www.korhanyilmaz.com\/index.php?rest_route=\/wp\/v2\/posts\/32452","targetHints":{"allow":["GET"]}}],"collection":[{"href":"http:\/\/www.korhanyilmaz.com\/index.php?rest_route=\/wp\/v2\/posts"}],"about":[{"href":"http:\/\/www.korhanyilmaz.com\/index.php?rest_route=\/wp\/v2\/types\/post"}],"author":[{"embeddable":true,"href":"http:\/\/www.korhanyilmaz.com\/index.php?rest_route=\/wp\/v2\/users\/1"}],"replies":[{"embeddable":true,"href":"http:\/\/www.korhanyilmaz.com\/index.php?rest_route=%2Fwp%2Fv2%2Fcomments&post=32452"}],"version-history":[{"count":0,"href":"http:\/\/www.korhanyilmaz.com\/index.php?rest_route=\/wp\/v2\/posts\/32452\/revisions"}],"wp:attachment":[{"href":"http:\/\/www.korhanyilmaz.com\/index.php?rest_route=%2Fwp%2Fv2%2Fmedia&parent=32452"}],"wp:term":[{"taxonomy":"category","embeddable":true,"href":"http:\/\/www.korhanyilmaz.com\/index.php?rest_route=%2Fwp%2Fv2%2Fcategories&post=32452"},{"taxonomy":"post_tag","embeddable":true,"href":"http:\/\/www.korhanyilmaz.com\/index.php?rest_route=%2Fwp%2Fv2%2Ftags&post=32452"}],"curies":[{"name":"wp","href":"https:\/\/api.w.org\/{rel}","templated":true}]}}