{"id":32449,"date":"2011-05-10T12:35:12","date_gmt":"2011-05-10T09:35:12","guid":{"rendered":"http:\/\/www.korhanyilmaz.com\/?p=32449"},"modified":"2011-05-10T12:35:12","modified_gmt":"2011-05-10T09:35:12","slug":"bursaspor-genel-muduru-gozaltina-alindi","status":"publish","type":"post","link":"http:\/\/www.korhanyilmaz.com\/?p=32449","title":{"rendered":"Bursaspor Genel M\u00fcd\u00fcr\u00fc g\u00f6zalt\u0131na al\u0131nd\u0131"},"content":{"rendered":"<p style=\"text-align: justify;\"><a href=\"http:\/\/www.korhanyilmaz.com\/wp-content\/uploads\/2011\/05\/1261.jpg\"  class=\"lightview\"><img loading=\"lazy\" decoding=\"async\" class=\"aligncenter size-full wp-image-32450\" src=\"http:\/\/www.korhanyilmaz.com\/wp-content\/uploads\/2011\/05\/1261.jpg\" alt=\"\" width=\"384\" height=\"254\" \/><\/a><\/p>\n<p style=\"text-align: justify;\">Spor Toto S\u00fcper Lig&#8217;deki Bursaspor-Be\u015fikta\u015f ma\u00e7\u0131 \u00f6ncesinde \u00e7\u0131kan olaylarla ilgili olarak, Bursaspor Kul\u00fcb\u00fc Genel M\u00fcd\u00fcr\u00fc Osman Nuri Bi\u00e7er&#8217;in g\u00f6zalt\u0131na al\u0131nd\u0131\u011f\u0131 bildirildi.<!--more--><\/p>\n<p style=\"text-align: justify;\">Bursaspor Kul\u00fcb\u00fc&#8217;n\u00fcn hukuk i\u015flerinden sorumlu y\u00f6neticisi \u00d6zt\u00fcrk Yaz\u0131c\u0131 AA muhabirine yapt\u0131\u011f\u0131 a\u00e7\u0131klamada, Osman Nuri Bi\u00e7er&#8217;in sabah erken saatlerinde evinden al\u0131narak Bursa Emniyet M\u00fcd\u00fcrl\u00fc\u011f\u00fcne g\u00f6t\u00fcr\u00fcld\u00fc\u011f\u00fcn\u00fc s\u00f6yledi. Bi\u00e7er&#8217;in bilgi ve g\u00f6r\u00fc\u015f\u00fcne ba\u015fvurulmak \u00fczere g\u00f6zalt\u0131na al\u0131nd\u0131\u011f\u0131 d\u00fc\u015f\u00fcncesinde oldu\u011funu ifade eden Yaz\u0131c\u0131, \u201cOsman Nuri Bi\u00e7er&#8217;e \u015fiddet olaylar\u0131na kar\u0131\u015fanlar\u0131n taraftar olup olmad\u0131\u011f\u0131n\u0131n soruldu\u011funu d\u00fc\u015f\u00fcn\u00fcyorum. Avukatlar\u0131 yan\u0131nda\u201d dedi. Bu arada, Bursaspor&#8217;un bilet sorumlusu Sedat \u015e&#8217;nin de g\u00f6zalt\u0131na al\u0131nanlar aras\u0131nda yer ald\u0131\u011f\u0131 kaydedildi.<\/p>\n<p style=\"text-align: justify;\"><strong>G\u00d6ZALTINDAK\u0130 19 K\u0130\u015e\u0130DEN 17&#8217;S\u0130 SERBEST KALDI<\/strong><\/p>\n<p style=\"text-align: justify;\">G\u00f6zalt\u0131na al\u0131nanlar aras\u0131nda, taraftar gruplar\u0131na usuls\u00fcz olarak 2 bin bilet verdi\u011fi \u00f6ne s\u00fcr\u00fclen Bursaspor Kul\u00fcp M\u00fcd\u00fcr\u00fc Osman Nuri Bi\u00e7er, Kul\u00fcb\u00fcn Sat\u0131\u015f Sorumlusu Sedat \u015een ve 7 trib\u00fcn lideri de bulunuyor. G\u00f6zalt\u0131ndaki trib\u00fcn liderlerinden Recep Kurtulu\u015f ve Mehmet G\u00fczels\u00f6z\u2019\u00fcn, Bursa\u2019da 14 Ekim 2009 tarihinde oynanan Ermenistan milli ma\u00e7\u0131 \u00f6ncesinde Cumhurba\u015fkan\u0131 Abdullah G\u00fcl\u2019\u00fcn \u0130stanbul Tarabya\u2019da a\u011f\u0131rlad\u0131\u011f\u0131 Bursa heyetinde yer ald\u0131kleri belirtildi. Ayn\u0131 kabul s\u0131ras\u0131nda Cumhurba\u015fkan\u0131 Abdullah G\u00fcl\u2019e Bursaspor formas\u0131 hediye eden trib\u00fcn lideri Selim Kurtulan ise aran\u0131yor.<\/p>\n<p style=\"text-align: justify;\">G\u00f6zalt\u0131ndaki ki\u015filerden 27 ya\u015f\u0131ndaki Ufuk Erdem\u2019in de olaylar s\u0131ras\u0131nda elinde kesici alet bulundu\u011fu belirtildi. Emniyet yetkilileri, soru\u015fturma kapsam\u0131nda g\u00f6zalt\u0131 say\u0131s\u0131n\u0131n 350\u2019ye kadar ula\u015fabilece\u011fini s\u00f6yledi.<\/p>\n<p style=\"text-align: justify;\">Bu arada olay \u00e7\u0131karan Bursaspor taraftarlar\u0131n\u0131n \u00e7at\u0131\u015ft\u0131\u011f\u0131 polislerden 70\u2019inin yaraland\u0131\u011f\u0131 ve \u00e7o\u011funun v\u00fccutlar\u0131nda k\u0131r\u0131klar tespit edildi\u011fi i\u00e7in rapor ald\u0131klar\u0131n\u0131 belirtildi.<\/p>\n<p style=\"text-align: justify;\"><a href=\"http:\/\/www.radikal.com.tr\/Radikal.aspx?aType=RadikalDetayV3&amp;ArticleID=1048860&amp;Date=10.05.2011&amp;CategoryID=77\" target=\"_blank\">Kaynak : Radikal<\/a><\/p>\n","protected":false},"excerpt":{"rendered":"<p style=\"text-align: justify;\">\n<p style=\"text-align: justify;\">Spor Toto S\u00fcper Lig&#8217;deki Bursaspor-Be\u015fikta\u015f ma\u00e7\u0131 \u00f6ncesinde \u00e7\u0131kan olaylarla ilgili olarak, Bursaspor Kul\u00fcb\u00fc Genel M\u00fcd\u00fcr\u00fc Osman Nuri Bi\u00e7er&#8217;in g\u00f6zalt\u0131na al\u0131nd\u0131\u011f\u0131 bildirildi.<\/p>\n","protected":false},"author":1,"featured_media":0,"comment_status":"open","ping_status":"closed","sticky":false,"template":"","format":"standard","meta":{"footnotes":""},"categories":[105],"tags":[],"class_list":["post-32449","post","type-post","status-publish","format-standard","hentry","category-gundem","odd"],"_links":{"self":[{"href":"http:\/\/www.korhanyilmaz.com\/index.php?rest_route=\/wp\/v2\/posts\/32449","targetHints":{"allow":["GET"]}}],"collection":[{"href":"http:\/\/www.korhanyilmaz.com\/index.php?rest_route=\/wp\/v2\/posts"}],"about":[{"href":"http:\/\/www.korhanyilmaz.com\/index.php?rest_route=\/wp\/v2\/types\/post"}],"author":[{"embeddable":true,"href":"http:\/\/www.korhanyilmaz.com\/index.php?rest_route=\/wp\/v2\/users\/1"}],"replies":[{"embeddable":true,"href":"http:\/\/www.korhanyilmaz.com\/index.php?rest_route=%2Fwp%2Fv2%2Fcomments&post=32449"}],"version-history":[{"count":0,"href":"http:\/\/www.korhanyilmaz.com\/index.php?rest_route=\/wp\/v2\/posts\/32449\/revisions"}],"wp:attachment":[{"href":"http:\/\/www.korhanyilmaz.com\/index.php?rest_route=%2Fwp%2Fv2%2Fmedia&parent=32449"}],"wp:term":[{"taxonomy":"category","embeddable":true,"href":"http:\/\/www.korhanyilmaz.com\/index.php?rest_route=%2Fwp%2Fv2%2Fcategories&post=32449"},{"taxonomy":"post_tag","embeddable":true,"href":"http:\/\/www.korhanyilmaz.com\/index.php?rest_route=%2Fwp%2Fv2%2Ftags&post=32449"}],"curies":[{"name":"wp","href":"https:\/\/api.w.org\/{rel}","templated":true}]}}