{"id":3244,"date":"2009-02-14T13:12:12","date_gmt":"2009-02-14T11:12:12","guid":{"rendered":"http:\/\/www.korhanyilmaz.com\/?p=3244"},"modified":"2009-02-14T13:12:12","modified_gmt":"2009-02-14T11:12:12","slug":"imfnin-3-kabul-edilmez-teklifi","status":"publish","type":"post","link":"http:\/\/www.korhanyilmaz.com\/?p=3244","title":{"rendered":"IMF&#8217;nin 3 &#8216;kabul edilmez&#8217; teklifi"},"content":{"rendered":"<p style=\"text-align: center;\"><img loading=\"lazy\" decoding=\"async\" class=\"aligncenter size-full wp-image-3245\" title=\"IMF'nin 3 'kabul edilmez' teklifi \" src=\"http:\/\/www.korhanyilmaz.com\/wp-content\/uploads\/2009\/02\/140220091304376877485.jpg\" alt=\"IMF'nin 3 'kabul edilmez' teklifi \" width=\"376\" height=\"240\" \/><\/p>\n<p style=\"text-align: justify;\"><strong>H\u00fck\u00fcmetle IMF ili\u015fkilerindeki gerginli\u011fin nedeni belli oldu<\/strong><\/p>\n<p style=\"text-align: justify;\">Stand-by m\u00fczakerelerinin bir anda kesilmesine IMF&#8217;nin, T\u00fcrkiye&#8217;yi yeni s\u0131k\u0131nt\u0131lara sokacak isteklerde bulunmas\u0131n\u0131n yol a\u00e7t\u0131\u011f\u0131 anla\u015f\u0131ld\u0131.<\/p>\n<p style=\"text-align: justify;\">Bug\u00fcn&#8217;\u00fcn haberine g\u00f6re, IMF, 2 Temmuz 2008&#8217;de \u00e7\u0131kar\u0131lan kanunla belediyelere b\u00fct\u00e7eden aktar\u0131lacak pay\u0131n artt\u0131r\u0131lm\u0131\u015f olmas\u0131n\u0131 kabul etmedi. IMF, bu d\u00fczenlemeye kar\u015f\u0131 T\u00fcrkiye&#8217;ye, &#8220;Ya yasay\u0131 iptal edip belediyelere aktar\u0131lacak pay\u0131 eski haline d\u00fc\u015f\u00fcr\u00fcrs\u00fcn\u00fcz ya da orada olu\u015fan gider art\u0131\u015f\u0131n\u0131 kar\u015f\u0131layacak \u015fekilde genel KDV oran\u0131n\u0131 en az 1 puan y\u00fckseltirsiniz&#8221; teklifini sundu. T\u00fcrkiye, her iki \u015fart\u0131 da &#8220;kabul edilemez&#8221; buldu\u011funu IMF&#8217;ye iletti. <!--more--><br \/>\n<strong>VERG\u0130 TARTI\u015eMASI <\/strong>\n<\/p>\n<p style=\"text-align: justify;\">IMF ile bir di\u011fer anla\u015fmazl\u0131k ise birikmi\u015f vergi bor\u00e7lar\u0131n\u0131n 18 taksitte \u00f6denmesini \u00f6ng\u00f6ren d\u00fczenleme konusunda ya\u015fand\u0131. IMF, bu yolla elde edilecek paran\u0131n, &#8220;bir defal\u0131k gelir&#8221; olmas\u0131 nedeniyle faiz d\u0131\u015f\u0131 fazla (FDF) hesab\u0131nda kullan\u0131lmas\u0131na kar\u015f\u0131 \u00e7\u0131kt\u0131. T\u00fcrkiye ise s\u00f6z konusu gelirin normal vergi geliri oldu\u011funu savunup, FDF hesab\u0131nda kullan\u0131laca\u011f\u0131n\u0131 bildirdi. IMF&#8217;nin dedi\u011finin olmas\u0131 halinde T\u00fcrkiye&#8217;nin 2009 b\u00fct\u00e7esinde yakla\u015f\u0131k 4-5 milyar TL&#8217;lik bir tasarruf yapmas\u0131 ya da bu d\u00fczeyde ilave taze gelir bulmas\u0131 gerekecekti.<\/p>\n<p style=\"text-align: justify;\"><strong>TUR\u0130ZM VE TEKST\u0130LE DARBE<\/strong><\/p>\n<p style=\"text-align: justify;\">IMF, turizm ve tekstilde y\u00fczde 8&#8217;e d\u00fc\u015f\u00fcr\u00fclen KDV&#8217;nin yeniden y\u00fczde 18&#8217;e \u00e7\u0131kar\u0131lmas\u0131n\u0131 da tavizsiz kabul edilmesini istedi. Bu teklifin kabul edilmesi halinde, \u00f6zellikle ba\u011flant\u0131lar\u0131n\u0131 \u00f6nceden yapm\u0131\u015f olan turizmcilere b\u00fcy\u00fck bir darbe inecekti. IMF ayr\u0131ca, emeklilik fonlar\u0131ndan k\u0131smi yerine tam oranl\u0131 vergi al\u0131nmas\u0131 ve emekli maa\u015flar\u0131ndan da y\u00fczde 8 gelir vergisi al\u0131nmas\u0131n\u0131 pazarl\u0131k masas\u0131na getirdi.<\/p>\n<p style=\"text-align: justify;\"><strong>KURALLARI B\u0130RLE\u015eT\u0130R\u0130N <\/strong><\/p>\n<p style=\"text-align: justify;\">IMF&#8217;nin T\u00fcrkiye&#8217;ye iletti\u011fi di\u011fer talepler aras\u0131nda 3 madde daha bulunuyor.<\/p>\n<p style=\"text-align: justify;\">BDDK, Rekabet Kurulu, SPK gibi kurullar\u0131 birle\u015ftirip tek yap\u0131 alt\u0131nda toplay\u0131n. n Maliye m\u00fcfetti\u015fi, hesap uzman\u0131 ve gelirler kontrol\u00f6rlerinden olu\u015fan tek \u00e7at\u0131 alt\u0131nda denetim birimi olu\u015fturun. n Gelir \u0130daresi Ba\u015fkanl\u0131\u011f\u0131&#8217;n\u0131 \u00f6zerk yap\u0131ya kavu\u015fturup ayr\u0131 m\u00fcste\u015farl\u0131k haline d\u00f6n\u00fc\u015ft\u00fcr\u00fcn.<\/p>\n<p style=\"text-align: justify;\"><strong>IMF&#8217;C\u0130LER \u00c7\u00d6MEZ <\/strong><\/p>\n<p style=\"text-align: justify;\">G\u00f6r\u00fc\u015fmeleri de\u011ferlendiren \u00fcst d\u00fczey bir b\u00fcrokrat, IMF&#8217;nin T\u00fcrkiye&#8217;ye g\u00f6nderdi\u011fi heyetin &#8220;\u00e7\u00f6mez&#8221; ve d\u00fc\u015f\u00fck teknik bilgiye sahip ki\u015filerden olu\u015ftu\u011fu tespitinde bulundu. Bu durumun bir \u00e7ok konuda kilitlenmelere yol a\u00e7t\u0131\u011f\u0131n\u0131 ifade eden b\u00fcrokrat, &#8220;Kendilerince do\u011fru kabul ettiklerinin d\u0131\u015f\u0131nda hi\u00e7bir yakla\u015f\u0131m\u0131, teknik hesab\u0131 kabul etmiyorlar. \u00c7o\u011fu hesap ve \u00f6ng\u00f6r\u00fcleri yanl\u0131\u015f \u00e7\u0131kt\u0131\u011f\u0131 halde, yanl\u0131\u015fta \u0131srar ediyorlar&#8221; diye konu\u015ftu.<\/p>\n<p style=\"text-align: justify;\"><span style=\"color: #888888;\">(Erdo\u011fan S\u00fczer \/ Bug\u00fcn)<\/span><\/p>\n","protected":false},"excerpt":{"rendered":"<p style=\"text-align: center;\">\n<p style=\"text-align: justify;\">H\u00fck\u00fcmetle IMF ili\u015fkilerindeki gerginli\u011fin nedeni belli oldu<\/p>\n<p style=\"text-align: justify;\">Stand-by m\u00fczakerelerinin bir anda kesilmesine IMF&#8217;nin, T\u00fcrkiye&#8217;yi yeni s\u0131k\u0131nt\u0131lara sokacak isteklerde bulunmas\u0131n\u0131n yol a\u00e7t\u0131\u011f\u0131 anla\u015f\u0131ld\u0131.<\/p>\n<p style=\"text-align: justify;\">Bug\u00fcn&#8217;\u00fcn haberine g\u00f6re, IMF, 2 Temmuz 2008&#8217;de \u00e7\u0131kar\u0131lan kanunla belediyelere b\u00fct\u00e7eden aktar\u0131lacak pay\u0131n artt\u0131r\u0131lm\u0131\u015f olmas\u0131n\u0131 kabul etmedi. IMF, bu d\u00fczenlemeye kar\u015f\u0131 T\u00fcrkiye&#8217;ye, &#8220;Ya yasay\u0131 <\/p>\n","protected":false},"author":1,"featured_media":0,"comment_status":"open","ping_status":"closed","sticky":false,"template":"","format":"standard","meta":{"footnotes":""},"categories":[7],"tags":[],"class_list":["post-3244","post","type-post","status-publish","format-standard","hentry","category-ekonomi","odd"],"_links":{"self":[{"href":"http:\/\/www.korhanyilmaz.com\/index.php?rest_route=\/wp\/v2\/posts\/3244","targetHints":{"allow":["GET"]}}],"collection":[{"href":"http:\/\/www.korhanyilmaz.com\/index.php?rest_route=\/wp\/v2\/posts"}],"about":[{"href":"http:\/\/www.korhanyilmaz.com\/index.php?rest_route=\/wp\/v2\/types\/post"}],"author":[{"embeddable":true,"href":"http:\/\/www.korhanyilmaz.com\/index.php?rest_route=\/wp\/v2\/users\/1"}],"replies":[{"embeddable":true,"href":"http:\/\/www.korhanyilmaz.com\/index.php?rest_route=%2Fwp%2Fv2%2Fcomments&post=3244"}],"version-history":[{"count":0,"href":"http:\/\/www.korhanyilmaz.com\/index.php?rest_route=\/wp\/v2\/posts\/3244\/revisions"}],"wp:attachment":[{"href":"http:\/\/www.korhanyilmaz.com\/index.php?rest_route=%2Fwp%2Fv2%2Fmedia&parent=3244"}],"wp:term":[{"taxonomy":"category","embeddable":true,"href":"http:\/\/www.korhanyilmaz.com\/index.php?rest_route=%2Fwp%2Fv2%2Fcategories&post=3244"},{"taxonomy":"post_tag","embeddable":true,"href":"http:\/\/www.korhanyilmaz.com\/index.php?rest_route=%2Fwp%2Fv2%2Ftags&post=3244"}],"curies":[{"name":"wp","href":"https:\/\/api.w.org\/{rel}","templated":true}]}}