{"id":32437,"date":"2011-05-10T14:05:31","date_gmt":"2011-05-10T11:05:31","guid":{"rendered":"http:\/\/www.korhanyilmaz.com\/?p=32437"},"modified":"2011-05-10T14:05:31","modified_gmt":"2011-05-10T11:05:31","slug":"iki-dava-birden-kazandi","status":"publish","type":"post","link":"http:\/\/www.korhanyilmaz.com\/?p=32437","title":{"rendered":"\u0130ki dava birden kazand\u0131"},"content":{"rendered":"<p style=\"text-align: justify;\"><a href=\"http:\/\/www.korhanyilmaz.com\/wp-content\/uploads\/2011\/05\/123.jpg\"  class=\"lightview\"><img loading=\"lazy\" decoding=\"async\" class=\"aligncenter size-full wp-image-32438\" src=\"http:\/\/www.korhanyilmaz.com\/wp-content\/uploads\/2011\/05\/123.jpg\" alt=\"\" width=\"414\" height=\"220\" \/><\/a><\/p>\n<p style=\"text-align: justify;\">Ba\u015fbakan Erdo\u011fan, &#8220;omurgas\u0131z&#8221; polemi\u011finden dolay\u0131 K\u0131l\u0131\u00e7daro\u011flu&#8217;dan 7 bin, ba\u015fka bir davada Yal\u00e7\u0131n K\u00fc\u00e7\u00fck&#8217;ten ise 5 bin TL kazand\u0131.<\/p>\n<p style=\"text-align: justify;\">Ba\u015fbakan Recep Tayyip Erdo\u011fan, TBMM&#8217;de partisinin grup toplant\u0131s\u0131nda yapt\u0131\u011f\u0131 konu\u015fmada, &#8221;ki\u015filik haklar\u0131na sald\u0131r\u0131da bulundu\u011fu&#8221; iddias\u0131yla CHP Genel Ba\u015fkan\u0131 Kemal K\u0131l\u0131\u00e7daro\u011flu aleyhinde a\u00e7t\u0131\u011f\u0131 davada, 7 bin lira manevi tazminat kazand\u0131. Ba\u015fbakan Erdo\u011fan daha \u00f6nce K\u0131l\u0131\u00e7daro\u011flu&#8217;dan toplam \u00fc\u00e7 davada 20 bin TL tazminat kazanm\u0131\u015ft\u0131. <!--more--><\/p>\n<p style=\"text-align: justify;\"><strong>&#8220;ERDO\u011eAN DA &#8216;OMURGASIZ&#8217; DED\u0130 AMA&#8221;<\/strong><\/p>\n<p style=\"text-align: justify;\">Ankara 5. Asliye Hukuk Mahkemesi&#8217;nde g\u00f6r\u00fclen davan\u0131n karar duru\u015fmas\u0131na, Erdo\u011fan&#8217;\u0131n avukat\u0131 Muammer Cemalo\u011flu ile K\u0131l\u0131\u00e7daro\u011flu&#8217;nun avukat\u0131 Mutluhan Karag\u00f6zo\u011flu kat\u0131ld\u0131. Avukat Cemalo\u011flu, &#8221;dava konusu konu\u015fmada m\u00fcvekkili Erdo\u011fan&#8217;\u0131n ki\u015filik haklar\u0131n\u0131n ihlal edildi\u011fini&#8221; ileri s\u00fcrerek, davan\u0131n kabul edilmesini istedi.<\/p>\n<p style=\"text-align: justify;\">Avukat Karag\u00f6zo\u011flu ise &#8221;davac\u0131 Erdo\u011fan&#8217;\u0131n da konu\u015fmalar\u0131nda m\u00fcvekkili K\u0131l\u0131\u00e7daro\u011flu hakk\u0131nda &#8216;omurgas\u0131z&#8217; \u015feklinde beyanlarda bulundu\u011funu&#8221; ifade ederek, dava konusu konu\u015fmadaki ifadelerin ele\u015ftiri niteli\u011finde oldu\u011funu savundu. Karag\u00f6zo\u011flu, davan\u0131n reddine karar verilmesini talep etti.<\/p>\n<p style=\"text-align: justify;\">Yarg\u0131\u00e7 \u00d6zden G\u00fcler, davay\u0131 k\u0131smen kabul ederek, K\u0131l\u0131\u00e7daro\u011flu&#8217;nun, Erdo\u011fan&#8217;a yasal faiziyle 7 bin lira manevi tazminat \u00f6demesine karar verdi. Davan\u0131n dilek\u00e7esinde, K\u0131l\u0131\u00e7daro\u011flu&#8217;nun, 26 Ekim 2010 tarihinde, TBMM&#8217;de partisinin grup toplant\u0131s\u0131nda yapt\u0131\u011f\u0131 konu\u015fmada, &#8221;Erdo\u011fan&#8217;\u0131n \u015fahsiyet haklar\u0131na sald\u0131r\u0131 kast\u0131yla fevkalade a\u011f\u0131r hakaretlerde bulundu\u011fu&#8221; iddia edilmi\u015fti.<\/p>\n<p style=\"text-align: justify;\"><strong>100 B\u0130N L\u0130RA TALEP ED\u0130LM\u0130\u015eT\u0130<\/strong><\/p>\n<p style=\"text-align: justify;\">Dilek\u00e7ede, K\u0131l\u0131\u00e7daro\u011flu&#8217;nun, konu\u015fmas\u0131nda, &#8221;&#8230;\u0130nsanda biraz utanma olur, insanda biraz ahlak olur, insanda biraz insana sayg\u0131 olur, insanda biraz onur olur&#8230; Kim samimi, kim d\u00fcr\u00fcst, kim omurgal\u0131? E\u011fer verdi\u011fin s\u00f6z\u00fcn arkas\u0131nda durmuyorsan say\u0131n ba\u015fbakan sana omurgas\u0131z derler, kusura bakma&#8230;&#8221; \u015feklinde ifadeler kulland\u0131\u011f\u0131 an\u0131msat\u0131lm\u0131\u015ft\u0131. Dava dilek\u00e7esinde ayr\u0131ca K\u0131l\u0131\u00e7daro\u011flu&#8217;dan, yasal faiziyle 100 bin lira manevi tazminat talep edilmi\u015fti.<\/p>\n<p style=\"text-align: justify;\"><strong>DAHA \u00d6NCE DE KAZANMI\u015eTI<\/strong><\/p>\n<p style=\"text-align: justify;\">Ba\u015fbakan Recep Tayyip Erdo\u011fan daha \u00f6nce de Kemal K\u0131l\u0131\u00e7daro\u011flu&#8217;na y\u00f6nelik tazminat davalar\u0131 a\u00e7m\u0131\u015ft\u0131. Ocak ay\u0131nda g\u00f6r\u00fclen iki ayr\u0131 davada Erdo\u011fan, K\u0131l\u0131\u00e7daro\u011flu&#8217;dan toplam 30 bin TL manevi tazminat talep etmi\u015fti. Ba\u015fbakan Erdo\u011fan birinci davadan 10 bin TL manevi tazminat kazan\u0131rken ikinci davay\u0131 yarg\u0131\u00e7lar reddetmi\u015fti. 2010 y\u0131l\u0131nda g\u00f6r\u00fclen iki ayr\u0131 davada ise Ba\u015fbakan 6 ve 4 bin TL olmak \u00fczere toplam 10 bin TL manevi tazminat kazanm\u0131\u015ft\u0131.<\/p>\n<p style=\"text-align: justify;\"><strong>YAL\u00c7IN K\u00dc\u00c7\u00dcK&#8217;TEN DE TAZM\u0130NAT KAZANDI<\/strong><\/p>\n<p style=\"text-align: justify;\">Ba\u015fbakan Erdo\u011fan, bir televizyon program\u0131nda yapt\u0131\u011f\u0131 konu\u015fmada, &#8221;ki\u015filik haklar\u0131na sald\u0131r\u0131da bulundu\u011fu&#8221; iddias\u0131yla Yal\u00e7\u0131n K\u00fc\u00e7\u00fck aleyhinde a\u00e7t\u0131\u011f\u0131 davada, 5 bin lira manevi tazminat kazand\u0131.<\/p>\n<p style=\"text-align: justify;\">Ankara 13. Asliye Hukuk Mahkemesi&#8217;nde g\u00f6r\u00fclen davan\u0131n karar duru\u015fmas\u0131na, Erdo\u011fan&#8217;\u0131n avukat\u0131 Muammer Cemalo\u011flu ile K\u00fc\u00e7\u00fck&#8217;\u00fcn avukat\u0131 Dursun Ermi\u015f kat\u0131ld\u0131. Avukat Cemalo\u011flu, &#8221;dava konusu s\u00f6zler nedeniyle m\u00fcvekkili Erdo\u011fan&#8217;\u0131n ki\u015filik haklar\u0131n\u0131n ihlal edildi\u011fini&#8221; savunarak, davan\u0131n kabul edilmesini talep etti.<\/p>\n<p style=\"text-align: justify;\">Avukat Ermi\u015f ise davan\u0131n reddine karar verilmesini istedi. Yarg\u0131\u00e7 Mahmut \u00dclgey, davay\u0131 k\u0131smen kabul ederek K\u00fc\u00e7\u00fck&#8217;\u00fcn, Erdo\u011fan&#8217;a yasal faiziyle 5 bin lira manevi tazminat \u00f6demesine karar verdi.<\/p>\n<p style=\"text-align: justify;\">Davan\u0131n dilek\u00e7esinde, Yal\u00e7\u0131n K\u00fc\u00e7\u00fck&#8217;\u00fcn, Ulusal Kanal&#8217;da, 15 A\u011fustos 2010 tarihinde yay\u0131mlanan &#8221;G\u00fcndem&#8221; adl\u0131 programda, &#8221;Erdo\u011fan&#8217;\u0131n ki\u015filik haklar\u0131na sald\u0131r\u0131 kast\u0131yla tahkir ve tezyif edici beyanlarda, fevkalade a\u011f\u0131r, katlan\u0131lmas\u0131 ve tahamm\u00fcl\u00fc gayr\u0131 kabil hakaretlerde ve iftiralarda bulundu\u011fu&#8221; ileri s\u00fcr\u00fclm\u00fc\u015ft\u00fc.<\/p>\n<p style=\"text-align: justify;\">Dilek\u00e7ede, K\u00fc\u00e7\u00fck&#8217;ten, yasal faiziyle 10 bin lira manevi tazminat talebinde bulunulmu\u015ftu.<\/p>\n<p style=\"text-align: justify;\"><a href=\"http:\/\/www.gazeteport.com.tr\/GUNCEL\/NEWS\/GP_902318\" target=\"_blank\">Kaynak : GAZETEPORT<\/a><\/p>\n","protected":false},"excerpt":{"rendered":"<p style=\"text-align: justify;\">\n<p style=\"text-align: justify;\">Ba\u015fbakan Erdo\u011fan, &#8220;omurgas\u0131z&#8221; polemi\u011finden dolay\u0131 K\u0131l\u0131\u00e7daro\u011flu&#8217;dan 7 bin, ba\u015fka bir davada Yal\u00e7\u0131n K\u00fc\u00e7\u00fck&#8217;ten ise 5 bin TL kazand\u0131.<\/p>\n<p style=\"text-align: justify;\">Ba\u015fbakan Recep Tayyip Erdo\u011fan, TBMM&#8217;de partisinin grup toplant\u0131s\u0131nda yapt\u0131\u011f\u0131 konu\u015fmada, &#8221;ki\u015filik haklar\u0131na sald\u0131r\u0131da bulundu\u011fu&#8221; iddias\u0131yla CHP Genel Ba\u015fkan\u0131 Kemal K\u0131l\u0131\u00e7daro\u011flu aleyhinde a\u00e7t\u0131\u011f\u0131 davada, 7 bin lira manevi tazminat kazand\u0131. Ba\u015fbakan <\/p>\n","protected":false},"author":1,"featured_media":0,"comment_status":"open","ping_status":"closed","sticky":false,"template":"","format":"standard","meta":{"footnotes":""},"categories":[105],"tags":[],"class_list":["post-32437","post","type-post","status-publish","format-standard","hentry","category-gundem","odd"],"_links":{"self":[{"href":"http:\/\/www.korhanyilmaz.com\/index.php?rest_route=\/wp\/v2\/posts\/32437","targetHints":{"allow":["GET"]}}],"collection":[{"href":"http:\/\/www.korhanyilmaz.com\/index.php?rest_route=\/wp\/v2\/posts"}],"about":[{"href":"http:\/\/www.korhanyilmaz.com\/index.php?rest_route=\/wp\/v2\/types\/post"}],"author":[{"embeddable":true,"href":"http:\/\/www.korhanyilmaz.com\/index.php?rest_route=\/wp\/v2\/users\/1"}],"replies":[{"embeddable":true,"href":"http:\/\/www.korhanyilmaz.com\/index.php?rest_route=%2Fwp%2Fv2%2Fcomments&post=32437"}],"version-history":[{"count":0,"href":"http:\/\/www.korhanyilmaz.com\/index.php?rest_route=\/wp\/v2\/posts\/32437\/revisions"}],"wp:attachment":[{"href":"http:\/\/www.korhanyilmaz.com\/index.php?rest_route=%2Fwp%2Fv2%2Fmedia&parent=32437"}],"wp:term":[{"taxonomy":"category","embeddable":true,"href":"http:\/\/www.korhanyilmaz.com\/index.php?rest_route=%2Fwp%2Fv2%2Fcategories&post=32437"},{"taxonomy":"post_tag","embeddable":true,"href":"http:\/\/www.korhanyilmaz.com\/index.php?rest_route=%2Fwp%2Fv2%2Ftags&post=32437"}],"curies":[{"name":"wp","href":"https:\/\/api.w.org\/{rel}","templated":true}]}}