{"id":32429,"date":"2011-05-10T11:54:36","date_gmt":"2011-05-10T08:54:36","guid":{"rendered":"http:\/\/www.korhanyilmaz.com\/?p=32429"},"modified":"2011-05-10T11:54:36","modified_gmt":"2011-05-10T08:54:36","slug":"yazicioglu%e2%80%99nun-kaninda-zehir-cikti","status":"publish","type":"post","link":"http:\/\/www.korhanyilmaz.com\/?p=32429","title":{"rendered":"&#8220;Yaz\u0131c\u0131o\u011flu\u2019nun kan\u0131nda zehir \u00e7\u0131kt\u0131&#8221;"},"content":{"rendered":"<p style=\"text-align: justify;\"><a href=\"http:\/\/www.korhanyilmaz.com\/wp-content\/uploads\/2011\/05\/1212.jpg\"  class=\"lightview\"><img loading=\"lazy\" decoding=\"async\" class=\"aligncenter size-full wp-image-32430\" src=\"http:\/\/www.korhanyilmaz.com\/wp-content\/uploads\/2011\/05\/1212.jpg\" alt=\"\" width=\"416\" height=\"222\" \/><\/a><\/p>\n<p style=\"text-align: justify;\">Yaz\u0131c\u0131o\u011flu&#8217;nun hayat\u0131n\u0131 kaybetti\u011fi kazada helikopterdekilerin kanlar\u0131nda zehir bulundu\u011funu tespit eden otopsi raporlar\u0131 ilk kez Emre Soncan&#8217;\u0131n &#8216;Ke\u015f Da\u011f\u0131&#8217;nda Bir Alperen&#8217; kitab\u0131nda yay\u0131mland\u0131.<\/p>\n<p style=\"text-align: justify;\">\u0130STANBUL &#8211; Merhum BBP lideri Muhsin Yaz\u0131c\u0131o\u011flu&#8217;nun zehirlendi\u011fini ortaya koyan otopsi raporu ilk kez gazeteci Emre Soncan&#8217;\u0131n \u201cKe\u015f Da\u011f\u0131&#8217;nda Bir Alperen\u201d adl\u0131 kitab\u0131nda yer ald\u0131. <!--more--><\/p>\n<p style=\"text-align: justify;\">Kahramanmara\u015f Cumhuriyet Ba\u015fsavc\u0131l\u0131\u011f\u0131, 30 Mart 2009&#8217;da Adli T\u0131p Kurumu Adana Adli T\u0131p Grup Ba\u015fkanl\u0131\u011f\u0131&#8217;na Yaz\u0131c\u0131o\u011flu&#8217;nun \u00f6l\u00fcm nedenini sordu. Yaz\u0131c\u0131o\u011flu&#8217;nun kan, i\u00e7 organ par\u00e7alar\u0131 ve idrar\u0131nda yap\u0131lan toksikolojik incelemede herhangi bir ola\u011fand\u0131\u015f\u0131 duruma rastlanmad\u0131.<\/p>\n<p style=\"text-align: justify;\">Yaz\u0131c\u0131o\u011flu&#8217;nun ve yan\u0131ndakilerin kan\u0131nda CO (Karbonmonoksit) bulunmad\u0131\u011f\u0131 a\u00e7\u0131k bir \u015fekilde dile getirildi. Fakat DDK&#8217;n\u0131n dosyaya el atmas\u0131n\u0131n ard\u0131ndan olay\u0131n seyri de\u011fi\u015fti.<\/p>\n<p style=\"text-align: justify;\">Bu kez kazada hayat\u0131n\u0131 kaybedenlerin kan \u00f6rnekleri \u0130stanbul&#8217;a g\u00f6nderildi. Adli T\u0131p Kurumu Kimya \u0130htisas Dairesi Toksikoloji \u015eubesi&#8217;nin yapt\u0131\u011f\u0131 incelemeler ortaya bamba\u015fka bir sonu\u00e7 \u00e7\u0131kard\u0131.<\/p>\n<p style=\"text-align: justify;\">Yaz\u0131c\u0131o\u011flu ve olayda hayat\u0131n\u0131 kaybedenlerin kan\u0131nda y\u00fcksek miktarda karbonmonoksit bulundu. Muhsin Yaz\u0131c\u0131o\u011flu&#8217;na ait kan \u00f6rne\u011finde y\u00fczde 13,1 COHb, Pilot Kaya \u0130stektepe&#8217;de y\u00fczde 26,6 COHb, Erhan \u00dcst\u00fcnda\u011f&#8217;da 21,8 COHb, Y\u00fcksel Yanc\u0131&#8217;da y\u00fczde 8,5 COHb, \u0130smail G\u00fcne\u015f&#8217;te y\u00fczde 27,0 COHb ve Murat \u00c7elikkaya&#8217;da y\u00fczde 10,1 COHb bulundu\u011fu tespit edildi.<\/p>\n<p style=\"text-align: justify;\"><strong>SKYMAP IIIC&#8217;N\u0130N SON G\u00d6R\u00dcNT\u00dcS\u00dc<\/strong><\/p>\n<p style=\"text-align: justify;\">&#8220;Suikast&#8221; de\u011ferlendirmeleri yap\u0131lan kazan\u0131n ard\u0131ndan helikoptere ait u\u00e7u\u015f bilgilerini muhafaza eden Argus 5000 CE ve Skymap IIIC cihazlar\u0131n\u0131n enkazdan \u00e7al\u0131nd\u0131\u011f\u0131 ortaya \u00e7\u0131km\u0131\u015ft\u0131.<\/p>\n<p style=\"text-align: justify;\">Yeni \u015eafak gazetesinin haberine g\u00f6re Skymap IIIC&#8217;nin \u00e7al\u0131nmadan \u00f6nce enkazdaki son g\u00f6r\u00fcnt\u00fcs\u00fc de Soncan\u2019\u0131n kitab\u0131nda yer ald\u0131.<\/p>\n<p style=\"text-align: justify;\">\u00c7al\u0131nan cihazlar\u0131n \u00f6nemini ise kitapta g\u00f6r\u00fc\u015flerine yer verilen helikopter pilotlar\u0131 \u015f\u00f6yle anlat\u0131yor: &#8220;Kaza yapan helikopter, e\u011fer herhangi bir hava arac\u0131n\u0131n m\u00fcdahalesiyle d\u00fc\u015f\u00fcr\u00fcld\u00fcyse ortadan kald\u0131r\u0131lmas\u0131 gereken ilk cihazlar bunlard\u0131r. \u00c7\u00fcnk\u00fc u\u00e7u\u015f bilgilerini muhafaza eder. Helikopterde ani bir al\u00e7alma veya y\u00fckselme olduysa g\u00f6sterir.&#8221;<\/p>\n<p style=\"text-align: justify;\">Kitap, Yaz\u0131c\u0131o\u011flu&#8217;nun hayat\u0131n\u0131 kaybetti\u011fi helikopter kazas\u0131yla ilgili haz\u0131rlanan Devlet Denetleme Kurulu (DDK) raporunda, cihazlar\u0131n \u00e7al\u0131nmas\u0131na ili\u015fkin \u00f6nemli tespitlere de yer veriyor.<\/p>\n<p style=\"text-align: justify;\">DDK raporunda, cihazlar i\u00e7in, &#8220;Cihazlar\u0131n 31.03.2009 g\u00fcn\u00fc \u00f6\u011fle saatleri aras\u0131nda yok oldu\u011fu\/\u00e7al\u0131nd\u0131\u011f\u0131 anla\u015f\u0131lm\u0131\u015ft\u0131r. B\u00f6lgede saat 17.00&#8217;ye kadar \u00e7al\u0131\u015fmalar\u0131n\u0131 s\u00fcrd\u00fcren Kara Kuvvetleri&#8217;ne ait Sikorsky helikopterin kaza k\u0131r\u0131m heyetinde yer alan baz\u0131 personelin TC-HEK i\u015faretli helikopter enkaz\u0131 \u00fczerinde \u00e7al\u0131\u015fma yapt\u0131klar\u0131 g\u00f6r\u00fclm\u00fc\u015ft\u00fcr. Ba\u015fta Sikorsky helikopterin kaza k\u0131r\u0131m heyeti olmak \u00fczere t\u00fcm \u015f\u00fcpheliler hakk\u0131nda Cumhuriyet Savc\u0131l\u0131\u011f\u0131&#8217;nca soru\u015fturma yap\u0131lmas\u0131 \u00f6nerilmektedir&#8221; ifadeleri kullan\u0131l\u0131yor.<\/p>\n<p style=\"text-align: justify;\">Yine kitapta yer alan bilgilere g\u00f6re, devlet yetkilileri enkazda ara\u015ft\u0131rma yapan 15 ki\u015finin \u00fczerinde duruyor. Bu ki\u015filerin telefon kay\u0131tlar\u0131n\u0131n geriye do\u011fru incelenmesi halinde \u00f6nemli bilgilere ula\u015f\u0131labilece\u011fi dile getiriliyor.<\/p>\n<p style=\"text-align: justify;\"><strong>M\u0130T TAK\u0130P ED\u0130YORDU<\/strong><\/p>\n<p style=\"text-align: justify;\">Ke\u015f Da\u011f\u0131&#8217;nda Bir Alperen adl\u0131 kitapta kaleme al\u0131nan bilgilere g\u00f6re, Yaz\u0131c\u0131o\u011flu hayat\u0131n\u0131 kaybetmeden \u00f6nce M\u0130T taraf\u0131ndan da takip ediliyordu. Telefonlar\u0131n\u0131n dinlendi\u011fini anlayan Yaz\u0131c\u0131o\u011flu, \u015f\u00fcphelerini gidermek i\u00e7in bir partiliye telefon etti.<\/p>\n<p style=\"text-align: justify;\">Ertesi g\u00fcn \u00c7ukurambar&#8217;da bir pastanede bulu\u015fup \u00f6nemli bir konuyu konu\u015facaklar\u0131n\u0131 s\u00f6yledi. Bir g\u00fcn sonra pastanede bulu\u015ftular. En arka masaya oturdular. Az sonra, arkalar\u0131ndaki masaya ba\u015fka bir ki\u015fi oturdu. Yaz\u0131c\u0131o\u011flu adam\u0131n kolunu tutu: &#8220;Garda\u015f, kimsin sen&#8221; diye sordu. Masadaki adam kimli\u011fini g\u00f6sterdi: \u00dczerinde M\u0130T yaz\u0131yordu.<\/p>\n<p style=\"text-align: justify;\"><a href=\"http:\/\/www.gazeteport.com.tr\/GUNCEL\/NEWS\/GP_902255\" target=\"_blank\">Kaynak : GAZETEPORT<\/a><\/p>\n","protected":false},"excerpt":{"rendered":"<p style=\"text-align: justify;\">\n<p style=\"text-align: justify;\">Yaz\u0131c\u0131o\u011flu&#8217;nun hayat\u0131n\u0131 kaybetti\u011fi kazada helikopterdekilerin kanlar\u0131nda zehir bulundu\u011funu tespit eden otopsi raporlar\u0131 ilk kez Emre Soncan&#8217;\u0131n &#8216;Ke\u015f Da\u011f\u0131&#8217;nda Bir Alperen&#8217; kitab\u0131nda yay\u0131mland\u0131.<\/p>\n<p style=\"text-align: justify;\">\u0130STANBUL &#8211; Merhum BBP lideri Muhsin Yaz\u0131c\u0131o\u011flu&#8217;nun zehirlendi\u011fini ortaya koyan otopsi raporu ilk kez gazeteci Emre Soncan&#8217;\u0131n \u201cKe\u015f Da\u011f\u0131&#8217;nda Bir Alperen\u201d adl\u0131 kitab\u0131nda yer ald\u0131. <\/p>\n","protected":false},"author":1,"featured_media":0,"comment_status":"open","ping_status":"closed","sticky":false,"template":"","format":"standard","meta":{"footnotes":""},"categories":[105],"tags":[103,104],"class_list":["post-32429","post","type-post","status-publish","format-standard","hentry","category-gundem","tag-helikopter-kazasi","tag-muhsin-yazicioglu","odd"],"_links":{"self":[{"href":"http:\/\/www.korhanyilmaz.com\/index.php?rest_route=\/wp\/v2\/posts\/32429","targetHints":{"allow":["GET"]}}],"collection":[{"href":"http:\/\/www.korhanyilmaz.com\/index.php?rest_route=\/wp\/v2\/posts"}],"about":[{"href":"http:\/\/www.korhanyilmaz.com\/index.php?rest_route=\/wp\/v2\/types\/post"}],"author":[{"embeddable":true,"href":"http:\/\/www.korhanyilmaz.com\/index.php?rest_route=\/wp\/v2\/users\/1"}],"replies":[{"embeddable":true,"href":"http:\/\/www.korhanyilmaz.com\/index.php?rest_route=%2Fwp%2Fv2%2Fcomments&post=32429"}],"version-history":[{"count":0,"href":"http:\/\/www.korhanyilmaz.com\/index.php?rest_route=\/wp\/v2\/posts\/32429\/revisions"}],"wp:attachment":[{"href":"http:\/\/www.korhanyilmaz.com\/index.php?rest_route=%2Fwp%2Fv2%2Fmedia&parent=32429"}],"wp:term":[{"taxonomy":"category","embeddable":true,"href":"http:\/\/www.korhanyilmaz.com\/index.php?rest_route=%2Fwp%2Fv2%2Fcategories&post=32429"},{"taxonomy":"post_tag","embeddable":true,"href":"http:\/\/www.korhanyilmaz.com\/index.php?rest_route=%2Fwp%2Fv2%2Ftags&post=32429"}],"curies":[{"name":"wp","href":"https:\/\/api.w.org\/{rel}","templated":true}]}}