{"id":32414,"date":"2011-05-09T17:49:02","date_gmt":"2011-05-09T14:49:02","guid":{"rendered":"http:\/\/www.korhanyilmaz.com\/?p=32414"},"modified":"2011-05-09T17:49:02","modified_gmt":"2011-05-09T14:49:02","slug":"osym-savunmasi-mahkemede","status":"publish","type":"post","link":"http:\/\/www.korhanyilmaz.com\/?p=32414","title":{"rendered":"\u00d6SYM savunmas\u0131 mahkemede"},"content":{"rendered":"<p style=\"text-align: justify;\"><a href=\"http:\/\/www.korhanyilmaz.com\/wp-content\/uploads\/2011\/05\/1171.jpg\"  class=\"lightview\"><img loading=\"lazy\" decoding=\"async\" class=\"aligncenter size-full wp-image-32415\" title=\"\" src=\"http:\/\/www.korhanyilmaz.com\/wp-content\/uploads\/2011\/05\/1171.jpg\" alt=\"\" width=\"300\" height=\"225\" \/><\/a><\/p>\n<p style=\"text-align: justify;\">\u00d6SYM, YGS&#8217;deki \u015fifre iddialar\u0131yla ilgili savunmas\u0131n\u0131 \u0130dare Mahkemesi&#8217;ne sundu.<\/p>\n<p style=\"text-align: justify;\">ANKARA &#8211; YGS&#8217;nin iptalini g\u00f6r\u00fc\u015fecek Ankara 7. \u0130dare Mahkemesi&#8217;nin savunma i\u00e7in \u00d6SYM&#8217;ye verdi\u011fi s\u00fcre bug\u00fcn doldu.<\/p>\n<p style=\"text-align: justify;\">\u00d6SYM, Y\u00fcksek\u00f6\u011fretime Ge\u00e7i\u015f S\u0131nav\u0131&#8217;nda (YGS) \u015fifre iddialar\u0131 \u00fczerine s\u0131nav\u0131n iptali istemiyle a\u00e7\u0131lan dava \u00fczerine savunmas\u0131n\u0131 Ankara 7. \u0130dare Mahkemesine verdi. <!--more--><\/p>\n<p style=\"text-align: justify;\">YGS&#8217;deki \u015fifre iddialar\u0131 \u00fczerine s\u0131nav\u0131n iptali istemiyle Konyal\u0131 \u00f6\u011frencinin avukat\u0131 Ahmet G\u00fcrol \u015ea\u011fban taraf\u0131ndan dava a\u00e7\u0131lm\u0131\u015ft\u0131. YGS soru kitap\u00e7\u0131\u011f\u0131nda \u015fifreleme iddias\u0131na ili\u015fkin y\u00fcr\u00fctmenin durdurulmas\u0131 ve s\u0131nav\u0131n iptali i\u00e7in a\u00e7\u0131lan dava, Ankara 7. \u0130dare Mahkemesinde g\u00f6r\u00fcl\u00fcyor. Mahkeme, \u00d6SYM&#8217;ye savunma yapmas\u0131 i\u00e7in 15 g\u00fcnl\u00fck s\u00fcre vermi\u015fti.<\/p>\n<p style=\"text-align: justify;\">Edinilen bilgiye g\u00f6re, \u00d6SYM, kendisine verilen s\u00fcrenin son g\u00fcn\u00fcnde konuya ili\u015fkin savunmas\u0131n\u0131 Ankara 7. \u0130dare Mahkemesine verdi.<\/p>\n<p style=\"text-align: justify;\">Konyal\u0131 \u00f6\u011frencinin avukat\u0131 Ahmet G\u00fcrol \u015ea\u011fban, AA muhabirine yapt\u0131\u011f\u0131 a\u00e7\u0131klama, \u00d6SYM&#8217;nin savunman\u0131n saat 16.00 itibar\u0131yla mahkemeye geldi\u011fini belirterek, mesai bitimine denk geldi\u011fi i\u00e7in savunman\u0131n kendisine tebli\u011f olmad\u0131\u011f\u0131n\u0131 s\u00f6yledi.<\/p>\n<p style=\"text-align: justify;\">\u0130dari Yarg\u0131lama Usul\u00fc Yasas\u0131&#8217;nda savunmaya kar\u015f\u0131 cevap verilebilece\u011finin d\u00fczenlendi\u011fini s\u00f6yleyen \u015ea\u011fban, savunmay\u0131 okuduktan sonra cevap haz\u0131rlayacaklar\u0131n\u0131 belirtti.<\/p>\n<p style=\"text-align: justify;\">\u015ea\u011fban, &#8221;Mahkeme heyeti y\u00fcr\u00fctmeyi durdurma talebimiz do\u011frultusunda bir karar verecek. Ortaya koydu\u011fumuz delillerle, \u00d6SYM&#8217;nin ortaya koydu\u011fu savunmay\u0131 de\u011ferlendirecektir. \u0130ddialar\u0131m\u0131z\u0131n ge\u00e7erli ve do\u011fru oldu\u011fu kanaatine var\u0131rsa y\u00fcr\u00fctmeyi durdurma karar\u0131 verecektir&#8221; dedi.<\/p>\n<p style=\"text-align: justify;\"><a href=\"http:\/\/www.gazeteport.com.tr\/GUNCEL\/NEWS\/GP_901881\" target=\"_blank\">Kaynak : GAZETEPORT<\/a><\/p>\n","protected":false},"excerpt":{"rendered":"<p style=\"text-align: justify;\">\n<p style=\"text-align: justify;\">\u00d6SYM, YGS&#8217;deki \u015fifre iddialar\u0131yla ilgili savunmas\u0131n\u0131 \u0130dare Mahkemesi&#8217;ne sundu.<\/p>\n<p style=\"text-align: justify;\">ANKARA &#8211; YGS&#8217;nin iptalini g\u00f6r\u00fc\u015fecek Ankara 7. \u0130dare Mahkemesi&#8217;nin savunma i\u00e7in \u00d6SYM&#8217;ye verdi\u011fi s\u00fcre bug\u00fcn doldu.<\/p>\n<p style=\"text-align: justify;\">\u00d6SYM, Y\u00fcksek\u00f6\u011fretime Ge\u00e7i\u015f S\u0131nav\u0131&#8217;nda (YGS) \u015fifre iddialar\u0131 \u00fczerine s\u0131nav\u0131n iptali istemiyle a\u00e7\u0131lan dava \u00fczerine savunmas\u0131n\u0131 Ankara 7. \u0130dare Mahkemesine verdi. <\/p>\n","protected":false},"author":1,"featured_media":0,"comment_status":"open","ping_status":"closed","sticky":false,"template":"","format":"standard","meta":{"footnotes":""},"categories":[105],"tags":[],"class_list":["post-32414","post","type-post","status-publish","format-standard","hentry","category-gundem","odd"],"_links":{"self":[{"href":"http:\/\/www.korhanyilmaz.com\/index.php?rest_route=\/wp\/v2\/posts\/32414","targetHints":{"allow":["GET"]}}],"collection":[{"href":"http:\/\/www.korhanyilmaz.com\/index.php?rest_route=\/wp\/v2\/posts"}],"about":[{"href":"http:\/\/www.korhanyilmaz.com\/index.php?rest_route=\/wp\/v2\/types\/post"}],"author":[{"embeddable":true,"href":"http:\/\/www.korhanyilmaz.com\/index.php?rest_route=\/wp\/v2\/users\/1"}],"replies":[{"embeddable":true,"href":"http:\/\/www.korhanyilmaz.com\/index.php?rest_route=%2Fwp%2Fv2%2Fcomments&post=32414"}],"version-history":[{"count":0,"href":"http:\/\/www.korhanyilmaz.com\/index.php?rest_route=\/wp\/v2\/posts\/32414\/revisions"}],"wp:attachment":[{"href":"http:\/\/www.korhanyilmaz.com\/index.php?rest_route=%2Fwp%2Fv2%2Fmedia&parent=32414"}],"wp:term":[{"taxonomy":"category","embeddable":true,"href":"http:\/\/www.korhanyilmaz.com\/index.php?rest_route=%2Fwp%2Fv2%2Fcategories&post=32414"},{"taxonomy":"post_tag","embeddable":true,"href":"http:\/\/www.korhanyilmaz.com\/index.php?rest_route=%2Fwp%2Fv2%2Ftags&post=32414"}],"curies":[{"name":"wp","href":"https:\/\/api.w.org\/{rel}","templated":true}]}}