{"id":32409,"date":"2011-05-09T14:53:39","date_gmt":"2011-05-09T11:53:39","guid":{"rendered":"http:\/\/www.korhanyilmaz.com\/?p=32409"},"modified":"2011-05-09T14:53:39","modified_gmt":"2011-05-09T11:53:39","slug":"ygs-savcisi-aciklama-yapmayacak","status":"publish","type":"post","link":"http:\/\/www.korhanyilmaz.com\/?p=32409","title":{"rendered":"YGS savc\u0131s\u0131 a\u00e7\u0131klama yapmayacak"},"content":{"rendered":"<p style=\"text-align: justify;\"><a href=\"http:\/\/www.korhanyilmaz.com\/wp-content\/uploads\/2011\/05\/1191.jpg\"  class=\"lightview\"><img loading=\"lazy\" decoding=\"async\" class=\"aligncenter size-full wp-image-32419\" title=\"\" src=\"http:\/\/www.korhanyilmaz.com\/wp-content\/uploads\/2011\/05\/1191.jpg\" alt=\"\" width=\"400\" height=\"202\" \/><\/a><\/p>\n<p style=\"text-align: justify;\">Ankara Cumhuriyet Ba\u015fsavc\u0131vekili \u015eadan Sak\u0131nan, YGS\u2019ye ili\u015fkin soru\u015fturman\u0131n tamamlanmas\u0131 i\u00e7in imzas\u0131n\u0131n olmas\u0131 gerekti\u011fini, ancak hen\u00fcz imza atmad\u0131\u011f\u0131n\u0131 s\u00f6yledi.<\/p>\n<p style=\"text-align: justify;\">\u00d6SYM, YGS&#8217;deki \u015fifre iddialar\u0131yla ilgili savunmas\u0131n\u0131 \u0130dare Mahkemesi&#8217;ne sunarken, \u0130stanbul \u00dcsk\u00fcdar&#8217;daki \u00d6SYM B\u00fcrosu \u00f6n\u00fcnde toplanan bir grup \u00f6\u011frenci 5 g\u00fcnl\u00fck a\u00e7l\u0131k grevine ba\u015flad\u0131.<!--more--><\/p>\n<p style=\"text-align: justify;\">ANKARA- Ankara Cumhuriyet Ba\u015fsavc\u0131l\u0131\u011f\u0131 yetkilileri, &#8221;YGS&#8217;deki \u015fifre&#8221; iddialar\u0131na ili\u015fkin soru\u015fturmayla ilgili bug\u00fcn bir a\u00e7\u0131klama yap\u0131lmayaca\u011f\u0131n\u0131 bildirdi. Ba\u015fsavc\u0131l\u0131k yetkilileri kamuoyundaki beklentiye paralel olarak soru\u015fturmay\u0131 bir an \u00f6nce tamamlamak istediklerini belirtti.<\/p>\n<p style=\"text-align: justify;\">Soru\u015fturmaya ili\u015fkin, bug\u00fcn bir a\u00e7\u0131klama yap\u0131lmayaca\u011f\u0131n\u0131 ifade eden yetkililer, soru\u015fturma tamamland\u0131\u011f\u0131nda kamuoyunun en k\u0131sa s\u00fcrede bilgilendirilece\u011fini ifade etti. &#8220;S\u00fcrpriz sonu\u00e7lar \u00e7\u0131kabilir&#8221; diyerek herkesi merak i\u00e7inde b\u0131rakan savc\u0131l\u0131\u011f\u0131n soru\u015fturma sonu\u00e7lar\u0131 YGS&#8217;nin iptal edilip edilmeyece\u011fi konusunda etkili olaca\u011f\u0131 belirtiliyor.<\/p>\n<p style=\"text-align: justify;\"><strong>\u00d6\u011eRENC\u0130LER A\u00c7LIK GREV\u0130NE BA\u015eLADI<\/strong><\/p>\n<p style=\"text-align: justify;\">\u0130stanbul \u00dcsk\u00fcdar&#8217;daki \u00d6SYM B\u00fcrosu \u00f6n\u00fcnde toplanan bir grup, &#8221;YGS&#8217;deki \u015fifre&#8221; iddialar\u0131n\u0131 protesto amac\u0131yla 5 g\u00fcnl\u00fck &#8221;a\u00e7l\u0131k grevi&#8221; eylemi ba\u015flatt\u0131.<\/p>\n<p style=\"text-align: justify;\">B\u00fcro \u00f6n\u00fcnde bir araya gelen Halk Evleri E\u011fitim Hakk\u0131 Meclisi ve Liseli \u00d6\u011frenciler Birli\u011fi (L\u00d6B) \u00fcyesi bir grup, &#8221;YGS&#8217;deki \u015fifre&#8221; iddialar\u0131n\u0131 protesto amac\u0131yla pankartlar a\u00e7arak, \u00e7e\u015fitli sloganlar att\u0131.<\/p>\n<p style=\"text-align: justify;\">Grup ad\u0131na bas\u0131n a\u00e7\u0131klamas\u0131n\u0131 okuyan Asiye \u00c7il, &#8221;\u00d6SYM&#8217;nin YGS ve daha bir\u00e7ok s\u0131nav i\u00e7in hesap soran veli ve \u00f6\u011frencilere kulak t\u0131kamaya devam etti\u011fini, \u00f6nce KPSS, sonra YGS ve ALES ile devam eden \u015fifreci, kopyac\u0131, hak ve adaletten uzak e\u011fitim politikalar\u0131 h\u0131z kesmeden, rezaletine her g\u00fcn bir yenisini daha ekleyerek, e\u011fitimi yaln\u0131z kendi yanda\u015flar\u0131na lay\u0131k g\u00f6rd\u00fc\u011f\u00fcn\u00fc&#8221; iddia etti.<\/p>\n<p style=\"text-align: justify;\">\u0130\u015f\u00e7i ve emekli \u00e7ocuklar\u0131 olduklar\u0131n\u0131 dersanelere verecek paralar\u0131n\u0131n olmad\u0131\u011f\u0131n\u0131 dile getiren L\u00d6B \u00fcyesi 7 \u00f6\u011frenci de b\u00fcro \u00f6n\u00fcnde 5 g\u00fcnl\u00fck &#8221;a\u00e7l\u0131k grevi&#8221; eylemi ba\u015flatt\u0131.<\/p>\n<p style=\"text-align: justify;\"><a href=\"http:\/\/www.gazeteport.com.tr\/GUNCEL\/NEWS\/GP_901751\" target=\"_blank\">Kaynak : GAZETEPORT<\/a><\/p>\n","protected":false},"excerpt":{"rendered":"<p style=\"text-align: justify;\">\n<p style=\"text-align: justify;\">Ankara Cumhuriyet Ba\u015fsavc\u0131vekili \u015eadan Sak\u0131nan, YGS\u2019ye ili\u015fkin soru\u015fturman\u0131n tamamlanmas\u0131 i\u00e7in imzas\u0131n\u0131n olmas\u0131 gerekti\u011fini, ancak hen\u00fcz imza atmad\u0131\u011f\u0131n\u0131 s\u00f6yledi.<\/p>\n<p style=\"text-align: justify;\">\u00d6SYM, YGS&#8217;deki \u015fifre iddialar\u0131yla ilgili savunmas\u0131n\u0131 \u0130dare Mahkemesi&#8217;ne sunarken, \u0130stanbul \u00dcsk\u00fcdar&#8217;daki \u00d6SYM B\u00fcrosu \u00f6n\u00fcnde toplanan bir grup \u00f6\u011frenci 5 g\u00fcnl\u00fck a\u00e7l\u0131k grevine ba\u015flad\u0131.<\/p>\n","protected":false},"author":1,"featured_media":0,"comment_status":"open","ping_status":"closed","sticky":false,"template":"","format":"standard","meta":{"footnotes":""},"categories":[105],"tags":[],"class_list":["post-32409","post","type-post","status-publish","format-standard","hentry","category-gundem","odd"],"_links":{"self":[{"href":"http:\/\/www.korhanyilmaz.com\/index.php?rest_route=\/wp\/v2\/posts\/32409","targetHints":{"allow":["GET"]}}],"collection":[{"href":"http:\/\/www.korhanyilmaz.com\/index.php?rest_route=\/wp\/v2\/posts"}],"about":[{"href":"http:\/\/www.korhanyilmaz.com\/index.php?rest_route=\/wp\/v2\/types\/post"}],"author":[{"embeddable":true,"href":"http:\/\/www.korhanyilmaz.com\/index.php?rest_route=\/wp\/v2\/users\/1"}],"replies":[{"embeddable":true,"href":"http:\/\/www.korhanyilmaz.com\/index.php?rest_route=%2Fwp%2Fv2%2Fcomments&post=32409"}],"version-history":[{"count":0,"href":"http:\/\/www.korhanyilmaz.com\/index.php?rest_route=\/wp\/v2\/posts\/32409\/revisions"}],"wp:attachment":[{"href":"http:\/\/www.korhanyilmaz.com\/index.php?rest_route=%2Fwp%2Fv2%2Fmedia&parent=32409"}],"wp:term":[{"taxonomy":"category","embeddable":true,"href":"http:\/\/www.korhanyilmaz.com\/index.php?rest_route=%2Fwp%2Fv2%2Fcategories&post=32409"},{"taxonomy":"post_tag","embeddable":true,"href":"http:\/\/www.korhanyilmaz.com\/index.php?rest_route=%2Fwp%2Fv2%2Ftags&post=32409"}],"curies":[{"name":"wp","href":"https:\/\/api.w.org\/{rel}","templated":true}]}}