{"id":32406,"date":"2011-05-09T16:36:23","date_gmt":"2011-05-09T13:36:23","guid":{"rendered":"http:\/\/www.korhanyilmaz.com\/?p=32406"},"modified":"2011-05-09T16:36:23","modified_gmt":"2011-05-09T13:36:23","slug":"mhpli-didinmezden-kaset-isyani","status":"publish","type":"post","link":"http:\/\/www.korhanyilmaz.com\/?p=32406","title":{"rendered":"MHP&#8217;li Didinmez&#8217;den kaset isyan\u0131"},"content":{"rendered":"<p style=\"text-align: justify;\"><a href=\"http:\/\/www.korhanyilmaz.com\/wp-content\/uploads\/2011\/05\/1141.jpg\"  class=\"lightview\"><img loading=\"lazy\" decoding=\"async\" class=\"aligncenter size-full wp-image-32407\" src=\"http:\/\/www.korhanyilmaz.com\/wp-content\/uploads\/2011\/05\/1141.jpg\" alt=\"\" width=\"414\" height=\"221\" \/><\/a><\/p>\n<p style=\"text-align: justify;\">Kendisiyle ilgili internete d\u00fc\u015fen g\u00f6r\u00fcnt\u00fcler \u00fczerine bir a\u00e7\u0131klama yapan MHP Genel Ba\u015fkan Yard\u0131mc\u0131s\u0131 B\u00fclent Didinmez, yap\u0131lan\u0131n bir insanl\u0131k su\u00e7u oldu\u011funu belirtti ve siyasi oldu\u011funu alt\u0131n\u0131 \u00e7izdi. Didinmez, &#8220;Kendilerinde olmayan &#8216;ahlak&#8217; kavram\u0131n\u0131n arkas\u0131na s\u0131\u011f\u0131narak &#8216;belden a\u015fa\u011f\u0131 vurma&#8217; diye adland\u0131r\u0131lan metodu kullanmaya ba\u015flad\u0131lar&#8221; dedi.<!--more--><\/p>\n<p style=\"text-align: justify;\">ANKARA- MHP Genel Ba\u015fkan Yard\u0131mc\u0131s\u0131 B\u00fclent Didinmez, &#8221;MHP&#8217;yi planlar\u0131n\u0131n hayata ge\u00e7irilmesinde en b\u00fcy\u00fck engel olarak g\u00f6ren de\u011fi\u015fik ki\u015fi ve mihraklar\u0131n, d\u00fcn farkl\u0131 metotlar uygularlarken, bug\u00fcn de esas\u0131nda kendilerinde olmayan &#8216;ahlak&#8217; kavram\u0131n\u0131n arkas\u0131na s\u0131\u011f\u0131narak &#8216;belden a\u015fa\u011f\u0131 vurma&#8217; diye adland\u0131r\u0131lan metodu kullanmaya ba\u015flad\u0131klar\u0131n\u0131&#8221; belirtti.<\/p>\n<p style=\"text-align: justify;\">Didinmez, baz\u0131 bas\u0131n-yay\u0131n organlar\u0131nda ve internette g\u00f6r\u00fcnt\u00fcleri oldu\u011fu iddia edilen &#8221;kaset&#8221; ile haberlere ili\u015fkin yaz\u0131l\u0131 a\u00e7\u0131klama yapt\u0131. Didinmez, \u015funlar\u0131 kaydetti:<\/p>\n<p style=\"text-align: justify;\"><strong>&#8220;S\u0130YAS\u0130 RANT ELDE ETME \u00c7ABASI&#8221;<\/strong><\/p>\n<p style=\"text-align: justify;\">&#8221;Konumu, g\u00f6revleri ve yapt\u0131klar\u0131 i\u015fler her ne olursa olsun insanlar\u0131n kendilerine ait bir tercihleri ve ya\u015fad\u0131klar\u0131 \u00f6zel bir hayatlar\u0131 olsa gerek. Yine insanlar\u0131n hayatlar\u0131n\u0131 ya\u015farken kar\u015f\u0131la\u015ft\u0131klar\u0131 ki\u015fisel sorunlar\u0131 ve s\u0131k\u0131nt\u0131lar\u0131 olabilece\u011fi gibi aile hayatlar\u0131nda ya da beraberliklerinde farkl\u0131 gerek\u00e7elere ba\u011fl\u0131 halihaz\u0131rdaki hallerinin d\u0131\u015f\u0131nda bir tak\u0131m geli\u015fmeler olabilmekte ve ya\u015fanabilmektedir. Bu bir insani durumdur.<\/p>\n<p style=\"text-align: justify;\">Ki\u015fi yapmak ve ya\u015famak istediklerini d\u00fc\u015f\u00fcn\u00fcr, zaman\u0131 gelince ilgilisi ile payla\u015f\u0131r. Dolay\u0131s\u0131 ile ki\u015fi haldeki ya\u015fad\u0131klar\u0131n\u0131 tedbir olsun d\u00fc\u015f\u00fcncesiyle ilgilisinin d\u0131\u015f\u0131nda ba\u015fka bir ifadeyle kamuoyu ile payla\u015fmak zorunda de\u011fildir.<\/p>\n<p style=\"text-align: justify;\">Ki\u015filerin ya\u015fad\u0131klar\u0131nda kendisi ve muhatab\u0131n\u0131 ilgilendiren hususlar &#8216;\u00f6zel&#8217; bir h\u00fcviyet ta\u015f\u0131r. &#8216;\u00d6zel hayat ve ya\u015fama alan\u0131&#8217; hukuk sisteminde korunan ve kollanan en tabii ki\u015fi hak ve h\u00fcrriyetlerinin ba\u015f\u0131nda gelir.<\/p>\n<p style=\"text-align: justify;\">B\u00f6yle olmas\u0131 gerekirken, bug\u00fcn \u00fclkemizde siyasi rekabet i\u00e7erisinde g\u00f6z\u00fc d\u00f6nm\u00fc\u015f, vicdan\u0131 kararm\u0131\u015f baz\u0131 siyasi fig\u00fcrlerin yapacaklar\u0131 bir \u015fey kalmad\u0131\u011f\u0131n\u0131 anlad\u0131klar\u0131nda ba\u015fvurduklar\u0131 bir metot olan &#8216;siyasetin ve siyaset\u00e7inin \u00f6zeli olmaz&#8217; yalan\u0131na sar\u0131lmak suretiyle &#8216;\u00f6zel hayatlar&#8217; sorgusuz sualsiz if\u015fa edilmekte ve buradan siyasi rant elde edilmeye \u00e7al\u0131\u015f\u0131lmaktad\u0131r. \u0130\u015fte d\u00fcn ba\u015fkalar\u0131n\u0131n oldu\u011fu gibi bug\u00fcn de \u015fahs\u0131m b\u00f6yle bir durumla kar\u015f\u0131 kar\u015f\u0131yad\u0131r.&#8221;<\/p>\n<p style=\"text-align: justify;\"><strong>&#8220;SORUMLULU\u011eUM SADECE A\u0130LE FERTLER\u0130NE KAR\u015eIDIR&#8221;<\/strong><\/p>\n<p style=\"text-align: justify;\">&#8220;Hayat\u0131mda, ge\u00e7mi\u015ften bug\u00fcne kadar anne-baba-e\u015f-\u00e7ocuk-akraba ili\u015fkilerinde ya\u015fad\u0131klar\u0131m \u015fahs\u0131m\u0131n \u00f6zelidir. \u00d6zelimde ya\u015fad\u0131klar\u0131mda ba\u015fkalar\u0131na verilen bir zarar s\u00f6z konusu olmad\u0131\u011f\u0131 gibi, hi\u00e7bir ki\u015finin ya da kurumun merak\u0131n\u0131 ve ilgisini gerektirecek kamusal bir y\u00f6n\u00fc de yoktur. Buradaki sorumlulu\u011fum sadece aile fertlerine kar\u015f\u0131d\u0131r.<\/p>\n<p style=\"text-align: justify;\">Aile hayat\u0131 hukukili\u011fini s\u00fcrd\u00fcrmeye devam ediyor olsa da baz\u0131 zamanlarda fiili varl\u0131\u011f\u0131ndan bahsetmek m\u00fcmk\u00fcn olmamakta, bu hali do\u011furan \u015fartlar ve gerek\u00e7eler hukuken bir sonuca ula\u015ft\u0131r\u0131l\u0131ncaya kadar insanlar ya\u015fad\u0131klar\u0131n\u0131 b\u0131rak\u0131n kamuoyu ile payla\u015fmay\u0131 en yak\u0131nlar\u0131 ile bile payla\u015famamaktad\u0131rlar. B\u00f6yle bir durumu ya\u015fayan ki\u015finin siyasetle ilgileniyor olmas\u0131 bu ger\u00e7ekleri de de\u011fi\u015ftirmemektedir.<\/p>\n<p style=\"text-align: justify;\">B\u00f6yle bir s\u00fcre\u00e7 i\u00e7erisinde kimdir, nedir diye bir soru sorulmadan, muhatab\u0131n\u0131n kamuoyundaki itibar\u0131n\u0131 kaybettirmeye ve ki\u015filik haklar\u0131n\u0131 zedeleyici bir sonuca sebep olunaca\u011f\u0131 bilinerek &#8216;\u00f6zel ya\u015fama alan\u0131ma&#8217; girilmesi ve baz\u0131 teknik imkanlardan faydalan\u0131larak uzunca bir zaman kay\u0131t yap\u0131lmas\u0131 ve bunlar\u0131n montajlan\u0131p &#8216;ahlak istismar\u0131&#8217; yap\u0131larak hikayelendirilmesi, vakti geldi diye de servis edilmesi en b\u00fcy\u00fck insanl\u0131k su\u00e7lar\u0131ndan birisi olsa gerek.<\/p>\n<p style=\"text-align: justify;\">\u0130leri demokrasiden ve hukukun \u00fcst\u00fcnl\u00fc\u011f\u00fcn\u00fcn hakim oldu\u011fundan dem vurulan \u00fclkemizde ya\u015fananlardan hareketle, esas\u0131nda s\u00f6ylenecek ve konu\u015fulan bir \u015fey kalmam\u0131\u015ft\u0131r.<\/p>\n<p style=\"text-align: justify;\">Ar, namus, ahlaktan bahsederek en b\u00fcy\u00fck ahlaks\u0131zl\u0131\u011f\u0131 yapanlar\u0131n aynaya bakt\u0131klar\u0131nda kendi \u00e7irkefliklerini g\u00f6receklerini bildikleri i\u00e7in bakmad\u0131klar\u0131 g\u00fcn\u00fcm\u00fczde yine de baz\u0131 \u015feylerin anla\u015f\u0131labilmesi ve bilinmesi i\u00e7in ifade edilmesi gerekmektedir.&#8221;<\/p>\n<p style=\"text-align: justify;\"><strong>&#8221;PART\u0130M\u0130ZE Y\u00d6NEL\u0130\u015eLER ENGELLENMEK \u0130STENMEKTED\u0130R&#8221;<\/strong><\/p>\n<p style=\"text-align: justify;\">Bas\u0131n\u0131 da ele\u015ftiren Didinmez, a\u00e7\u0131klamas\u0131nda \u015fu g\u00f6r\u00fc\u015flere yer verdi:<\/p>\n<p style=\"text-align: justify;\">&#8221;S\u00f6z konusu internet yay\u0131nlar\u0131n\u0131n zamanlamas\u0131, \u015fekli ve muhtevas\u0131, bunlar\u0131n &#8216;haber de\u011feri vard\u0131r&#8217; diyerek baz\u0131 gazete ve televizyonlardaki takdim \u015fekli dikkatle incelendi\u011finde, bunun bir program dahilinde planla yap\u0131ld\u0131\u011f\u0131 \u015fahs\u0131m ve di\u011fer arkada\u015flar\u0131m\u0131n \u00fczerinden MHP&#8217;nin kurumsal kimli\u011finin hedef al\u0131nd\u0131\u011f\u0131 a\u00e7\u0131k\u00e7a g\u00f6r\u00fclecektir.<\/p>\n<p style=\"text-align: justify;\">Konut dokunulmazl\u0131\u011f\u0131n\u0131n ihlal edildi\u011fi, ki\u015fi hak ve h\u00fcrriyetlerinin \u00e7i\u011fnendi\u011fi, ki\u015filer \u00fczerinden b\u00fct\u00fcn bir camian\u0131n mahkum edilmeye \u00e7al\u0131\u015f\u0131ld\u0131\u011f\u0131 bu te\u015febb\u00fcslerin b\u00fcy\u00fck bir oyun ve operasyonun par\u00e7as\u0131 oldu\u011fu a\u015fikard\u0131r.<\/p>\n<p style=\"text-align: justify;\">MHP&#8217;yi planlar\u0131n\u0131n hayata ge\u00e7irilmesinde en b\u00fcy\u00fck engel olarak g\u00f6ren de\u011fi\u015fik ki\u015filer ve mihraklar, d\u00fcn farkl\u0131 metotlar uygularlarken, bug\u00fcn de esas\u0131nda kendilerinde olmayan &#8216;ahlak&#8217; kavram\u0131n\u0131n arkas\u0131na s\u0131\u011f\u0131narak &#8216;belden a\u015fa\u011f\u0131 vurma&#8217; diye adland\u0131r\u0131lan metodu kullanmaya ba\u015flam\u0131\u015flard\u0131r.<\/p>\n<p style=\"text-align: justify;\">Bu metotla se\u00e7im s\u00fcrecinin ortas\u0131nda 12 Haziran&#8217;a az bir zaman kala hem parti i\u00e7erisinde bir infiale sebep olmak suretiyle m\u00fccadele azmini k\u0131rmak hem de ilgili ilgisiz yerlerde \u00e7\u0131karc\u0131 a\u011f\u0131zlar arac\u0131l\u0131\u011f\u0131 ile tekrarlat\u0131lmak suretiyle vatanda\u015flar\u0131m\u0131z\u0131n partimize y\u00f6neli\u015fleri engellenmek istenmektedir.<\/p>\n<p style=\"text-align: justify;\">Anla\u015f\u0131lan odur ki varan 1, 2 gibi tehditlerle \u015f\u00fcpheleri diri tutmak ve ne i\u00e7in ve kimlerce yap\u0131ld\u0131\u011f\u0131 bilinen &#8216;hukuksuzlu\u011fun&#8217; hesab\u0131n\u0131n sorulmas\u0131 ve gere\u011finin yap\u0131lmas\u0131 yerine MHP&#8217;nin halk nezdinde kurumsal olarak mahkum edilmesi ama\u00e7lanmaktad\u0131r.<\/p>\n<p style=\"text-align: justify;\">&#8216;Sakla saman\u0131 gelir zaman\u0131&#8217; diyerek ki\u015filerin pe\u015fine adamlar takarak, \u00f6zellerin i\u00e7ine girerek, bilgi ve belge toplayanlar\u0131n &#8216;vakti geldi&#8217; diyerek istedikleri \u015fekli verdikleri malzemeleri servise sunmalar\u0131 amac\u0131 itibar\u0131yla manidar olmal\u0131d\u0131r.&#8221;<\/p>\n<p style=\"text-align: justify;\">&#8221;Bu \u00e7irkin tezgah\u0131 kuranlar ve bundan medet umanlar ile ilgili hukuki s\u00fcrecin ba\u015flat\u0131ld\u0131\u011f\u0131n\u0131&#8221; belirten Didinmez, &#8221;bu zihniyete mensup olanlarla hukuki ve siyasi m\u00fccadelelerinin her hal ve \u015fartta s\u00fcrece\u011fini&#8221; kaydetti. Didinmez, \u015f\u00f6yle devam etti:<\/p>\n<p style=\"text-align: justify;\"><strong>&#8220;B\u0130R G\u00dcN GEL\u0130R HESABI SORULUR&#8221;<\/strong><\/p>\n<p style=\"text-align: justify;\">&#8221;Bilinmelidir ki, &#8216;Keser d\u00f6ner sap d\u00f6ner, bir g\u00fcn gelir hesap d\u00f6ner.&#8217; Hangi d\u00fc\u015f\u00fcnceye sahip olurlarsa olsunlar b\u00fct\u00fcn medya mensuplar\u0131, habercilik mant\u0131\u011f\u0131 ve reyting u\u011fruna g\u00fcnahs\u0131z insanlar\u0131n yarg\u0131s\u0131z bir infaza u\u011frat\u0131lmalar\u0131na siyasetin seviyesinin d\u00fc\u015f\u00fcr\u00fclmesine sebep olacak yanl\u0131\u015fl\u0131klara katk\u0131 sa\u011flamamal\u0131d\u0131rlar. Muhterem vatanda\u015flar\u0131m\u0131z, siyasi partileri, kaset siyaseti ile de\u011fil, \u00fclke ve insan\u0131m\u0131za y\u00f6nelik icraat, s\u00f6ylem, projeler ve politikalar ile milli meselelerdeki duru\u015flar\u0131 ile de\u011ferlendirmeye dikkat etmelidirler. Partililerimiz ve \u00fclk\u00fcda\u015flar\u0131m\u0131z, dost ve d\u00fc\u015fman\u0131n her ge\u00e7en g\u00fcn kar\u0131\u015ft\u0131r\u0131ld\u0131\u011f\u0131 bu s\u00fcre\u00e7te ya\u015fananlar\u0131n \u015fah\u0131slar\u0131m\u0131zdan ziyade kendilerinin de i\u00e7inde yer ald\u0131klar\u0131 Milliyet\u00e7i Hareket&#8217;e fitne sokmaya y\u00f6nelik oldu\u011fu ger\u00e7e\u011fini unutmadan partimize ve liderimize sahip \u00e7\u0131kmaya devam etmelidirler.&#8221;<\/p>\n<p style=\"text-align: justify;\"><a href=\"http:\/\/www.gazeteport.com.tr\/SIYASET\/NEWS\/GP_901833\" target=\"_blank\">Kaynak : GAZETEPORT<\/a><\/p>\n","protected":false},"excerpt":{"rendered":"<p style=\"text-align: justify;\">\n<p style=\"text-align: justify;\">Kendisiyle ilgili internete d\u00fc\u015fen g\u00f6r\u00fcnt\u00fcler \u00fczerine bir a\u00e7\u0131klama yapan MHP Genel Ba\u015fkan Yard\u0131mc\u0131s\u0131 B\u00fclent Didinmez, yap\u0131lan\u0131n bir insanl\u0131k su\u00e7u oldu\u011funu belirtti ve siyasi oldu\u011funu alt\u0131n\u0131 \u00e7izdi. Didinmez, &#8220;Kendilerinde olmayan &#8216;ahlak&#8217; kavram\u0131n\u0131n arkas\u0131na s\u0131\u011f\u0131narak &#8216;belden a\u015fa\u011f\u0131 vurma&#8217; diye adland\u0131r\u0131lan metodu kullanmaya ba\u015flad\u0131lar&#8221; dedi.<\/p>\n","protected":false},"author":1,"featured_media":0,"comment_status":"open","ping_status":"closed","sticky":false,"template":"","format":"standard","meta":{"footnotes":""},"categories":[105],"tags":[],"class_list":["post-32406","post","type-post","status-publish","format-standard","hentry","category-gundem","odd"],"_links":{"self":[{"href":"http:\/\/www.korhanyilmaz.com\/index.php?rest_route=\/wp\/v2\/posts\/32406","targetHints":{"allow":["GET"]}}],"collection":[{"href":"http:\/\/www.korhanyilmaz.com\/index.php?rest_route=\/wp\/v2\/posts"}],"about":[{"href":"http:\/\/www.korhanyilmaz.com\/index.php?rest_route=\/wp\/v2\/types\/post"}],"author":[{"embeddable":true,"href":"http:\/\/www.korhanyilmaz.com\/index.php?rest_route=\/wp\/v2\/users\/1"}],"replies":[{"embeddable":true,"href":"http:\/\/www.korhanyilmaz.com\/index.php?rest_route=%2Fwp%2Fv2%2Fcomments&post=32406"}],"version-history":[{"count":0,"href":"http:\/\/www.korhanyilmaz.com\/index.php?rest_route=\/wp\/v2\/posts\/32406\/revisions"}],"wp:attachment":[{"href":"http:\/\/www.korhanyilmaz.com\/index.php?rest_route=%2Fwp%2Fv2%2Fmedia&parent=32406"}],"wp:term":[{"taxonomy":"category","embeddable":true,"href":"http:\/\/www.korhanyilmaz.com\/index.php?rest_route=%2Fwp%2Fv2%2Fcategories&post=32406"},{"taxonomy":"post_tag","embeddable":true,"href":"http:\/\/www.korhanyilmaz.com\/index.php?rest_route=%2Fwp%2Fv2%2Ftags&post=32406"}],"curies":[{"name":"wp","href":"https:\/\/api.w.org\/{rel}","templated":true}]}}