{"id":32401,"date":"2011-05-09T11:06:58","date_gmt":"2011-05-09T08:06:58","guid":{"rendered":"http:\/\/www.korhanyilmaz.com\/?p=32401"},"modified":"2011-05-09T11:06:58","modified_gmt":"2011-05-09T08:06:58","slug":"kilicdaroglu%e2%80%99nun-ses-kasedi-olabilir-mi","status":"publish","type":"post","link":"http:\/\/www.korhanyilmaz.com\/?p=32401","title":{"rendered":"&#8220;K\u0131l\u0131\u00e7daro\u011flu\u2019nun ses kasedi olabilir mi?&#8221;"},"content":{"rendered":"<p style=\"text-align: justify;\"><a href=\"http:\/\/www.korhanyilmaz.com\/wp-content\/uploads\/2011\/05\/1131.jpg\"  class=\"lightview\"><img loading=\"lazy\" decoding=\"async\" class=\"aligncenter size-full wp-image-32402\" src=\"http:\/\/www.korhanyilmaz.com\/wp-content\/uploads\/2011\/05\/1131.jpg\" alt=\"\" width=\"403\" height=\"208\" \/><\/a><\/p>\n<p style=\"text-align: justify;\">Milliyet Gazetesi yazar\u0131 Asl\u0131 Ayd\u0131nta\u00e7ba\u015f, bug\u00fcnk\u00fc k\u00f6\u015fesinde CHP lideri Kemal K\u0131l\u0131\u00e7daro\u011flu ile ilgili \u00f6nemli bir iddiada bulundu.<\/p>\n<p style=\"text-align: justify;\">\u0130STANBUL- Milliyet Gazetesi yazar\u0131 Asl\u0131 Ayd\u0131nta\u00e7ba\u015f, bug\u00fcnk\u00fc k\u00f6\u015fesinde CHP lideri Kemal K\u0131l\u0131\u00e7daro\u011flu ile ilgili \u00f6nemli bir iddiada bulundu. MHP&#8217;nin partinin \u00fcst d\u00fczey y\u00f6netimindeki ki\u015filerin ortaya \u00e7\u0131kan skandal kasetleriyle ilgili zor g\u00fcnler ya\u015fad\u0131\u011f\u0131 belirtilirek ba\u015flayan yaz\u0131, &#8220;K\u0131l\u0131\u00e7daro\u011flu\u2019nun ses kasedi olabilir mi?&#8221; sorusuyla devam etti. Asl\u0131 Ayd\u0131nta\u00e7ba\u015f, bu konuyla ilgili olarak &#8220;\u0130lk duydu\u011fumda inanmad\u0131m; ancak ikinci, \u00fc\u00e7\u00fcnc\u00fc kez farkl\u0131 yerlerden ayn\u0131 bilgiyi ald\u0131\u011f\u0131mda, ate\u015f olmayan yerden duman t\u00fctmez dedim&#8221; diyerek \u00f6nemli iddialarda bulundu. <!--more--><\/p>\n<p style=\"text-align: justify;\">\u0130\u015fte Ayd\u0131nta\u00e7ba\u015f&#8217;\u0131n bug\u00fcnk\u00fc k\u00f6\u015fesinin CHP lideri Kemal K\u0131l\u0131\u00e7daro\u011flu ile ilgili k\u0131sm\u0131:<\/p>\n<p style=\"text-align: justify;\"><strong>&#8220;K\u0131l\u0131\u00e7daro\u011flu\u2019nun ses kasedi olabilir mi?<\/strong><\/p>\n<p style=\"text-align: justify;\">\u0130lk duydu\u011fumda inanmad\u0131m; ancak ikinci, \u00fc\u00e7\u00fcnc\u00fc kez farkl\u0131 yerlerden ayn\u0131 bilgiyi ald\u0131\u011f\u0131mda, ate\u015f olmayan yerden duman t\u00fctmez dedim. Siyasi kulislerde ne zamand\u0131r sadece MHP de\u011fil se\u00e7im \u00f6ncesinde CHP lideri Kemal K\u0131l\u0131\u00e7daro\u011flu\u2019nun da bir kasedinin yay\u0131nlanaca\u011f\u0131 s\u00f6ylentisi var.<\/p>\n<p style=\"text-align: justify;\">Yok, yok, tabii ki s\u00f6z etti\u011fim m\u00fcstehcen i\u00e7erikli bir kaset de\u011fil. \u0130ddiaya g\u00f6re birilerinin elinde CHP liderinin referandum \u00f6ncesinde CHP\u2019li Avc\u0131lar Belediye Ba\u015fkan\u0131 Mustafa De\u011firmenci ile telefon g\u00f6r\u00fc\u015fmesinin kayd\u0131 var. Hat\u0131rlarsan\u0131z Avc\u0131lar Belediyesi, referandumda ba\u015f\u00f6rt\u00fcs\u00fcn\u00fc \u201crahibe\u201c k\u0131yafetine benzeten bir afi\u015f skandal\u0131yla g\u00fcndeme gelmi\u015f, belediye \u201cGenel Merkez\u2019in bilgisi yok\u201d diye su\u00e7u \u00fcstlenmi\u015fti. \u0130ddiaya g\u00f6re konu\u015fmada K\u0131l\u0131\u00e7daro\u011flu belediye ba\u015fkan\u0131na konudan haberdar olmad\u0131\u011f\u0131n\u0131 ve bu durumu bir bas\u0131n toplant\u0131s\u0131yla kamuoyuna a\u00e7\u0131klayaca\u011f\u0131n\u0131 belirttikten sonra, kendisinden bununla \u00e7eli\u015fen bir deme\u00e7 vermemesini tembihliyor.<\/p>\n<p style=\"text-align: justify;\">Peki b\u00f6yle bir kaset yay\u0131nlan\u0131rsa ne olur? K\u0131l\u0131\u00e7daro\u011flu daha \u00f6nce telefonlar\u0131n\u0131n dinlendi\u011fini s\u00f6ylemi\u015f; ancak art\u0131k skandallara skandal demeyen memlekette kimsenin k\u0131l\u0131 k\u0131p\u0131rdamam\u0131\u015ft\u0131.<\/p>\n<p style=\"text-align: justify;\">Ancak bu kez durum farkl\u0131. Ana muhalefet liderinin telefonlar\u0131n\u0131n alenen dinlenmesi, se\u00e7menini rahats\u0131z edebilir. G\u00f6r\u00fc\u015ft\u00fc\u011f\u00fcm herkes, b\u00f6yle bir kasedin geri tepece\u011fini, CHP aleyhine de\u011fil lehine bir ma\u011fduriyet yarataca\u011f\u0131 fikrinde. Kim bilir belki de bu y\u00fczden h\u00e2l\u00e2 ortada kaset yok.&#8221;<\/p>\n<p style=\"text-align: justify;\"><a href=\"http:\/\/www.gazeteport.com.tr\/SIYASET\/NEWS\/GP_901577\" target=\"_blank\">Kaynak : GAZETEPORT<\/a><\/p>\n","protected":false},"excerpt":{"rendered":"<p style=\"text-align: justify;\">\n<p style=\"text-align: justify;\">Milliyet Gazetesi yazar\u0131 Asl\u0131 Ayd\u0131nta\u00e7ba\u015f, bug\u00fcnk\u00fc k\u00f6\u015fesinde CHP lideri Kemal K\u0131l\u0131\u00e7daro\u011flu ile ilgili \u00f6nemli bir iddiada bulundu.<\/p>\n<p style=\"text-align: justify;\">\u0130STANBUL- Milliyet Gazetesi yazar\u0131 Asl\u0131 Ayd\u0131nta\u00e7ba\u015f, bug\u00fcnk\u00fc k\u00f6\u015fesinde CHP lideri Kemal K\u0131l\u0131\u00e7daro\u011flu ile ilgili \u00f6nemli bir iddiada bulundu. MHP&#8217;nin partinin \u00fcst d\u00fczey y\u00f6netimindeki ki\u015filerin ortaya \u00e7\u0131kan skandal kasetleriyle ilgili zor g\u00fcnler <\/p>\n","protected":false},"author":1,"featured_media":0,"comment_status":"open","ping_status":"closed","sticky":false,"template":"","format":"standard","meta":{"footnotes":""},"categories":[105],"tags":[],"class_list":["post-32401","post","type-post","status-publish","format-standard","hentry","category-gundem","odd"],"_links":{"self":[{"href":"http:\/\/www.korhanyilmaz.com\/index.php?rest_route=\/wp\/v2\/posts\/32401","targetHints":{"allow":["GET"]}}],"collection":[{"href":"http:\/\/www.korhanyilmaz.com\/index.php?rest_route=\/wp\/v2\/posts"}],"about":[{"href":"http:\/\/www.korhanyilmaz.com\/index.php?rest_route=\/wp\/v2\/types\/post"}],"author":[{"embeddable":true,"href":"http:\/\/www.korhanyilmaz.com\/index.php?rest_route=\/wp\/v2\/users\/1"}],"replies":[{"embeddable":true,"href":"http:\/\/www.korhanyilmaz.com\/index.php?rest_route=%2Fwp%2Fv2%2Fcomments&post=32401"}],"version-history":[{"count":0,"href":"http:\/\/www.korhanyilmaz.com\/index.php?rest_route=\/wp\/v2\/posts\/32401\/revisions"}],"wp:attachment":[{"href":"http:\/\/www.korhanyilmaz.com\/index.php?rest_route=%2Fwp%2Fv2%2Fmedia&parent=32401"}],"wp:term":[{"taxonomy":"category","embeddable":true,"href":"http:\/\/www.korhanyilmaz.com\/index.php?rest_route=%2Fwp%2Fv2%2Fcategories&post=32401"},{"taxonomy":"post_tag","embeddable":true,"href":"http:\/\/www.korhanyilmaz.com\/index.php?rest_route=%2Fwp%2Fv2%2Ftags&post=32401"}],"curies":[{"name":"wp","href":"https:\/\/api.w.org\/{rel}","templated":true}]}}