{"id":3240,"date":"2009-02-14T18:11:04","date_gmt":"2009-02-14T16:11:04","guid":{"rendered":"http:\/\/www.korhanyilmaz.com\/?p=3240"},"modified":"2011-08-27T16:05:30","modified_gmt":"2011-08-27T13:05:30","slug":"%e2%80%98acele-giden-otobus%e2%80%99-ihale-kurumuna-carpti","status":"publish","type":"post","link":"http:\/\/www.korhanyilmaz.com\/?p=3240","title":{"rendered":"\u2018Acele giden otob\u00fcs\u2019 ihale kurumuna \u00e7arpt\u0131"},"content":{"rendered":"<p style=\"text-align: center;\"><img loading=\"lazy\" decoding=\"async\" class=\"aligncenter size-full wp-image-3241\" title=\"\u2018Acele giden otob\u00fcs\u2019 ihale kurumuna \u00e7arpt\u0131 \" src=\"http:\/\/www.korhanyilmaz.com\/wp-content\/uploads\/2009\/02\/140220090411239540587.jpg\" alt=\"\u2018Acele giden otob\u00fcs\u2019 ihale kurumuna \u00e7arpt\u0131 \" width=\"376\" height=\"240\" \/><\/p>\n<p style=\"text-align: justify;\">\u0130ETT&#8217;nin acil ihtiya\u00e7 gerek\u00e7esiyle ilan etmeden davet usul\u00fcyle Albayrak&#8217;\u0131n damad\u0131n\u0131n \u015firketine verdi\u011fi 25 adet VIP otob\u00fcs ihalesini inceleyen Kamu \u0130hale Kurumu, ihalenin mevzuata ayk\u0131r\u0131 oldu\u011funu tespit etti.<\/p>\n<p style=\"text-align: justify;\"><strong>B\u00fcy\u00fck\u015fehir Belediye Enc\u00fcmeni de ihaleyi jet h\u0131z\u0131yla iptal etti&#8230;<\/strong><\/p>\n<p style=\"text-align: justify;\">\u0130ETT &#8220;Ekspres Otob\u00fcs Kiralama Hizmeti&#8221; ad\u0131 alt\u0131nda, Bo\u011faz ge\u00e7i\u015fli hatlarda \u00e7al\u0131\u015ft\u0131r\u0131lmak \u00fczere otob\u00fcs kiralama karar\u0131 ald\u0131. &#8220;Acil ihtiya\u00e7&#8221; gerek\u00e7esiyle de kiralama i\u015fini ilan etmeden, davet usul\u00fcyle ihale etti. \u0130halenin davet \u015feklinde yap\u0131lmas\u0131n\u0131n gerek\u00e7esi olarak da, 4734 say\u0131l\u0131 Kamu \u0130hale Kanunu&#8217;nun 21.maddesi b bendi g\u00f6sterildi. Bu maddeye g\u00f6re &#8220;Do\u011fal afetler, salg\u0131n hastal\u0131klar, can veya mal kayb\u0131 tehlikesi gibi ani ve beklenmeyen veya idare taraf\u0131ndan \u00f6nceden \u00f6ng\u00f6r\u00fclemeyen olaylar\u0131n ortaya \u00e7\u0131kmas\u0131 \u00fczerine ihalenin ivedi olarak yap\u0131lmas\u0131n\u0131n zorunlu olmas\u0131&#8221; durumunda davet usul\u00fcyle ihale ger\u00e7ekle\u015ftirilebiliyor.<!--more--><\/p>\n<p style=\"text-align: justify;\"><strong>Albayrak&#8217;\u0131n damad\u0131 kazand\u0131<\/strong><\/p>\n<p style=\"text-align: justify;\">\u0130haleye 6 firma davet edildi. Efe Tur, Platform Turizm ve SGS Turizm firmalar\u0131 teklif verdi. En iyi teklifi veren Platform Turizm Ta\u015f\u0131mac\u0131l\u0131k G\u0131da \u0130n\u015faat Temizlik Hizmetleri Sanayi ve Ticaret A.\u015e. ile 25 Eyl\u00fcl 2008&#8217;de s\u00f6zle\u015fme imzaland\u0131. 2002 y\u0131l\u0131nda kurulan Platform Turizm&#8217;in y\u00fczde 96 hissesine Adem Altunsoy sahip. Altunsoy, 2002&#8217;de Nuri Albayrak&#8217;\u0131n k\u0131z\u0131 Elif Albayrak&#8217;la evlendi. Platform \u015eirketinin ortaklar\u0131 aras\u0131nda bulunan Adem Altunsoy, Eski Trabzonspor Kul\u00fcb\u00fc Ba\u015fkan\u0131, Albayrak Holding Ba\u015fkan Yard\u0131mc\u0131s\u0131 Nuri Albayrak&#8217;\u0131n damad\u0131. S\u00f6zle\u015fmeye g\u00f6re, otob\u00fcs yak\u0131t giderleri \u0130ETT taraf\u0131ndan kar\u015f\u0131lanacak, s\u00fcr\u00fcc\u00fcleriyle birlikte kiralanan otob\u00fcsler i\u00e7in firmaya g\u00fcnl\u00fck 499 TL \u00f6denecek ve yolcu yo\u011funlu\u011funun fazla oldu\u011fu saatlerde \u00e7al\u0131\u015facakt\u0131.<\/p>\n<p style=\"text-align: justify;\"><strong>\u0130hale bitince haberleri oldu<\/strong><\/p>\n<p style=\"text-align: justify;\">Bu s\u0131rada \u0130stanbul&#8217;daki \u00d6zel Halk Otob\u00fcsleri \u0130\u015fletmecileri, 12 Eyl\u00fcl 2008&#8217;de \u0130ETT&#8217;ye yaz\u0131l\u0131 ba\u015fvuruda bulundu ve ihalenin hangi tarihte yap\u0131laca\u011f\u0131n\u0131 sorarak kendilerine de \u015fartname verilmesini istedi. Ancak B\u00fcy\u00fck\u015fehir Belediyesi&#8217;nden 9 Ekim&#8217;de yan\u0131t verildi. Yani s\u00f6zle\u015fme imzaland\u0131ktan sonra. Cevabi yaz\u0131da ise &#8216;\u0130hale \u015fartnamesini 100 YTL kar\u015f\u0131l\u0131\u011f\u0131 alabilirsiniz&#8217; denildi. Halk Otob\u00fcs\u00fc i\u015fletmecileri \u015fartname almaya gittiklerinde ihalenin \u00e7oktan yap\u0131l\u0131p bitti\u011fini \u00f6\u011frendi. Kamuoyundaki tepki ve bas\u0131nda \u00e7\u0131kan haberler \u00fczerine ihaleyi mercek alt\u0131na alan Kamu \u0130hale Kurumu, 1 Aral\u0131k 2008 tarihli karar\u0131nda ihaledeki usuls\u00fczl\u00fckleri tek tek tespit etti. Raporda \u00f6ncelikle ihalenin dayand\u0131r\u0131ld\u0131\u011f\u0131 Kamu \u0130hale Kurumu&#8217;nun 21\/b bendinin &#8220;\u0130dari faaliyetin s\u00fcreklili\u011fini kesintiye u\u011fratan ve \u00f6nceden tahmini m\u00fcmk\u00fcn olmayan olay ve nedenlerin ortaya \u00e7\u0131kmas\u0131&#8221; durumunda ge\u00e7erli olaca\u011f\u0131 belirtildi. &#8220;8.9.2008 tarihinde okullar\u0131n a\u00e7\u0131laca\u011f\u0131n\u0131n \u00f6nceden belli oldu\u011fu, dolay\u0131s\u0131yla idarece bu durumun \u00f6nceden \u00f6ng\u00f6r\u00fclmesinin ge\u00e7erli kabul edilemeyece\u011fi de\u011ferlendirildi\u011finde, ihaleyi b bendine g\u00f6re ger\u00e7ekle\u015ftirilmesinin hukuki dayana\u011f\u0131n\u0131n bulunmad\u0131\u011f\u0131 anla\u015f\u0131lm\u0131\u015ft\u0131r&#8221; denildi.<\/p>\n<p style=\"text-align: justify;\"><strong>Top \u0130\u00e7i\u015fleri Bakanl\u0131\u011f\u0131&#8217;nda<\/strong><\/p>\n<p style=\"text-align: justify;\">Kamu ihale kurumu raporun sonu\u00e7 b\u00f6l\u00fcm\u00fcnde ise ihale karar\u0131n\u0131n iptaline karar verilmesi gerekti\u011fi halde s\u00f6zle\u015fme imzalanm\u0131\u015f oldu\u011fundan iptalin m\u00fcmk\u00fcn olmad\u0131\u011f\u0131 belirtildi. Ayr\u0131ca konunun \u0130\u00e7i\u015fleri Bakanl\u0131\u011f\u0131&#8217;na bildirilmesine karar verildi. \u0130ETT Genel M\u00fcd\u00fcr\u00fc Mehmet \u00d6zt\u00fcrk, Kamu \u0130hale Kurumu&#8217;nun inceleme ba\u015flatmas\u0131 \u00fczerine projeyi ask\u0131ya ald\u0131klar\u0131n\u0131 ocak ba\u015f\u0131nda a\u00e7\u0131klam\u0131\u015f, &#8220;Otob\u00fcsleri sefere koymad\u0131k. K\u0130K ihalenin iptali y\u00f6n\u00fcnde karar verirse projeyi sonland\u0131raca\u011f\u0131z&#8221; demi\u015fti. Kamu \u0130hale Kurumu&#8217;nun bu raporu \u00fczerine Belediye Enc\u00fcmeni 6 Ocak 2009&#8217;da ald\u0131\u011f\u0131 kararla ihaleyi iptal etti. B\u00fcy\u00fck\u015fehir Belediye Bas\u0131n B\u00fcrosu ise ihalenin, Platform \u015firketinin taahh\u00fct etti\u011fi 25 otob\u00fcs\u00fc zaman\u0131nda getiremedi\u011fi i\u00e7in iptal edildi\u011fini a\u00e7\u0131klad\u0131.<\/p>\n<p style=\"text-align: justify;\"><strong>5 TAM B\u0130LETE \u00c7AY KAHVE<\/strong><\/p>\n<p style=\"text-align: justify;\">5 tam bilet fiyat\u0131na 9 hatta hizmet verecek olan VIP ekspres otob\u00fcslerin 4&#8217;\u00fc Kozyata\u011f\u0131-Taksim, 2&#8217;si Kozyata\u011f\u0131-Kabata\u015f, 7&#8217;si Kozyata\u011f\u0131-Mecidiyek\u00f6y, 3&#8217;\u00fc Alt Bostanc\u0131-Taksim, 3&#8217;\u00fc Alt Bostanc\u0131-Mecidiyek\u00f6y, 2&#8217;si Altunizade-Taksim, 2&#8217;si Altunizade-Mecidiyek\u00f6y son 2&#8217;si ise S\u00f6\u011f\u00fctl\u00fc\u00e7e\u015fme-Taksim ve S\u00f6\u011f\u00fctl\u00fc\u00e7e\u015fme-Mecidiyek\u00f6y hatlar\u0131nda \u00e7al\u0131\u015facakt\u0131. Klimal\u0131, \u00e7ay ve kahve servisinin yap\u0131laca\u011f\u0131 otob\u00fcslerde internet ba\u011flant\u0131s\u0131 da olacakt\u0131. Belediye, VIP otob\u00fcslerle, \u00f6zel ara\u00e7 sahiplerini, ara\u00e7lar\u0131n\u0131 uygun aktarma merkezlerine park etmeleri ve toplu ta\u015f\u0131ma ara\u00e7lar\u0131n\u0131 kullanmalar\u0131 konusunda te\u015fvik edece\u011fini, ara\u00e7 say\u0131s\u0131 zaman i\u00e7inde 200&#8217;e kadar artt\u0131r\u0131larak yayg\u0131nla\u015ft\u0131r\u0131laca\u011f\u0131n\u0131 a\u00e7\u0131klad\u0131.<\/p>\n<p style=\"text-align: justify;\"><span style=\"color: #888888;\">Kaynak : Vatan Gazetesi<\/span><\/p>\n","protected":false},"excerpt":{"rendered":"<p style=\"text-align: center;\">\n<p style=\"text-align: justify;\">\u0130ETT&#8217;nin acil ihtiya\u00e7 gerek\u00e7esiyle ilan etmeden davet usul\u00fcyle Albayrak&#8217;\u0131n damad\u0131n\u0131n \u015firketine verdi\u011fi 25 adet VIP otob\u00fcs ihalesini inceleyen Kamu \u0130hale Kurumu, ihalenin mevzuata ayk\u0131r\u0131 oldu\u011funu tespit etti.<\/p>\n<p style=\"text-align: justify;\">B\u00fcy\u00fck\u015fehir Belediye Enc\u00fcmeni de ihaleyi jet h\u0131z\u0131yla iptal etti&#8230;<\/p>\n<p style=\"text-align: justify;\">\u0130ETT &#8220;Ekspres Otob\u00fcs Kiralama Hizmeti&#8221; ad\u0131 alt\u0131nda, Bo\u011faz ge\u00e7i\u015fli hatlarda <\/p>\n","protected":false},"author":1,"featured_media":0,"comment_status":"open","ping_status":"closed","sticky":false,"template":"","format":"standard","meta":{"footnotes":""},"categories":[105],"tags":[338,339,340,341,331,342],"class_list":["post-3240","post","type-post","status-publish","format-standard","hentry","category-gundem","tag-adem-altunsoy","tag-elif-albayrak","tag-iett","tag-kamu-ihale-kurumu","tag-nuri-albayrak","tag-platform-turizm","odd"],"_links":{"self":[{"href":"http:\/\/www.korhanyilmaz.com\/index.php?rest_route=\/wp\/v2\/posts\/3240","targetHints":{"allow":["GET"]}}],"collection":[{"href":"http:\/\/www.korhanyilmaz.com\/index.php?rest_route=\/wp\/v2\/posts"}],"about":[{"href":"http:\/\/www.korhanyilmaz.com\/index.php?rest_route=\/wp\/v2\/types\/post"}],"author":[{"embeddable":true,"href":"http:\/\/www.korhanyilmaz.com\/index.php?rest_route=\/wp\/v2\/users\/1"}],"replies":[{"embeddable":true,"href":"http:\/\/www.korhanyilmaz.com\/index.php?rest_route=%2Fwp%2Fv2%2Fcomments&post=3240"}],"version-history":[{"count":0,"href":"http:\/\/www.korhanyilmaz.com\/index.php?rest_route=\/wp\/v2\/posts\/3240\/revisions"}],"wp:attachment":[{"href":"http:\/\/www.korhanyilmaz.com\/index.php?rest_route=%2Fwp%2Fv2%2Fmedia&parent=3240"}],"wp:term":[{"taxonomy":"category","embeddable":true,"href":"http:\/\/www.korhanyilmaz.com\/index.php?rest_route=%2Fwp%2Fv2%2Fcategories&post=3240"},{"taxonomy":"post_tag","embeddable":true,"href":"http:\/\/www.korhanyilmaz.com\/index.php?rest_route=%2Fwp%2Fv2%2Ftags&post=3240"}],"curies":[{"name":"wp","href":"https:\/\/api.w.org\/{rel}","templated":true}]}}