{"id":32396,"date":"2011-05-09T19:42:59","date_gmt":"2011-05-09T16:42:59","guid":{"rendered":"http:\/\/www.korhanyilmaz.com\/?p=32396"},"modified":"2011-05-09T19:42:59","modified_gmt":"2011-05-09T16:42:59","slug":"analarini-satarlar-gerilim-yaratti","status":"publish","type":"post","link":"http:\/\/www.korhanyilmaz.com\/?p=32396","title":{"rendered":"&#8220;Analar\u0131n\u0131 satarlar&#8221; gerilim yaratt\u0131!"},"content":{"rendered":"<p style=\"text-align: justify;\"><a href=\"http:\/\/www.korhanyilmaz.com\/wp-content\/uploads\/2011\/05\/1122.jpg\"  class=\"lightview\"><img loading=\"lazy\" decoding=\"async\" class=\"aligncenter size-full wp-image-32398\" title=\"\" src=\"http:\/\/www.korhanyilmaz.com\/wp-content\/uploads\/2011\/05\/1122.jpg\" alt=\"\" width=\"380\" height=\"246\" \/><\/a><\/p>\n<p style=\"text-align: justify;\">\u0130zmir \u0130l Genel Meclisi&#8217;nin toplant\u0131s\u0131nda AK Parti ve CHP&#8217;li \u00fcyeler aras\u0131nda gerginlik \u00e7\u0131kt\u0131. AK Partili \u00fcyeler, CHP&#8217;li \u0130l Enc\u00fcmen \u00fcyesi Onur Ko\u00e7anal\u0131&#8217;n\u0131n konu\u015fmas\u0131 s\u0131ras\u0131nda, &#8220;Memlekette satacak bir \u015fey kalmay\u0131nca neyi satacaks\u0131n\u0131z?&#8221; s\u00f6zleri \u00fczerine CHP s\u0131ralar\u0131ndan &#8220;Analar\u0131n\u0131&#8221; s\u00f6z\u00fcn\u00fcn y\u00fckseldi\u011fini s\u00f6yleyerek tepki g\u00f6sterdi. <!--more--><\/p>\n<p style=\"text-align: justify;\">(DHA) &#8212; \u0130l Genel Meclisi&#8217;nin bug\u00fcn yap\u0131lan oturumunun ba\u015f\u0131nda, AK Parti Grup Ba\u015fkanvekili Nazmi Kalyoncu, cuma g\u00fcnk\u00fc oturumda Cumhuriyet&#8217;in ilan edildi\u011fi y\u0131llarda k\u0131t kaynaklarla yap\u0131lan yat\u0131r\u0131mlar\u0131 anlatan CHP&#8217;li Veli Karaman ile AK Parti iktidar\u0131 s\u0131ras\u0131nda sat\u0131lan kamu mallar\u0131n\u0131 anlatan CHP&#8217;li Engin Bar\u0131\u015f G\u00fcldo\u011fan&#8217;a cevap vermek \u00fczere s\u00f6z ald\u0131.<\/p>\n<p style=\"text-align: justify;\">CHP&#8217;li Karaman ve G\u00fcldo\u011fan&#8217;\u0131 ele\u015ftiren Kalyoncu, konu\u015fmas\u0131nda Cumhuriyet&#8217;in ilk y\u0131llar\u0131nda tek partili d\u00f6nem ya\u015fand\u0131\u011f\u0131n\u0131, hangi siyasi g\u00f6r\u00fc\u015fe sahip olursa olsun siyaset\u00e7ilerin CHP \u00e7at\u0131s\u0131 alt\u0131nda siyaset yapmak zorunda kald\u0131klar\u0131n\u0131, \u00e7ok partili d\u00f6nemle birlikte herkesin kendi g\u00f6r\u00fc\u015f\u00fcn\u00fc \u00f6zg\u00fcrce ifade edebildi\u011fini dile getirdi.<\/p>\n<p style=\"text-align: justify;\">Kalyoncu&#8217;nun ard\u0131ndan CHP&#8217;li \u0130l Enc\u00fcmen \u00fcyesi Onur Ko\u00e7anal\u0131 s\u00f6z ald\u0131.<\/p>\n<p style=\"text-align: justify;\">Cuma g\u00fcn\u00fc yap\u0131lan oturumunda \u00f6zelle\u015ftirmenin konu\u015fuldu\u011fu s\u0131rada AK Parti s\u0131ralar\u0131ndan &#8220;Hepsini sataca\u011f\u0131z&#8221; \u015feklinde ba\u011f\u0131r\u0131ld\u0131\u011f\u0131n\u0131 hat\u0131rlatan Ko\u00e7anal\u0131, &#8220;Bu ba\u011f\u0131r\u0131\u015fmalar\u0131n ard\u0131ndan g\u00fcl\u00fc\u015fmeleri g\u00fcc\u00fcm\u00fcze gitti. Buras\u0131 Meclis salonu, s\u0131rf muhalefet olsun diye k\u0131zg\u0131n g\u00f6r\u00fcn\u00fcp ba\u011f\u0131rd\u0131ktan sonra arkas\u0131n\u0131 d\u00f6n\u00fcp dalga ge\u00e7mek ancak tiyatro salonunda yap\u0131lacak i\u015ftir. Cuma g\u00fcn\u00fc ba\u011f\u0131ran arkada\u015flara sesleniyorum; Kendinize ait her \u015feyi satabilirsiniz, ancak t\u00fcm halk\u0131m\u0131za ait, \u00fclkemizde ya\u015fayan herkesin ortak m\u00fclkiyeti olan varl\u0131klar\u0131 satamazs\u0131n\u0131z. Satacak bir \u015feyiniz kalmad\u0131\u011f\u0131nda neyi satacaks\u0131n\u0131z?&#8221; dedi.<\/p>\n<p style=\"text-align: justify;\">Bu s\u0131rada CHP s\u0131ralar\u0131ndan &#8220;Analar\u0131n\u0131&#8221; laf\u0131 y\u00fckseldi.<\/p>\n<p style=\"text-align: justify;\">Bu s\u00f6ze kar\u015f\u0131l\u0131k AK Parti s\u0131ralar\u0131ndan biri de &#8220;\u00c7\u00fc\u015f&#8221; diye ba\u011f\u0131rd\u0131 ve AK Parti s\u0131ralar\u0131 hareketlendi.<\/p>\n<p style=\"text-align: justify;\">Annelerine laf s\u00f6yletmeyeceklerini dile getiren AK Parti Grubu \u00fcyeleri s\u00f6z\u00fc s\u00f6yleyen CHP&#8217;li \u00fcyeye y\u00f6nelik olarak, &#8220;Delikanl\u0131 ise \u00e7\u0131ks\u0131n ben s\u00f6yledim desin&#8221; diye ba\u011f\u0131rd\u0131lar.<\/p>\n<p style=\"text-align: justify;\">Meclis Ba\u015fkan\u0131 Serdar De\u011firmenci, AK Parti&#8217;li \u00fcyelerin \u00e7\u0131k\u0131\u015f\u0131 \u00fczerine kendisinin bu t\u00fcr bir s\u00f6z\u00fc duymad\u0131\u011f\u0131n\u0131, ancak kamera kay\u0131tlar\u0131n\u0131n incelenerek bir sonraki oturumda tespit edilebilece\u011fini s\u00f6yledi.<\/p>\n<p style=\"text-align: justify;\">AK Parti&#8217;li \u00fcyeler De\u011firmenci&#8217;ye itiraz ederek, oturuma ara verilmesini istedi. De\u011firmenci grup ba\u015fkan vekilleri ile g\u00f6r\u00fc\u015f\u00fcrken AK Parti&#8217;li \u00fcyeler \u00f6nce masalara vurdular ard\u0131ndan da salonu terk ettiler. AK Parti&#8217;li \u00fcyelerin salonu terk etmelerinin ard\u0131ndan toplant\u0131ya devam edildi.<\/p>\n<p style=\"text-align: justify;\"><strong>&#8220;Tamamen terbiyesizlik&#8221;<\/strong><\/p>\n<p style=\"text-align: justify;\">AK Parti Grup Ba\u015fkan Vekili Nazmi Kalyoncu salon d\u0131\u015f\u0131nda, Anneler G\u00fcn\u00fc&#8217;n\u00fcn ard\u0131ndan bu t\u00fcr bir \u015feyin s\u00f6ylenmesinin T\u00fcrkiye&#8217;deki siyasi s\u00f6ylem a\u00e7\u0131s\u0131ndan ibret verici oldu\u011funu dile getirerek, &#8220;Tabandan tavana kadar s\u00fcrekli dilleri s\u00fcr\u00e7\u00fcyor. Meclis&#8217;in \u015fahsiyetine yak\u0131\u015fmayacak bir \u015feyi asla kabul edemeyece\u011fiz. Kendini bilmez bir arkada\u015f\u0131m\u0131z\u0131n manevi \u015fahsiyete yak\u0131\u015fmayacak bu s\u00f6z\u00fc i\u00e7in \u00f6z\u00fcr dilemesi gerekir. Meclis Ba\u015fkan\u0131 be\u015f dakika ara verip sayg\u0131s\u0131zl\u0131\u011f\u0131 telafi edecek herhangi bir harekette bulunmad\u0131\u011f\u0131 i\u00e7in salonu terk ettik. Bizim i\u00e7imizden biri b\u00f6yle bir \u015fey yapsayd\u0131 AK Parti olarak \u00f6z\u00fcr dilenmesini sa\u011flard\u0131k. Bu tamamen terbiyesizliktir&#8221; diye konu\u015ftu.<\/p>\n<p style=\"text-align: justify;\"><a href=\"http:\/\/www.cnnturk.com\/2011\/turkiye\/05\/09\/analarini.satarlar.gerilim.yaratti\/616101.0\/index.html\" target=\"_blank\">Kaynak : CNN T\u00dcRK<\/a><\/p>\n","protected":false},"excerpt":{"rendered":"<p style=\"text-align: justify;\">\n<p style=\"text-align: justify;\">\u0130zmir \u0130l Genel Meclisi&#8217;nin toplant\u0131s\u0131nda AK Parti ve CHP&#8217;li \u00fcyeler aras\u0131nda gerginlik \u00e7\u0131kt\u0131. AK Partili \u00fcyeler, CHP&#8217;li \u0130l Enc\u00fcmen \u00fcyesi Onur Ko\u00e7anal\u0131&#8217;n\u0131n konu\u015fmas\u0131 s\u0131ras\u0131nda, &#8220;Memlekette satacak bir \u015fey kalmay\u0131nca neyi satacaks\u0131n\u0131z?&#8221; s\u00f6zleri \u00fczerine CHP s\u0131ralar\u0131ndan &#8220;Analar\u0131n\u0131&#8221; s\u00f6z\u00fcn\u00fcn y\u00fckseldi\u011fini s\u00f6yleyerek tepki g\u00f6sterdi. <\/p>\n","protected":false},"author":1,"featured_media":0,"comment_status":"open","ping_status":"closed","sticky":false,"template":"","format":"standard","meta":{"footnotes":""},"categories":[105],"tags":[],"class_list":["post-32396","post","type-post","status-publish","format-standard","hentry","category-gundem","odd"],"_links":{"self":[{"href":"http:\/\/www.korhanyilmaz.com\/index.php?rest_route=\/wp\/v2\/posts\/32396","targetHints":{"allow":["GET"]}}],"collection":[{"href":"http:\/\/www.korhanyilmaz.com\/index.php?rest_route=\/wp\/v2\/posts"}],"about":[{"href":"http:\/\/www.korhanyilmaz.com\/index.php?rest_route=\/wp\/v2\/types\/post"}],"author":[{"embeddable":true,"href":"http:\/\/www.korhanyilmaz.com\/index.php?rest_route=\/wp\/v2\/users\/1"}],"replies":[{"embeddable":true,"href":"http:\/\/www.korhanyilmaz.com\/index.php?rest_route=%2Fwp%2Fv2%2Fcomments&post=32396"}],"version-history":[{"count":0,"href":"http:\/\/www.korhanyilmaz.com\/index.php?rest_route=\/wp\/v2\/posts\/32396\/revisions"}],"wp:attachment":[{"href":"http:\/\/www.korhanyilmaz.com\/index.php?rest_route=%2Fwp%2Fv2%2Fmedia&parent=32396"}],"wp:term":[{"taxonomy":"category","embeddable":true,"href":"http:\/\/www.korhanyilmaz.com\/index.php?rest_route=%2Fwp%2Fv2%2Fcategories&post=32396"},{"taxonomy":"post_tag","embeddable":true,"href":"http:\/\/www.korhanyilmaz.com\/index.php?rest_route=%2Fwp%2Fv2%2Ftags&post=32396"}],"curies":[{"name":"wp","href":"https:\/\/api.w.org\/{rel}","templated":true}]}}