{"id":32375,"date":"2011-05-09T07:40:45","date_gmt":"2011-05-09T04:40:45","guid":{"rendered":"http:\/\/www.korhanyilmaz.com\/?p=32375"},"modified":"2011-05-09T07:40:45","modified_gmt":"2011-05-09T04:40:45","slug":"32375","status":"publish","type":"post","link":"http:\/\/www.korhanyilmaz.com\/?p=32375","title":{"rendered":"\u00d6SYM s\u00fcrprizi o maillerde"},"content":{"rendered":"<p style=\"text-align: justify;\"><a href=\"http:\/\/www.korhanyilmaz.com\/wp-content\/uploads\/2011\/05\/103.jpg\"  class=\"lightview\"><img loading=\"lazy\" decoding=\"async\" class=\"aligncenter size-full wp-image-32376\" src=\"http:\/\/www.korhanyilmaz.com\/wp-content\/uploads\/2011\/05\/103.jpg\" alt=\"\" width=\"414\" height=\"221\" \/><\/a><\/p>\n<p style=\"text-align: justify;\">Show TV\u2019de Siyaset Meydan\u0131 program\u0131na kat\u0131lan CHP lideri K\u0131l\u0131\u00e7daro\u011flu, YGS\u2019deki \u015fifre iddialar\u0131yla ilgili &#8216;Savc\u0131 benim bildi\u011fim bir s\u00fcrprizi a\u00e7\u0131klarsa T\u00fcrkiye i\u00e7in de \u00e7ok \u00f6nemli bir s\u00fcrpriz a\u00e7\u0131klanm\u0131\u015f olacak. Ama \u00f6nce say\u0131n savc\u0131 a\u00e7\u0131klas\u0131n. Polis silinen bilgileri \u00f6\u011frendi\u011finde baz\u0131 maillere rastlad\u0131. S\u00fcrpriz o maillerle ilgili.&#8221; dedi.<!--more--><\/p>\n<p style=\"text-align: justify;\">\u0130STANBUL &#8211; CHP Genel Ba\u015fkan\u0131 Kemal K\u0131l\u0131\u00e7daro\u011flu, &#8221;Bir \u00fclkenin Ba\u015fbakan\u0131 \u00e7\u0131ks\u0131n, yasad\u0131\u015f\u0131 kasetleri kendi siyasi malzemesi olarak kullans\u0131n, hem de ahlaktan bahsetsin, b\u00f6yle bir ahlak anlay\u0131\u015f\u0131 olabilir mi? Yasa d\u0131\u015f\u0131 yollardan elde edilen deliller de delil say\u0131lmaz. Bir ba\u015fbakan bu noktaya geldiyse o \u00fclkede demokrasi olamaz&#8221; dedi.<\/p>\n<p style=\"text-align: justify;\">K\u0131l\u0131\u00e7daro\u011flu, Show TV&#8217;de yay\u0131mlanan &#8221;Siyaset Meydan\u0131 Se\u00e7im \u00d6zel&#8221; program\u0131na kat\u0131larak, Ali K\u0131rca ve Tuba Atav&#8217;\u0131n sorular\u0131n\u0131 yan\u0131tlad\u0131.<\/p>\n<p style=\"text-align: justify;\">Siyasette \u00fcslup tart\u0131\u015fmalar\u0131na y\u00f6nelik bir soru \u00fczerine, &#8221;Ben hangi sert ifadeyi kulland\u0131m, benim kulland\u0131\u011f\u0131m en sert ifade, &#8216;Recep Bey.&#8217; Sonra, &#8216;Zamc\u0131 Recep&#8217;dedim. O kadar&#8221; dedi,<\/p>\n<p style=\"text-align: justify;\">Bunun sert bir \u00fcslup olmad\u0131\u011f\u0131n\u0131 s\u00f6yleyen K\u0131l\u0131\u00e7daro\u011flu, &#8221;Ben \u015funu hi\u00e7 kullanmad\u0131m, &#8216;\u015eerefsiz&#8217;, &#8216;cibilliyetsiz&#8217;, &#8216;al\u00e7ak&#8217;, bunlar\u0131n hi\u00e7birini kullanmad\u0131m. Ama o kullan\u0131yor. Ona kimse hi\u00e7 bir \u015fey demiyor. Ama ben, &#8216;Recep Bey&#8217;, diyorum, &#8216;vay efendim Ba\u015fbakan&#8217;a bunu neden s\u00f6yl\u00fcyorsun?&#8217;. Benim s\u00f6zlerimde hakaret i\u00e7eren bir \u015fey kesinlikle s\u00f6z konusu de\u011fil. Ama onun s\u00f6zlerinin tamam\u0131nda&#8230; Mesela d\u00fcn, &#8216;Al\u00e7ak&#8217; dedi&#8221; \u015feklinde konu\u015ftu.<\/p>\n<p style=\"text-align: justify;\">K\u0131l\u0131\u00e7daro\u011flu, Ba\u015fbakan Recep Tayyip Erdo\u011fan&#8217;\u0131n son zamanlarda sinirlerini kontrol edemedi\u011fini, \u00fclkenin de bu nedenle sa\u011fl\u0131kl\u0131 y\u00f6netilemedi\u011fini savundu. Televizyonda canl\u0131 yay\u0131nda bir araya gelme davetine ili\u015fkin Erdo\u011fan&#8217;\u0131n, &#8221;Ustayla \u00e7\u0131rak tart\u0131\u015f\u0131r m\u0131?&#8221; dedi\u011finin hat\u0131rlat\u0131lmas\u0131 \u00fczerine K\u0131l\u0131\u00e7daro\u011flu, &#8221;Kendisi usta m\u0131 \u00e7\u0131rak m\u0131? Bir \u00e7\u0131ra\u011fa \u00fclkeyi teslim eder misiniz? \u00dclke deneme tahtas\u0131 m\u0131? &#8216;Ben \u00fclkeyi y\u00f6netirken \u00e7\u0131rakt\u0131m, \u015fimdi usta oldum.&#8217; Hem demokrasiden s\u00f6z edeceksiniz, ana muhalefet partisi lideriyle bir araya gelmekten \u00e7ekineceksiniz. A\u00e7\u0131k\u00e7a s\u00f6yleyeyim, korkacaks\u0131n\u0131z&#8221; dedi.<\/p>\n<p style=\"text-align: justify;\">Kendisinin daha \u00e7ok devlet bilgisi olmas\u0131 nedeniyle Ba\u015fbakan Erdo\u011fan&#8217;\u0131n bir araya gelmekten korktu\u011funu savunan K\u0131l\u0131\u00e7daro\u011flu, bu \u00e7a\u011fr\u0131y\u0131 yapmaya her zaman devam edece\u011fini belirtti.<\/p>\n<p style=\"text-align: justify;\">&#8221;Stat\u00fckonun Allah&#8217;\u0131 Ankara&#8217;dad\u0131r&#8221; s\u00f6zlerini Ba\u015fbakan Erdo\u011fan&#8217;\u0131n &#8221;Bu Allah&#8217;a hakaret etmektir&#8221; s\u00f6zleriyle ele\u015ftirdi\u011finin hat\u0131rlat\u0131lmas\u0131 \u00fczerine de K\u0131l\u0131\u00e7daro\u011flu, &#8221;Stat\u00fckonun Allah&#8217;\u0131 Ankara&#8217;dad\u0131r c\u00fcmlesi, halk aras\u0131nda \u00e7ok s\u0131k kullan\u0131lan, g\u00fcc\u00fc, b\u00fcy\u00fckl\u00fc\u011f\u00fc vurgulayan bir s\u00f6ylem. Bunun dini bir s\u00f6ylem olmad\u0131\u011f\u0131n\u0131 herkes biliyor. Bu bir deyim&#8221; dedi.<\/p>\n<p style=\"text-align: justify;\">Ba\u015fbakan Erdo\u011fan&#8217;\u0131n kendisini ele\u015ftirecek bir \u015fey bulamad\u0131\u011f\u0131n\u0131 savunan K\u0131l\u0131\u00e7daro\u011flu, y\u00fczde 10 baraj\u0131n\u0131 indirme davetinden ka\u00e7t\u0131\u011f\u0131n\u0131, koalisyon olaca\u011f\u0131n\u0131, istikrars\u0131zl\u0131k olaca\u011f\u0131n\u0131 gerek\u00e7e g\u00f6sterdi\u011fini, &#8216;faili me\u00e7hulleri ara\u015ft\u0131ral\u0131m&#8217; \u00f6nerisini de reddetti\u011fini ifade etti.<\/p>\n<p style=\"text-align: justify;\">AK Parti&#8217;nin 12 Eyl\u00fcl&#8217;\u00fcn bedelini \u00f6demedi\u011fini, ac\u0131lar\u0131n\u0131 istismar etti\u011fini \u00f6ne s\u00fcren K\u0131l\u0131\u00e7daro\u011flu, onun i\u00e7in AK Parti&#8217;nin stat\u00fckonun partisi oldu\u011funu \u00f6ne s\u00fcrerek, &#8221;Bir Ba\u015fbakan derdini anlatacak \u00e7ift\u00e7iye, &#8216;al anan\u0131 git&#8217; diyor. Bir siyaset\u00e7inin en \u00e7ok ele\u015ftiriye ihtiyac\u0131 vard\u0131r. Ben AKP&#8217;nin samimi oldu\u011funa inanam\u0131yorum. Onlar, kendilerini iktidardan gitmemek \u00fczere programlam\u0131\u015ft\u0131r&#8221; diye konu\u015ftu.<\/p>\n<p style=\"text-align: justify;\"><strong>&#8221;ERGENEKON&#8221; SANIKLARININ ADAYLI\u011eI<\/strong><\/p>\n<p style=\"text-align: justify;\">K\u0131l\u0131\u00e7daro\u011flu, &#8221;Ergenekon&#8221; davas\u0131 san\u0131klar\u0131 olan Mustafa Balbay ve Mehmet Haberal&#8217;\u0131n milletvekili aday\u0131 olmalar\u0131na y\u00f6nelik ele\u015ftirilerin hat\u0131rlat\u0131lmas\u0131 \u00fczerine de bu isimlerin tamamen davadan ba\u011f\u0131ms\u0131z olarak, ki\u015fisel \u00f6zelliklerinden dolay\u0131 aday g\u00f6sterildiklerini ifade etti.<\/p>\n<p style=\"text-align: justify;\">Haberal&#8217;\u0131n d\u00fcnyan\u0131n en \u00f6nemli cerrahlar\u0131ndan oldu\u011funu, uzun s\u00fcredir neden tutuklu oldu\u011funu bilmedi\u011fi bir su\u00e7tan yarg\u0131land\u0131\u011f\u0131n\u0131, Balbay&#8217;\u0131n \u00f6nemli bir gazeteci, Cihaner&#8217;in \u00f6nemli bir savc\u0131 oldu\u011funu ve haks\u0131z tutukland\u0131\u011f\u0131n\u0131 ileri s\u00fcren K\u0131l\u0131\u00e7daro\u011flu, &#8221;Demokrat olan bir isim bunu ele\u015ftiri konusu yapmaz. Bu insanlar mahkum olmad\u0131. Dokunulmazl\u0131k arkas\u0131na hi\u00e7bir milletvekili aday\u0131m\u0131z girmiyor. \u00c7\u00fcnk\u00fc dokunulmazl\u0131klar\u0131n kald\u0131r\u0131lmas\u0131 i\u00e7in milletvekillerimizin dilek\u00e7eleri var. Ama Ba\u015fbakan dokunulmazl\u0131klar\u0131 kald\u0131ramaz. \u00c7\u00fcnk\u00fc kendisinin siyasi de\u011fil, \u015fahsi yolsuzluk davalar\u0131 var&#8221; diye konu\u015ftu.<\/p>\n<p style=\"text-align: justify;\">Baz\u0131 adaylar\u0131n Dokuzuncu Cumhurba\u015fkan\u0131 S\u00fcleyman Demirel&#8217;in tavsiyesiyle aday g\u00f6sterilip g\u00f6sterilmedi\u011fine y\u00f6nelik soruya bunun do\u011fru olmad\u0131\u011f\u0131 cevab\u0131n\u0131 veren K\u0131l\u0131\u00e7daro\u011flu, &#8221; Demirel e\u011fer b\u00f6yle bir \u015fey deseydi de de\u011ferlendirirdik. Demirel s\u0131radan bir insan de\u011fil. Ama hay\u0131r, \u00f6yle bir \u00f6nerisi olmad\u0131&#8221; dedi.<\/p>\n<p style=\"text-align: justify;\">Eski DYP Genel Ba\u015fkan\u0131 H\u00fcsamettin Cindoruk&#8217;un da kendisiyle isti\u015farede bulundu\u011funun belirtilmesi \u00fczerine, K\u0131l\u0131\u00e7daro\u011flu, onun da herhangi bir isim telaffuz etmedi\u011fini s\u00f6yledi.<\/p>\n<p style=\"text-align: justify;\">Art\u0131k \u00fclkenin geldi\u011fi noktada sadece sosyal demokratlarla se\u00e7ime giremeyeceklerini, parti program\u0131n\u0131 kabul eden herkesin CHP \u00e7at\u0131s\u0131 alt\u0131nda yeri oldu\u011funu anlatan K\u0131l\u0131\u00e7daro\u011flu, &#8221;Neden biz, &#8216;hay\u0131r sen bizim partiye gelme, bize de oy verme&#8217; diyelim. Nas\u0131l iktidar olaca\u011f\u0131z? &#8216;Bir insan annesinden do\u011fdu\u011funda sosyal demokrat, ondan sonra olamaz&#8217; diye bir \u015fey yok ki&#8221; dedi.<\/p>\n<p style=\"text-align: justify;\">K\u0131l\u0131\u00e7daro\u011flu, di\u011fer ele\u015ftiri konusu olan aday Sinan Ayg\u00fcn&#8217;\u00fcn ATO ba\u015fkan\u0131yken AK Parti iktidar\u0131n\u0131 en sert ele\u015ftiren isimlerden birisi oldu\u011funu vurgulad\u0131. Ayg\u00fcn&#8217;\u00fcn ATO Ba\u015fkanl\u0131\u011f\u0131 d\u00f6neminde haz\u0131rlad\u0131\u011f\u0131 &#8216;Ecevit ba\u015fbakanl\u0131k yapamaz&#8217; \u015feklinde rapor oldu\u011funun hat\u0131rlat\u0131lmas\u0131 \u00fczerine de K\u0131l\u0131\u00e7daro\u011flu, &#8221;Taban\u0131ndan \u00f6yle bir talep gelmi\u015f, o talebin gere\u011fini yapm\u0131\u015f. Sa\u011fl\u0131k sorunu nedeniyle bunu s\u00f6ylemi\u015ftir. Yoksa ba\u015fka bir nedeni yok&#8221; dedi.<\/p>\n<p style=\"text-align: justify;\"><strong>&#8221;BETON D\u00d6KMEK MAFYANIN S\u00d6YLEM\u0130D\u0130R&#8221;<\/strong><\/p>\n<p style=\"text-align: justify;\">Ba\u015fbakan Erdo\u011fan&#8217;\u0131n, &#8221;Ecevit&#8217;i \u00fczerine beton d\u00f6kerek \u00f6ld\u00fcrmek istediler. Bu isimler Ecevit&#8217;i tasfiye hareketinin i\u00e7inde yer alm\u0131\u015ft\u0131r&#8221; y\u00f6n\u00fcnde s\u00f6zlerine ili\u015fkin de K\u0131l\u0131\u00e7daro\u011flu, &#8221;Beton d\u00f6kmek kimin s\u00f6ylemidir? Mafyan\u0131n s\u00f6ylemidir. Say\u0131n Ba\u015fbakan mafya m\u0131? Bir insana beton neden d\u00f6k\u00fcl\u00fcr, suya atacaks\u0131n\u0131z y\u00fczeye \u00e7\u0131kmas\u0131n diye. B\u00f6yle bir anlay\u0131\u015fla yola \u00e7\u0131k\u0131p Ecevit&#8217;i CHP&#8217;yi ele\u015ftirmek onun haddi de\u011fildir. O haddini bilecek&#8221; diye konu\u015ftu.<\/p>\n<p style=\"text-align: justify;\">K\u0131l\u0131\u00e7daro\u011flu, hem o d\u00f6nemin yak\u0131n tan\u0131\u011f\u0131 Emrehan Hal\u0131c\u0131&#8217;n\u0131n hem de Rah\u015fan Ecevit&#8217;in bu iddian\u0131n ger\u00e7ekd\u0131\u015f\u0131 oldu\u011funu s\u00f6ylediklerini belirterek, &#8221;H\u00fck\u00fcmet sizsiniz b\u00fct\u00fcn devletin ar\u015fivleri sizin elinizde, \u00e7\u0131kar\u0131n ortaya. Dedikoduyla siyaset olur mu? Varsa \u00f6yle bir \u015fey \u00e7\u0131kar\u0131rs\u0131n\u0131z belgesini koyarsan\u0131z mesele biter. O s\u00f6ylemler bizim i\u00e7in ciddiye al\u0131nacak s\u00f6ylemler de\u011fil&#8221; dedi.<\/p>\n<p style=\"text-align: justify;\">Ba\u015fbakan Erdo\u011fan&#8217;\u0131n ele\u015ftirilerine ili\u015fkin, &#8221;O kadar ac\u0131mas\u0131z, o kadar gereksiz o kadar istismar eden bir anlay\u0131\u015fla yola \u00e7\u0131k\u0131yor ki, pireyi deve yap\u0131p yola \u00e7\u0131kacak. Ama biz yolumuza devam edece\u011fiz&#8221; diyen K\u0131l\u0131\u00e7daro\u011flu, se\u00e7im afi\u015flerinde eski Ba\u015fbakanlardan B\u00fclent Ecevit ile eski ABD Ba\u015fkan\u0131 Bill Clinton&#8217;\u0131n foto\u011fraf\u0131n\u0131n kullan\u0131lmas\u0131na ili\u015fkin soruya da, \u015fu yan\u0131t\u0131 verdi:<\/p>\n<p style=\"text-align: justify;\">&#8221;(Ecevit d\u00f6neminde b\u00f6yleydi) diyor, (AKP d\u00f6neminde b\u00f6yle oldu). \u0130nsanda biraz vicdan olur. Tarihe sayg\u0131 olur. \u00d6len insanlar\u0131n arkas\u0131ndan rahmet okur, siz k\u00fcf\u00fcr ediyorsunuz. Ecevit, bu \u00fclkenin tarihinde \u00e7ok \u00f6nemli olaylara imza atan bir liderdir. Hi\u00e7 bir zaman Ecevit, Amerika&#8217;ya gidip icazet istemedi. Erdo\u011fan gitti, (bana destek verin) dedi. \u015eimdi kalk\u0131p Ecevit&#8217;e laf ediyor. Ecevit kim, sen kim? (K\u0131br\u0131s&#8217;a \u00e7\u0131karma yapamazs\u0131n\u0131z) dediler, \u00e7\u0131karma yapt\u0131. \u015eimdi onlar ne yapt\u0131lar? Getirdiler, ABD askerleri T\u00fcrkiye topraklar\u0131ndan Irak&#8217;a gidecek. S\u00f6z verdiler. At pazarl\u0131\u011f\u0131 yapt\u0131lar.&#8221;<\/p>\n<p style=\"text-align: justify;\"><strong>BA\u015e\u00d6RT\u00dcS\u00dc<\/strong><\/p>\n<p style=\"text-align: justify;\">Ba\u015f\u00f6rt\u00fcs\u00fcyle ilgili CHP&#8217;nin net tavr\u0131n\u0131n ne oldu\u011fu sorusuna da K\u0131l\u0131\u00e7daro\u011flu, \u00fcniversitelerde ba\u015f\u00f6rt\u00fcs\u00fc konusunda konsens\u00fcs sa\u011flayan\u0131n CHP oldu\u011funu ancak kamunun kendi kurallar\u0131 bulundu\u011funu, o kurallara herkesin uymas\u0131 gerekti\u011fini s\u00f6yledi.<\/p>\n<p style=\"text-align: justify;\">K\u0131l\u0131\u00e7daro\u011flu,&#8221;Askerin, polisin, devlet memurunun bir k\u0131yafeti vard\u0131r. Sonu\u00e7ta devletin kurallar\u0131 vard\u0131r, bu kurallara herkesin uymas\u0131 gerekir. E\u011fer uymazsak bu kaosu kendimiz yaratm\u0131\u015f oluruz. T\u00fcrkiye&#8217;de art\u0131k yasaklarla bir yere gitmek m\u00fcmk\u00fcn de\u011fil&#8221; dedi.<\/p>\n<p style=\"text-align: justify;\">T\u00fcrbanl\u0131 milletvekili aday\u0131 konusunda da K\u0131l\u0131\u00e7daro\u011flu, &#8221;T\u00fcrbanl\u0131 aday olabilir, bir engel yok aday olmas\u0131nda ama parlamentoya girerken o kurallara uyacak. Kad\u0131n milletvekili de parlamentoya pantolonla giremez.&#8221; dedi.<\/p>\n<p style=\"text-align: justify;\">Ter\u00f6r konusunun hat\u0131rlat\u0131lmas\u0131 \u00fczerine, Kastamonu&#8217;da konvoydaki polis otosuna yap\u0131lan sald\u0131r\u0131y\u0131 k\u0131nad\u0131klar\u0131n\u0131 anlatan K\u0131l\u0131\u00e7daro\u011flu, ter\u00f6r sorununun a\u015f\u0131lmas\u0131 i\u00e7in uzla\u015f\u0131 gerekti\u011fini anlatt\u0131.<\/p>\n<p style=\"text-align: justify;\">&#8221;Biz sizin bak\u0131\u015f a\u00e7\u0131n\u0131z\u0131 merak ediyoruz bu konuda, nas\u0131l \u00e7\u00f6zeceksiniz?&#8221; sorusuna da K\u0131l\u0131\u00e7daro\u011flu, &#8221;\u00d6nce y\u00fczde 10 baraj\u0131 kalkacak. \u0130kincisi b\u00f6lgeye fabrikalar, okullar, bunlar\u0131 sa\u011flayaca\u011f\u0131z. E\u011fer kimli\u011finden kaynaklanan sorun varsa onu da \u00e7\u00f6zece\u011fiz&#8221; dedi.<\/p>\n<p style=\"text-align: justify;\">&#8221;Ba\u015fbakan K\u00fcrt sorunu yoktur, K\u00fcrtlerin sorunu vard\u0131r&#8217; dedi. G\u00fcvenlik nedeniyle \u0130mral\u0131&#8217;yla g\u00f6r\u00fc\u015fmelerin devam etti\u011fini s\u00f6yledi. Siz gelince bu g\u00f6r\u00fc\u015fmeleri devam ettirecek misiniz?&#8221; sorusuna da K\u0131l\u0131\u00e7daro\u011flu, \u015fu yan\u0131t\u0131 verdi:<\/p>\n<p style=\"text-align: justify;\">&#8221;Say\u0131n Erdo\u011fan, Say\u0131n Bah\u00e7eli&#8217;nin bir ele\u015ftirisini yan\u0131tlarken &#8216;\u0130mral\u0131&#8217;yla g\u00f6r\u00fc\u015f\u00fcyorsunuz&#8217; dedi\u011fi zaman, &#8216;bunu s\u00f6yleyen \u015ferefsizdir&#8217; demi\u015fti. \u015eimdi bunu itiraf etti. \u015eimdi o &#8216;\u015ferefsiz&#8217; s\u00f6zc\u00fc\u011f\u00fcn\u00fcn kime ait oldu\u011funu bir kenara koyal\u0131m. Bana soruldu, &#8216;ben de g\u00f6r\u00fc\u015f\u00fclebilir&#8217; dedim. Bak\u0131n varolan sorunu \u00e7\u00f6zmek istiyorsak ve bu konuda samimiysek bir toplumsal uzla\u015fmay\u0131 sa\u011flamam\u0131z gerekiyor. Ben bunu defalarca s\u00f6yledim, &#8216;siyaset kurumu \u00e7\u00f6z\u00fcm \u00fcretmeli&#8217; dedim. Bize bilgi verilmiyor. Demek ki pazarl\u0131klarla belli bir noktaya gelmi\u015fler, ne isteniyor kar\u015f\u0131l\u0131kl\u0131, ne istenmiyor, biz bu konuda bilgi sahibi de\u011filiz. Ama benim s\u00f6z\u00fcm var, biz bu sorunu kesinlikle \u00e7\u00f6zece\u011fiz. Gizli kapakl\u0131 bu i\u015fler olmaz, adam gibi g\u00f6r\u00fc\u015f\u00fcl\u00fcr. Siyasi partiler kendi aram\u0131zda oturaca\u011f\u0131z.&#8221;<\/p>\n<p style=\"text-align: justify;\"><strong>ANAD\u0130LDE E\u011e\u0130T\u0130M, \u00d6ZERKL\u0130K<\/strong><\/p>\n<p style=\"text-align: justify;\">Yeni Anayasa, anadilde e\u011fitim, \u00f6zerklik taleplerine ili\u015fkin g\u00f6r\u00fc\u015flerinin sorulmas\u0131 \u00fczerine de K\u0131l\u0131\u00e7daro\u011flu, &#8221;Referandumdan hemen sonra Say\u0131n Ba\u015fbakan&#8217;a \u00e7a\u011fr\u0131 yapt\u0131m, &#8216;Hemen bir Anayasa Komisyonu kural\u0131m. \u00c7al\u0131\u015fmalara ba\u015flas\u0131nlar&#8217;. \u0130lk itiraz Say\u0131n Erdo\u011fan&#8217;dan geldi. Oysa yol kat edebilirdik&#8221; dedi.<\/p>\n<p style=\"text-align: justify;\">Yerel y\u00f6netimlerde \u00f6zerklik \u015fart\u0131n\u0131 kabul ettiklerini daha \u00f6nce s\u00f6ylediklerini anlatan K\u0131l\u0131\u00e7daro\u011flu, \u015f\u00f6yle konu\u015ftu:<\/p>\n<p style=\"text-align: justify;\">&#8221;\u00d6zerklikten kastedilen nedir? \u00d6nce onu bilmemiz laz\u0131m. E\u011fer o b\u00f6lge halk\u0131 kendi belediye ba\u015fkan\u0131n\u0131 se\u00e7sin diyorsan\u0131z o zaten \u00f6yle. Merkezi y\u00f6netim d\u0131\u015f\u0131nda bir \u00f6zerklikse hay\u0131r, biz buna s\u0131cak bakm\u0131yoruz. Anadilini herkes \u00f6\u011frenebilir, devlet bu konuda yard\u0131m edebilir, bu konuda hi\u00e7 bir sorunumuz yok, anadilde e\u011fitim konusuna s\u0131cak bakm\u0131yoruz. Bu konular tart\u0131\u015f\u0131l\u0131p \u00e7\u00f6z\u00fclebilir, &#8216;illa \u015fu olacak, bu olmazsa biz yapmay\u0131z&#8217; anlay\u0131\u015f\u0131na sahip de\u011filiz. &#8221;<\/p>\n<p style=\"text-align: justify;\">Genel Ba\u015fkan oldu\u011funda Erdo\u011fan&#8217;\u0131n kendisiyle ter\u00f6r konusunda konu\u015ftu\u011funu ancak \u0130mral\u0131 g\u00f6r\u00fc\u015fmesi dahil hi\u00e7 bir konuda bilgi vermedi\u011fini, sadece kendisine baz\u0131 haritalar g\u00f6sterdi\u011fini savunan K\u0131l\u0131\u00e7daro\u011flu, &#8221;Sadece bana baz\u0131 askeri haritalar g\u00f6sterdi o kadar. &#8216;Ter\u00f6r \u00f6rg\u00fct\u00fc \u015furalarda, biz buralarda konu\u015fland\u0131k&#8217; diye&#8221; dedi.<\/p>\n<p style=\"text-align: justify;\"><strong>YASA DI\u015eI KASETLER<\/strong><\/p>\n<p style=\"text-align: justify;\">Kastamonu sald\u0131r\u0131s\u0131n\u0131n ard\u0131ndan korumalar\u0131n\u0131n art\u0131r\u0131l\u0131p art\u0131r\u0131lmad\u0131\u011f\u0131 sorusunu da K\u0131l\u0131\u00e7daro\u011flu, koruma say\u0131s\u0131n\u0131n artmad\u0131\u011f\u0131n\u0131 ancak gitti\u011fi \u015fehirlerde \u0130\u00e7i\u015fleri Bakanl\u0131\u011f\u0131n\u0131n talimat\u0131yla g\u00fcvenlik g\u00fc\u00e7lerinin ayr\u0131ca tedbir ald\u0131klar\u0131n\u0131 anlatt\u0131.<\/p>\n<p style=\"text-align: justify;\">&#8221;Diyarbak\u0131r&#8217;a gidecek misiniz?&#8221; sorusuna, &#8221;Elbette gidece\u011fim&#8221; yan\u0131t\u0131n\u0131 veren K\u0131l\u0131\u00e7daro\u011flu, Deniz Baykal&#8217;\u0131n genel ba\u015fkanl\u0131\u011f\u0131 d\u00f6nemindeki CHP ve yeni CHP aras\u0131ndaki fark\u0131n sorulmas\u0131 \u00fczerine de &#8221;Biz sosyal demokrasiyi getirirken eski CHP&#8217;yi reddetmedik. Biz lider sultas\u0131n\u0131 da y\u0131kmak istiyoruz ve bunu y\u0131kaca\u011f\u0131z. Kendi t\u00fcz\u00fc\u011f\u00fcm\u00fcz\u00fc de\u011fi\u015ftirece\u011fiz. Y\u00f6netim anlay\u0131\u015f\u0131n\u0131 de\u011fi\u015ftirmek istiyoruz&#8221; dedi.<\/p>\n<p style=\"text-align: justify;\">Se\u00e7imde kendileri i\u00e7in ba\u015far\u0131 kriterinin ne oldu\u011fu sorusuna, &#8221;\u0130ktidar olmak&#8221; cevab\u0131n\u0131 veren K\u0131l\u0131\u00e7daro\u011flu, \u015f\u00f6yle devam etti:<\/p>\n<p style=\"text-align: justify;\">&#8221;Neden istedi\u011fimizi de s\u00f6yleyeyim, \u00f6zg\u00fcrl\u00fc\u011f\u00fc ve demokrasiyi getirmek. AKP&#8217;yle bu gelmez. Bas\u0131lmam\u0131\u015f kitaba yasak getiren anlay\u0131\u015f hangi \u00fclkelerde var? Bir \u00fclkenin ba\u015fbakan\u0131 \u00e7\u0131ks\u0131n yasad\u0131\u015f\u0131 kasetleri kendi siyasi malzemesi olarak kullans\u0131n hem de ahlaktan bahsetsin b\u00f6yle bir ahlak anlay\u0131\u015f\u0131 olabilir mi. Yasa d\u0131\u015f\u0131 yollardan elde edilen deliller de delil say\u0131lmaz. Bir ba\u015fbakan bu noktaya geldiyse o \u00fclkede demokrasi olamaz. Onun i\u00e7in diyorum iktidar olmak durumunday\u0131z. Bu \u00fclkenin CHP iktidar\u0131na ihtiyac\u0131 var. Medya \u00fczerindeki bask\u0131lar\u0131, otosans\u00fcr\u00fc en iyi siz bilirsiniz. D\u00fcn ak\u015fam karikat\u00fcristlerle yemek yedim. Onlar da kendi \u00fczerlerindeki bask\u0131dan bahsediyorlar. Hangi \u00e7a\u011fda ya\u015f\u0131yoruz? Bunu y\u0131kaca\u011f\u0131z. Ben kararl\u0131y\u0131m, bunu y\u0131kaca\u011f\u0131z ki demokrasi diyenlerin maskesini ortaya \u00e7\u0131karal\u0131m.&#8221;<\/p>\n<p style=\"text-align: justify;\">Son olarak 1,5 ay \u00f6nce yapt\u0131rd\u0131klar\u0131 bir ankete g\u00f6re CHP&#8217;nin oy oran\u0131n\u0131n y\u00fczde 29,5 g\u00f6r\u00fcnd\u00fc\u011f\u00fcn\u00fc belirten K\u0131l\u0131\u00e7daro\u011flu, 29 ilde \u00f6nse\u00e7im yapt\u0131klar\u0131n\u0131 ifade ederek, &#8221;Biz, yapt\u0131k, onlar demokrat biz demokrat de\u011filiz&#8221; dedi.<\/p>\n<p style=\"text-align: justify;\"><strong>G\u00dc\u00c7 OLARAK G\u00d6R\u00dcYOR<\/strong><\/p>\n<p style=\"text-align: justify;\">CHP Genel Ba\u015fkan\u0131 Kemal K\u0131l\u0131\u00e7daro\u011flu, SSK Genel M\u00fcd\u00fcrl\u00fc\u011f\u00fc d\u00f6nemine y\u00f6nelik Ba\u015fbakan Recep Tayyip Erdo\u011fan&#8217;\u0131n &#8221;Say\u0131n K\u0131l\u0131\u00e7daro\u011flu, sen SSK&#8217;da iken \u015funu yapt\u0131n, bunu yapt\u0131n&#8221; demesini isteyerek, &#8221;Bir genel m\u00fcd\u00fcr\u00fc, iktidar\u0131 \u00fczerinde bir g\u00fc\u00e7 olarak g\u00f6r\u00fcyor. SSK&#8217;da kararlar, genel m\u00fcd\u00fcrler taraf\u0131ndan al\u0131nmaz, parlamentonun yetkisindedir kararlar&#8221; dedi.<\/p>\n<p style=\"text-align: justify;\">Show TV&#8217;de yay\u0131mlanan &#8221;Siyaset Meydan\u0131 Se\u00e7im \u00d6zel&#8221; program\u0131na kat\u0131larak, Ali K\u0131rca ve Tuba Atav&#8217;\u0131n sorular\u0131n\u0131 yan\u0131tlayan K\u0131l\u0131\u00e7daro\u011flu, &#8221;Mitinglerde daha \u00e7ok sosyal devlet \u00fczerinde duruyorsunuz? Laiklik konusunda eskisi kadar endi\u015feniz kalmad\u0131 m\u0131?&#8221; sorusuna, laikli\u011fin \u00f6nemli bir konu oldu\u011funu ancak \u00f6ncelikli sorunu sosyal devlet olarak g\u00f6rd\u00fcklerini belirtti.<\/p>\n<p style=\"text-align: justify;\">K\u0131l\u0131\u00e7daro\u011flu, &#8221;Sosyal devlet giderek yok oluyor. Bunu aya\u011fa kald\u0131racak politikalar \u00fcretmeliyiz, ciddi bir yoksul say\u0131m\u0131z var. D\u00f6rt \u00e7ocuktan biri a\u00e7 yat\u0131yorsa bu soruna \u00e7\u00f6z\u00fcm \u00fcretmeliyiz&#8221; diye konu\u015ftu.<\/p>\n<p style=\"text-align: justify;\">Aile sigortas\u0131 konusuna da vurgu yapan K\u0131l\u0131\u00e7daro\u011flu, &#8221;Aile sigortas\u0131, dokuz sigorta dal\u0131ndan biridir, sekizi uygulan\u0131yor ama birisi uygulanm\u0131yor. Yani aile sigortas\u0131. Biz k\u0131rk y\u0131ld\u0131r uygulanmayan bir karar\u0131 uygulayaca\u011f\u0131z&#8221; dedi.<\/p>\n<p style=\"text-align: justify;\">K\u0131l\u0131\u00e7daro\u011flu, aile sigortas\u0131n\u0131n bu g\u00fcne kadar uygulanmamas\u0131n\u0131n nedeninin yoksullu\u011fun s\u00f6m\u00fcr\u00fclmesi oldu\u011funu, halka bunun yerine beyaz e\u015fya ve yiyecek verildi\u011fini belirterek, CHP&#8217;nin bu s\u00f6m\u00fcr\u00fc sistemini de\u011fi\u015ftirece\u011fini anlatt\u0131.<\/p>\n<p style=\"text-align: justify;\">Emekliler i\u00e7in intibak yasas\u0131 \u00e7\u0131karacaklar\u0131n\u0131 ifade eden K\u0131l\u0131\u00e7daro\u011flu, &#8221;Y\u00fcksek prim \u00f6deyenler az ayl\u0131k al\u0131yor. Bu adaletsizli\u011fi \u00f6nleyece\u011fiz. &#8216;Milli gelirden emekliler yararlanamaz&#8217; dediler. Bu haks\u0131zl\u0131kt\u0131r, bu bir ayr\u0131\u015fmad\u0131r. Milli gelirden emekliye hak verece\u011fiz&#8221; dedi.<\/p>\n<p style=\"text-align: justify;\">Ba\u015fbakan Recep Tayyip Erdo\u011fan&#8217;\u0131n SSK Genel M\u00fcd\u00fcrl\u00fc\u011f\u00fc d\u00f6nemini ele\u015ftirdi\u011finin hat\u0131rlat\u0131lmas\u0131 \u00fczerine de K\u0131l\u0131\u00e7daro\u011flu, \u015funlar\u0131 s\u00f6yledi:<\/p>\n<p style=\"text-align: justify;\">&#8221;Ba\u015fbakan SSK Genel M\u00fcd\u00fcrl\u00fc\u011f\u00fc d\u00f6nemimi ele\u015ftiriyor. Madem beni ele\u015ftiriyorsun, gel kar\u015f\u0131ma. Devletin b\u00fct\u00fcn ar\u015fivleri senin elinde. Dersin, &#8216;Say\u0131n K\u0131l\u0131\u00e7daro\u011flu, sen SSK&#8217;da iken \u015funu yapt\u0131n, bunu yapt\u0131n.&#8217; Ben de sus pus olur, kar\u015f\u0131na \u00e7\u0131kamam. E\u011fer, &#8216;ben SSK &#8216;y\u0131 bilmiyorum&#8217; derse yan\u0131nda adamlar\u0131yla hatta iyi bilen adamlar\u0131yla gelsin. Ben tek ba\u015f\u0131ma \u00e7\u0131kay\u0131m, anlatay\u0131m. Bir genel m\u00fcd\u00fcr\u00fc, iktidar\u0131 \u00fczerinde bir g\u00fc\u00e7 olarak g\u00f6r\u00fcyor. SSK&#8217;da kararlar, genel m\u00fcd\u00fcrler taraf\u0131ndan al\u0131nmaz, parlamentonun yetkisindedir kararlar. Herkese e\u015fit uygulans\u0131n diye b\u00f6yledir, yasa belirler. Ben Cumhuriyet tarihinde ilk kez e\u015f ila\u00e7 uygulamas\u0131n\u0131 ba\u015flatt\u0131m ve \u00e7ok b\u00fcy\u00fck kar etti kurum. Benim yapt\u0131\u011f\u0131m hizmetleri Recep Tayyip Erdo\u011fan hayal bile edemez. &#8221;<\/p>\n<p style=\"text-align: justify;\">K\u0131l\u0131\u00e7daro\u011flu askerlik uygulamas\u0131 konusuna ili\u015fkin ise, &#8221;Bu konuyu emekli askerlerle de tart\u0131\u015ft\u0131k. D\u00fcnyada uygulamalara bakt\u0131k. Biz ordumuzun daha aktif olmas\u0131n\u0131 isteriz. On be\u015f ay uzun bir s\u00fcre, dokuz ayda da ayn\u0131 e\u011fitimi verebilirsiniz. Her projenin maddi boyutu da d\u00fc\u015f\u00fcn\u00fcld\u00fc. Gen\u00e7ler k\u0131sa d\u00f6nem askerlik istiyorlar. Bedelliyi bir kez getirece\u011fiz ama elde etti\u011fimiz geliri milli e\u011fitime aktaraca\u011f\u0131z ve yurt yapaca\u011f\u0131z&#8221; diye konu\u015ftu.<\/p>\n<p style=\"text-align: justify;\"><strong>YSG VE \u00d6SYM&#8217;DEK\u0130 S\u00dcRPR\u0130Z<\/strong><\/p>\n<p style=\"text-align: justify;\">YGS ve \u00d6SYM konusunda \u00f6nemli bir s\u00fcrprizin oldu\u011funu \u00f6ne s\u00fcren K\u0131l\u0131\u00e7daro\u011flu, \u015funlar\u0131 s\u00f6yledi:<\/p>\n<p style=\"text-align: justify;\">&#8221;Savc\u0131 benim bildi\u011fim bir s\u00fcrprizi a\u00e7\u0131klarsa T\u00fcrkiye i\u00e7in de \u00e7ok \u00f6nemli bir s\u00fcrpriz a\u00e7\u0131klanm\u0131\u015f olacak. Ama \u00f6nce say\u0131n savc\u0131 a\u00e7\u0131klas\u0131n. Ben yarg\u0131ya m\u00fcdahale etmeyeyim. Polis silinen bilgileri \u00f6\u011frendi\u011finde baz\u0131 maillere rastlad\u0131. S\u00fcrpriz o maillerle ilgili. \u00dcniversiteye yerle\u015ftirmeyle ilgisi var. Say\u0131n savc\u0131n\u0131n bu bilgileri saklamaya hakk\u0131 yok. 1 milyon 700 bin ki\u015finin hakk\u0131n\u0131 yiyenin o koltukta oturmas\u0131 Ba\u015fbakan&#8217;\u0131 rahats\u0131z etmiyorsa o \u00e7ocuklar\u0131n g\u00fcnah\u0131 onun boynunad\u0131r. \u015eifre varsa kopya vard\u0131r.&#8221;<\/p>\n<p style=\"text-align: justify;\">K\u0131l\u0131\u00e7daro\u011flu hedeflerinin tek ba\u015f\u0131na iktidar olmak oldu\u011funu belirterek, \u00fclkenin sorunlar\u0131n\u0131n \u00e7\u00f6z\u00fcm\u00fcn\u00fcn CHP&#8217;nin tek ba\u015f\u0131na iktidar\u0131nda oldu\u011funu s\u00f6yledi.<\/p>\n<p style=\"text-align: justify;\">AK Parti&#8217;nin i\u015finin toplumu b\u00f6lmek, ayr\u0131\u015ft\u0131rmak oldu\u011funu \u00f6ne s\u00fcren K\u0131l\u0131\u00e7daro\u011flu, kendi g\u00f6revlerinin ise b\u00fct\u00fcnle\u015ftirmek oldu\u011funu kaydetti. Ba\u015fkanl\u0131k sisteminin sadece g\u00fcndem de\u011fi\u015ftirmek i\u00e7in s\u00f6ylenen bir s\u00f6z oldu\u011funu savunan K\u0131l\u0131\u00e7daro\u011flu, halk\u0131n g\u00fcndeminin elinden \u00e7al\u0131nd\u0131\u011f\u0131n\u0131 s\u00f6yledi.<\/p>\n<p style=\"text-align: justify;\">K\u0131l\u0131\u00e7daro\u011flu, &#8221;\u00c7\u0131lg\u0131n proje&#8221;nin ger\u00e7ekle\u015fecek bir proje olmad\u0131\u011f\u0131n\u0131 ifade ederek, &#8221;Siz kanal a\u00e7acaks\u0131n\u0131z ama s\u00f6zle\u015fmeden haberiniz yok. Paras\u0131z yer varken neden paral\u0131y\u0131 tercih etsin. Antla\u015fma de\u011fi\u015febilir ama hangi \u00fclke kabul edecek? Hayal pe\u015finde ko\u015fmay\u0131n, milletin g\u00fcndemini \u00e7almay\u0131n&#8221; dedi.<\/p>\n<p style=\"text-align: justify;\">AB ile ilgili ili\u015fkilerinin \u00e7ok iyi oldu\u011funu s\u00f6yleyen K\u0131l\u0131\u00e7daro\u011flu, AK Parti&#8217;nin AB s\u00fcrecinin t\u0131kand\u0131\u011f\u0131n\u0131, AK Parti&#8217;nin stat\u00fckocu bir parti oldu\u011funu savundu.<\/p>\n<p style=\"text-align: justify;\">AK Parti&#8217;nin de\u011fi\u015fim s\u00f6ylemini kullanarak, ABD ve AB&#8217;yi aldatt\u0131\u011f\u0131n\u0131 da ileri s\u00fcren K\u0131l\u0131\u00e7daro\u011flu,&#8221;Bu ortaya \u00e7\u0131kt\u0131. &#8216;\u00d6zg\u00fcrl\u00fckten yanay\u0131z&#8217; dediler ama yok b\u00f6yle bir \u015fey. F\u00fcle&#8217;ye \u015funu s\u00f6yledim; &#8216;Elli \u00fc\u00e7 gazeteci hapiste&#8217; dedim. Son g\u00f6r\u00fc\u015fmede elli sekiz oldu bu rakam. Art\u0131k onlar da d\u00fcnya da anlad\u0131, &#8216;art\u0131k demokrasi ve \u00f6zg\u00fcrl\u00fc\u011f\u00fc isteyen CHP, kar\u015f\u0131s\u0131nda olan parti ise AKP&#8217;dir&#8217; diyor.&#8221; diye konu\u015ftu.<\/p>\n<p style=\"text-align: justify;\"><strong>USAME B\u0130N LAD\u0130N<\/strong><\/p>\n<p style=\"text-align: justify;\">K\u0131l\u0131\u00e7daro\u011flu, Usame Bin Ladin&#8217;nin \u00f6ld\u00fcr\u00fclmesi konusuna da de\u011finerek, &#8221;Silahs\u0131z bir insan\u0131n \u00f6ld\u00fcr\u00fclmesi do\u011fru de\u011fil. Tutuklars\u0131n\u0131z, yarg\u0131lars\u0131n\u0131z. Silahs\u0131z bir insan\u0131 \u00f6ld\u00fcr\u00fclmesini do\u011fru bulmuyoruz. Demokrasi bunu gerektiriyor&#8221; dedi.<\/p>\n<p style=\"text-align: justify;\">Bir soru \u00fczerine, Bayrampa\u015fa&#8217;daki miting sonras\u0131 AK Parti se\u00e7im b\u00fcrosu ziyaretinin anl\u0131k geli\u015fti\u011fini anlatan K\u0131l\u0131\u00e7daro\u011flu, \u0130stanbul B\u00fcy\u00fck\u015fehir Belediye Ba\u015fkanl\u0131\u011f\u0131 adayl\u0131\u011f\u0131 s\u0131ras\u0131nda o d\u00f6nem AK Parti aday\u0131 olan Kadir Topba\u015f&#8217;\u0131n se\u00e7im b\u00fcrosunu da ziyaret etti\u011fini s\u00f6yledi. K\u0131l\u0131\u00e7daro\u011flu, siyasette centilmenli\u011fin \u00f6nemli oldu\u011funu vurgulad\u0131.<\/p>\n<p style=\"text-align: justify;\">&#8221;Se\u00e7im kampanyas\u0131ndaki yo\u011fun tempoyla ba\u015f edebilmek i\u00e7in &#8216;\u00f6zel y\u00f6ntemler&#8217; uygulay\u0131p uygulamad\u0131\u011f\u0131&#8221; sorusu \u00fczerine de, K\u0131l\u0131\u00e7daro\u011flu, se\u00e7im gezileri s\u0131ras\u0131nda bazen s\u00fct i\u00e7ti\u011fini, \u00f6zellikle konu\u015fmalardan \u00f6nce ve sonra bo\u011faz\u0131n\u0131 rahatlatmak i\u00e7in \u00e7ay, ada\u00e7ay\u0131, \u0131hlamur gibi i\u00e7ecekleri tercih etti\u011fini belirtti.<\/p>\n<p style=\"text-align: justify;\">Doktorlar\u0131n tavsiyesi \u00fczerine vitamin kulland\u0131\u011f\u0131n\u0131 da ifade eden K\u0131l\u0131\u00e7daro\u011flu, &#8221;Yapt\u0131\u011f\u0131m\u0131z bu, \u00f6zel bir beslenme rejimimiz yok&#8221; dedi.<\/p>\n<p style=\"text-align: justify;\">Miting yo\u011funlu\u011fu nedeniyle bazen g\u00fcnleri bile unutabildi\u011fini dile getiren K\u0131l\u0131\u00e7daro\u011flu, &#8221;M\u00fcthi\u015f bir yo\u011funluk var. Bir de ben, iki ile mitinge gidiyorum diyelim, o ilin b\u00fcy\u00fck il\u00e7elerine veya en az oy ald\u0131\u011f\u0131m\u0131z il\u00e7elerine de gitmeye \u00f6zen g\u00f6steriyorum&#8221; diye konu\u015ftu. K\u0131l\u0131\u00e7daro\u011flu, miting alan\u0131n\u0131n d\u0131\u015f\u0131nda k\u00fc\u00e7\u00fck mitingler de ger\u00e7ekle\u015ftirdi\u011fini, g\u00fcnde bazen 7-8 kez konu\u015fma yapt\u0131\u011f\u0131n\u0131 aktard\u0131.<\/p>\n<p style=\"text-align: justify;\">&#8221;Ba\u015fbakan Recep Tayyip Erdo\u011fan&#8217;\u0131, miting konu\u015fmalar\u0131n\u0131 prompter&#8217;dan yapt\u0131\u011f\u0131 i\u00e7in ele\u015ftirdi\u011finin&#8221; hat\u0131rlat\u0131lmas\u0131 ve bu y\u00f6ntemi kendisinin de kullanmay\u0131 d\u00fc\u015f\u00fcn\u00fcp d\u00fc\u015f\u00fcnmedi\u011finin sorulmas\u0131 \u00fczerine de K\u0131l\u0131\u00e7daro\u011flu, \u00e7ok s\u0131n\u0131rl\u0131 zamanlarda var olan bir konu\u015fma metni \u00fczerinden konu\u015ftu\u011funu, onun d\u0131\u015f\u0131nda konu ba\u015fl\u0131klar\u0131n\u0131 belirleyip, o konu ba\u015fl\u0131klar\u0131n\u0131 hat\u0131rlayarak konu\u015fmas\u0131n\u0131 do\u011fa\u00e7lama yapt\u0131\u011f\u0131n\u0131 anlatt\u0131.<\/p>\n<p style=\"text-align: justify;\">K\u0131l\u0131\u00e7daro\u011flu, &#8221;Zaman zaman dil s\u00fcr\u00e7meleri oluyor tabii. Olmuyor desem do\u011fruyu s\u00f6ylememi\u015f olurum. Ama zaten do\u011fal s\u00fcre\u00e7 i\u00e7inde onu da ola\u011fan kar\u015f\u0131lamak gerekiyor. Bu sadece bana \u00f6zg\u00fc bir \u015fey de de\u011fil. A\u015fa\u011f\u0131 yukar\u0131 bu t\u00fcr konu\u015fma yapan b\u00fct\u00fcn siyasi liderlerin ya\u015fad\u0131\u011f\u0131 bir olay&#8221; \u015feklinde konu\u015ftu.<\/p>\n<p style=\"text-align: justify;\">Kemal K\u0131l\u0131\u00e7daro\u011flu, program sonunda, &#8221;T\u00fcrkiye&#8217;nin demokrasiye ve \u00f6zg\u00fcrl\u00fckleri ihtiyac\u0131 oldu\u011fu i\u00e7in, kendilerinin bir a\u011fa\u00e7 gibi tek ve h\u00fcr, bir orman gibi karde\u015f\u00e7e ya\u015famak istedikleri i\u00e7in vatanda\u015flar\u0131n CHP&#8217;ye oy vermelerini&#8221; de istedi.<\/p>\n<p style=\"text-align: justify;\"><a href=\"http:\/\/www.gazeteport.com.tr\/SIYASET\/NEWS\/GP_901446\" target=\"_blank\">Kaynak : GAZETEPORT<\/a><\/p>\n","protected":false},"excerpt":{"rendered":"<p style=\"text-align: justify;\">\n<p style=\"text-align: justify;\">Show TV\u2019de Siyaset Meydan\u0131 program\u0131na kat\u0131lan CHP lideri K\u0131l\u0131\u00e7daro\u011flu, YGS\u2019deki \u015fifre iddialar\u0131yla ilgili &#8216;Savc\u0131 benim bildi\u011fim bir s\u00fcrprizi a\u00e7\u0131klarsa T\u00fcrkiye i\u00e7in de \u00e7ok \u00f6nemli bir s\u00fcrpriz a\u00e7\u0131klanm\u0131\u015f olacak. Ama \u00f6nce say\u0131n savc\u0131 a\u00e7\u0131klas\u0131n. Polis silinen bilgileri \u00f6\u011frendi\u011finde baz\u0131 maillere rastlad\u0131. S\u00fcrpriz o maillerle ilgili.&#8221; dedi.<\/p>\n","protected":false},"author":1,"featured_media":0,"comment_status":"open","ping_status":"closed","sticky":false,"template":"","format":"standard","meta":{"footnotes":""},"categories":[105],"tags":[],"class_list":["post-32375","post","type-post","status-publish","format-standard","hentry","category-gundem","odd"],"_links":{"self":[{"href":"http:\/\/www.korhanyilmaz.com\/index.php?rest_route=\/wp\/v2\/posts\/32375","targetHints":{"allow":["GET"]}}],"collection":[{"href":"http:\/\/www.korhanyilmaz.com\/index.php?rest_route=\/wp\/v2\/posts"}],"about":[{"href":"http:\/\/www.korhanyilmaz.com\/index.php?rest_route=\/wp\/v2\/types\/post"}],"author":[{"embeddable":true,"href":"http:\/\/www.korhanyilmaz.com\/index.php?rest_route=\/wp\/v2\/users\/1"}],"replies":[{"embeddable":true,"href":"http:\/\/www.korhanyilmaz.com\/index.php?rest_route=%2Fwp%2Fv2%2Fcomments&post=32375"}],"version-history":[{"count":0,"href":"http:\/\/www.korhanyilmaz.com\/index.php?rest_route=\/wp\/v2\/posts\/32375\/revisions"}],"wp:attachment":[{"href":"http:\/\/www.korhanyilmaz.com\/index.php?rest_route=%2Fwp%2Fv2%2Fmedia&parent=32375"}],"wp:term":[{"taxonomy":"category","embeddable":true,"href":"http:\/\/www.korhanyilmaz.com\/index.php?rest_route=%2Fwp%2Fv2%2Fcategories&post=32375"},{"taxonomy":"post_tag","embeddable":true,"href":"http:\/\/www.korhanyilmaz.com\/index.php?rest_route=%2Fwp%2Fv2%2Ftags&post=32375"}],"curies":[{"name":"wp","href":"https:\/\/api.w.org\/{rel}","templated":true}]}}