{"id":32368,"date":"2011-05-09T11:36:22","date_gmt":"2011-05-09T08:36:22","guid":{"rendered":"http:\/\/www.korhanyilmaz.com\/?p=32368"},"modified":"2011-05-09T11:36:22","modified_gmt":"2011-05-09T08:36:22","slug":"serefsizce-alcakca-bir-eylem","status":"publish","type":"post","link":"http:\/\/www.korhanyilmaz.com\/?p=32368","title":{"rendered":"&#8216;\u015eerefsizce al\u00e7ak\u00e7a bir eylem!&#8217;"},"content":{"rendered":"<p style=\"text-align: justify;\"><a href=\"http:\/\/www.korhanyilmaz.com\/wp-content\/uploads\/2011\/05\/101.jpg\"  class=\"lightview\"><img loading=\"lazy\" decoding=\"async\" class=\"aligncenter size-full wp-image-32369\" src=\"http:\/\/www.korhanyilmaz.com\/wp-content\/uploads\/2011\/05\/101.jpg\" alt=\"\" width=\"420\" height=\"210\" \/><\/a><\/p>\n<p style=\"text-align: justify;\">Bah\u00e7eli&#8217;nin gizli kamera g\u00f6r\u00fcnt\u00fclerinin arkas\u0131ndaki isim olarak i\u015faret etti\u011fi AKP&#8217;li Bay\u0131nd\u0131r&#8217;dan Bah\u00e7eli&#8217;ye cevap.<\/p>\n<p style=\"text-align: justify;\">AK Partili \u0130brahim Faruk Bay\u0131nd\u0131r, &#8216;Bu iddia tamamen ger\u00e7ek d\u0131\u015f\u0131 bir iftirad\u0131r ve Bah\u00e7eli&#8217;nin kas\u0131tl\u0131 olarak yanl\u0131\u015f bilgilendirilmesinden kaynakland\u0131\u011f\u0131n\u0131 d\u00fc\u015f\u00fcnmekteyim.&#8217; a\u00e7\u0131klamas\u0131 yapt\u0131. <!--more--><\/p>\n<p style=\"text-align: justify;\"><strong>\u0130DD\u0130ALAR GER\u00c7EK DI\u015eI \u0130FT\u0130RA<\/strong><\/p>\n<p style=\"text-align: justify;\">Milliyet\u00e7i Hareket Partisi (MHP) Genel Ba\u015fkan\u0131 Devlet Bah\u00e7eli&#8217;nin \u0130stanbul milletvekillerini tan\u0131t\u0131m toplant\u0131s\u0131nda hedef g\u00f6sterdi\u011fi AK Partili \u0130brahim Faruk Bay\u0131nd\u0131r, &#8220;Bu iddia tamamen ger\u00e7ek d\u0131\u015f\u0131 bir iftirad\u0131r ve Bah\u00e7eli&#8217;nin kas\u0131tl\u0131 olarak yanl\u0131\u015f bilgilendirilmesinden kaynakland\u0131\u011f\u0131n\u0131 d\u00fc\u015f\u00fcnmekteyim.&#8221; a\u00e7\u0131klamas\u0131 yapt\u0131. Bay\u0131nd\u0131r, Bah\u00e7eli hakk\u0131nda su\u00e7 duyurusunda bulunaca\u011f\u0131n\u0131 da belirtti.<\/p>\n<p style=\"text-align: justify;\">Yaz\u0131l\u0131 a\u00e7\u0131klama yapan Bay\u0131nd\u0131r, &#8220;MHP taraf\u0131ndan 08.05.2011 g\u00fcn\u00fc \u0130stanbul&#8217;da d\u00fczenlenen se\u00e7im mitingi s\u0131ras\u0131nda MHP lideri Sn. Devlet Bah\u00e7eli taraf\u0131ndan, AK Parti K\u00fc\u00e7\u00fck\u00e7ekmece Belediye Meclis \u00dcyeli\u011fi yapt\u0131\u011f\u0131m, AK Parti&#8217;den milletvekili aday aday\u0131 oldu\u011fum belirtilerek, kaset skandallar\u0131 ile ilgili yay\u0131nlar yapan internet siteleri ile ba\u011flant\u0131l\u0131 oldu\u011fum, de\u011fi\u015fik \u00fclkeler \u00fczerinden yap\u0131lan al\u00e7ak\u00e7a yay\u0131nlar\u0131 ger\u00e7ekle\u015ftirdi\u011fim iddia edilmi\u015ftir. Bu iddia tamamen ger\u00e7ek d\u0131\u015f\u0131 bir iftirad\u0131r ve Say\u0131n Devlet Bah\u00e7eli&#8217;nin kas\u0131tl\u0131 olarak yanl\u0131\u015f bilgilendirilmesinden kaynakland\u0131\u011f\u0131n\u0131 d\u00fc\u015f\u00fcnmekteyim.&#8221; ifadelerini kulland\u0131.<\/p>\n<p style=\"text-align: justify;\"><strong>L\u0130STEYE G\u0130REMED\u0130M<\/strong><\/p>\n<p style=\"text-align: justify;\">Bay\u0131nd\u0131r, a\u00e7\u0131klamas\u0131nda \u015f\u00f6yle devam etti:<\/p>\n<p style=\"text-align: justify;\">Milyonlarca vatanda\u015f\u0131m gibi ben de AK Parti program ve t\u00fcz\u00fc\u011f\u00fcn\u00fc benimsemi\u015f, felsefesini payla\u015fan inan\u00e7l\u0131 bir i\u015f adam\u0131y\u0131m. Bu d\u00fc\u015f\u00fcnce ile girdi\u011fim siyasi \u00e7al\u0131\u015fmalar\u0131m do\u011frultusunda, 2004-2009 d\u00f6nemi K\u00fc\u00e7\u00fck\u00e7ekmece Belediye Meclis \u00dcyeli\u011fi yapt\u0131m. Bundan sonraki d\u00f6nemlerde aday olmad\u0131m. En son 2011 genel se\u00e7imlerinde AK Parti&#8217;den 3. b\u00f6lge milletvekilli\u011fi aday aday\u0131 oldum; ancak parti yetkililerinin yapt\u0131\u011f\u0131 de\u011ferlendirme sonucu listeye giremedim.<\/p>\n<p style=\"text-align: justify;\"><strong>\u015eEREFS\u0130ZCE AL\u00c7AK\u00c7A B\u0130R EYLEM<\/strong><\/p>\n<p style=\"text-align: justify;\">Benim, ne kaset skandallar\u0131 ile ilgili yay\u0131nlar yapan internet siteleri ile ve ne de bu sitelerin sahibi, y\u00f6neticileri veya \u00e7al\u0131\u015fanlar\u0131 ile hi\u00e7 bir ba\u011flant\u0131m, uzaktan yak\u0131ndan bir tan\u0131\u015f\u0131kl\u0131\u011f\u0131m, irtibat\u0131m asla olmam\u0131\u015ft\u0131r. Bu g\u00fcne kadar bu y\u00f6nde yay\u0131n yapan internet sitelerine dahi girmedim. Hangi somut nedenlerle kaset olay\u0131 ile ili\u015fkilendirildi\u011fim taraf\u0131mca anla\u015f\u0131lamamaktad\u0131r.<\/p>\n<p style=\"text-align: justify;\">\u00d6zg\u00fcrl\u00fck\u00e7\u00fc demokrasiye, insan haklar\u0131na, \u00f6zel hayat\u0131n gizlili\u011fine inanan, ki\u015filik haklar\u0131na ola\u011fan\u00fcst\u00fc de\u011fer veren bir insan olarak, kamuya mal olmu\u015f olsa bile ki\u015filerin \u00f6zel g\u00f6r\u00fcnt\u00fclerinin gizli \u00e7ekimle yasaya ayk\u0131r\u0131 olarak kasete al\u0131nmas\u0131n\u0131 ve bu kasetlerin siyasi rant elde etmek i\u00e7in yay\u0131nlanmas\u0131n\u0131 veya yay\u0131nlanmas\u0131na arac\u0131l\u0131k edilmesini, son derecede \u015ferefsizce ve al\u00e7ak\u00e7a bir eylem olarak g\u00f6rd\u00fc\u011f\u00fcm\u00fc bu eylemin faillerinin en a\u011f\u0131r \u015fekilde cezaland\u0131r\u0131lmas\u0131 gerekti\u011fini d\u00fc\u015f\u00fcnmekteyim.&#8221;<\/p>\n<p style=\"text-align: justify;\">Bay\u0131nd\u0131r, a\u00e7\u0131klamas\u0131n\u0131 \u015fu ifadelerle tamamlad\u0131:<\/p>\n<p style=\"text-align: justify;\">&#8220;Bu itibarla, MHP lideri Devlet Bah\u00e7eli taraf\u0131ndan hakk\u0131mda sarf edilen beyanlar\u0131n ger\u00e7ek d\u0131\u015f\u0131 oldu\u011funu; kasetleri \u00e7eken, yay\u0131nlayan ve kaset skandallar\u0131 ile ilgili yay\u0131nlar yapan internet sitelerinin sahibi, y\u00f6neticileri veya \u00e7al\u0131\u015fanlar\u0131 ile hi\u00e7 bir ba\u011flant\u0131m, uzaktan yak\u0131ndan bir tan\u0131\u015f\u0131kl\u0131\u011f\u0131m, irtibat\u0131m olmad\u0131\u011f\u0131n\u0131; bug\u00fcne kadar bu y\u00f6nde yay\u0131n yapan internet sitelerine dahi girmedi\u011fimi beyan eder, ki\u015filik haklar\u0131ma, onur ve sayg\u0131nl\u0131\u011f\u0131ma, mesleki itibar\u0131ma a\u011f\u0131r bir sald\u0131r\u0131 te\u015fkil eden bu iddia ile ilgili olarak, Sn. Devlet Bah\u00e7eli ve t\u00fcm ilgililer aleyhinde 09.05.2011 g\u00fcn\u00fc hakaret ve iftira su\u00e7undan dolay\u0131 Cumhuriyet Ba\u015fsavc\u0131l\u0131\u011f\u0131na derhal su\u00e7 duyurusunda bulunaca\u011f\u0131m\u0131 ve ayr\u0131ca maddi ve manevi tazminat davas\u0131 a\u00e7aca\u011f\u0131m\u0131 kamu oyunun bilgisine sunar\u0131m.&#8221;<\/p>\n<p style=\"text-align: justify;\"><strong>BAH\u00c7EL\u0130&#8217;N\u0130N S\u00d6ZLER\u0130<\/strong><\/p>\n<p style=\"text-align: justify;\">MHP lideri Bah\u00e7eli, \u0130stanbul milletvekili adaylar\u0131 tan\u0131t\u0131m toplant\u0131s\u0131nda \u015fu ifadeleri kullanm\u0131\u015ft\u0131:<\/p>\n<p style=\"text-align: justify;\">&#8220;Buradan Ba\u015fbakan Erdo\u011fan&#8217;a sormak istiyorum. \u0130brahim Faruk Bay\u0131nd\u0131r kimdir? Bu \u015fah\u0131s K\u00fc\u00e7\u00fck\u00e7ekmece Belediyesi&#8217;nde AKP meclis \u00fcyeli\u011fi yapm\u0131\u015f m\u0131d\u0131r? Arkas\u0131ndan istifa ederek \u0130stanbul 3. b\u00f6lgeden milletvekili adayl\u0131\u011f\u0131na m\u00fcracaat etmi\u015f midir? Bu ki\u015finin partimizi zan ve t\u00f6hmet alt\u0131nda b\u0131rakan kirli internet siteleriyle ne t\u00fcr ba\u011flant\u0131s\u0131 vard\u0131r?&#8221;<\/p>\n<p style=\"text-align: justify;\"><a href=\"http:\/\/haber.gazetevatan.com\/serefsizce-alcakca-bir-eylem\/376201\/1\/Gundem\" target=\"_blank\">Kaynak : VATAN Gazetesi<\/a><\/p>\n","protected":false},"excerpt":{"rendered":"<p style=\"text-align: justify;\">\n<p style=\"text-align: justify;\">Bah\u00e7eli&#8217;nin gizli kamera g\u00f6r\u00fcnt\u00fclerinin arkas\u0131ndaki isim olarak i\u015faret etti\u011fi AKP&#8217;li Bay\u0131nd\u0131r&#8217;dan Bah\u00e7eli&#8217;ye cevap.<\/p>\n<p style=\"text-align: justify;\">AK Partili \u0130brahim Faruk Bay\u0131nd\u0131r, &#8216;Bu iddia tamamen ger\u00e7ek d\u0131\u015f\u0131 bir iftirad\u0131r ve Bah\u00e7eli&#8217;nin kas\u0131tl\u0131 olarak yanl\u0131\u015f bilgilendirilmesinden kaynakland\u0131\u011f\u0131n\u0131 d\u00fc\u015f\u00fcnmekteyim.&#8217; a\u00e7\u0131klamas\u0131 yapt\u0131. <\/p>\n","protected":false},"author":1,"featured_media":0,"comment_status":"open","ping_status":"closed","sticky":false,"template":"","format":"standard","meta":{"footnotes":""},"categories":[105],"tags":[],"class_list":["post-32368","post","type-post","status-publish","format-standard","hentry","category-gundem","odd"],"_links":{"self":[{"href":"http:\/\/www.korhanyilmaz.com\/index.php?rest_route=\/wp\/v2\/posts\/32368","targetHints":{"allow":["GET"]}}],"collection":[{"href":"http:\/\/www.korhanyilmaz.com\/index.php?rest_route=\/wp\/v2\/posts"}],"about":[{"href":"http:\/\/www.korhanyilmaz.com\/index.php?rest_route=\/wp\/v2\/types\/post"}],"author":[{"embeddable":true,"href":"http:\/\/www.korhanyilmaz.com\/index.php?rest_route=\/wp\/v2\/users\/1"}],"replies":[{"embeddable":true,"href":"http:\/\/www.korhanyilmaz.com\/index.php?rest_route=%2Fwp%2Fv2%2Fcomments&post=32368"}],"version-history":[{"count":0,"href":"http:\/\/www.korhanyilmaz.com\/index.php?rest_route=\/wp\/v2\/posts\/32368\/revisions"}],"wp:attachment":[{"href":"http:\/\/www.korhanyilmaz.com\/index.php?rest_route=%2Fwp%2Fv2%2Fmedia&parent=32368"}],"wp:term":[{"taxonomy":"category","embeddable":true,"href":"http:\/\/www.korhanyilmaz.com\/index.php?rest_route=%2Fwp%2Fv2%2Fcategories&post=32368"},{"taxonomy":"post_tag","embeddable":true,"href":"http:\/\/www.korhanyilmaz.com\/index.php?rest_route=%2Fwp%2Fv2%2Ftags&post=32368"}],"curies":[{"name":"wp","href":"https:\/\/api.w.org\/{rel}","templated":true}]}}