{"id":32338,"date":"2011-05-09T10:48:21","date_gmt":"2011-05-09T07:48:21","guid":{"rendered":"http:\/\/www.korhanyilmaz.com\/?p=32338"},"modified":"2011-05-09T10:48:21","modified_gmt":"2011-05-09T07:48:21","slug":"dikkat-bu-yaziyi-okuduktan-sonra-imha-ediniz","status":"publish","type":"post","link":"http:\/\/www.korhanyilmaz.com\/?p=32338","title":{"rendered":"Dikkat! Bu yaz\u0131y\u0131 okuduktan sonra imha ediniz"},"content":{"rendered":"<p style=\"text-align: justify;\"><a href=\"http:\/\/www.korhanyilmaz.com\/wp-content\/uploads\/2011\/05\/093.jpg\"  class=\"lightview\"><img loading=\"lazy\" decoding=\"async\" class=\"aligncenter size-full wp-image-32340\" src=\"http:\/\/www.korhanyilmaz.com\/wp-content\/uploads\/2011\/05\/093.jpg\" alt=\"\" width=\"384\" height=\"254\" \/><\/a><\/p>\n<p style=\"text-align: justify;\">Kitab\u0131 bitirdi\u011finizde \u015fu hisse kap\u0131l\u0131yorsunuz: Evet, bu kitap eksik ve yar\u0131m kalm\u0131\u015ft\u0131r. &#8216;\u0130mam\u0131n Ordusu&#8217;, ancak yazar\u0131n\u0131n, yani Ahmet \u015e\u0131k&#8217;\u0131n (ve Nedim \u015eener&#8217;in) hik\u00e2yesini de i\u00e7erdi\u011fi g\u00fcn tamamlanm\u0131\u015f kabul edilebilir.<!--more--><\/p>\n<p style=\"text-align: justify;\">Hen\u00fcz yay\u0131mlanmam\u0131\u015f bir kitap \u2018\u00f6rg\u00fctsel dok\u00fcman\u2019 oldu\u011fu gerek\u00e7esiyle bilgisayarlardan ve e-mail kutular\u0131ndan silinebilir mi? Evet, silinebilirmi\u015f. Darbelerle \u2018\u00e7\u00fcr\u00fc\u011fe \u00e7\u0131kar\u0131lm\u0131\u015f\u2019 demokrasimiz, ceberrut askerlerinin bile hayal etmedi\u011fi bu garip yasaklamay\u0131 sivillerinin eliyle ve dahas\u0131 \u2018ileri demokrasi\u2019 ad\u0131na tatm\u0131\u015f oldu\u2026 Bu yaz\u0131 da incelemeye soyundu\u011fu kitab\u0131n, yani Ahmet \u015e\u0131k\u2019\u0131n \u2018\u0130mam\u0131n Ordusu\u2019nunki gibi bir ilk olma vasf\u0131n\u0131 ta\u015f\u0131yor. Nedir o? \u00c7\u0131kmam\u0131\u015f ve \u00e7\u0131kmadan yasaklanm\u0131\u015f kitab\u0131n kriti\u011fini yapmak. Akl\u0131ma gelmiyor de\u011fil; \u015e\u0131k\u2019\u0131n kitab\u0131 \u00f6rg\u00fctsel dok\u00fcman say\u0131l\u0131yorsa neden bu yaz\u0131ya \u2018\u00f6rg\u00fct propagandas\u0131\u2019 su\u00e7u atfedilmesin ki? Sahi, Radikal Kitap toplat\u0131l\u0131r m\u0131? Okuru uyararak ba\u015fl\u0131yorum: Elinizdeki \u2018\u00f6rg\u00fctsel dok\u00fcman\u0131\u2019 okuduktan sonra imha ediniz. Siz beni tan\u0131m\u0131yorsunuz, ben de sizi&#8230;<\/p>\n<p style=\"text-align: justify;\">Ahmet \u015e\u0131k tutukland\u0131ktan sonra operasyonu savunanlar \u015fu arg\u00fcmanla kendisine me\u015fruiyet arad\u0131: \u201c\u015e\u0131k\u2019\u0131n kitab\u0131 yeni bir bilgi i\u00e7ermiyor. Daha \u00f6nce yay\u0131mlanm\u0131\u015f bilgilerin tekrar\u0131ndan ibaret. Dolay\u0131s\u0131yla kitab\u0131 nedeniyle tutuklanm\u0131\u015f de\u011fildir. O, \u00f6rg\u00fctsel faaliyet i\u00e7inde oldu\u011fu i\u00e7in tutukland\u0131!\u201d<\/p>\n<div id=\"attachment_32339\" style=\"width: 410px\" class=\"wp-caption aligncenter\"><a href=\"http:\/\/www.korhanyilmaz.com\/wp-content\/uploads\/2011\/05\/092.jpg\"  class=\"lightview\"><img loading=\"lazy\" decoding=\"async\" aria-describedby=\"caption-attachment-32339\" class=\"size-full wp-image-32339\" src=\"http:\/\/www.korhanyilmaz.com\/wp-content\/uploads\/2011\/05\/092.jpg\" alt=\"\" width=\"400\" height=\"267\" \/><\/a><p id=\"caption-attachment-32339\" class=\"wp-caption-text\">Ahmet \u015e\u0131k, 3 Mart ta g\u00f6zalt\u0131na al\u0131nm\u0131\u015ft\u0131.<\/p><\/div>\n<p style=\"text-align: justify;\"><strong>Cemaati devlet dersi<\/strong><\/p>\n<p style=\"text-align: justify;\">Do\u011frudur. \u2018\u0130mam\u0131n Ordusu, G\u00fclen Cemaati\u2019nin devlet ve bilhassa emniyetteki \u00f6rg\u00fctlenmesini konu alan ilk \u00e7al\u0131\u015fma de\u011fildi. Eski bir polis koleji \u00f6\u011frencisi olan ve cemaatin dahliyle ihra\u00e7 edildi\u011fini iddia eden gazeteci Z\u00fcbeyir Kand\u0131ra\u2019n\u0131n an\u0131lar\u0131n\u0131 i\u00e7eren \u2018Cemaatin Coplar\u0131\u2019 ile S\u00f6zc\u00fc yazar\u0131 Sayg\u0131 \u00d6zt\u00fcrk\u2019\u00fcn \u2018Okyanus \u00d6tesindeki Vaiz\u2019, \u00f6ld\u00fcr\u00fclen akademisyen Necip Hablemito\u011flu\u2019nun \u2018K\u00f6stebek\u2019, Posta yazar\u0131 Nedim \u015eener\u2019in \u2018Ergenekon Belgelerinde Fethullah G\u00fclen ve Cemaat\u2019 ile son olarak Hanefi Avc\u0131\u2019n\u0131n \u2018Hali\u00e7\u2019te Ya\u015fayan Simonlar\u2019 kitaplar\u0131n\u0131, \u2018\u0130mam\u0131n Ordusu\u2019nun \u00f6nc\u00fclleri olarak sayabiliriz.<\/p>\n<p style=\"text-align: justify;\">Ahmet \u015e\u0131k, kitab\u0131nda, G\u00fclen Cemaati\u2019nin demokrasi imtihan\u0131nda ald\u0131\u011f\u0131 tavr\u0131 anlatarak ba\u015fl\u0131yor. Bug\u00fcn \u201cT\u00fcm iktidar sivillere!\u201d \u015fiar\u0131yla darbelere sava\u015f a\u00e7t\u0131\u011f\u0131n\u0131 ileri s\u00fcren cemaat, 12 Mart\u2019\u0131 desteklemi\u015f, 12 Eyl\u00fcl\u2019den sonra S\u0131z\u0131nt\u0131\u2019da \u201cH\u0131z\u0131r gibi imdad\u0131m\u0131za yeti\u015fen Mehmet\u00e7i\u011fe bir kere daha selam duruyoruz\u201d demi\u015fti. 28 \u015eubat\u2019ta Ba\u015fbakan Necmettin Erbakan\u2019a \u201cGit!\u201d demesi de an\u0131larda tazeli\u011fini koruyor.<\/p>\n<p style=\"text-align: justify;\">\u2018\u0130mam\u0131n Ordusu\u2019ndan anl\u0131yoruz ki cemaat; but\u00fcn bu da\u011fda\u011fal\u0131 d\u00f6nemlerde demokrasi imtihan\u0131ndan kalm\u0131\u015f fakat \u2018devlet\u2019 ve \u2018Milli G\u00fcvenlik\u2019 derslerinden pekiyi alm\u0131\u015ft\u0131r.<\/p>\n<p style=\"text-align: justify;\">\u00c7\u00fcnk\u00fc cemaat, \u00fcmmet\u00e7i karakterli di\u011fer tarikat ve dini gruplardan farkl\u0131 olarak \u2018T\u00fcrk-\u0130slam\u2019 sentezinin \u00fclke \u00fclke, k\u0131ta k\u0131ta ta\u015f\u0131y\u0131c\u0131s\u0131yd\u0131. Anadolu\u2019nun esnaf \u00e7ar\u015f\u0131s\u0131 ve bir mescidin arka odas\u0131 ile yetinmeyeceklerdi. G\u00fclen\u2019in \u2018Alt\u0131n Nesil\u2019 diye adland\u0131rd\u0131\u011f\u0131 gen\u00e7ler yeti\u015fecek ve kendi deyimiyle, \u201cT\u00fcrkiye\u2019deki devlet yap\u0131s\u0131 \u00f6l\u00e7\u00fcs\u00fcne g\u00f6re b\u00fct\u00fcn anayasal m\u00fcesseslerdeki kuvveti\u201d y\u00f6netecekti. En ba\u015far\u0131l\u0131 olunan kurum da 1970\u2019lerin sonundan itibaren polis koleji ve akademisinde taban \u00e7al\u0131\u015fmas\u0131 y\u00fcr\u00fct\u00fclen emniyet ayg\u0131t\u0131yd\u0131. Bir not d\u00fc\u015fmekte yarar var: \u015e\u0131k\u2019\u0131n (ve Nedim \u015eener\u2019in de) itiraz etti\u011fi, cemaat \u00fcyelerinin devlet memuru olmas\u0131 de\u011fil, devletin cemaatin memuru olmas\u0131nayd\u0131.<\/p>\n<p style=\"text-align: justify;\">Tam bu noktada \u015e\u0131k, emniyetteki rapor sava\u015flar\u0131n\u0131, cemaat \u00fcyelerine y\u00f6nelik fi\u015fleme kampanyalar\u0131n\u0131 ve cemaat \u00fcyesi polislerin bu tasfiyeye direni\u015finin tarihini anlat\u0131yor. Raporlar\u0131 fezlekeler ve iddianameler izliyor.<\/p>\n<p style=\"text-align: justify;\"><strong>\u2018Ergenekon\u2019un ayak sesleri<\/strong><\/p>\n<p style=\"text-align: justify;\">\u015e\u0131k\u2019\u0131n kaynaklar\u0131ndan birinin, eski Emniyet \u0130stahbarat Dairesi Ba\u015fkan\u0131 Sabri Uzun oldu\u011funu anl\u0131yoruz.<\/p>\n<p style=\"text-align: justify;\">\u0130\u015fte, \u2018\u0130mam\u0131n Ordusu\u2019nu farkl\u0131 k\u0131lan da bu oluyor.<\/p>\n<p style=\"text-align: justify;\">\u00c7\u00fcnk\u00fc kitapta yer verilen bilgiye g\u00f6re Sabri Uzun, Ergenekon ile ilk tan\u0131\u015f\u0131kl\u0131\u011f\u0131n\u0131n 2001 y\u0131l\u0131nda olmu\u015ftu. Kendisine ba\u011fl\u0131 bir polis memuru, \u0130stanbul \u0130stihbarat \u015eubesi\u2019nin \u2018Ergenekon\u2019 adl\u0131 bir soru\u015fturma y\u00fcr\u00fctt\u00fc\u011f\u00fcn\u00fc, 25 \u015f\u00fcphelinin oldu\u011funu ve birinci s\u0131rada Balyoz Davas\u0131 san\u0131\u011f\u0131 emekli Orgeneral \u00c7etin Do\u011fan\u2019\u0131n oldu\u011funu belirtiyordu. Tek dayanak ise Tuncay G\u00fcney\u2019in ifadeleriydi. Ancak G\u00fcney\u2019in ifadelerinde listedeki isimler yoktu. Uzun, soru\u015fturma iste\u011fini geri \u00e7evirdi.<\/p>\n<p style=\"text-align: justify;\">Aradan be\u015f y\u0131l ge\u00e7ti. Ayn\u0131 polis memuru \u015eubat 2006\u2019da tekrar Uzun\u2019un kar\u015f\u0131s\u0131na \u00e7\u0131kt\u0131. Elinde ayn\u0131 liste vard\u0131. Yine \u0130stanbul \u0130stihbarat, soru\u015fturma onay\u0131 istiyordu. Uzun yine reddetti. Uzun\u2019a g\u00f6re tasfiyesinin ba\u015flang\u0131c\u0131 da bu oldu. Hakk\u0131nda 2004 y\u0131l\u0131nda g\u00f6nderilen bir ihbar mektubu soru\u015fturmaya d\u00f6nd\u00fc ve a\u00e7\u0131\u011fa al\u0131nd\u0131. \u015e\u0131k\u2019a g\u00f6re Uzun, \u201cCemaati bilinirken cemaatin kurban\u0131\u201d olmu\u015ftu. B\u00f6ylelikle, iddiaya g\u00f6re, cemaate yak\u0131n oldu\u011fu iddia edilen Ramazan Aky\u00fcrek\u2019in \u00f6n\u00fc a\u00e7\u0131lacak, \u0130stihbarat Dairesi\u2019nin ba\u015f\u0131na ge\u00e7ecekti.<\/p>\n<p style=\"text-align: justify;\">Sonu\u00e7 olarak Ergenekon Operasyonu, 12 Haziran 2007\u2019de \u00dcmraniye\u2019de bir gecekondunun \u00e7at\u0131s\u0131nda bombalar bulunmasa bile ba\u015flat\u0131lacakt\u0131. Hatta operasyon i\u00e7in ge\u00e7 kal\u0131nd\u0131\u011f\u0131n\u0131 bile s\u00f6ylemek m\u00fcmk\u00fcnd\u00fc. Gerekli tek ko\u015ful, emniyetin kritik noktalar\u0131nda operasyonu sahiplenecek isimlerin yer almas\u0131yd\u0131. \u0130ddia g\u00f6re, bu isimler cemaat mensuplar\u0131yd\u0131. Ta\u015flar \u015f\u00f6yle dizildi: \u0130stihbarat Dairesi\u2019nin ba\u015f\u0131na Sabri Uzun\u2019un yerine Ramazan Aky\u00fcrek geldi. \u00c7\u00fcnk\u00fc Uzun, Ergenekon\u2019a \u2018ter\u00f6r \u00f6rg\u00fct\u00fc\u2019 demedi\u011finin alt\u0131n\u0131 \u00e7iziyordu.<\/p>\n<p style=\"text-align: justify;\">Bir di\u011fer de\u011fi\u015fim ise \u0130stanbul \u0130stihbarat \u015eubesi\u2019nde oldu. Kitaba g\u00f6re, cemaat\u00e7i diye bilinen Ahmet \u0130lhan G\u00fcler\u2019e bu g\u00f6revden g\u00f6n\u00fcll\u00fc bi\u00e7imde ayr\u0131lmas\u0131 \u00f6nerildi. G\u00fcler, bu \u00f6neriyi reddetti. Dink cinayetince ihmali sebebiyle g\u00f6revden al\u0131n\u0131nca bu mevkideki de\u011fi\u015fiklik de ba\u015far\u0131ya ula\u015fm\u0131\u015f oldu. Ergenekon soru\u015fturmas\u0131n\u0131n zemini b\u00f6yle d\u00f6\u015fendi.<\/p>\n<p style=\"text-align: justify;\">\u015e\u00f6yle yaz\u0131yor, Ahmet \u015e\u0131k: \u201cBu kadrola\u015fman\u0131n \u00f6n\u00fcn\u00fc a\u00e7\u0131lmas\u0131nda AKP\u2019nin oyna\u011fd\u0131 rol de k\u00fc\u00e7\u00fcmsenemez elbet. Ergenekon ve ilintili soru\u015fturmalarda ordunun vesayetinin k\u0131r\u0131ld\u0131\u011f\u0131 bir ger\u00e7ek. Ancak \u00fcniformal\u0131lar\u0131n k\u0131r\u0131lan vesayetinin, k\u0131ravatl\u0131larca ele ge\u00e7irilen yeni bir vesayet rejimi yaratt\u0131\u011f\u0131 endi\u015fesinin de toplumun kimi kesimlerinde hakim oldu\u011fu da bir ba\u015fka ger\u00e7ek.\u201d<\/p>\n<p style=\"text-align: justify;\">Ahmet \u015e\u0131k, yaln\u0131zca Sabri Uzun\u2019un \u00f6yk\u00fcs\u00fcyle yetinmiyor. Cemaate mesafeli di\u011fer polis \u015feflerinin; \u00f6rne\u011fin Emniyet Genel M\u00fcd\u00fcr Yard\u0131mc\u0131s\u0131 Emin Aslan ve Eski\u015fehir Emniyet M\u00fcd\u00fcr\u00fc Hanefi Avc\u0131\u2019n\u0131n ya\u015fad\u0131\u011f\u0131 s\u00fcre\u00e7leri de aktar\u0131yor. Polis \u015feflerini eski Erzincan Ba\u015fsavc\u0131s\u0131 \u0130lhan Cihaner izliyor. B\u00fct\u00fcn bu \u00f6yk\u00fclerden, son Ergenekon dalgas\u0131n\u0131n as\u0131l ve \u00f6ncelikli hedefinin gazeteciler de\u011fil, emniyette cemaat taraf\u0131ndan tasfiye edildi\u011fini d\u00fc\u015f\u00fcnen kamu g\u00f6revlileri oldu\u011funu fark ediyoruz. Yani as\u0131l kavgan\u0131n, h\u00e2kim bir mevki edinmi\u015f e\u011filim ile koltuklar\u0131n\u0131 yitirmi\u015f di\u011fer e\u011filim aras\u0131nda oldu\u011funu&#8230;<\/p>\n<p style=\"text-align: justify;\"><strong>Ahmet \u015e\u0131k\u2019\u0131n \u00f6yk\u00fcs\u00fc<\/strong><\/p>\n<p style=\"text-align: justify;\">Ahmet \u015e\u0131k, 298 sayfal\u0131k kitab\u0131nda, bu yang\u0131n\u0131 anlat\u0131yor. Ancak anlatt\u0131\u011f\u0131 \u00f6yk\u00fclerin benzerinin kendisine ya\u015fat\u0131labilece\u011fini ve kendisinin de yanabilece\u011fini, 3 Mart 2011 sabah\u0131nda kap\u0131s\u0131 \u00e7al\u0131nana dek d\u00fc\u015f\u00fcnm\u00fcyor. Zaten kitab\u0131 bitirdi\u011finizde \u015fu hisse kap\u0131l\u0131yorsunuz: Evet, bu kitap eksik ve yar\u0131m kalm\u0131\u015ft\u0131r. \u2018\u0130mam\u0131n Ordusu\u2019, ancak yazar\u0131n\u0131n, yani Ahmet \u015e\u0131k\u2019\u0131n (Ve Nedim \u015eener\u2019in) hik\u00e2yesini de i\u00e7erdi\u011fi ve anlatt\u0131\u011f\u0131 g\u00fcn tamamlanm\u0131\u015f ve son noktas\u0131 konulmu\u015f kabul edilebilir.<\/p>\n<p style=\"text-align: justify;\">\u015eimdi bu yaz\u0131y\u0131 imha edebilirsiniz.<\/p>\n<p style=\"text-align: justify;\">Unutmay\u0131n, ne siz beni tan\u0131yorsunuz, ne ben sizi&#8230;<\/p>\n<p style=\"text-align: justify;\"><a href=\"http:\/\/www.radikal.com.tr\/Radikal.aspx?aType=RadikalEklerDetayV3&amp;ArticleID=1048577&amp;Date=09.05.2011&amp;CategoryID=40\" target=\"_blank\">Kaynak : Radikal<\/a><\/p>\n","protected":false},"excerpt":{"rendered":"<p style=\"text-align: justify;\">\n<p style=\"text-align: justify;\">Kitab\u0131 bitirdi\u011finizde \u015fu hisse kap\u0131l\u0131yorsunuz: Evet, bu kitap eksik ve yar\u0131m kalm\u0131\u015ft\u0131r. &#8216;\u0130mam\u0131n Ordusu&#8217;, ancak yazar\u0131n\u0131n, yani Ahmet \u015e\u0131k&#8217;\u0131n (ve Nedim \u015eener&#8217;in) hik\u00e2yesini de i\u00e7erdi\u011fi g\u00fcn tamamlanm\u0131\u015f kabul edilebilir.<\/p>\n","protected":false},"author":1,"featured_media":0,"comment_status":"open","ping_status":"closed","sticky":false,"template":"","format":"standard","meta":{"footnotes":""},"categories":[105],"tags":[],"class_list":["post-32338","post","type-post","status-publish","format-standard","hentry","category-gundem","odd"],"_links":{"self":[{"href":"http:\/\/www.korhanyilmaz.com\/index.php?rest_route=\/wp\/v2\/posts\/32338","targetHints":{"allow":["GET"]}}],"collection":[{"href":"http:\/\/www.korhanyilmaz.com\/index.php?rest_route=\/wp\/v2\/posts"}],"about":[{"href":"http:\/\/www.korhanyilmaz.com\/index.php?rest_route=\/wp\/v2\/types\/post"}],"author":[{"embeddable":true,"href":"http:\/\/www.korhanyilmaz.com\/index.php?rest_route=\/wp\/v2\/users\/1"}],"replies":[{"embeddable":true,"href":"http:\/\/www.korhanyilmaz.com\/index.php?rest_route=%2Fwp%2Fv2%2Fcomments&post=32338"}],"version-history":[{"count":0,"href":"http:\/\/www.korhanyilmaz.com\/index.php?rest_route=\/wp\/v2\/posts\/32338\/revisions"}],"wp:attachment":[{"href":"http:\/\/www.korhanyilmaz.com\/index.php?rest_route=%2Fwp%2Fv2%2Fmedia&parent=32338"}],"wp:term":[{"taxonomy":"category","embeddable":true,"href":"http:\/\/www.korhanyilmaz.com\/index.php?rest_route=%2Fwp%2Fv2%2Fcategories&post=32338"},{"taxonomy":"post_tag","embeddable":true,"href":"http:\/\/www.korhanyilmaz.com\/index.php?rest_route=%2Fwp%2Fv2%2Ftags&post=32338"}],"curies":[{"name":"wp","href":"https:\/\/api.w.org\/{rel}","templated":true}]}}