{"id":3232,"date":"2009-02-14T17:01:51","date_gmt":"2009-02-14T15:01:51","guid":{"rendered":"http:\/\/www.korhanyilmaz.com\/?p=3232"},"modified":"2009-02-14T17:01:51","modified_gmt":"2009-02-14T15:01:51","slug":"cicekten-tskya-ergenekon-destegi","status":"publish","type":"post","link":"http:\/\/www.korhanyilmaz.com\/?p=3232","title":{"rendered":"\u00c7i\u00e7ek&#039;ten TSK&#039;ya &#039;Ergenekon&#039; deste\u011fi"},"content":{"rendered":"<p style=\"text-align: center;\"><img loading=\"lazy\" decoding=\"async\" class=\"size-full wp-image-3231 aligncenter\" title=\"Bakan \u00c7i\u00e7ek, Genelkurmay'\u0131n &quot;Ergenekon&quot; a\u00e7\u0131klamalar\u0131na hak verdi\" src=\"http:\/\/www.korhanyilmaz.com\/wp-content\/uploads\/2009\/02\/140220091741215913644.jpg\" alt=\"\u00c7i\u00e7ek'ten TSK'ya 'Ergenekon' deste\u011fi \" width=\"376\" height=\"240\" \/><\/p>\n<p style=\"text-align: center;\">\n<p style=\"text-align: justify;\"><strong>Bakan \u00c7i\u00e7ek, Genelkurmay&#8217;\u0131n &#8220;Ergenekon&#8221; a\u00e7\u0131klamalar\u0131na hak verdi<\/strong><\/p>\n<p style=\"text-align: justify;\">Devlet Bakan\u0131 Cemil \u00c7i\u00e7ek, Genelkurmay Ba\u015fkanl\u0131\u011f\u0131&#8217;n\u0131n &#8220;Ergenekon&#8221; soru\u015fturmas\u0131nda &#8220;soru\u015fturman\u0131n gizlili\u011fi&#8221; ile ilgili de\u011ferlendirmesinin do\u011fru ve yerinde oldu\u011funu belirtti; &#8220;\u00c7\u00fcnk\u00fc yasalar uyulmak i\u00e7in \u00e7\u0131kar\u0131l\u0131r. Soru\u015fturman\u0131n gizlili\u011fine maalesef bug\u00fcne kadar riayet edilmedi&#8221; dedi.<\/p>\n<p style=\"text-align: justify;\">\u00c7i\u00e7ek, Genelkurmay Ba\u015fkanl\u0131\u011f\u0131&#8217;n\u0131n, &#8220;Ergenekon&#8221; soru\u015fturmas\u0131yla ilgili yapt\u0131\u011f\u0131 a\u00e7\u0131klama konusunda, T\u00fcrkiye&#8217;de son y\u0131llarda y\u00fcr\u00fct\u00fclen soru\u015fturmalar ve g\u00fcndemde olan &#8220;Ergenekon&#8221; soru\u015fturmas\u0131yla ilgili ge\u00e7mi\u015fte de belli kesimlerin hukuka ve yasalara uymadan, olup bitenleri kendi ideolojik saplant\u0131s\u0131, bulundu\u011fu konum, kendi anlay\u0131\u015f\u0131na g\u00f6re de\u011ferlendirme yapt\u0131\u011f\u0131n\u0131 s\u00f6yledi.<!--more--><br \/>\nAyn\u0131 ki\u015filerin hukuk devletine de vurgu yapt\u0131\u011f\u0131n\u0131n g\u00f6r\u00fcld\u00fc\u011f\u00fcn\u00fc kaydeden \u00c7i\u00e7ek, &#8220;T\u00fcrkiye Cumhuriyeti Devleti bir hukuk devletidir. Hukuk devleti olman\u0131n iki aya\u011f\u0131 var: Herkesin hukuka uymas\u0131, uygun davranmas\u0131, ikincisi de hukukun uygulanmas\u0131d\u0131r. Ben eskiden beri a\u00e7\u0131klamalar yap\u0131yorum. Soru\u015fturman\u0131n gizlili\u011finin ihlal edildi\u011fine ili\u015fkin h\u00fck\u00fcmet ad\u0131na en az 12 defa a\u00e7\u0131klama yapt\u0131m. Genelkurmay Ba\u015fkanl\u0131\u011f\u0131m\u0131z\u0131n son olayla ilgili o manadaki de\u011ferlendirmesi do\u011frudur ve<br \/>\nyerindedir&#8221; dedi.\n<\/p>\n<p style=\"text-align: justify;\">Genelkurmay&#8217;\u0131n a\u00e7\u0131klamas\u0131nda at\u0131f yap\u0131lan CMK&#8217;n\u0131n 157. maddesinin, \u00e7a\u011fda\u015f bir hukuk normu oldu\u011funun alt\u0131n\u0131 \u00e7izen \u00c7i\u00e7ek, &#8220;Soru\u015fturman\u0131n gizlili\u011fine maalesef bug\u00fcne kadar riayet edilmedi. Hukuken s\u00fcrecin nereye varaca\u011f\u0131 belli olmadan yarg\u0131n\u0131n i\u015fleyi\u015fini de zorla\u015ft\u0131racak, insanlar\u0131 ve kurumlara zan alt\u0131nda b\u0131rakacak \u015fekilde bu bilgiler geli\u015fig\u00fczel kullan\u0131l\u0131yor ve bilgi kirlili\u011fine sebebiyet veriliyor. Anayasa&#8217;n\u0131n 138. maddesi var: Soru\u015fturma ve kovu\u015fturmaya etki etmeme&#8230; Yasama meclisinde, &#8216;devam eden davayla ilgili konu\u015fulamaz&#8217; diyor ancak orada bile siyasete malzeme yap\u0131l\u0131yor. Bu maddeye herkesin uymas\u0131 gerekir&#8221; diye konu\u015ftu.<\/p>\n<p style=\"text-align: justify;\">\u00c7i\u00e7ek, &#8220;Yasama, y\u00fcr\u00fctme ve yarg\u0131n\u0131n kendisi de dahil vatanda\u015flar da dahil. Bu konuda iyi bir s\u0131nav vermiyoruz. TCK 288 var, buna da kimse riayet etmiyor. Adil yarg\u0131lamay\u0131 ihlal. Bas\u0131n Kanunu&#8217;nun 19. maddesi var. Bu kural\u0131 en \u00e7ok \u00e7i\u011fneyenlerin ba\u015f\u0131nda bas\u0131n geliyor ama ayn\u0131 yasay\u0131 ihlal eden bas\u0131n da &#8216;T\u00fcrkiye hukuk devletidir, hukuk devleti olmal\u0131d\u0131r&#8217; diye yaz\u0131 yazmaya da devam ediyor&#8221; ifadesini kulland\u0131.<\/p>\n<p style=\"text-align: justify;\"><strong>&#8220;\u0130yi bir s\u0131nav vermiyoruz&#8221;<\/strong><\/p>\n<p style=\"text-align: justify;\">&#8220;Yapt\u0131r\u0131mlar m\u0131 yetersiz?&#8221; \u015feklindeki bir soru \u00fczerine \u00c7i\u00e7ek, yapt\u0131r\u0131mlar\u0131n yetersiz olmad\u0131\u011f\u0131n\u0131, bunun temelinde hukuka sayg\u0131s\u0131zl\u0131k yatt\u0131\u011f\u0131n\u0131 vurgulad\u0131.<\/p>\n<p style=\"text-align: justify;\">\u00c7i\u00e7ek, &#8220;Maalesef ne kadar \u00f6nemli oldu\u011funu yeni yeni anlamaya \u00e7al\u0131\u015f\u0131yoruz. \u00c7ok konu\u015fup az i\u015f yapt\u0131k bu konuda. \u00c7ok konu\u015ftu\u011fumuz ancak yeteri kadar benimsemedi\u011fimiz bir konudur. Samimi olarak itirafta bulunmam\u0131z laz\u0131m. Kimse kimseyi \u015fu veya bu gruba dahil etmesin. Hukuka sayg\u0131 noktas\u0131nda iyi bir s\u0131nav vermiyoruz. Soru\u015fturman\u0131n gizlili\u011fi noktas\u0131nda T\u00fcrkiye iyi bir s\u0131nav vermiyor&#8221; diye konu\u015ftu.<\/p>\n<p style=\"text-align: justify;\">Soru\u015fturmay\u0131 yapan makamlar\u0131n gerekli s\u0131zmalar\u0131 \u00f6nlemede hassasiyet g\u00f6stermesi gerekti\u011fini, g\u00f6stermeyenler hakk\u0131nda gere\u011finin yap\u0131lmas\u0131 gerekti\u011fini kaydeden \u00c7i\u00e7ek, san\u0131\u011f\u0131n ifadesi al\u0131n\u0131rken avukat\u0131n\u0131n da sorgulamada bulundu\u011funu, bir k\u0131s\u0131m bilgilerin de bu noktadan s\u0131zd\u0131r\u0131l\u0131\u011f\u0131na ili\u015fkin haberlerin \u00e7\u0131kt\u0131\u011f\u0131n\u0131 an\u0131msatt\u0131.<\/p>\n<p style=\"text-align: justify;\">&#8220;Kural ihlali s\u00f6z konusu oldu\u011funda kimsenin imtiyaz\u0131 olamaz. Bu yarg\u0131n\u0131n kendisi ve y\u00fcr\u00fctme i\u00e7in de ge\u00e7erlidir, savunma i\u00e7in de ge\u00e7erlidir, bas\u0131n i\u00e7in de<br \/>\nge\u00e7erlidir&#8221; diyen Ba\u015fbakan Yard\u0131mc\u0131s\u0131 \u00c7i\u00e7ek, &#8220;Birilerinin bu s\u0131zd\u0131rmay\u0131 yap\u0131yor olmas\u0131, bir ba\u015fkas\u0131n\u0131n bu maddeyi ihlal etmesine gerek\u00e7e te\u015fkil etmez. Bunun yaz\u0131lmas\u0131 da su\u00e7tur. Birileri bir yerlerden bir \u015fekilde kanunsuz bilgi veriyorsa g\u00f6r\u00fclmekte olan bir davayla ilgili. &#8216;O verdi ben de yazd\u0131m&#8217; savunmas\u0131 \u00e7ok hukuki de\u011fildir&#8221; dedi.\n<\/p>\n<p style=\"text-align: justify;\">&#8216;Ergenekon&#8217; soru\u015fturmas\u0131n\u0131n ba\u015flang\u0131c\u0131ndan bug\u00fcne kadar soru\u015fturman\u0131n gizlili\u011fini ihlalden 931 soru\u015fturma a\u00e7\u0131ld\u0131\u011f\u0131n\u0131, bunlardan 323&#8217;\u00fc i\u00e7in takipsizlik karar\u0131 verildi\u011fini bildiren \u00c7i\u00e7ek, 516 kovu\u015fturmadan 218&#8217;inin halen devam etti\u011fini, 2 mahkumiyet, 30 beraat ve 118&#8217;i hakk\u0131nda da d\u00fc\u015fme karar\u0131 verildi\u011fini ifade etti.<\/p>\n<p style=\"text-align: justify;\">\u00c7i\u00e7ek, bu soru\u015fturmalar\u0131n bas\u0131n da dahil kamu g\u00f6revlilerini de kapsad\u0131\u011f\u0131n\u0131 s\u00f6yledi.<\/p>\n<p style=\"text-align: justify;\">&#8220;Hepimiz illa da savc\u0131lara dava a\u00e7mas\u0131na gerek olmadan g\u00fcn olur harman olur bu i\u015fler bunu yapanlar\u0131n da ba\u015f\u0131na gelebilir diye hareket etmeliyiz. Dolay\u0131s\u0131yla herkes hukuka sayg\u0131l\u0131 olmal\u0131d\u0131r&#8221; diyen \u00c7i\u00e7ek, hukuka sayg\u0131 olmad\u0131\u011f\u0131 zaman \u00e7\u0131kar\u0131lan yasalar\u0131n da bir anlam\u0131n\u0131n kalmayaca\u011f\u0131n\u0131 vurgulad\u0131.<\/p>\n<p style=\"text-align: justify;\">\u00c7i\u00e7ek, &#8220;Soru\u015fturman\u0131n da anlam\u0131 kalmaz. Bu soru\u015fturmalarla ilgili yerli yersiz \u00e7ok kural ihlali oluyor. Bu hem kurumlar\u0131 hem \u015fah\u0131slar\u0131 rencide eder hale geliyor. Konulmu\u015f kurallar herkesin ki\u015fili\u011fini koruma, adil bir yarg\u0131lamay\u0131 temin etmek i\u00e7indir, evrensel kurallard\u0131r. Genelkurmay Ba\u015fkanl\u0131\u011f\u0131&#8217;n\u0131n CMK&#8217;n\u0131n 157. maddesine at\u0131f yaparak yapt\u0131\u011f\u0131 a\u00e7\u0131klamay\u0131 hukuken de do\u011fru buluyorum, geli\u015fmeler a\u00e7\u0131s\u0131ndan bunun yap\u0131lmas\u0131 gerekti\u011fine inan\u0131yorum. Bu sadece bu soru\u015fturmayla ilgili de\u011fil&#8221; dedi.<\/p>\n<p style=\"text-align: justify;\"><strong>Yasad\u0131\u015f\u0131 telefon dinlemeleri<\/strong><\/p>\n<p style=\"text-align: justify;\">Son g\u00fcnlerde baz\u0131 ki\u015filerin \u00f6zel konu\u015fmalar\u0131n\u0131n internet ortam\u0131nda yay\u0131mlanmas\u0131na ili\u015fkin bir soru \u00fczerine \u00c7i\u00e7ek, &#8220;Kanunsuz her hareket toplum i\u00e7in, kamu d\u00fczeni i\u00e7in tehlike te\u015fkil eder. Ceza kanunlar\u0131n\u0131n temel amac\u0131 kamu d\u00fczenini, kamu g\u00fcvenli\u011fini sa\u011flamakt\u0131r. G\u00fcn\u00fcm\u00fczde \u00e7ok de\u011fi\u015fik sebeplerden dolay\u0131 hukuk kurallar\u0131 bezirgan bir anlay\u0131\u015fla yorumlan\u0131yor. Soyut olaylarla somut kural aras\u0131nda ili\u015fki kurup konu de\u011ferlendirilmek yerine dinlenilen, g\u00f6zalt\u0131na al\u0131nan, tutuklanan ki\u015fi benim fikrimde mi, benim g\u00f6r\u00fc\u015f\u00fcm\u00fc payla\u015f\u0131yor ya da payla\u015fm\u0131yor mu, ona bakarak&#8230; E\u011fer kar\u015f\u0131 fikirden biriyse &#8216;oh olsun&#8217; bu taraftan ise &#8216;ah oldu, vah oldu&#8217;&#8230; B\u00f6yle bir anlay\u0131\u015fla hukuk kurallar\u0131 yorumlanmaya \u00e7al\u0131\u015f\u0131l\u0131yor ya da hakk\u0131nda iddiada bulunulan ki\u015fiyle ilgili hemen meslek dayan\u0131\u015fmas\u0131 \u00f6ne ge\u00e7iyor. Olay\u0131 hukuk kurallar\u0131na g\u00f6re de\u011ferlendirmek yerine hukuk d\u0131\u015f\u0131ndaki bir k\u0131s\u0131m kabullere g\u00f6re de\u011ferlendirmeler yap\u0131l\u0131yor. Bu da zihni karma\u015faya yol a\u00e7\u0131yor&#8221; diye konu\u015ftu.<\/p>\n<p style=\"text-align: justify;\">\u00c7i\u00e7ek, &#8220;Onun i\u00e7in asl\u0131nda bizim 2005 y\u0131l\u0131nda \u00e7\u0131kard\u0131\u011f\u0131m\u0131z TCK, d\u00fcnyadaki en modern kanunlardan biridir. Bu d\u00fczenlemede, hakim karar\u0131 olmadan ve usul\u00fcne g\u00f6re al\u0131nm\u0131\u015f bir karar olmadan yap\u0131lan her t\u00fcrl\u00fc dinleme su\u00e7tur. Dolay\u0131s\u0131yla evvela hukuka sayg\u0131s\u0131 olan herkes bir dinleme s\u00f6z konusu olacaksa bunun usul\u00fcne g\u00f6re al\u0131nm\u0131\u015f kararlar\u0131n sonucunda ortaya \u00e7\u0131kmas\u0131 laz\u0131m. Kanunsuz dinlemeleri su\u00e7 haline getirdik. Cezas\u0131 az de\u011fildir, yetmiyorsa biraz daha art\u0131r\u0131r\u0131z. Mesele ceza art\u0131rmaktan ibaret de\u011fil. 3 y\u0131l ceza az de\u011fil. Kanunsuz dinlemeler sonucunda elde edilen bilgiler ki\u015finin mahkumiyetinde delil olarak kullan\u0131lamaz. Bu da Ceza Kanunu&#8217;nda var. Bunlar ne olur? Siyaset malzemesi olur, dedikodu malzemesi olur&#8221; dedi.<\/p>\n<p style=\"text-align: justify;\"><strong>Muhalefetin ele\u015ftirileri<\/strong><\/p>\n<p style=\"text-align: justify;\">Muhalefetin &#8220;Ergenekon&#8221; soru\u015fturmas\u0131na y\u00f6nelik ele\u015ftirilerinin hat\u0131rlat\u0131lmas\u0131 \u00fczerine \u00c7i\u00e7ek, Anayasa&#8217;n\u0131n 138, TCK&#8217;n\u0131n 288 ve CMK&#8217;nin 157. maddesini en \u00e7ok ihlal edenlerin ba\u015f\u0131nda muhalefetin geldi\u011fini ileri s\u00fcrd\u00fc.<\/p>\n<p style=\"text-align: justify;\">\u00c7i\u00e7ek, &#8220;Burada bir mahkeme ayr\u0131m\u0131 yok. \u0130lk derece mahkemeleri ve temyiz mahkemeleri dahil&#8230; \u0130ki g\u00fcn sonra karar verilecek konuda, &#8216;\u015f\u00f6yle karar verirseniz T\u00fcrkiye kaosa girer&#8217; \u015feklinde a\u00e7\u0131klamalar yap\u0131ld\u0131. Bunu s\u00f6yledikten sonra \u00f6b\u00fcr s\u00f6z\u00fcn ne anlam\u0131 kal\u0131r. Yarg\u0131n\u0131n i\u015fine kar\u0131\u015fmak bir yana, yarg\u0131 tehdit edildi bu \u00fclkede. Yak\u0131n zamanda olanlar\u0131 s\u00f6yl\u00fcyorum. Yarg\u0131y\u0131 tehdit edeceksin, yerindelik denetimi yapmas\u0131n\u0131 tavsiye edeceksin, &#8216;b\u00f6yle olmad\u0131\u011f\u0131 takdirde memlekette kaos \u00e7\u0131kar&#8217; diyeceksin, onlar\u0131 bask\u0131 alt\u0131nda tutmaya \u00e7al\u0131\u015facaks\u0131n sonra da gelip ayn\u0131 maddelere dayanarak, bir ba\u015fka kesimi de\u011ferlendirmeye \u00e7al\u0131\u015facaks\u0131n. Bu \u00e7ok do\u011fru de\u011fil&#8221; dedi.<\/p>\n<p style=\"text-align: justify;\">\u00c7i\u00e7ek, &#8220;\u0130ktidar-muhalefet ayr\u0131m\u0131 yapmaks\u0131z\u0131n s\u00f6yl\u00fcyorum: Hepimiz bu kurallara uymak zorunday\u0131z; yasama, y\u00fcr\u00fctme, yarg\u0131n\u0131n kendisi dahil&#8230; Yarg\u0131n\u0131n da \u00e7ok fazla a\u00e7\u0131klamalar yapt\u0131\u011f\u0131 konusunda \u015fikayetler var. Hi\u00e7bir demokratik \u00fclkede yarg\u0131, m\u00fclakat veren, a\u00e7\u0131klama yapan noktada olmaz. \u00c7\u00fcnk\u00fc bu, kendi tarafs\u0131zl\u0131\u011f\u0131na g\u00f6lge d\u00fc\u015f\u00fcr\u00fcr, yarg\u0131n\u0131n kendisini de tart\u0131\u015fmaya a\u00e7ar. Kurallara herkes uyacak. Bunun istisnas\u0131 yok. Su\u00e7 i\u015fleme noktas\u0131nda kimsenin imtiyaz\u0131 olmaz. \u0130ster kanunsuz dinleme, ister haberle\u015fmenin gizlili\u011fini ihlal, \u00f6zel hayat\u0131n gizlili\u011fini ihlal, hakaret, iftirad\u0131r&#8230; Ceza Kanunu ve \u00f6zel kanunlarda su\u00e7 te\u015fkil eden ne varsa&#8230;&#8221; diye konu\u015ftu.<\/p>\n<p style=\"text-align: justify;\"><span style=\"color: #888888;\">Kaynak : Vatan Gazetesi<\/span><\/p>\n","protected":false},"excerpt":{"rendered":"<p style=\"text-align: center;\">\n<p style=\"text-align: center;\">\n<p style=\"text-align: justify;\">Bakan \u00c7i\u00e7ek, Genelkurmay&#8217;\u0131n &#8220;Ergenekon&#8221; a\u00e7\u0131klamalar\u0131na hak verdi<\/p>\n<p style=\"text-align: justify;\">Devlet Bakan\u0131 Cemil \u00c7i\u00e7ek, Genelkurmay Ba\u015fkanl\u0131\u011f\u0131&#8217;n\u0131n &#8220;Ergenekon&#8221; soru\u015fturmas\u0131nda &#8220;soru\u015fturman\u0131n gizlili\u011fi&#8221; ile ilgili de\u011ferlendirmesinin do\u011fru ve yerinde oldu\u011funu belirtti; &#8220;\u00c7\u00fcnk\u00fc yasalar uyulmak i\u00e7in \u00e7\u0131kar\u0131l\u0131r. Soru\u015fturman\u0131n gizlili\u011fine maalesef bug\u00fcne kadar riayet edilmedi&#8221; dedi.<\/p>\n<p style=\"text-align: justify;\">\u00c7i\u00e7ek, Genelkurmay Ba\u015fkanl\u0131\u011f\u0131&#8217;n\u0131n, &#8220;Ergenekon&#8221; soru\u015fturmas\u0131yla <\/p>\n","protected":false},"author":1,"featured_media":0,"comment_status":"open","ping_status":"closed","sticky":false,"template":"","format":"standard","meta":{"footnotes":""},"categories":[105],"tags":[],"class_list":["post-3232","post","type-post","status-publish","format-standard","hentry","category-gundem","odd"],"_links":{"self":[{"href":"http:\/\/www.korhanyilmaz.com\/index.php?rest_route=\/wp\/v2\/posts\/3232","targetHints":{"allow":["GET"]}}],"collection":[{"href":"http:\/\/www.korhanyilmaz.com\/index.php?rest_route=\/wp\/v2\/posts"}],"about":[{"href":"http:\/\/www.korhanyilmaz.com\/index.php?rest_route=\/wp\/v2\/types\/post"}],"author":[{"embeddable":true,"href":"http:\/\/www.korhanyilmaz.com\/index.php?rest_route=\/wp\/v2\/users\/1"}],"replies":[{"embeddable":true,"href":"http:\/\/www.korhanyilmaz.com\/index.php?rest_route=%2Fwp%2Fv2%2Fcomments&post=3232"}],"version-history":[{"count":0,"href":"http:\/\/www.korhanyilmaz.com\/index.php?rest_route=\/wp\/v2\/posts\/3232\/revisions"}],"wp:attachment":[{"href":"http:\/\/www.korhanyilmaz.com\/index.php?rest_route=%2Fwp%2Fv2%2Fmedia&parent=3232"}],"wp:term":[{"taxonomy":"category","embeddable":true,"href":"http:\/\/www.korhanyilmaz.com\/index.php?rest_route=%2Fwp%2Fv2%2Fcategories&post=3232"},{"taxonomy":"post_tag","embeddable":true,"href":"http:\/\/www.korhanyilmaz.com\/index.php?rest_route=%2Fwp%2Fv2%2Ftags&post=3232"}],"curies":[{"name":"wp","href":"https:\/\/api.w.org\/{rel}","templated":true}]}}