{"id":32317,"date":"2011-05-09T08:34:23","date_gmt":"2011-05-09T05:34:23","guid":{"rendered":"http:\/\/www.korhanyilmaz.com\/?p=32317"},"modified":"2011-05-09T08:34:23","modified_gmt":"2011-05-09T05:34:23","slug":"chp%e2%80%99li-batum%e2%80%99a-16-yil-hapis-istemi","status":"publish","type":"post","link":"http:\/\/www.korhanyilmaz.com\/?p=32317","title":{"rendered":"CHP\u2019li Batum\u2019a 16 y\u0131l hapis istemi"},"content":{"rendered":"<p style=\"text-align: justify;\"><a href=\"http:\/\/www.korhanyilmaz.com\/wp-content\/uploads\/2011\/05\/085.jpg\"  class=\"lightview\"><img loading=\"lazy\" decoding=\"async\" class=\"aligncenter size-full wp-image-32318\" title=\"\" src=\"http:\/\/www.korhanyilmaz.com\/wp-content\/uploads\/2011\/05\/085.jpg\" alt=\"\" width=\"298\" height=\"210\" \/><\/a><\/p>\n<p style=\"text-align: justify;\">CHP milletvekili aday\u0131 S\u00fcheyl Batum ve Deniz \u00dclke Ar\u0131bo\u011fan\u2019\u0131n da aralar\u0131nda bulundu\u011fu 9 ki\u015fi hakk\u0131nda \u201c\u00fcniversite in\u015faat\u0131n\u0131n m\u00fchr\u00fcn\u00fc s\u00f6kmek\u201dten dava a\u00e7\u0131ld\u0131. Batum ve Ar\u0131bo\u011fan\u2019\u0131n 16 y\u0131la kadar hapsi isteniyor.<!--more--><\/p>\n<p style=\"text-align: justify;\">\u0130STANBUL &#8211; Be\u015fikta\u015f\u2019ta bulunan Bah\u00e7e\u015fehir \u00dcniversitesi\u2019ndeki in\u015faat\u0131n m\u00fchr\u00fcn\u00fcn s\u00f6k\u00fclmesi mahkemelik oldu.<\/p>\n<p style=\"text-align: justify;\">Vatan gazetesinin haberine g\u00f6re; \u00fcniversie arazisi i\u00e7erisinde kalan arsada Be\u015fikta\u015f Belediye Ba\u015fkanl\u0131\u011f\u0131 \u0130mar M\u00fcd\u00fcrl\u00fc\u011f\u00fc g\u00f6revlilerince 30 Mart 2006 tarihinde yap\u0131lan incelemede, binan\u0131n \u00f6rt\u00fcs\u00fcn\u00fcn ruhsats\u0131z olarak s\u00f6k\u00fcl\u00fcp demir konstr\u00fcksiyonla yenileme \u00e7al\u0131\u015fmalar\u0131 yap\u0131ld\u0131\u011f\u0131 tespit edildi ve in\u015faat durdurulup m\u00fch\u00fcrlendi.<\/p>\n<p style=\"text-align: justify;\">6 Ekim 2006 tarihinde yap\u0131lan bir di\u011fer incelemede ise m\u00fchr\u00fcn bozuldu\u011fu ve binan\u0131n arka bah\u00e7e k\u0131sm\u0131nda bulunan hangar\u0131n y\u0131k\u0131l\u0131p yerine \u00e7elik konstr\u00fcksiyon ilave yap\u0131ld\u0131\u011f\u0131 ve \u00f6n bah\u00e7e k\u0131sm\u0131nda tek katl\u0131 kafeterya yap\u0131ld\u0131\u011f\u0131 tespit edildi. \u0130n\u015faat durdularak tekrar m\u00fch\u00fcrlendi.<\/p>\n<p style=\"text-align: justify;\">4 A\u011fustos 2008 tarihindeki incelemede m\u00fchr\u00fcn yine bozuldu\u011fu ve deniz taraf\u0131nda bulunan \u00e7ad\u0131r\u0131n b\u00fcy\u00fct\u00fcl\u00fcp \u00e7elik putrellerle yenilendi\u011fini tespit edildi ve yine m\u00fch\u00fcrlendi.<\/p>\n<p style=\"text-align: justify;\">Ancak 2 Eyl\u00fcl 2008 \u2019de yap\u0131lan rutin incelemede m\u00fchr\u00fcn tekrar bozuldu\u011fu, tek katl\u0131 \u00e7elik putrellerle kapat\u0131lm\u0131\u015f alan\u0131n yerine eskisinin devam\u0131 niteli\u011finde iki kat y\u00fcksekli\u011finde \u00e7elik putrellerden ruhsats\u0131z in\u015faat yap\u0131ld\u0131\u011f\u0131 tespit edildi.<\/p>\n<p style=\"text-align: justify;\">Bu in\u015faat\u0131 da m\u00fch\u00fcrleyen g\u00f6revliler son olarak 5 Ekim 2010 tarihinde yapt\u0131klar\u0131 incelemelerde m\u00fchr\u00fcn bozularak \u00fc\u00e7 kat \u00e7elik putrellerle yap\u0131lan ruhsats\u0131z in\u015faat\u0131n \u00fczerine tek kat ilave yap\u0131l\u0131p iskan edildi\u011fini tespit etti. Ruhsats\u0131z in\u015faat\u0131n \u00f6n\u00fcne ge\u00e7emeyen yetkililer savc\u0131l\u0131\u011fa su\u00e7 duyurusunda bulundu.<\/p>\n<p style=\"text-align: justify;\">\u0130ddianamede ruhsats\u0131z in\u015faat yapt\u0131rmak suretiyle imar kirlili\u011fine neden olmak ve m\u00fch\u00fcr bozma su\u00e7lar\u0131n\u0131n sorumlusunun Bah\u00e7e\u015fehir \u00dcniversitesi M\u00fctevelli Heyeti Ba\u015fkan\u0131 Enver Y\u00fccel ve \u00fcniversite t\u00fczel ki\u015fili\u011fini temsil eden M\u00fctevelli Heyeti \u00dcyeleri Kenan Torlak, Eser Alptekin, Azmi Ofluo\u011flu, \u015e\u00fckr\u00fc Karata\u015f, \u015eener Macun, Y\u0131lmaz Esmer, \u00c7o\u015fkun \u0130nce, Deniz \u00dclke Ar\u0131bo\u011fan oldu\u011fu belirtildi.<\/p>\n<p style=\"text-align: justify;\">Savc\u0131 \u015f\u00fcpheliler Enver Y\u00fccel, Kenan Torlak, Eser Alptekin, Azmi Ofluo\u011flu, \u015e\u00fckr\u00fc Karata\u015f hakk\u0131nda \u201cimar kirlili\u011fine neden olmak \u201d su\u00e7undan 5\u2019er kez olmak \u00fczer ve \u201cm\u00fch\u00fcr bozma\u201d su\u00e7undan da 4\u2019er kez olmak \u00fczere toplamda 7 y\u0131ldan 37 y\u0131la kadar hapis istemiyle dava a\u00e7t\u0131.<\/p>\n<p style=\"text-align: justify;\">Di\u011fer \u015f\u00fcpheliler Y\u0131lmaz Esmer ve Co\u015fkun \u0130nce i\u00e7in 1,5 y\u0131ldan 8 y\u0131la kadar; \u015eener Macun i\u00e7in 5,5 y\u0131ldan 29 y\u0131la kadar; Deniz \u00dclke Ar\u0131bo\u011fan ve S\u00fcheyl Batum i\u00e7in ise 3 y\u0131ldan 16 y\u0131la kadar hapis istemiyle dava a\u00e7\u0131ld\u0131. Dava, \u0130stanbul Asliye Ceza Mahkemesi \u2019nde g\u00f6r\u00fclecek.<\/p>\n<p style=\"text-align: justify;\"><a href=\"http:\/\/www.gazeteport.com.tr\/GUNCEL\/NEWS\/GP_901470\" target=\"_blank\">Kaynak : GAZETEPORT<\/a><\/p>\n","protected":false},"excerpt":{"rendered":"<p style=\"text-align: justify;\">\n<p style=\"text-align: justify;\">CHP milletvekili aday\u0131 S\u00fcheyl Batum ve Deniz \u00dclke Ar\u0131bo\u011fan\u2019\u0131n da aralar\u0131nda bulundu\u011fu 9 ki\u015fi hakk\u0131nda \u201c\u00fcniversite in\u015faat\u0131n\u0131n m\u00fchr\u00fcn\u00fc s\u00f6kmek\u201dten dava a\u00e7\u0131ld\u0131. Batum ve Ar\u0131bo\u011fan\u2019\u0131n 16 y\u0131la kadar hapsi isteniyor.<\/p>\n","protected":false},"author":1,"featured_media":0,"comment_status":"open","ping_status":"closed","sticky":false,"template":"","format":"standard","meta":{"footnotes":""},"categories":[105],"tags":[],"class_list":["post-32317","post","type-post","status-publish","format-standard","hentry","category-gundem","odd"],"_links":{"self":[{"href":"http:\/\/www.korhanyilmaz.com\/index.php?rest_route=\/wp\/v2\/posts\/32317","targetHints":{"allow":["GET"]}}],"collection":[{"href":"http:\/\/www.korhanyilmaz.com\/index.php?rest_route=\/wp\/v2\/posts"}],"about":[{"href":"http:\/\/www.korhanyilmaz.com\/index.php?rest_route=\/wp\/v2\/types\/post"}],"author":[{"embeddable":true,"href":"http:\/\/www.korhanyilmaz.com\/index.php?rest_route=\/wp\/v2\/users\/1"}],"replies":[{"embeddable":true,"href":"http:\/\/www.korhanyilmaz.com\/index.php?rest_route=%2Fwp%2Fv2%2Fcomments&post=32317"}],"version-history":[{"count":0,"href":"http:\/\/www.korhanyilmaz.com\/index.php?rest_route=\/wp\/v2\/posts\/32317\/revisions"}],"wp:attachment":[{"href":"http:\/\/www.korhanyilmaz.com\/index.php?rest_route=%2Fwp%2Fv2%2Fmedia&parent=32317"}],"wp:term":[{"taxonomy":"category","embeddable":true,"href":"http:\/\/www.korhanyilmaz.com\/index.php?rest_route=%2Fwp%2Fv2%2Fcategories&post=32317"},{"taxonomy":"post_tag","embeddable":true,"href":"http:\/\/www.korhanyilmaz.com\/index.php?rest_route=%2Fwp%2Fv2%2Ftags&post=32317"}],"curies":[{"name":"wp","href":"https:\/\/api.w.org\/{rel}","templated":true}]}}