{"id":32289,"date":"2011-05-08T15:56:51","date_gmt":"2011-05-08T12:56:51","guid":{"rendered":"http:\/\/www.korhanyilmaz.com\/?p=32289"},"modified":"2011-05-08T15:56:51","modified_gmt":"2011-05-08T12:56:51","slug":"bahceli-bu-iktidar-gitmeli","status":"publish","type":"post","link":"http:\/\/www.korhanyilmaz.com\/?p=32289","title":{"rendered":"Bah\u00e7eli: Bu iktidar gitmeli"},"content":{"rendered":"<p style=\"text-align: center;\"><a href=\"http:\/\/www.korhanyilmaz.com\/wp-content\/uploads\/2011\/05\/081.jpg\"  class=\"lightview\"><img loading=\"lazy\" decoding=\"async\" class=\"aligncenter size-full wp-image-32290\" src=\"http:\/\/www.korhanyilmaz.com\/wp-content\/uploads\/2011\/05\/081.jpg\" alt=\"\" width=\"465\" height=\"248\" \/><\/a><\/p>\n<p style=\"text-align: justify;\">MHP Genel Ba\u015fkan\u0131 Devlet Bah\u00e7eli, &#8221;Say\u0131n Ba\u015fbakan (yola devam diyor) ama hay\u0131r yola devam de\u011fil, seni iktidara de\u011fil, y\u00fcce divana g\u00f6ndermenin zaman\u0131d\u0131r. \u00c7\u00fcnk\u00fc bu yoksullu\u011fun hesab\u0131 sorulacak&#8221; dedi.<\/p>\n<p style=\"text-align: justify;\">Bah\u00e7eli son g\u00fcnlerde \u00e7\u0131kan kaset skandallar\u0131n\u0131n arkas\u0131ndaki ismi a\u00e7\u0131klad\u0131 ve konuyla ilgili Ba\u015fbakan&#8217;a seslendi.<!--more--><\/p>\n<p style=\"text-align: justify;\">Partisinin \u00c7ekmek\u00f6y Madenler Meydan\u0131&#8217;nda d\u00fczenledi\u011fi mitingde konu\u015fan Bah\u00e7eli, \u0130stanbul&#8217;da \u00fc\u00e7 g\u00fcnd\u00fcr programlar yapt\u0131klar\u0131n\u0131, \u0130stanbul&#8217;u il\u00e7e il\u00e7e gezdiklerini, d\u00fc\u015f\u00fcncelerini vatanda\u015flarla payla\u015ft\u0131klar\u0131n\u0131 s\u00f6yledi.<\/p>\n<p style=\"text-align: justify;\">\u0130stanbul&#8217;da MHP&#8217;ye kar\u015f\u0131 \u00e7ok b\u00fcy\u00fck bir ilgi oldu\u011funu belirten Bah\u00e7eli, \u015f\u00f6yle devam etti:<\/p>\n<p style=\"text-align: justify;\">&#8221;Bu se\u00e7imler, T\u00fcrkiye&#8217;nin \u00e7ok \u00f6nemli bir s\u00fcre\u00e7te beka sorunuyla kar\u015f\u0131 kar\u015f\u0131ya oldu\u011fu bir d\u00f6nemde yap\u0131lmaktad\u0131r. Bu se\u00e7imler, milletin kaderini belirleyecek. 12 Haziran, milletimizin karar an\u0131 olacak. B\u00fct\u00fcn \u0130stanbullulardan dile\u011fim; mutlaka ve mutlaka sand\u0131\u011fa gitmelisiniz. E\u011fer \u00e7ok y\u00fcksek bir kat\u0131l\u0131mla se\u00e7imler yap\u0131l\u0131rsa se\u00e7im sonu\u00e7lar\u0131n\u0131n \u00fczerinde kimse bir tart\u0131\u015fma yaratamayacakt\u0131r. Herhangi bir \u015fekilde hile kar\u0131\u015fmamas\u0131, y\u00fcksek kat\u0131l\u0131mla olmas\u0131 \u00e7ok \u00f6nem ta\u015f\u0131yor.&#8221;<\/p>\n<p style=\"text-align: justify;\">T\u00fcrkiye&#8217;yi yakla\u015f\u0131k dokuz y\u0131ld\u0131r Adalet ve Kalk\u0131nma Partisi&#8217;nin y\u00f6netti\u011fine i\u015faret eden Bah\u00e7eli, \u015f\u00f6yle konu\u015ftu:<\/p>\n<p style=\"text-align: justify;\">&#8221;Adalet ve Kalk\u0131nma Partisi, ortaya koydu\u011fu politikalarla, tek ba\u015f\u0131na bir iktidar d\u00f6neminde, T\u00fcrkiye&#8217;nin kar\u015f\u0131 kar\u015f\u0131ya kald\u0131\u011f\u0131 sosyal ve ekonomik sorunlar\u0131n \u00e7\u00f6z\u00fcm\u00fcnde ba\u015far\u0131l\u0131 olmad\u0131\u011f\u0131n\u0131n i\u015faretidir. Hi\u00e7bir siyasi partiye nasip olmayan say\u0131sal \u00e7o\u011funluk, Adalet ve Kalk\u0131nma Partisi&#8217;nin Mecliste alaca\u011f\u0131 bir karara, \u00e7\u0131karaca\u011f\u0131 bir yasaya veya h\u00fck\u00fcmet olarak uygulayaca\u011f\u0131 politikaya engel te\u015fkil etmeyecek bir g\u00fc\u00e7tedir ancak, aradan ge\u00e7en s\u00fcre i\u00e7inde, bu tarihi imkan\u0131 iyi de\u011ferlendirememi\u015f ve \u00fclkemiz \u00e7ok a\u011f\u0131r, ciddi sorunlarla kar\u015f\u0131 kar\u015f\u0131ya b\u0131rak\u0131lm\u0131\u015ft\u0131r; bunlar i\u015fsizlik, yoksulluk, asayi\u015fsizlik, etnik temelli b\u00f6l\u00fcc\u00fc ter\u00f6r\u00fcn t\u0131rmanmas\u0131d\u0131r. Bunun arkas\u0131nda sa\u011fl\u0131k ve e\u011fitim sorunlar\u0131 gelmektedir.&#8221;<\/p>\n<p style=\"text-align: justify;\">Bah\u00e7eli, T\u00fcrkiye&#8217;de en \u00f6nemli sorunun i\u015fsizlik oldu\u011funu, i\u015fsizlerin y\u00fczde 22&#8217;sini gen\u00e7lerin olu\u015fturdu\u011funu belirtti.<\/p>\n<p style=\"text-align: justify;\"><strong>&#8221;BU \u0130KT\u0130DAR G\u0130TMEL\u0130&#8221;<\/strong><\/p>\n<p style=\"text-align: justify;\">AK Parti&#8217;nin \u00fc\u00e7\u00fcnc\u00fc defa iktidar olmas\u0131n\u0131n hayal olmas\u0131 gerekti\u011fini savunan Bah\u00e7eli, \u015funlar\u0131 s\u00f6yledi:<\/p>\n<p style=\"text-align: justify;\">&#8221;\u00c7\u00fcnk\u00fc, dokuz y\u0131la yak\u0131n s\u00fcrede bu kadar say\u0131sal \u00e7o\u011funlukla bir \u015fey yapamayanlar\u0131n, \u00fc\u00e7\u00fcnc\u00fc d\u00f6nem i\u00e7in (d\u00fcn bir \u015fey yapamad\u0131k ama bug\u00fcn yapar\u0131z) demesi inand\u0131r\u0131c\u0131 de\u011fil. \u0130ktidar yorulmu\u015ftur, y\u0131pranm\u0131\u015ft\u0131r, gelecekte yapabilece\u011fi bir \u015fey kalmam\u0131\u015ft\u0131r. Dolay\u0131s\u0131yla \u00fc\u00e7\u00fcnc\u00fc d\u00f6nemi s\u00f6z konusu olmamal\u0131. \u0130ktidar olmazsa ne olur? (T\u00fcrkiye&#8217;de istikrars\u0131zl\u0131k olur) diyerek halk\u0131 kayg\u0131ya ve korkuya sevk ediyorlar. Adalet ve Kalk\u0131nma Partisi&#8217;nin gitmesi T\u00fcrkiye&#8217;nin kurtulu\u015fu olur. T\u00fcrkiye&#8217;nin sorunlar\u0131 \u00e7\u00f6zecek bir zaman kazanmas\u0131, yeni bir iktidara umutla yakla\u015fmas\u0131 ve toplumsal bar\u0131\u015f\u0131 ve huzuru beraberinde getirir. Onun i\u00e7in bug\u00fcnk\u00fc iktidar gitmeli. Say\u0131n Ba\u015fbakan (yola devam diyor) ama hay\u0131r, yola devam de\u011fil, seni iktidara de\u011fil, y\u00fcce divana g\u00f6ndermenin zaman\u0131d\u0131r. \u00c7\u00fcnk\u00fc bu yoksullu\u011fun hesab\u0131 sorulacak. Muhalefeti, vatanda\u015f\u0131, kendisini ele\u015ftirenleri her zaman bask\u0131yla, baz\u0131 ayak oyunlar\u0131yla iktidar olaca\u011f\u0131na inan\u0131yorsa aldan\u0131yorsun kendi kendini kand\u0131r\u0131yorsun. D\u00fcn Adalet ve Kalk\u0131nma Partisiydin&#8230; Sen aldatan ve kand\u0131ran bir partisin. Vatanda\u015fa hizmet etmek i\u00e7in de\u011fil, yar\u0131n yarg\u0131 \u00f6n\u00fcne \u00e7\u0131k\u0131p dokuz y\u0131l\u0131n her t\u00fcrl\u00fc iftiras\u0131n\u0131, ayak oyununu, sald\u0131r\u0131s\u0131n\u0131, soygununu, ihalesini senden hesap soracak birileri geliyor diye korkuyorsun ve panik i\u00e7erisindesin.&#8221;<\/p>\n<p style=\"text-align: justify;\"><strong>&#8221;PAKET DEMOKRAS\u0130S\u0130&#8221;<\/strong><\/p>\n<p style=\"text-align: justify;\">AK Parti&#8217;nin se\u00e7im d\u00f6nemlerinde sosyal yard\u0131mla\u015fma fonu alt\u0131nda baz\u0131 yard\u0131mlarda bulundu\u011funu ifade eden Bah\u00e7eli, \u015f\u00f6yle dedi:<\/p>\n<p style=\"text-align: justify;\">&#8221;Se\u00e7im d\u00f6neminde yoksulu suiistimal ediyorlar ve tekrar iktidar olman\u0131n gayreti i\u00e7ine giriyorlar. Sosyal devletin gere\u011fiyle yoksula, i\u015fsize, yetimlere, hastalara, \u00f6ks\u00fczlere fon ayr\u0131l\u0131yor. Demek ki size gelen yard\u0131mlar, Adalet ve Kalk\u0131nma Partisi&#8217;nin ihalelerle, imar rantlar\u0131yla, haks\u0131z kazan\u00e7larla elde ettikleri gelirden gelmiyor. Sizin, \u00e7al\u0131\u015fan\u0131n vergisinden geliyor. Demek ki, bu paketin sahibi millettir. \u00d6yleyse bu yard\u0131m paketleri sizindir, helalinizdir, hakk\u0131n\u0131zd\u0131r. Al\u0131n paketi vurun tokad\u0131 gitsin. Paket demokrasi oluyor. Bu b\u00f6yle mi devam edecek? Yoksullar \u00fczerinden mi iktidar olmay\u0131 ger\u00e7ekle\u015ftirece\u011fiz? Buna dur diyecek bir politika olamaz m\u0131? MHP, iktidar\u0131n her t\u00fcrl\u00fc tahribat\u0131n\u0131 ortadan kald\u0131racak bir onar\u0131m ve toparlanma h\u00fck\u00fcmeti kurarak, T\u00fcrkiye&#8217;nin 100 acil sorununa \u00e7\u00f6z\u00fcm getirmek suretiyle \u00fclkemizi rahatlatmak, huzura kavu\u015fturmak ve bin y\u0131ll\u0131k karde\u015fli\u011fimizi devam ettirmek arzusu ta\u015f\u0131yor.&#8221;<\/p>\n<p style=\"text-align: justify;\">Bu arada miting \u00f6ncesi CHP&#8217;nin se\u00e7im minib\u00fcs\u00fcnden,&#8221;MHP Genel Ba\u015fkan\u0131 say\u0131n Bah\u00e7eli, birazdan \u00c7ekmek\u00f6y halk\u0131yla bulu\u015facak&#8221; anonsu yap\u0131ld\u0131\u011f\u0131 dikkat \u00e7ekti.<\/p>\n<p style=\"text-align: justify;\"><strong>KASETLER\u0130N ARKASINDAK\u0130 \u0130SM\u0130 A\u00c7IKLADI<\/strong><\/p>\n<p style=\"text-align: justify;\"><span style=\"text-decoration: underline;\">MHP lideri Bah\u00e7eli, &#8220;<strong>\u0130brahim Faruk Bay\u0131nd\u0131r<\/strong> kimdir? AK Parti&#8217;ye milletvekili adayl\u0131\u011f\u0131na m\u00fcracaat etmi\u015f midir? Say\u0131n Ba\u015fbakan bunlar\u0131 a\u00e7\u0131kla. A\u015fa\u011f\u0131l\u0131k r\u00f6ntgencileri de\u015fifre et aksi takdirde g\u00f6kkubbeyi ba\u015f\u0131na y\u0131kmaya kararl\u0131y\u0131z&#8221; dedi.<\/span><\/p>\n<p style=\"text-align: justify;\">\u0130stanbul&#8217;da se\u00e7im \u00e7al\u0131\u015fmalar\u0131n\u0131 s\u00fcrd\u00fcren MHP Genel Ba\u015fkan\u0131 Devlet Bah\u00e7eli, ikinci kaset olay\u0131na k\u00fcrs\u00fcden yan\u0131t verdi.<\/p>\n<p style=\"text-align: justify;\">Bah\u00e7eli, \u015funlar\u0131 s\u00f6yledi: &#8220;Buray\u0131 iyi dinleyin! \u0130brahim Faruk Bay\u0131nd\u0131r kimdir? Bu \u015fah\u0131s K\u00fc\u00e7\u00fck\u00e7ekmece Belediyesi&#8217;nde AK Parti meclis \u00fcyeli\u011fi yapm\u0131\u015f m\u0131d\u0131r? Arkas\u0131ndan istifa ederek \u0130stanbul 3. b\u00f6lgeden milletvekili adayl\u0131\u011f\u0131na m\u00fcracaat etmi\u015f midir? Bu ki\u015finin partimizi zan ve t\u00f6hmet alt\u0131na alan ve yay\u0131nlara ev sahipli\u011fi yapan kirli internet siteleriyle ne t\u00fcr bir ba\u011flant\u0131s\u0131 vard\u0131r? &#8216;\u00dclk\u00fcc\u00fcgazete&#8217; isimli fitne yuvas\u0131n\u0131n de\u011fi\u015fik \u00fclkeler \u00fczerinden yapt\u0131\u011f\u0131 al\u00e7ak yay\u0131nlar\u0131 bu \u015fah\u0131s ve y\u00fczleri karanl\u0131kta kalan ortaklar\u0131 m\u0131 ger\u00e7ekle\u015ftirmektedir? Say\u0131n Ba\u015fbakan, bunlar\u0131 a\u00e7\u0131kla. \u015eerefiniz ve siyasi namusunuz hala biraz varsa bunlara kar\u015f\u0131l\u0131k ver.<\/p>\n<p style=\"text-align: justify;\">Odalar kamera koydurup \u00f6zel hayatlar\u0131 g\u00f6zetleyen a\u015fa\u011f\u0131l\u0131k r\u00f6ntgencileri sen de de\u015fifre et ve bize y\u00f6nelik oyunlar\u0131 tezgahlayanlar\u0131 ortaya \u00e7\u0131kar. Aksi takdirde, g\u00f6kkubbeyi ba\u015f\u0131na y\u0131kmaya kararl\u0131y\u0131z.<\/p>\n<p style=\"text-align: justify;\">Pisliklerinizi, tuzaklar\u0131n\u0131z\u0131, kumpaslar\u0131n\u0131z\u0131 yok etmek i\u00e7in sab\u0131rs\u0131z\u0131z. Elbette her dava arkada\u015f\u0131m\u0131n davran\u0131\u015f ve ya\u015fay\u0131\u015f\u0131ndan son derece dikkatli ve \u00f6zenli olmas\u0131 gerekmektedir. \u00d6zel hayat\u0131n s\u0131n\u0131rlar\u0131 i\u00e7erisinde yer alsa da de\u011ferlerimizle, ilkelerimizle, inan\u00e7lar\u0131m\u0131zla, \u00fclk\u00fclerimizle ba\u011fda\u015fmayan tav\u0131r ve hareketleri tasvip etmemiz imkans\u0131zd\u0131r. Ahlaki zaaflar\u0131 bulanlar, nefislerine teslim olanlar, ak\u0131llar\u0131n\u0131 ba\u015flar\u0131na almal\u0131d\u0131rlar. Ve aram\u0131zda yer bulamayacaklar\u0131n\u0131 kesinlikle bilmelidirler. \u00dclk\u00fcc\u00fcl\u00fc\u011f\u00fcn de\u011ferleriyle ve kabulleriyle ba\u011fda\u015fmayan kim varsa yan\u0131m\u0131zda asla duramayacakt\u0131r.<\/p>\n<p style=\"text-align: justify;\">Ahlaktan, erdemden, edepten, terbiyeden, do\u011fru ve insan iyi olmaktan zerre kadar taviz vermeden Allah&#8217;\u0131n izniyle yolumuza devam edece\u011fiz. Aksi davran\u0131\u015flar\u0131 g\u00f6sterenleri mutlaka ay\u0131klayaca\u011f\u0131z. B\u00fct\u00fcn g\u00f6zler \u00fczerimizdedir, \u015faibelere katlanmam\u0131z m\u00fcmk\u00fcn de\u011fildir. G\u00f6rmezden gelmemiz, ho\u015fg\u00f6rmemiz ahlak\u00e7\u0131l\u0131k ilkemizle asla uyu\u015fmayacakt\u0131r.<\/p>\n<p style=\"text-align: justify;\">Ba\u015fta iktidar olmak \u00fczere malum odaklar, b\u00f6l\u00fcnmeye ve karde\u015f kavgas\u0131na engel olarak g\u00f6rd\u00fckleri milliyet\u00e7i hareketi \u00e7\u00f6zmek ve i\u015ften \u00e7\u00f6kertmek i\u00e7in ellerinden geleni yapacaklard\u0131r. Okyanus \u00f6tesi fetva makamlar\u0131n\u0131n ve i\u00e7erideki uzant\u0131lar\u0131n\u0131n da tahrik ve provakosyanlar\u0131n\u0131n menzilinde emin olunuz ki siz de vars\u0131n\u0131z. Evet onlara g\u00f6re, tehdit olan milliyet\u00e7iliktir. Artan tehlike, \u00e7\u0131\u011f gibi b\u00fcy\u00fcyen tehlike sizsiniz.<\/p>\n<p style=\"text-align: justify;\"><a href=\"http:\/\/www.gazeteport.com.tr\/SIYASET\/NEWS\/GP_901216\" target=\"_blank\">Kaynak : GAZETEPORT<\/a><\/p>\n","protected":false},"excerpt":{"rendered":"<p style=\"text-align: center;\">\n<p style=\"text-align: justify;\">MHP Genel Ba\u015fkan\u0131 Devlet Bah\u00e7eli, &#8221;Say\u0131n Ba\u015fbakan (yola devam diyor) ama hay\u0131r yola devam de\u011fil, seni iktidara de\u011fil, y\u00fcce divana g\u00f6ndermenin zaman\u0131d\u0131r. \u00c7\u00fcnk\u00fc bu yoksullu\u011fun hesab\u0131 sorulacak&#8221; dedi.<\/p>\n<p style=\"text-align: justify;\">Bah\u00e7eli son g\u00fcnlerde \u00e7\u0131kan kaset skandallar\u0131n\u0131n arkas\u0131ndaki ismi a\u00e7\u0131klad\u0131 ve konuyla ilgili Ba\u015fbakan&#8217;a seslendi.<\/p>\n","protected":false},"author":1,"featured_media":0,"comment_status":"open","ping_status":"closed","sticky":false,"template":"","format":"standard","meta":{"footnotes":""},"categories":[105],"tags":[],"class_list":["post-32289","post","type-post","status-publish","format-standard","hentry","category-gundem","odd"],"_links":{"self":[{"href":"http:\/\/www.korhanyilmaz.com\/index.php?rest_route=\/wp\/v2\/posts\/32289","targetHints":{"allow":["GET"]}}],"collection":[{"href":"http:\/\/www.korhanyilmaz.com\/index.php?rest_route=\/wp\/v2\/posts"}],"about":[{"href":"http:\/\/www.korhanyilmaz.com\/index.php?rest_route=\/wp\/v2\/types\/post"}],"author":[{"embeddable":true,"href":"http:\/\/www.korhanyilmaz.com\/index.php?rest_route=\/wp\/v2\/users\/1"}],"replies":[{"embeddable":true,"href":"http:\/\/www.korhanyilmaz.com\/index.php?rest_route=%2Fwp%2Fv2%2Fcomments&post=32289"}],"version-history":[{"count":0,"href":"http:\/\/www.korhanyilmaz.com\/index.php?rest_route=\/wp\/v2\/posts\/32289\/revisions"}],"wp:attachment":[{"href":"http:\/\/www.korhanyilmaz.com\/index.php?rest_route=%2Fwp%2Fv2%2Fmedia&parent=32289"}],"wp:term":[{"taxonomy":"category","embeddable":true,"href":"http:\/\/www.korhanyilmaz.com\/index.php?rest_route=%2Fwp%2Fv2%2Fcategories&post=32289"},{"taxonomy":"post_tag","embeddable":true,"href":"http:\/\/www.korhanyilmaz.com\/index.php?rest_route=%2Fwp%2Fv2%2Ftags&post=32289"}],"curies":[{"name":"wp","href":"https:\/\/api.w.org\/{rel}","templated":true}]}}