{"id":32283,"date":"2011-05-08T14:05:38","date_gmt":"2011-05-08T11:05:38","guid":{"rendered":"http:\/\/www.korhanyilmaz.com\/?p=32283"},"modified":"2011-05-08T14:05:38","modified_gmt":"2011-05-08T11:05:38","slug":"kilicdaroglundan-yeni-bir-vaat","status":"publish","type":"post","link":"http:\/\/www.korhanyilmaz.com\/?p=32283","title":{"rendered":"K\u0131l\u0131\u00e7daro\u011flu&#8217;ndan yeni bir vaat"},"content":{"rendered":"<p style=\"text-align: justify;\"><a href=\"http:\/\/www.korhanyilmaz.com\/wp-content\/uploads\/2011\/05\/080.jpg\"  class=\"lightview\"><img loading=\"lazy\" decoding=\"async\" class=\"aligncenter size-full wp-image-32284\" src=\"http:\/\/www.korhanyilmaz.com\/wp-content\/uploads\/2011\/05\/080.jpg\" alt=\"\" width=\"414\" height=\"221\" \/><\/a><\/p>\n<p style=\"text-align: justify;\">CHP Genel Ba\u015fkan\u0131 Kemal K\u0131l\u0131\u00e7daro\u011flu, iktidar olmalar\u0131 halinde \u00e7iftinin elektrik bor\u00e7lar\u0131n\u0131 t\u00fcm\u00fcyle s\u0131f\u0131rlayacaklar\u0131n\u0131 s\u00f6yledi.<\/p>\n<p style=\"text-align: justify;\">N\u0130\u011eDE- K\u0131l\u0131\u00e7daro\u011flu, partisi taraf\u0131ndan Ni\u011fde&#8217;de h\u00fck\u00fcmet meydan\u0131nda d\u00fczenlenen mitingde halka hitap etti. Miting alan\u0131nda &#8221;Ba\u015fbakan K\u0131l\u0131\u00e7daro\u011flu&#8221; sloganlar\u0131yla kar\u015f\u0131lanan K\u0131l\u0131\u00e7daro\u011flu, sloganlara, &#8221;Halk\u0131n deste\u011fiyle ba\u015fbakan da olaca\u011f\u0131z, bu \u00fclkeyi AKP h\u00fck\u00fcmetinden kurtaraca\u011f\u0131z&#8221; dedi. <!--more--><\/p>\n<p style=\"text-align: justify;\">Konu\u015fmas\u0131nda h\u00fck\u00fcmeti ele\u015ftiren K\u0131l\u0131\u00e7daro\u011flu, &#8221;Onlar \u00fclkeyi y\u00f6netmiyor, onlar nas\u0131l k\u00f6\u015feyi d\u00f6neriz onun hesab\u0131n\u0131 yap\u0131yorlar&#8221; diye konu\u015ftu. \u00dclkede t\u00fcy\u00fc bitmemi\u015f yetimin hakk\u0131n\u0131 yiyenlerden hesap soracaklar\u0131n\u0131 belirten K\u0131l\u0131\u00e7daro\u011flu, &#8221;T\u00fcy\u00fc bitmemi\u015f yetimin hakk\u0131n\u0131 yiyenlerden hesap sormayacak m\u0131y\u0131z? Onlardan bunun hesab\u0131n\u0131 fitil fitil soraca\u011f\u0131z. \u00c7ift\u00e7inin, esnaf\u0131n hakk\u0131n\u0131 yiyeceksin, sonra ben \u00fclkeyi y\u00f6netiyorum diyeceksin. Hala kendini \u0130stanbul belediye ba\u015fkan\u0131 san\u0131yorsun&#8221; dedi.<\/p>\n<p style=\"text-align: justify;\">H\u00fck\u00fcmetin, &#8221;Hedefimiz 2023&#8221; dedi\u011fine dikkat \u00e7eken K\u0131l\u0131\u00e7daro\u011flu, 1923&#8217;\u00fc bilmeyenlerin 2023&#8217;ten haberi olmayaca\u011f\u0131n\u0131 s\u00f6yledi.<\/p>\n<p style=\"text-align: justify;\">Kemal K\u0131l\u0131\u00e7daro\u011flu, \u015f\u00f6yle konu\u015ftu: &#8221;Hedefimiz 2023 diyorlar. 1923 vizyonu olmayanlar\u0131n 2023 vizyonu olabilir mi? 1923&#8217;\u00fc bilmeyenlerin 2023&#8217;ten haberi olmaz. 12 milyon 815 bin yoksulumuz var ama ne diyorlar? &#8216;\u0130stikrar s\u00fcrs\u00fcn&#8217; diyorlar, &#8216;yoksulluk devam etsin&#8217; diyorlar, bunu kabul edecek misiniz? Hi\u00e7bir \u00e7ocuk yata\u011fa a\u00e7 girmesin, diyoruz. Ekonomik \u0130\u015fbirli\u011fi ve Kalk\u0131nma \u00d6rg\u00fct\u00fcn\u00fcn raporuna g\u00f6re, her on \u00e7ocuktan biri a\u00e7. &#8216;\u0130stikrar s\u00fcrs\u00fcn&#8217; diyor. Senin istikrar\u0131n devam ediyor, millette istikrar m\u0131 kald\u0131.&#8221;<\/p>\n<p style=\"text-align: justify;\">\u0130ktidara gelmeleri halinde \u00e7ift\u00e7inin elektrik bor\u00e7lar\u0131n\u0131 t\u00fcm\u00fcyle s\u0131f\u0131rlayacaklar\u0131n\u0131, bu konuda s\u00f6z verdi\u011fini vurgulayan K\u0131l\u0131\u00e7daro\u011flu, &#8221;Bar\u0131\u015f getirmi\u015fler, faizleri biraz d\u00fc\u015f\u00fcreceklermi\u015f, \u00e7ift\u00e7i bor\u00e7lar\u0131n\u0131 \u00f6deyecekmi\u015f&#8230; Patates ekmeyi yasaklam\u0131\u015fs\u0131n \u00e7ift\u00e7i borcunu nas\u0131l \u00f6deyecek? Size bir s\u00f6z\u00fcm var; elektrik bor\u00e7lar\u0131n\u0131 t\u00fcm\u00fcyle s\u0131f\u0131rlayaca\u011f\u0131m. Bunu Ni\u011fde&#8217;den ilk kez a\u00e7\u0131kl\u0131yorum. \u00c7ift\u00e7inin borcu s\u0131f\u0131rlanacak, elektrik borcu kalmayacak&#8221; dedi.<\/p>\n<p style=\"text-align: justify;\">Bug\u00fcn\u00fcn Anneler G\u00fcn\u00fc oldu\u011funa i\u015faret eden K\u0131l\u0131\u00e7daro\u011flu, b\u00fct\u00fcn annelerin elini \u00f6pt\u00fc\u011f\u00fcn\u00fc ve onlar\u0131n g\u00fcn\u00fcn\u00fc kutlad\u0131\u011f\u0131n\u0131 dile getirdi.<\/p>\n<p style=\"text-align: justify;\">B\u00fct\u00fcn annelerin kutsal oldu\u011funu ve ba\u015flar\u0131n\u0131n \u00fczerinde yeri oldu\u011funu ifade eden K\u0131l\u0131\u00e7daro\u011flu, Samsun&#8217;da 2.5 ayl\u0131k K\u00fcbra bebe\u011fin a\u00e7l\u0131ktan \u00f6ld\u00fc\u011f\u00fcn\u00fc \u00f6ne s\u00fcrerek, &#8221;4 \u00e7ocu\u011funa sabah kahvalt\u0131s\u0131 veremedi diye bir anne intihar etti. \u0130\u015fte 21. y\u00fczy\u0131l\u0131n T\u00fcrkiye&#8217;si bu&#8221; diye konu\u015ftu.<\/p>\n<p style=\"text-align: justify;\">Askerlik s\u00fcresini 15 aydan 9 aya, daha sonra da kademeli olarak indireceklerini belirten K\u0131l\u0131\u00e7daro\u011flu, &#8221;Biz bunu s\u00f6ylerken, &#8216;memleketi kim koruyacak&#8217; diyor. Senin o\u011flun 21 g\u00fcnl\u00fck askere giderken hi\u00e7 akl\u0131na geldi mi, bu memleketi kim koruyacak diye&#8221; dedi.<\/p>\n<p style=\"text-align: justify;\">Ni\u011fde&#8217;de yurt sorunu oldu\u011funu s\u00f6yleyen K\u0131l\u0131\u00e7daro\u011flu, en ge\u00e7 iki y\u0131l i\u00e7inde yurt sorununu \u00e7\u00f6zece\u011fine s\u00f6z verdi\u011fini ve yurtsuz \u00f6\u011frenci kalmayaca\u011f\u0131n\u0131 ifade etti.<\/p>\n<p style=\"text-align: justify;\"><strong>&#8220;RECEP BEY&#8217;\u0130N \u015eFRES\u0130N\u0130 BULDUM&#8221;&#8216;<\/strong><\/p>\n<p style=\"text-align: justify;\">&#8221;Bizim felsefemizde, bizim inanc\u0131m\u0131zda, bizim d\u00fcnya g\u00f6r\u00fc\u015f\u00fcm\u00fczde yanda\u015f yok, vatanda\u015f var&#8221; diyen K\u0131l\u0131\u00e7daro\u011flu, &#8221;\u00c7ift\u00e7inin elektrik borcunu silece\u011fim ama bir s\u00f6z\u00fcm daha var: Mazot 1.5 lira olacak. \u00c7ift\u00e7i karde\u015flerim trakt\u00f6r\u00fcn k\u00f6\u015fesine t\u00fckenmez kalemle yazs\u0131n. 13 Haziran&#8217;dan sonra, yetki verin ilk 4 ay i\u00e7inde bu sorunu \u00e7\u00f6zece\u011fiz. G\u00f6receksiniz \u00e7ift\u00e7inin mazotu 1.5 lira olacak&#8221; diye konu\u015ftu.<\/p>\n<p style=\"text-align: justify;\">Miting alan\u0131nda &#8221;B\u00fck\u00fclmez Ozan&#8221; lakapl\u0131 bir halk a\u015f\u0131\u011f\u0131n\u0131n emeklilerle ilgili yazd\u0131\u011f\u0131 pankart\u0131 okuyan K\u0131l\u0131\u00e7daro\u011flu, \u015f\u00f6yle devam etti:<\/p>\n<p style=\"text-align: justify;\">&#8221;Recep Bey;e g\u00f6re, emeklinin durum \u00e7ok iyi. \u0130yi mi emeklinin durumu? Recep Bey ve arkada\u015flar\u0131 TBMM&#8217;de k\u00fcrs\u00fcye \u00e7\u0131k\u0131p emekliye ne kadar b\u00fcy\u00fck avantaj sa\u011flad\u0131klar\u0131n\u0131, emekliye ne kadar b\u00fcy\u00fck paralar verdiklerini anlat\u0131yorlar, &#8217;emeklinin cebi art\u0131k para \u015fi\u015fkini&#8217; diyorlar. Emeklilerin AKP iktidar\u0131nda durumlar\u0131 iyiyse yaz tatillerini Kanarya adalar\u0131nda yap\u0131yorlarsa mesele yok zaten, gider AKP&#8217;ye oyunu verir. 9 milyon emekli, e\u015fleri ile birlikte 18 milyon emekli -\u00e7ocuklar\u0131n\u0131 saym\u0131yorum- isteseler tek ba\u015f\u0131na bir siyasi partiyi iktidara getirirler. E\u011fer hayat\u0131n\u0131zdan memnunsan\u0131z adresiniz belli AKP. &#8216;Hay\u0131r memnun de\u011filiz, biz de milli gelir art\u0131\u015f\u0131ndan pay istiyoruz, ikinci s\u0131n\u0131f yurtta\u015f olmak istemiyoruz, bizim de intibak yasam\u0131z \u00e7\u0131ks\u0131n, aram\u0131zda e\u015fitsizlikler var, bunlar d\u00fczeltilsin&#8217; diyorsan\u0131z adresiniz belli; alt\u0131 ok, \u00fc\u00e7\u00fcnc\u00fc s\u0131ra, evet m\u00fchr\u00fc CHP.<\/p>\n<p style=\"text-align: justify;\">Emekli karde\u015flerimin iyi d\u00fc\u015f\u00fcnmesi laz\u0131m, onlar\u0131n oyunu istiyorum. Bir teki bile d\u0131\u015far\u0131da kalmas\u0131n, 9 milyon oyun, 9 milyonunu da istiyorum. \u0130ddial\u0131y\u0131z ve onlar\u0131n haklar\u0131n\u0131 da savunaca\u011f\u0131m. Hi\u00e7bir siyasi lider benim kadar emeklinin derdini savunmam\u0131\u015ft\u0131r, hi\u00e7bir siyasi lider &#8217;emekliyi ikinci s\u0131n\u0131f yurtta\u015f yapamazs\u0131n&#8217; diye meydanlara \u00e7\u0131k\u0131p konu\u015fmam\u0131\u015ft\u0131r. Madem ki onlar\u0131n haklar\u0131n\u0131 savunuyorum, o zaman bu yolda beraber y\u00fcr\u00fcyece\u011fiz, beraber m\u00fccadele edece\u011fiz, beraber hakk\u0131m\u0131z\u0131 arayaca\u011f\u0131z.&#8221;<\/p>\n<p style=\"text-align: justify;\">K\u0131l\u0131\u00e7daro\u011flu, partililerin &#8221;\u015eifreci Tayyip&#8221; sloganlar\u0131 \u00fczerine, &#8221;Recep Bey&#8217;in \u015fifresini buldum. 12 Haziran 2011 yaz\u0131n, iktidar cebinize gelsin. Bir s\u0131nav yapmay\u0131 dahi beceremeyen bir iktidar, Allah a\u015fk\u0131na \u00fclkeyi y\u00f6netebilir mi? \u00d6nce &#8216;efendim \u015fifre mifre yok&#8217; dediler, sonra dediler &#8216;sehven olmu\u015f&#8217;, sonra pla\u011f\u0131 de\u011fi\u015ftirdiler. &#8216;Vallahi, billahi var ama kopya \u00e7ekeni tespit edemedik&#8217; dediler. \u015eimdi buradan soruyorum, kopya yoksa \u015fifre niye var?&#8221; diye konu\u015ftu.<\/p>\n<p style=\"text-align: justify;\"><strong>&#8221;B\u00dcT\u00dcN HORTUMLARI KESECE\u011e\u0130M&#8221;<\/strong><\/p>\n<p style=\"text-align: justify;\">Kemal K\u0131l\u0131\u00e7daro\u011flu, Ni\u011fde&#8217;de CHP&#8217;nin y\u00fckseli\u015fini g\u00f6ren h\u00fck\u00fcmetin, buraya bakanlar g\u00f6nderdi\u011fini belirterek, bunlardan birinin de d\u00fcn kente gelen Sa\u011fl\u0131k Bakan\u0131 oldu\u011funu kaydetti.<\/p>\n<p style=\"text-align: justify;\">Domuz gribi a\u015f\u0131s\u0131na t\u00fcy\u00fc bitmemi\u015f yetimin hakk\u0131n\u0131n \u00f6dendi\u011fini savunan K\u0131l\u0131\u00e7daro\u011flu, \u015funlar\u0131 anlatt\u0131:<\/p>\n<p style=\"text-align: justify;\">&#8221;Kendi Ba\u015fbakan\u0131 bile o a\u015f\u0131dan olmad\u0131. Ben oldum. Yaz\u0131k g\u00fcnah de\u011fil mi? Van&#8217;da bir yolsuzluk oldu. Savc\u0131ya talimat veriyorlar &#8216;yolsuzlu\u011fu durdur&#8217;. Kendisine bir soru sordum, karde\u015fim cumhuriyet savc\u0131s\u0131na yolsuzlu\u011fu durdur talimat\u0131n\u0131 hangi yolsuzlu\u011fa dayanarak verdin, cevap var m\u0131? Cevap yok. Yaz\u0131y\u0131 inkar edemiyor. Yoksa aln\u0131na yap\u0131\u015ft\u0131raca\u011f\u0131m yaz\u0131y\u0131. Sen bir yolsuzluk davas\u0131n\u0131, savc\u0131n\u0131n elindeki bir dosyay\u0131 hangi gerek\u00e7e ile &#8216;durdur&#8217; diyorsun? \u00dcstelik &#8216;hemen durdur&#8217; diyor. B\u00fct\u00fcn o hortumlar\u0131 kesece\u011fim.&#8221;<\/p>\n<p style=\"text-align: justify;\">K\u0131l\u0131\u00e7daro\u011flu, T\u00fcrkiye&#8217;de 12 milyon 715 bin yoksul bulundu\u011funa dikkati \u00e7ekerek, iktidar olduklar\u0131nda aile sigortas\u0131n\u0131 getireceklerini an\u0131msatt\u0131.<\/p>\n<p style=\"text-align: justify;\">Her ailede huzur ve bar\u0131\u015f olmas\u0131 gerekti\u011fini, her ailede \u00e7ocuklar\u0131n karn\u0131n\u0131n doymas\u0131 gerekti\u011fini belirten K\u0131l\u0131\u00e7daro\u011flu, \u015f\u00f6yle dedi:<\/p>\n<p style=\"text-align: justify;\">&#8221;\u00c7ocuklar\u0131n karn\u0131 doyarsa, annelerin y\u00fcz\u00fcnde g\u00fcl\u00fcc\u00fckler a\u00e7ar. Ben \u015funu s\u00f6yl\u00fcyorum; geliri olmayan, yoksul olan bir ailede kad\u0131n\u0131n banka hesab\u0131na her ay en az 600 lira para yat\u0131raca\u011f\u0131z. Kad\u0131n her ay gidecek, bankadan paras\u0131n\u0131 \u00e7ekecek, \u00e7oluk \u00e7ocu\u011fun r\u0131zk\u0131n\u0131 sa\u011flayaca\u011f\u0131z. Yanl\u0131\u015f m\u0131 s\u00f6yl\u00fcyorum? Bana verdikleri cevaba bak\u0131n &#8216;paray\u0131 nereden bulacaks\u0131n?&#8217; Senin b\u00fct\u00fcn yanda\u015flar\u0131n k\u00f6\u015feyi d\u00f6nd\u00fc. Son yapt\u0131klar\u0131 rezalete bak\u0131n. Oy pusulas\u0131n\u0131 12 milyona bas\u0131yorlar. Sonra birisi diyor ki &#8216;insaf karde\u015fim, 12 milyona ka\u011f\u0131t m\u0131 bas\u0131l\u0131r&#8217;, ikinci ihaleyi yap\u0131yorlar, 900 bin lira. 13 kat fiyat d\u00fc\u015f\u00fcyor. Hortuma bak\u0131n. Ben dedim ya &#8216;bunlar\u0131n hortumunu kesece\u011fim&#8217;. AKP genel merkezine ba\u011flanan o hortumlar\u0131 kesmezsem bana da Kemal demesinler.&#8221;<\/p>\n<p style=\"text-align: justify;\"><strong>&#8221;D\u00dcNYANIN EN ZENG\u0130N BA\u015eBAKANI&#8221;<\/strong><\/p>\n<p style=\"text-align: justify;\">Ba\u015fbakan Erdo\u011fan&#8217;\u0131n d\u00fcn g\u00f6rd\u00fc\u011f\u00fc \u00e7ocuklara &#8221;Bizim zaman\u0131m\u0131zda ayakkab\u0131m\u0131z yoktu&#8221; dedi\u011fini \u00f6ne s\u00fcren K\u0131l\u0131\u00e7daro\u011flu, konu\u015fmas\u0131n\u0131 \u015f\u00f6yle s\u00fcrd\u00fcrd\u00fc:<\/p>\n<p style=\"text-align: justify;\">&#8221;Daha \u00f6ncede diyordu &#8216;benim ayakkab\u0131lar\u0131m\u0131n alt\u0131 delikti&#8217; diye. Ondan sonra d\u00f6nd\u00fc &#8216;ben de bir SSK emeklisiyim&#8217; dedi. O&#8217;nun SSK emeklisi olmad\u0131\u011f\u0131n\u0131 ispat ettim, bir daha dut yemi\u015f b\u00fclb\u00fcl gibi konu\u015fmad\u0131. \u015eimdi diyor ki &#8216;y\u0131rt\u0131k ayakkab\u0131lar\u0131m vard\u0131&#8217;. Sevsinler senin y\u0131rt\u0131k ayakkab\u0131lar\u0131n\u0131. \u015eimdi neyin var. Siyasete y\u0131rt\u0131k ayakkab\u0131 ile giren, sonra da d\u00fcnyan\u0131n en zengin ba\u015fbakanlar\u0131ndan biri olan bir kimseye Allah a\u015fk\u0131na g\u00fcvenebilecek misiniz? &#8216;Y\u00fcr\u00fctt\u00fc\u011f\u00fcn yeter&#8217; demi\u015ftim dava a\u00e7\u0131yor. Onun iktidar\u0131 d\u00f6neminde yap\u0131lan yolsuzluktan bir da\u011f olu\u015fturaca\u011f\u0131m. O&#8217;nun boyunu a\u015facak, yolsuzluk dosyalar\u0131.<\/p>\n<p style=\"text-align: justify;\">&#8221;Onlar firavunla\u015ft\u0131lar&#8221; diyen K\u0131l\u0131\u00e7daro\u011flu, &#8221;Biz firavunla\u015fmayaca\u011f\u0131z, &#8216;hizmet i\u00e7in geldik&#8217; dediler, halka zulmediyorlar. Biz hizmet i\u00e7in gelece\u011fiz. Burada g\u00fczel bir afi\u015fimiz var: &#8216;Her firavunun bir Musa&#8217;s\u0131 olur&#8217; diyor. G\u00fczel bir afi\u015f. Niye firavunla\u015ft\u0131lar? \u00c7\u00fcnk\u00fc zalimle\u015ftiler. Size s\u00f6z\u00fcm var: Haramilerin saltanat\u0131n\u0131 y\u0131k\u0131p, halk\u0131n iktidar\u0131n\u0131 kuraca\u011f\u0131m, sizin i\u00e7in \u00e7al\u0131\u015faca\u011f\u0131m&#8221; diye konu\u015ftu.<\/p>\n<p style=\"text-align: justify;\">Kemal K\u0131l\u0131\u00e7daro\u011flu, Anadolu&#8217;yu yeniden aya\u011fa kald\u0131racaklar\u0131n\u0131 belirterek, &#8221;Anadolu&#8217;da huzur olacak. Bu \u00fclkeye huzuru, bar\u0131\u015f\u0131 ve karde\u015fli\u011fi getirece\u011fim. \u00c7\u00fcnk\u00fc, halk\u0131m i\u00e7in \u00e7al\u0131\u015faca\u011f\u0131m, birileri i\u00e7in de\u011fil, cebim i\u00e7in de\u011fil, yanda\u015f i\u00e7in de\u011fil&#8221; dedi.<\/p>\n<p style=\"text-align: justify;\">Halka \u00f6zg\u00fcrl\u00fc\u011f\u00fc ve demokrasiyi getireceklerini kaydeden K\u0131l\u0131\u00e7daro\u011flu, &#8221;Herkes telefonlar\u0131 ile \u00f6zg\u00fcrce konu\u015fabilecek. Burada bir pankart vard\u0131 &#8216;Kaset\u00e7i Tayyip&#8217; diyor. Recep Bey&#8217;in yeni merak\u0131 kaset izlemek, bel alt\u0131 kaseti izlemek, onu kullanmak. \u0130nsanda ahlak olur, insanda yasalara uymak gibi bir erdem olur. E\u011fer bir yerde yasa d\u0131\u015f\u0131 i\u015flemler yap\u0131l\u0131yorsa bir yerde telefonlar dinleniyorsa bunun sorumlusu sensin ey Recep Bey. Niye bunlara izin veriyorsun.&#8217; diye konu\u015ftu.<\/p>\n<p style=\"text-align: justify;\">K\u0131l\u0131\u00e7daro\u011flu, T\u00fcrkiye&#8217;de yeni bir s\u00fcrece girilmesi, halk\u0131n sorunlar\u0131n\u0131n \u00e7\u00f6z\u00fclmesi gerekti\u011fini vurgulayarak, \u00fc\u00e7 bakanlar kurulu olu\u015fturabilecek kapasiteleri oldu\u011funu s\u00f6yledi. K\u0131l\u0131\u00e7daro\u011flu, herkesi kucaklayacaklar\u0131n\u0131 belirterek, \u00e7ift\u00e7iye &#8221;anan\u0131 da al git&#8221; demeyeceklerini s\u00f6zlerine ekledi.<\/p>\n<p style=\"text-align: justify;\">K\u0131l\u0131\u00e7daro\u011flu, konu\u015fmas\u0131n\u0131n ard\u0131ndan se\u00e7im otob\u00fcs\u00fcn\u00fcn \u00fczerinden halk\u0131 selamlad\u0131.<\/p>\n<p style=\"text-align: justify;\"><a href=\"http:\/\/www.gazeteport.com.tr\/SIYASET\/NEWS\/GP_901163\" target=\"_blank\">Kaynak : GAZETEPORT<\/a><\/p>\n","protected":false},"excerpt":{"rendered":"<p style=\"text-align: justify;\">\n<p style=\"text-align: justify;\">CHP Genel Ba\u015fkan\u0131 Kemal K\u0131l\u0131\u00e7daro\u011flu, iktidar olmalar\u0131 halinde \u00e7iftinin elektrik bor\u00e7lar\u0131n\u0131 t\u00fcm\u00fcyle s\u0131f\u0131rlayacaklar\u0131n\u0131 s\u00f6yledi.<\/p>\n<p style=\"text-align: justify;\">N\u0130\u011eDE- K\u0131l\u0131\u00e7daro\u011flu, partisi taraf\u0131ndan Ni\u011fde&#8217;de h\u00fck\u00fcmet meydan\u0131nda d\u00fczenlenen mitingde halka hitap etti. Miting alan\u0131nda &#8221;Ba\u015fbakan K\u0131l\u0131\u00e7daro\u011flu&#8221; sloganlar\u0131yla kar\u015f\u0131lanan K\u0131l\u0131\u00e7daro\u011flu, sloganlara, &#8221;Halk\u0131n deste\u011fiyle ba\u015fbakan da olaca\u011f\u0131z, bu \u00fclkeyi AKP h\u00fck\u00fcmetinden kurtaraca\u011f\u0131z&#8221; dedi. <\/p>\n","protected":false},"author":1,"featured_media":0,"comment_status":"open","ping_status":"closed","sticky":false,"template":"","format":"standard","meta":{"footnotes":""},"categories":[105],"tags":[],"class_list":["post-32283","post","type-post","status-publish","format-standard","hentry","category-gundem","odd"],"_links":{"self":[{"href":"http:\/\/www.korhanyilmaz.com\/index.php?rest_route=\/wp\/v2\/posts\/32283","targetHints":{"allow":["GET"]}}],"collection":[{"href":"http:\/\/www.korhanyilmaz.com\/index.php?rest_route=\/wp\/v2\/posts"}],"about":[{"href":"http:\/\/www.korhanyilmaz.com\/index.php?rest_route=\/wp\/v2\/types\/post"}],"author":[{"embeddable":true,"href":"http:\/\/www.korhanyilmaz.com\/index.php?rest_route=\/wp\/v2\/users\/1"}],"replies":[{"embeddable":true,"href":"http:\/\/www.korhanyilmaz.com\/index.php?rest_route=%2Fwp%2Fv2%2Fcomments&post=32283"}],"version-history":[{"count":0,"href":"http:\/\/www.korhanyilmaz.com\/index.php?rest_route=\/wp\/v2\/posts\/32283\/revisions"}],"wp:attachment":[{"href":"http:\/\/www.korhanyilmaz.com\/index.php?rest_route=%2Fwp%2Fv2%2Fmedia&parent=32283"}],"wp:term":[{"taxonomy":"category","embeddable":true,"href":"http:\/\/www.korhanyilmaz.com\/index.php?rest_route=%2Fwp%2Fv2%2Fcategories&post=32283"},{"taxonomy":"post_tag","embeddable":true,"href":"http:\/\/www.korhanyilmaz.com\/index.php?rest_route=%2Fwp%2Fv2%2Ftags&post=32283"}],"curies":[{"name":"wp","href":"https:\/\/api.w.org\/{rel}","templated":true}]}}