{"id":32272,"date":"2011-05-08T14:22:22","date_gmt":"2011-05-08T11:22:22","guid":{"rendered":"http:\/\/www.korhanyilmaz.com\/?p=32272"},"modified":"2011-05-08T14:22:22","modified_gmt":"2011-05-08T11:22:22","slug":"liderlerin-anneler-gunu-mesaji","status":"publish","type":"post","link":"http:\/\/www.korhanyilmaz.com\/?p=32272","title":{"rendered":"Liderlerin anneler g\u00fcn\u00fc mesaj\u0131"},"content":{"rendered":"<p style=\"text-align: center;\"><a title=\"Ba\u015fbakan Erdo\u011fan, Anneler G\u00fcn\u00fc dolay\u0131s\u0131yla annesi Tenzile Erdo\u011fan'\u0131n Anneler G\u00fcn\u00fcn\u00fc kutlad\u0131.\" href=\"http:\/\/www.korhanyilmaz.com\/wp-content\/uploads\/2011\/05\/075.jpg\"  class=\"lightview\"><img loading=\"lazy\" decoding=\"async\" class=\"size-full wp-image-32276 aligncenter\" src=\"http:\/\/www.korhanyilmaz.com\/wp-content\/uploads\/2011\/05\/075.jpg\" alt=\"\" width=\"448\" height=\"231\" \/><\/a><\/p>\n<p style=\"text-align: justify;\">Ba\u015fbakan Erdo\u011fan, Anneler G\u00fcn\u00fc dolay\u0131s\u0131yla annesi Tenzile Erdo\u011fan&#8217;\u0131n Anneler G\u00fcn\u00fcn\u00fc kutlad\u0131. CHP lideri K\u0131l\u0131\u00e7daro\u011flu yay\u0131nlad\u0131\u011f\u0131 mesajda &#8220;CHP iktidar\u0131nda kimsenin anas\u0131 a\u011flamyacak&#8221; ifadesini kullan\u0131rken MHP lideri Bah\u00e7eli ise b\u00fct\u00fcn annelerin g\u00fcn\u00fcn\u00fc can\u0131 g\u00f6n\u00fclden kutlad\u0131\u011f\u0131n\u0131 belirtti.<!--more--><\/p>\n<div id=\"attachment_32274\" style=\"width: 307px\" class=\"wp-caption alignleft\"><a href=\"http:\/\/www.korhanyilmaz.com\/wp-content\/uploads\/2011\/05\/077.jpg\"  class=\"lightview\"><img loading=\"lazy\" decoding=\"async\" aria-describedby=\"caption-attachment-32274\" class=\"size-full wp-image-32274\" style=\"margin-left: 10px; margin-right: 10px;\" src=\"http:\/\/www.korhanyilmaz.com\/wp-content\/uploads\/2011\/05\/077.jpg\" alt=\"\" width=\"297\" height=\"167\" \/><\/a><p id=\"caption-attachment-32274\" class=\"wp-caption-text\">CHP Genel Ba\u015fkan\u0131 Kemal K\u0131l\u0131\u00e7daro\u011flu<\/p><\/div>\n<p style=\"text-align: justify;\">ANKARA &#8211; CHP Genel Ba\u015fkan\u0131 Kemal K\u0131l\u0131\u00e7daro\u011flu, partisinin iktidar\u0131nda &#8221;analar\u0131n a\u011flamayaca\u011f\u0131n\u0131&#8221; belirtti.<\/p>\n<p style=\"text-align: justify;\">K\u0131l\u0131\u00e7daro\u011flu&#8217;nun Anneler G\u00fcn\u00fc dolay\u0131s\u0131yla bir kutlama mesaj\u0131 yay\u0131mlad\u0131:<\/p>\n<p style=\"text-align: justify;\">&#8221;Sevgili anneler bug\u00fcn sizin g\u00fcn\u00fcn\u00fcz. Ben Kemal K\u0131l\u0131\u00e7daro\u011flu, Anneler G\u00fcn\u00fc&#8217;nde s\u00f6z veriyorum; CHP iktidar\u0131nda 2.5 ayl\u0131k K\u00fcbra bebek gibi hi\u00e7bir \u00e7ocuk, annesinin kuca\u011f\u0131nda a\u00e7l\u0131ktan \u00f6lmeyecek. Hi\u00e7bir anne &#8216;\u00e7ocuklar\u0131ma kahvalt\u0131 haz\u0131rlayamad\u0131m, sofrada ekmek yok&#8217; diye intihar etmeyecek, hi\u00e7bir \u00e7ocuk \u00e7\u00f6pl\u00fckten ka\u011f\u0131t toplarken \u00e7\u00f6p kamyonu alt\u0131nda kal\u0131p anas\u0131n\u0131n y\u00fcre\u011fine ate\u015f d\u00fc\u015f\u00fcrmeyecek. Analar, bac\u0131lar hesaplar\u0131na yat\u0131r\u0131lacak 600 lira ile al\u0131\u015fveri\u015flerini yapacak, evlerine huzur ve mutluluk gelecek. Hi\u00e7bir \u00e7ocuk yata\u011fa a\u00e7 girmeyecek. Bize g\u00f6re analar\u0131n g\u00f6zya\u015f\u0131 kutsald\u0131r ve o g\u00f6zya\u015flar\u0131n\u0131n rengi yoktur, CHP iktidar\u0131nda analar a\u011flamayacakt\u0131r.<\/p>\n<p style=\"text-align: justify;\">Bu duygu ve d\u00fc\u015f\u00fcncelerle b\u00fct\u00fcn anneleri sayg\u0131yla, sevgiyle selaml\u0131yor, yuvan\u0131z mutlu, huzurlu ve bereketli olsun diyorum.&#8221;<\/p>\n<p style=\"text-align: justify;\"><strong>MHP GENEL BA\u015eKANI BAH\u00c7EL\u0130:<\/strong><\/p>\n<div id=\"attachment_32275\" style=\"width: 307px\" class=\"wp-caption alignleft\"><a href=\"http:\/\/www.korhanyilmaz.com\/wp-content\/uploads\/2011\/05\/076.jpg\"  class=\"lightview\"><img loading=\"lazy\" decoding=\"async\" aria-describedby=\"caption-attachment-32275\" class=\"size-full wp-image-32275\" style=\"margin-left: 10px; margin-right: 10px;\" src=\"http:\/\/www.korhanyilmaz.com\/wp-content\/uploads\/2011\/05\/076.jpg\" alt=\"\" width=\"297\" height=\"155\" \/><\/a><p id=\"caption-attachment-32275\" class=\"wp-caption-text\">MHP Genel Ba\u015fkan\u0131 Devlet Bah\u00e7eli<\/p><\/div>\n<p style=\"text-align: justify;\">MHP Genel Ba\u015fkan\u0131 Devlet Bah\u00e7eli, b\u00fct\u00fcn annelerin Anneler G\u00fcn\u00fc&#8217;n\u00fc can\u0131 g\u00f6n\u00fclden kutlad\u0131\u011f\u0131n\u0131 bildirdi.<\/p>\n<p style=\"text-align: justify;\">Bah\u00e7eli, &#8221;Anneler G\u00fcn\u00fc&#8221; dolay\u0131s\u0131yla yay\u0131mlad\u0131\u011f\u0131 mesajda, sevginin, fedakarl\u0131\u011f\u0131n, ba\u011fl\u0131l\u0131\u011f\u0131n e\u015fsiz temsilcileri olan annelerin hat\u0131rlad\u0131\u011f\u0131 \u00f6zel bir g\u00fcn\u00fcn i\u00e7inden ge\u00e7ildi\u011fini belirtti.<\/p>\n<p style=\"text-align: justify;\">\u00c7ocuklar\u0131n\u0131 aylarca bedenlerinde ta\u015f\u0131yan, kar\u015f\u0131l\u0131ks\u0131z sevgileriyle b\u00fcy\u00fcten, hayat\u0131n her a\u015famas\u0131nda dua ve desteklerini esirgemeyen annelerin haklar\u0131n\u0131n \u00f6denmesinin m\u00fcmk\u00fcn olmad\u0131\u011f\u0131n\u0131 ifade eden Bah\u00e7eli, \u015funlar\u0131 kaydetti:<\/p>\n<p style=\"text-align: justify;\">&#8221;\u00c7ocuklar\u0131n\u0131 yeti\u015ftirirken her t\u00fcrl\u00fc zorlu\u011fa g\u00f6\u011f\u00fcs geren, her \u00e7ilenin \u00fcstesinden gelen, her g\u00fc\u00e7l\u00fc\u011f\u00fc yenen, sab\u0131r ve metanetle y\u0131llara meydan okuyan annelerimiz, millet olarak en b\u00fcy\u00fck de\u011ferlerimizdir. Hi\u00e7 kar\u015f\u0131l\u0131k beklemeden vermenin, \u015fefkatin, ba\u011f\u0131\u015flaman\u0131n, ho\u015fg\u00f6r\u00fcn\u00fcn ve e\u015fsiz sahipleni\u015fin en m\u00fcmtaz simalar\u0131 \u015f\u00fcphesiz annelerdir. Milletimizin gelecekte var olabilmesi, nesillerin sa\u011fl\u0131kl\u0131, \u015fuurlu ve milli bir zihniyetle meselelere odaklanmalar\u0131 \u00f6ncelikle ailelerinden alacaklar\u0131 e\u011fitime ve terbiyeye ba\u011fl\u0131 olacakt\u0131r.<\/p>\n<p style=\"text-align: justify;\">Bu itibarla, annelerimiz gelece\u011fin haz\u0131rlay\u0131c\u0131s\u0131 ve g\u00fczide mimarlar\u0131d\u0131r. Ak\u0131lla duygunun, heyecanla sa\u011fduyunun, y\u0131lg\u0131nl\u0131kla azmin aras\u0131nda ya\u015fanacak \u00e7at\u0131\u015fma ve ikilemler, \u00f6ncelikle annelerimizin yol g\u00f6sterici ve hikmet y\u00fckl\u00fc nasihatleriyle a\u015f\u0131lacakt\u0131r. Bunun yan\u0131 s\u0131ra hem maddi, hem de manevi hayat\u0131m\u0131zda annelerimizin yeri doldurulamaz \u00f6nem ve k\u0131ymeti bulunmaktad\u0131r. Nitekim &#8216;Cennet annelerin ayaklar\u0131 alt\u0131ndad\u0131r&#8217; kutlu sesleni\u015fi bunun en bariz kan\u0131t\u0131d\u0131r.<\/p>\n<p style=\"text-align: justify;\">Onlara, ya\u015fad\u0131\u011f\u0131m\u0131z m\u00fcddet\u00e7e en de\u011ferli hazinemiz olarak sayg\u0131yla ve b\u00fcy\u00fck bir h\u00fcrmetle yakla\u015fmam\u0131z en \u00f6ncelikli manevi sorumluluklar\u0131m\u0131z aras\u0131nda yer almal\u0131d\u0131r. Bu duygu ve d\u00fc\u015f\u00fcncelerle, yemeyen yediren, giymeyen giydiren, g\u00f6z nuruyla, binbir emekle bizleri b\u00fcy\u00fcten annelerimizin Anneler G\u00fcn\u00fc&#8217;n\u00fc can\u0131 g\u00f6n\u00fclden kutluyorum. \u00c7ocuklar\u0131n\u0131 gen\u00e7 ya\u015fta vatan topraklar\u0131na emanet eden muhterem \u015fehit analar\u0131na da sayg\u0131 ve sevgilerimi sunuyor, her zaman yanlar\u0131nda oldu\u011fumuzu bu vesileyle bildirmek istiyorum.&#8221;<\/p>\n<p style=\"text-align: justify;\"><strong>M\u0130LL\u0130 E\u011e\u0130T\u0130M BAKANI \u00c7UBUK\u00c7U:<\/strong><\/p>\n<p style=\"text-align: justify;\">Milli E\u011fitim Bakan\u0131 Nimet \u00c7ubuk\u00e7u, annelerin, bir neslin yeti\u015fmesinde \u00f6nemli mimarlar oldu\u011funu belirterek, &#8221;Bir erke\u011fi yeti\u015ftirirseniz, bir ki\u015fiyi yeti\u015ftirmi\u015f olursunuz ama bir kad\u0131n\u0131 e\u011fitirseniz t\u00fcm toplumu e\u011fitmi\u015f olursunuz&#8221; dedi.<\/p>\n<p style=\"text-align: justify;\">\u00c7ubuk\u00e7u, Anneler G\u00fcn\u00fc&#8217;n\u00fcn \u00e7ok \u00f6zel bir g\u00fcn oldu\u011funu dile getirerek, &#8221;Anneler bir neslin yeti\u015fmesinde en \u00f6nemli mimarlar. Bir erke\u011fi yeti\u015ftirirseniz, bir ki\u015fiyi yeti\u015ftirmi\u015f olursunuz ama bir kad\u0131n\u0131 e\u011fitirseniz t\u00fcm toplumu e\u011fitmi\u015f olursunuz&#8221; dedi.<\/p>\n<p style=\"text-align: justify;\">AK Parti h\u00fck\u00fcmetleri d\u00f6neminde, en \u00f6ncelikli konular\u0131n ba\u015f\u0131nda e\u011fitimin geldi\u011fini ifade eden \u00c7ubuk\u00e7u, s\u00f6zlerini \u015f\u00f6yle s\u00fcrd\u00fcrd\u00fc:<\/p>\n<p style=\"text-align: justify;\">&#8221;K\u0131z \u00e7ocuklar\u0131m\u0131z ve kad\u0131nlar\u0131m\u0131z, yeteri kadar e\u011fitim alamad\u0131klar\u0131 i\u00e7in \u00e7al\u0131\u015fma hayat\u0131ndan, kendilerini ifade etmeye kadar bir\u00e7ok alanda geri b\u0131rak\u0131ld\u0131lar. Kendilerini ilerici diye tan\u0131mlayan h\u00fck\u00fcmetler geldi, ge\u00e7ti ama k\u0131z \u00e7ocuklar\u0131n\u0131n okula devam\u0131 konusunda hi\u00e7bir tedbir al\u0131nmad\u0131. Kad\u0131nlara y\u00f6nelik her t\u00fcrl\u00fc \u015fiddetin, ayr\u0131mc\u0131l\u0131\u011f\u0131n \u00f6nlenmesi konusunda \u00e7ok b\u00fcy\u00fck m\u00fccadeleler verdik. K\u0131z \u00e7ocuklar\u0131n\u0131n okulla\u015fmas\u0131yla ilgili &#8216;Haydi K\u0131zlar Okula&#8217; kampanyas\u0131, Ba\u015fbakan\u0131m\u0131z\u0131n e\u015fi Emine Erdo\u011fan&#8217;\u0131n himayesinde 2003 y\u0131l\u0131nda ba\u015flad\u0131. Sadece ekonomik y\u00f6n\u00fc yok k\u0131z \u00e7ocuklar\u0131n\u0131n okula g\u00f6nderilmemelerinin. Olumsuz \u00f6nyarg\u0131lar, k\u00f6t\u00fc gelenekler diyebilece\u011fimiz kal\u0131p yarg\u0131lar vard\u0131. Bug\u00fcn \u00fclkenin ilk kad\u0131n milli e\u011fitim bakan\u0131 olarak gururla s\u00f6yl\u00fcyorum ki, k\u0131z \u00e7ocuklar\u0131m\u0131z ile erkek \u00e7ocuklar\u0131m\u0131z aras\u0131ndaki e\u011fitime eri\u015fimdeki fark, y\u00fczde birin alt\u0131na d\u00fc\u015ft\u00fc. Bu \u00e7ok b\u00fcy\u00fck bir ba\u015far\u0131. K\u0131z ve erkek \u00e7ocuklar\u0131m\u0131z\u0131n okulla\u015fma oranlar\u0131n\u0131 y\u00fczde 100&#8217;e yakla\u015ft\u0131rd\u0131k, aradaki fark\u0131 da kapatt\u0131k.&#8221;<\/p>\n<p style=\"text-align: justify;\"><strong>&#8221;YET\u0130\u015eK\u0130N KADINLARIMIZIN 4 M\u0130LYONU OKUMA-YAZMA B\u0130LM\u0130YOR&#8221;<\/strong><\/p>\n<p style=\"text-align: justify;\">K\u0131z \u00e7ocuklar\u0131n\u0131n okula devamlar\u0131n\u0131n sa\u011flanmas\u0131 i\u00e7in \u00e7ok say\u0131da tedbir ald\u0131klar\u0131n\u0131 belirten \u00c7ubuk\u00e7u, &#8221;Bunlar\u0131n en \u00f6nemlileri de ekonomik nedenlerle \u00e7ocuklar\u0131n\u0131 okula g\u00f6ndermeyen annelere yap\u0131lan e\u011fitim yard\u0131m\u0131. Burada da k\u0131z \u00e7ocuklar\u0131na pozitif ayr\u0131mc\u0131l\u0131k uygulad\u0131k ve daha fazla verdik. Ayn\u0131 zamanda bu paralar anneye verildi. Bug\u00fcn elde etti\u011fimiz ba\u015far\u0131 ger\u00e7ekten taktire \u015fayan, ama bu yeterli mi? Hay\u0131r, kesinlikle de\u011fil. Bug\u00fcn yeti\u015fkin kad\u0131nlar\u0131m\u0131z\u0131n yakla\u015f\u0131k 4 milyonu okuma yazma bilmiyor. Bunlar\u0131n da e\u011fitime eri\u015fimleri, ileri ya\u015fta da olsalar okuma-yazma \u00f6\u011frenip bir sertifika al\u0131p hayatlar\u0131na ili\u015fkin olumlu a\u015fama kaydetmeleri i\u00e7in yine Emine Erdo\u011fan&#8217;\u0131n himayesinde ba\u015flatt\u0131\u011f\u0131m\u0131z, &#8216;Ana-K\u0131z Okulday\u0131z&#8217; kampanyas\u0131n\u0131 y\u00fcr\u00fct\u00fcyoruz. Bu kampanyada da \u00e7ok b\u00fcy\u00fck ba\u015far\u0131lar elde edildi&#8221; diye konu\u015ftu.<\/p>\n<p style=\"text-align: justify;\">\u00c7ubuk\u00e7u, ge\u00e7en y\u0131l halk e\u011fitim merkezlerinden yararlananlar\u0131n say\u0131s\u0131n\u0131n 2 milyona yakla\u015ft\u0131\u011f\u0131n\u0131 anlatt\u0131.<\/p>\n<p style=\"text-align: justify;\"><strong>&#8221;BUG\u00dcN YET\u0130\u015eEN KIZ \u00c7OCUKLARI&#8230;&#8221;<\/strong><\/p>\n<p style=\"text-align: justify;\">&#8221;Bug\u00fcn yeti\u015fen k\u0131z \u00e7ocuklar\u0131, gelece\u011fin \u00e7ok daha parlak ve ayd\u0131nl\u0131k T\u00fcrkiyesinin anneleri olacak&#8221; diyen \u00c7ubuk\u00e7u, \u015funlar\u0131 kaydetti:<\/p>\n<p style=\"text-align: justify;\">&#8221;Sizler de bug\u00fcn\u00fcn anneleri olarak onlar i\u00e7in \u00e7ok b\u00fcy\u00fck fedakarl\u0131klar yap\u0131yorsunuz. AK Parti h\u00fck\u00fcmetleri d\u00f6neminde, her manada \u00e7ok b\u00fcy\u00fck geli\u015fmeler oldu. Bir anneyi kayg\u0131ya sevk eden, endi\u015felendiren, \u00e7ocu\u011funun gelece\u011fiyle ilgili ne t\u00fcr kayg\u0131s\u0131 varsa biz bu dertle, dertlendik. Bug\u00fcn, \u00f6z\u00fcrl\u00fc \u00e7ocu\u011fu olan annelere yapt\u0131\u011f\u0131m\u0131z evde bak\u0131m yard\u0131m\u0131 veya kendisi bakamayacak durumdaysa bir kuruma yat\u0131rmas\u0131 durumunda, \u00e7ocu\u011funun bak\u0131m hizmetlerini biz \u00f6d\u00fcyoruz. T\u00fcrkiye&#8217;de \u00f6z\u00fcrl\u00fc \u00e7ocu\u011fu olan anneler adeta hayattan tamamen kopmu\u015f, evden d\u0131\u015far\u0131 ad\u0131m atamayan, &#8216;Ben \u00f6ld\u00fc\u011f\u00fcm zaman benim \u00e7ocu\u011fuma ne olacak&#8217; diye ta\u015f\u0131d\u0131\u011f\u0131 o a\u011f\u0131r y\u00fck\u00fc, annelerimizin omuzlar\u0131ndan biz ald\u0131k.&#8221;<\/p>\n<p style=\"text-align: justify;\">\u015eehit ve gazi annesi olman\u0131n kar\u015f\u0131l\u0131\u011f\u0131n\u0131n hi\u00e7bir \u015fekilde \u00f6denemeyece\u011fini dile getiren \u00c7ubuk\u00e7u, \u00f6zellikle gitti\u011fi her \u015fehirde \u015fehit ailelerini ziyaret edip ba\u015fsa\u011fl\u0131\u011f\u0131 dilemeye \u00e7al\u0131\u015ft\u0131\u011f\u0131n\u0131 belirterek, &#8221;S\u00f6ylenecek s\u00f6z\u00fcn bulunmad\u0131\u011f\u0131, teselliye kelimelerin yetmedi\u011fi nadir konulardan birisidir evlad\u0131n kayb\u0131 ama bir o kadar da \u015ferefli, inanan insanlar i\u00e7in en y\u00fcce mertebelerden birisidir \u015fehitlik&#8221; diye konu\u015ftu.<\/p>\n<p style=\"text-align: justify;\"><a href=\"http:\/\/www.gazeteport.com.tr\/SIYASET\/NEWS\/GP_901182\" target=\"_blank\">Kaynak : GAZETEPORT<\/a><\/p>\n","protected":false},"excerpt":{"rendered":"<p style=\"text-align: center;\">\n<p style=\"text-align: justify;\">Ba\u015fbakan Erdo\u011fan, Anneler G\u00fcn\u00fc dolay\u0131s\u0131yla annesi Tenzile Erdo\u011fan&#8217;\u0131n Anneler G\u00fcn\u00fcn\u00fc kutlad\u0131. CHP lideri K\u0131l\u0131\u00e7daro\u011flu yay\u0131nlad\u0131\u011f\u0131 mesajda &#8220;CHP iktidar\u0131nda kimsenin anas\u0131 a\u011flamyacak&#8221; ifadesini kullan\u0131rken MHP lideri Bah\u00e7eli ise b\u00fct\u00fcn annelerin g\u00fcn\u00fcn\u00fc can\u0131 g\u00f6n\u00fclden kutlad\u0131\u011f\u0131n\u0131 belirtti.<\/p>\n","protected":false},"author":1,"featured_media":0,"comment_status":"open","ping_status":"closed","sticky":false,"template":"","format":"standard","meta":{"footnotes":""},"categories":[105],"tags":[],"class_list":["post-32272","post","type-post","status-publish","format-standard","hentry","category-gundem","odd"],"_links":{"self":[{"href":"http:\/\/www.korhanyilmaz.com\/index.php?rest_route=\/wp\/v2\/posts\/32272","targetHints":{"allow":["GET"]}}],"collection":[{"href":"http:\/\/www.korhanyilmaz.com\/index.php?rest_route=\/wp\/v2\/posts"}],"about":[{"href":"http:\/\/www.korhanyilmaz.com\/index.php?rest_route=\/wp\/v2\/types\/post"}],"author":[{"embeddable":true,"href":"http:\/\/www.korhanyilmaz.com\/index.php?rest_route=\/wp\/v2\/users\/1"}],"replies":[{"embeddable":true,"href":"http:\/\/www.korhanyilmaz.com\/index.php?rest_route=%2Fwp%2Fv2%2Fcomments&post=32272"}],"version-history":[{"count":0,"href":"http:\/\/www.korhanyilmaz.com\/index.php?rest_route=\/wp\/v2\/posts\/32272\/revisions"}],"wp:attachment":[{"href":"http:\/\/www.korhanyilmaz.com\/index.php?rest_route=%2Fwp%2Fv2%2Fmedia&parent=32272"}],"wp:term":[{"taxonomy":"category","embeddable":true,"href":"http:\/\/www.korhanyilmaz.com\/index.php?rest_route=%2Fwp%2Fv2%2Fcategories&post=32272"},{"taxonomy":"post_tag","embeddable":true,"href":"http:\/\/www.korhanyilmaz.com\/index.php?rest_route=%2Fwp%2Fv2%2Ftags&post=32272"}],"curies":[{"name":"wp","href":"https:\/\/api.w.org\/{rel}","templated":true}]}}