{"id":32248,"date":"2011-05-07T18:39:18","date_gmt":"2011-05-07T15:39:18","guid":{"rendered":"http:\/\/www.korhanyilmaz.com\/?p=32248"},"modified":"2011-05-07T18:39:18","modified_gmt":"2011-05-07T15:39:18","slug":"32248","status":"publish","type":"post","link":"http:\/\/www.korhanyilmaz.com\/?p=32248","title":{"rendered":"&#8217;80 ya\u015f\u0131ndaki zat, \u015fimdi \u00e7ete karde\u015fli\u011fi yap\u0131yor&#8217;"},"content":{"rendered":"<p style=\"text-align: justify;\"><a href=\"http:\/\/www.korhanyilmaz.com\/wp-content\/uploads\/2011\/05\/068.jpg\"  class=\"lightview\"><img loading=\"lazy\" decoding=\"async\" class=\"aligncenter size-full wp-image-32249\" src=\"http:\/\/www.korhanyilmaz.com\/wp-content\/uploads\/2011\/05\/068.jpg\" alt=\"\" width=\"420\" height=\"210\" \/><\/a><\/p>\n<p style=\"text-align: justify;\"><strong>Ba\u015fbakan Erdo\u011fan isim vermeden S\u00fcleyman Demirel&#8217;i ele\u015ftirdi.<\/strong><\/p>\n<p style=\"text-align: justify;\">Ba\u015fbakan Erdo\u011fan, d\u00fcn \u00f6nce D\u00fczce\u2019de daha sonra da Zonguldak\u2019ta partisinin d\u00fczenledi\u011fi mitinge kat\u0131ld\u0131. Erdo\u011fan, Zonguldak\u2019ta CHP\u2019nin 1. s\u0131ra aday\u0131 Prof. Mehmet Haberal\u2019\u0131 onu destekleyen 9. Cumhurba\u015fkan\u0131 S\u00fcleyman Demirel\u2019i isim vermeden ele\u015ftirdi. Ba\u015fbakan Erdo\u011fan iki ilde yapt\u0131\u011f\u0131 konu\u015fmas\u0131n sat\u0131rba\u015flar\u0131 \u015f\u00f6yle:<!--more--><\/p>\n<p style=\"text-align: justify;\"><strong>ECEV\u0130T VETO ETT\u0130<\/strong><\/p>\n<p style=\"text-align: justify;\">K\u0131l\u0131\u00e7daro\u011flu, 1999\u2019da merhum Ecevit\u2019e gitti milletvekili aday\u0131 olmak i\u00e7in. Merhum Ecevit bunu ne yapt\u0131, veto etti. Niye? \u2019Ba\u015far\u0131s\u0131z bir b\u00fcrokrat\u2019 dedi, veto&#8230; Vetoyu yedi, b\u00f6yle birisi. Bu \u00fclkede \u00e7eteler, mafya, hukuk d\u0131\u015f\u0131 \u00f6rg\u00fctlenmeler istikrara musallat olmu\u015ftu. Cebinizdeki paraya bunlar musallat olmu\u015ftu. Sofradaki ekme\u011fe, al\u0131n terine musallat olmu\u015ftu. T\u00fcrkiye\u2019nin b\u00fcy\u00fcmesini, kalk\u0131nmas\u0131n\u0131 engellediler, demokrasiyi, \u00f6zg\u00fcrl\u00fckleri, hukuku engellediler. 8.5 y\u0131l boyunca bu \u00e7etelere kar\u015f\u0131 amans\u0131z bir m\u00fccadele verdik. T\u00fcrkiye\u2019yi kirinden, pas\u0131ndan kurtarmak i\u00e7in a\u011f\u0131r m\u00fccadele verdik.<\/p>\n<p style=\"text-align: justify;\"><strong>HABERAL VE AYG\u00dcN ELE\u015eT\u0130R\u0130S\u0130<\/strong><\/p>\n<p style=\"text-align: justify;\">Bu g\u00fcne kadar \u00e7etelere avukatl\u0131k yapanlar, \u015fimdi \u00e7eteleri siyasete ta\u015f\u0131man\u0131n m\u00fccadelesi, hevesi i\u00e7indeler. Asl\u0131nda diyet \u00f6d\u00fcyorlar. Asl\u0131nda \u00e7etelere rol \u00e7al\u0131yorlar. CHP\u2019de kaset ma\u011fduru genel ba\u015fkan gitti, kaset mamul\u00fc genel ba\u015fkan geldi. \u015eimdi \u00e7etelere bor\u00e7 \u00f6d\u00fcyorlar. CHP\u2019nin listesindeki isimlerden dolay\u0131 merhum Ecevit\u2019in y\u00fcre\u011fi s\u0131zl\u0131yor. DSP\u2019nin eski genel ba\u015fkan\u0131 diyor ki; \u2019Ecevit\u2019i hayattayken, ba\u015fbakanken \u00fczerine beton d\u00f6k\u00fcp g\u00f6mmek istediler.\u2019 Merhum Ecevit, DSP eski Genel Ba\u015fkan\u0131 Zeki Sezer\u2019e \u015fu s\u00f6zleri s\u00f6yl\u00fcyor; \u2019Benim \u00e7ekilmemi istiyorlar. Yerime de Sinan Ayg\u00fcn\u2019\u00fcn ge\u00e7mesini istiyorlar.\u2019 O Sinan Ayg\u00fcn \u015fimdi CHP\u2019nin milletvekili aday\u0131. Say\u0131n K\u0131l\u0131\u00e7daro\u011flu buraya geliyor, Ecevit\u2019in memleketine. Yan\u0131nda Ecevit\u2019in yan\u0131ndan birisi var. Mehmet Haberal i\u00e7in oy istiyorlar. \u0130nsan biraz s\u0131k\u0131l\u0131r. Emrehan Hal\u0131c\u0131 zaman\u0131nda Haberal\u2019\u0131n Ecevit\u2019e i\u015f g\u00f6remez raporu verece\u011fini a\u00e7\u0131klad\u0131 ve ikisi mahkemelik oldular. Bu ne bi\u00e7im i\u015ftir. Anlamak m\u00fcmk\u00fcn de\u011fil. Bu nas\u0131l bir \u00e7\u0131kar i\u015fbirli\u011fi.<\/p>\n<p style=\"text-align: justify;\"><strong>S\u0130L\u0130VR\u0130\u2019DE B\u0130LE YATMADI<\/strong><\/p>\n<p style=\"text-align: justify;\">SSK Genel M\u00fcd\u00fcrl\u00fc\u011f\u00fc zaman\u0131nda ya\u015fanan bir yolsuzluk soru\u015fturmas\u0131yla ilgili, yetkili savc\u0131 K\u0131l\u0131\u00e7daro\u011flu\u2019nu san\u0131k de\u011fil de tan\u0131k olarak \u00e7a\u011f\u0131rd\u0131. K\u0131l\u0131\u00e7daro\u011flu o zaman kendisine kar\u015f\u0131 b\u00f6yle bir k\u0131yak yapan bu savc\u0131y\u0131 da \u015fimdi vefa borcu diye aday yap\u0131yor. Nereden, Mu\u011fla\u2019dan. T\u0131pk\u0131 yan\u0131 ba\u015f\u0131m\u0131zdaki Zonguldak aday\u0131 gibi. Zonguldak aday\u0131n\u0131n durumunu biliyorsunuz. Nerede, Silivri\u2019de. Silivri\u2019de de yatmad\u0131. 2 y\u0131la a\u015fk\u0131n zamand\u0131r hastanede yatt\u0131. Hasta oldu\u011fu i\u00e7in mi? Do\u011frusu ben inanmad\u0131m. Siz inand\u0131n\u0131z m\u0131? Ama bak \u015fimdi aday. CHP Genel Merkeziyle Silivri\u2019ye bir t\u00fcnel yapt\u0131lar. \u015eimdi bu t\u00fcnelden \u00e7\u0131k\u0131\u015f sa\u011flayacaklar. Dertleri o. Ama ben inan\u0131yorum ki Zonguldak\u2019taki karde\u015flerim de ona gereken cevab\u0131 12 Haziran\u2019da verecek.<\/p>\n<p style=\"text-align: justify;\"><strong>DEM\u0130REL\u2019E ELE\u015eT\u0130R\u0130<\/strong><\/p>\n<p style=\"text-align: justify;\">Ba\u015fbakan Erdo\u011fan, Mehmet Haberal\u2019a verdi\u011fi destek nedeniyle isim vermeden 9\u2019uncu Cumhurba\u015fkan\u0131 S\u00fcleyman Demirel\u2019i \u015f\u00f6yle ele\u015ftirdi: \u201cB\u00fct\u00fcn \u00f6mr\u00fcn\u00fc CHP\u2019ye muhalefetle ge\u00e7irmi\u015f 80 ya\u015f\u0131nda bir zat var. Ayakta zor duruyor. Anlam\u0131\u015fs\u0131n\u0131zd\u0131r. Benim s\u00f6ylememe gerek yok. O da CHP\u2019nin \u00e7ete san\u0131\u011f\u0131 adaylar\u0131na kefil oluyor. Aralar\u0131nda \u00e7ete karde\u015fli\u011fi kurdular. \u00d6mr\u00fc boyunca dini istismar edenler, CHP d\u00fc\u015fmanl\u0131\u011f\u0131ndan ekmek yiyenler \u015fimdi kalk\u0131yorlar AK Parti\u2019ye kar\u015f\u0131 CHP ile i\u015f birli\u011fi yap\u0131yorlar. Bu nas\u0131l CHP. Solcu deseniz asla solcu de\u011fil. Sa\u011fc\u0131 deseniz sa\u011fc\u0131 de\u011fil. Sosyal demokrat hak getire. B\u00f6yle bir CHP var. Bunlar Zonguldak ile dalga ge\u00e7iyorlar. Bunlar sa\u011f iken merhum Ecevit\u2019in \u00fczerine beton d\u00f6kemediler, \u015fimdi \u00f6l\u00fcs\u00fcn\u00fcn \u00fczerine beton d\u00f6kmek istiyorlar. Zonguldak bu oyuna gelmesin. Zonguldak demokrasi \u015fehri. Zonguldak \u00e7etelere yol vermesin. Zonguldak kendisiyle alay edenlerle 12 Haziran\u2019da dalgas\u0131n\u0131 ge\u00e7ecektir.<\/p>\n<p style=\"text-align: justify;\"><strong>Allah\u2019a mekan tayin edemezsin<\/strong><\/p>\n<p style=\"text-align: justify;\">BA\u015eBAKAN Erdo\u011fan, CHP Genel Ba\u015fkan\u0131 K\u0131l\u0131\u00e7daro\u011flu\u2019nu \u201cStat\u00fckonun Allah\u2019\u0131 Ankara\u201d s\u00f6z\u00fcyle ele\u015ftirerek, \u201cAllah mekandan m\u00fcnezzehtir. Allah\u2019a mekan tayin edemezsin. Bu adam\u0131n bu t\u00fcr bir anlay\u0131\u015f\u0131 yok ki. Neyi, nas\u0131l ni\u00e7in kullanaca\u011f\u0131n\u0131 bilmiyor\u201d dedi.Erdo\u011fan, \u015f\u00f6yle konu\u015ftu: \u201cK\u0131l\u0131\u00e7daro\u011flu kay\u0131npederimin memleketi Siirt\u2019e gitti. Siirt\u2019te ki konu\u015fmas\u0131nda dengeyi kaybetmi\u015f. Orada kulland\u0131\u011f\u0131 ifade \u00e7ok \u00e7ok \u00e7irkin. Ne diyor? Stat\u00fckonun Allah\u2019\u0131 Ankara. \u015eimdi manevra yapmaya ba\u015flad\u0131. Bir defa Allah mekandan m\u00fcnezzehtir. Allah\u2019a mekan tayin edemezsin. Bu adam\u0131n bu t\u00fcr bir anlay\u0131\u015f\u0131 yok ki. Neyi nas\u0131l ni\u00e7in kullanaca\u011f\u0131n\u0131 bilmiyor. Bak\u0131yorsunuz bazen iyi haz\u0131rlanm\u0131\u015f \u00f6n\u00fcne koymu\u015flar ka\u011f\u0131tlar\u0131 oradan okuyor. Ka\u011f\u0131tlar\u0131 \u00f6n\u00fcnden ald\u0131\u011f\u0131n zaman da\u011f\u0131t\u0131veriyor. Samsun\u2019da, \u2019Bu ezan CHP sayesinde okunuyor\u2019 diyor. 1941\u2019da bu \u00fclkede bizim dedelerimiz iyi bilir. Tanr\u0131 uludur diye ezan okuttular. \u0130n\u00f6n\u00fc\u2019n\u00fcn d\u00f6nemi. Bunlar\u0131 ya\u015fad\u0131k m\u0131? Ya\u015fad\u0131k de\u011fil mi? Menderes geldi, kald\u0131rd\u0131. Ni\u00e7in Allah\u2019u ekber? \u00c7\u00fcnk\u00fc d\u00fcnyan\u0131n neresine gidersen git t\u00fcm \u0130slam \u00fclkelerinde ezan uluslararas\u0131, evrensel bir mesajd\u0131r. Yava\u015f yava\u015f onu da \u00f6\u011frenecek.\u201d<\/p>\n<p style=\"text-align: justify;\"><strong>Ter\u00f6ristlerin hedefi AK Parti<\/strong><\/p>\n<p style=\"text-align: justify;\">Kastamonu\u2019da konvoyumuza sald\u0131rd\u0131lar. Bir Recebimiz orada \u015fehit oldu. Allah rahmet eylesin. Fakat telsiz konu\u015fmalar\u0131 ortaya \u00e7\u0131kt\u0131, ne diyorlar? Bundan sonraki tek hedefimiz Ak Parti\u2019dir.\u2019 Neden Ak Parti hedef? \u00c7\u00fcnk\u00fc Ak Parti sorun \u00e7\u00f6z\u00fcyor, \u00e7\u00f6z\u00fcm \u00fcretiyor, hizmet \u00fcretiyor, karde\u015fli\u011fi peki\u015ftiriyor, do\u011fu ile bat\u0131y\u0131 kuzey ile g\u00fcneyi kucakla\u015ft\u0131r\u0131yor. K\u00fcrd\u00fc, laz\u0131, \u00e7erkezi, Bo\u015fna\u011f\u0131, Arnavutu\u2019nu birle\u015ftiriyor. Neden? Yaradan \u00f6yle emrediyor. Bundan rahats\u0131zlar. Ter\u00f6r \u00f6rg\u00fct\u00fc de, BDP de kan akmaya devam etsin, silah t\u00fcccarlar\u0131 kazans\u0131n istiyor. Son g\u00fcnlerdeki b\u00fct\u00fcn k\u0131\u015fk\u0131rtmalar\u0131n sebebi bu. Gerilimin sebebi bu. Batakl\u0131\u011f\u0131n kurumas\u0131ndan, istismar\u0131n son bulmas\u0131ndan \u00e7ekiniyor. Benim yoksul K\u00fcrt karde\u015fimi istismar ettiler. Bu d\u00fczen devam etsin istiyorlar. Ak Parti\u2019nin, K\u00fcrt karde\u015flerimizle sorunu yok. Benim partimde 60 K\u00fcrt milletvekilim var. Ak Parti bir b\u00f6lgenin partisi de\u011fil, etnik unsurun partisi de\u011fil, 74 milyonun partisi. Onlar t\u00fcm T\u00fcrkiye\u2019yi kucaklayamad\u0131lar. Ama biz milletimizi kucaklad\u0131k.<\/p>\n<p style=\"text-align: justify;\"><strong>TV YANITI Haddine mi! Sen daha \u00e7\u0131raks\u0131n<\/strong><\/p>\n<p style=\"text-align: justify;\">Ba\u015fbakan, CHP lideri K\u0131l\u0131\u00e7daro\u011flu\u2019nun televizyonda d\u00fcello teklifine \u015f\u00f6yle yan\u0131t verdi: \u201cHaddine mi ya&#8230; Sen daha \u00e7\u0131raks\u0131n, dur bakal\u0131m. Bu lig meselesi. Amat\u00f6r k\u00fcmede oynayanla, s\u00fcper ligde oynayan\u0131 bir araya getirmek m\u00fcmk\u00fcn m\u00fc? Sen daha dur bakal\u0131m. Daha \u00e7ok ekmek yiyeceksin. Daha \u00e7ok i\u015fin var.\u201d<\/p>\n<p style=\"text-align: justify;\"><strong>2007 se\u00e7imlerinde D\u00fczce\u2019nin durumu<\/strong><\/p>\n<p style=\"text-align: justify;\">AKP: % 60.6 (3 vekil \u00e7\u0131kard\u0131)<\/p>\n<p style=\"text-align: justify;\">CHP: % 10.6<\/p>\n<p style=\"text-align: justify;\">MHP: % 10.7<\/p>\n<p style=\"text-align: justify;\">2011\u2019de 3 milletvekili \u00e7\u0131kartacak<\/p>\n<p style=\"text-align: justify;\"><strong>2007 se\u00e7imlerinde Zonguldak\u2019\u0131n durumu<\/strong><\/p>\n<p style=\"text-align: justify;\">AKP: % 41 (3 vekil \u00e7\u0131kard\u0131)<\/p>\n<p style=\"text-align: justify;\">CHP: % 24.4 (2 vekil \u00e7\u0131kard\u0131)<\/p>\n<p style=\"text-align: justify;\">MHP: % 7.7<\/p>\n<p style=\"text-align: justify;\">2011\u2019de 5 milletvekili \u00e7\u0131kartacak.<\/p>\n<p style=\"text-align: justify;\"><a href=\"http:\/\/haber.gazetevatan.com\/80-yasindaki-zat-simdi-cete-kardesligi-yapiyor\/375866\/9\/Siyaset\" target=\"_blank\">Kaynak : VATAN Gazetesi<\/a><\/p>\n","protected":false},"excerpt":{"rendered":"<p style=\"text-align: justify;\">\n<p style=\"text-align: justify;\">Ba\u015fbakan Erdo\u011fan isim vermeden S\u00fcleyman Demirel&#8217;i ele\u015ftirdi.<\/p>\n<p style=\"text-align: justify;\">Ba\u015fbakan Erdo\u011fan, d\u00fcn \u00f6nce D\u00fczce\u2019de daha sonra da Zonguldak\u2019ta partisinin d\u00fczenledi\u011fi mitinge kat\u0131ld\u0131. Erdo\u011fan, Zonguldak\u2019ta CHP\u2019nin 1. s\u0131ra aday\u0131 Prof. Mehmet Haberal\u2019\u0131 onu destekleyen 9. Cumhurba\u015fkan\u0131 S\u00fcleyman Demirel\u2019i isim vermeden ele\u015ftirdi. Ba\u015fbakan Erdo\u011fan iki ilde yapt\u0131\u011f\u0131 konu\u015fmas\u0131n sat\u0131rba\u015flar\u0131 \u015f\u00f6yle:<\/p>\n","protected":false},"author":1,"featured_media":0,"comment_status":"open","ping_status":"closed","sticky":false,"template":"","format":"standard","meta":{"footnotes":""},"categories":[105],"tags":[],"class_list":["post-32248","post","type-post","status-publish","format-standard","hentry","category-gundem","odd"],"_links":{"self":[{"href":"http:\/\/www.korhanyilmaz.com\/index.php?rest_route=\/wp\/v2\/posts\/32248","targetHints":{"allow":["GET"]}}],"collection":[{"href":"http:\/\/www.korhanyilmaz.com\/index.php?rest_route=\/wp\/v2\/posts"}],"about":[{"href":"http:\/\/www.korhanyilmaz.com\/index.php?rest_route=\/wp\/v2\/types\/post"}],"author":[{"embeddable":true,"href":"http:\/\/www.korhanyilmaz.com\/index.php?rest_route=\/wp\/v2\/users\/1"}],"replies":[{"embeddable":true,"href":"http:\/\/www.korhanyilmaz.com\/index.php?rest_route=%2Fwp%2Fv2%2Fcomments&post=32248"}],"version-history":[{"count":0,"href":"http:\/\/www.korhanyilmaz.com\/index.php?rest_route=\/wp\/v2\/posts\/32248\/revisions"}],"wp:attachment":[{"href":"http:\/\/www.korhanyilmaz.com\/index.php?rest_route=%2Fwp%2Fv2%2Fmedia&parent=32248"}],"wp:term":[{"taxonomy":"category","embeddable":true,"href":"http:\/\/www.korhanyilmaz.com\/index.php?rest_route=%2Fwp%2Fv2%2Fcategories&post=32248"},{"taxonomy":"post_tag","embeddable":true,"href":"http:\/\/www.korhanyilmaz.com\/index.php?rest_route=%2Fwp%2Fv2%2Ftags&post=32248"}],"curies":[{"name":"wp","href":"https:\/\/api.w.org\/{rel}","templated":true}]}}