{"id":32244,"date":"2011-05-07T18:21:23","date_gmt":"2011-05-07T15:21:23","guid":{"rendered":"http:\/\/www.korhanyilmaz.com\/?p=32244"},"modified":"2011-05-07T18:21:23","modified_gmt":"2011-05-07T15:21:23","slug":"bahceli-cilgin-proje-degil-istihdam-projesi-yap","status":"publish","type":"post","link":"http:\/\/www.korhanyilmaz.com\/?p=32244","title":{"rendered":"Bah\u00e7eli: \u00c7\u0131lg\u0131n proje de\u011fil istihdam projesi yap!"},"content":{"rendered":"<p style=\"text-align: justify;\"><a href=\"http:\/\/www.korhanyilmaz.com\/wp-content\/uploads\/2011\/05\/067.jpg\"  class=\"lightview\"><img loading=\"lazy\" decoding=\"async\" class=\"aligncenter size-full wp-image-32245\" title=\"\" src=\"http:\/\/www.korhanyilmaz.com\/wp-content\/uploads\/2011\/05\/067.jpg\" alt=\"\" width=\"298\" height=\"194\" \/><\/a><\/p>\n<p style=\"text-align: justify;\">Kanal \u0130stanbul projesine y\u00fcklenen MHP lideri, &#8220;\u00e7\u0131ld\u0131rm\u0131\u015f bir toplumu \u00e7\u0131lg\u0131nca projelerle niye kand\u0131r\u0131yorsun Say\u0131n Ba\u015fbakan&#8217; diye sordu.<\/p>\n<p style=\"text-align: justify;\">MHP Genel Ba\u015fkan\u0131 Devlet Bah\u00e7eli, &#8221;Kanal \u0130stanbul&#8221; projesiyle ilgili, &#8221;G\u00fcya yeni bir kanal a\u00e7\u0131yorlar, ad\u0131na da &#8216;\u0130stanbul Kanal\u0131 ve bu bir \u00e7\u0131lg\u0131n proje&#8217; diyorlar. Bu, soygun d\u00fczenini \u00e7\u0131lg\u0131nca s\u00fcrd\u00fcrecek bir projedir&#8221; dedi. <!--more--><\/p>\n<p style=\"text-align: justify;\">Se\u00e7im \u00e7al\u0131\u015fmalar\u0131 kapsam\u0131nda MHP&#8217;nin Bayrampa\u015fa Se\u00e7im Y\u00f6netim Merkezinin a\u00e7\u0131l\u0131\u015f\u0131n\u0131 ger\u00e7ekle\u015ftiren Bah\u00e7eli, burada halka hitap etti.<\/p>\n<p style=\"text-align: justify;\">Bah\u00e7eli, partilerinin imkanlar\u0131n\u0131 ve zaman\u0131n\u0131 en iyi \u015fekilde de\u011ferlendirmek amac\u0131yla b\u00fct\u00fcn siyasi partilerden \u00f6nce bir dizi se\u00e7im faaliyeti planlad\u0131\u011f\u0131n\u0131 ve bunlar\u0131 uygulamaya koydu\u011funu s\u00f6yledi.<\/p>\n<p style=\"text-align: justify;\">Televizyonlar\u0131n ve bas\u0131n\u0131n yeteri kadar deste\u011fine sahip olmad\u0131\u011f\u0131n\u0131 ileri s\u00fcren Bah\u00e7eli, &#8221;Bizim, a\u015f\u0131r\u0131 derecede iktidara yanda\u015fl\u0131k yapan, iktidar\u0131n her politikas\u0131n\u0131 sabahtan ak\u015fama kadar balland\u0131ra balland\u0131ra yay\u0131nlayan, bu propaganda kar\u015f\u0131s\u0131nda bir tek imkan\u0131m\u0131z halk\u0131m\u0131za ula\u015fmakt\u0131r&#8221; ifadesini kulland\u0131.<\/p>\n<p style=\"text-align: justify;\">Devlet Bah\u00e7eli, 1 Ekim&#8217;den beri T\u00fcrkiye&#8217;yi kar\u0131\u015f kar\u0131\u015f dola\u015ft\u0131klar\u0131n\u0131 aktararak, d\u00fcnden itibaren de \u0130stanbul&#8217;un il\u00e7elerini gezdiklerini belirtti.<\/p>\n<p style=\"text-align: justify;\">T\u00fcrkiye&#8217;nin se\u00e7im s\u00fcrecinde bulundu\u011funa i\u015faret eden Bah\u00e7eli, se\u00e7imleri \u00f6nemsediklerini kaydetti.<\/p>\n<p style=\"text-align: justify;\">Bah\u00e7eli, AK Parti&#8217;nin 9 y\u0131ll\u0131k g\u00f6rev s\u00fcresinde \u00fclke y\u00f6netiminde ba\u015far\u0131l\u0131 olmad\u0131\u011f\u0131n\u0131 ileri s\u00fcrerek, &#8221;Bir iktidar de\u011fi\u015fikli\u011finin \u00fclkemiz i\u00e7in yararl\u0131 olaca\u011f\u0131n\u0131 d\u00fc\u015f\u00fcn\u00fcyoruz. Bu iktidar, s\u00f6zlerini yerine getirememi\u015f, ekonomide sat kurtulcu, milli meselelerde ver kurtulcu, uluslararas\u0131 politikalarda teslimiyet\u00e7i, ter\u00f6rizm kar\u015f\u0131s\u0131nda tavizci ve yak\u0131n \u00e7evreleri a\u00e7\u0131s\u0131ndan kazan kazan politikas\u0131 takip eden bir iktidar olmu\u015ftur&#8221; dedi.<\/p>\n<p style=\"text-align: justify;\">T\u00fcrkiye&#8217;nin bug\u00fcn\u00fcn\u00fc 9 y\u0131l \u00f6ncesiyle kar\u015f\u0131la\u015ft\u0131ran Bah\u00e7eli, \u015f\u00f6yle devam etti:<\/p>\n<p style=\"text-align: justify;\">&#8221;Say\u0131n Recep Tayyip Erdo\u011fan&#8217;\u0131n, sabah\u0131n 06.30&#8217;undan gecenin 01.00&#8217;ine kadar beslemeli gazeteci veya s\u00f6zde yazarlara anla\u015fmal\u0131 sohbetler yaparak, bir T\u00fcrkiye tablosu \u00e7iziyor. Bu do\u011frusu ise o zaman s\u00f6yleyece\u011fimiz bir s\u00f6z yok. Ancak vatanda\u015f\u0131n ya\u015fad\u0131\u011f\u0131 hayat \u00e7ok farkl\u0131s\u0131yla o zaman birisi yalan s\u00f6yl\u00fcyor. Milyonlar\u0131n yalan s\u00f6ylemesi m\u00fcmk\u00fcn de\u011fil. \u00d6yleyse halk\u0131 aldatan ve kand\u0131ran birisi var. O kim? Adalet ve Kalk\u0131nma Partisinin y\u00f6neticisi ve Say\u0131n Ba\u015fbakan. O zaman 12 Haziran&#8217;da bu iki temel tercihe g\u00f6re bir irade ortaya koyarak, T\u00fcrkiye&#8217;nin gelece\u011fini ve kaderini yeniden belirlemeye mecbursunuz.&#8221;<\/p>\n<p style=\"text-align: justify;\"><strong>&#8221;9 YILDA B\u00dcY\u00dcK B\u0130R SERVET FARKLILI\u011eI DO\u011eMU\u015eTUR&#8221;<\/strong><\/p>\n<p style=\"text-align: justify;\">MHP Genel Ba\u015fkan\u0131 Bah\u00e7eli, i\u015fsizlik ve yoksulluk sorunlar\u0131na dikkati \u00e7ekti\u011fi konu\u015fmas\u0131nda \u015funlar\u0131 kaydetti:<\/p>\n<p style=\"text-align: justify;\">&#8221;Yolsuzlukla, haks\u0131z kazan\u00e7la, rantla beslenen, geli\u015fen bir z\u00fcmre ortaya \u00e7\u0131k\u0131yor. Kim bu z\u00fcmre? D\u00fcn hi\u00e7bir \u015feyi olmayan ama bug\u00fcn i\u00e7in iktidar yanda\u015f\u0131 veya hanedan\u0131 olan bir z\u00fcmre. Gittik\u00e7e servetlerine servet kat\u0131yorlar. AKP&#8217;ye oy veren karde\u015fimle, AKP&#8217;nin y\u00f6neticisi veya bakan\u0131 aras\u0131nda 9 y\u0131lda b\u00fcy\u00fck bir servet farkl\u0131l\u0131\u011f\u0131 do\u011fmu\u015ftur. AKP&#8217;ye oy veren siz de bizim gibi hala a\u015f, i\u015f pe\u015finde. Ama \u00f6b\u00fcrleri, yeni rant alanlar\u0131 nas\u0131l olur diye gece g\u00fcnd\u00fcz d\u00fc\u015f\u00fcn\u00fcyorlar. G\u00fcya yeni bir kanal a\u00e7\u0131yorlar, ad\u0131na da &#8216;\u0130stanbul Kanal\u0131 ve bu bir \u00e7\u0131lg\u0131n proje&#8217; diyorlar. Bu, soygun d\u00fczenini \u00e7\u0131lg\u0131nca s\u00fcrd\u00fcrecek bir projedir. Daha ak\u0131lc\u0131 bir yol bulabilirsin. \u0130stihdam yaratan, i\u015f yeri sahiplerine, KOB\u0130&#8217;lere at\u00f6lyelere, fabrika sahiplerine yeni yeni istihdam olu\u015fturabilecek imkanlar\u0131 verebilir ve bir i\u015fsize, bir a\u00e7 insan\u0131m\u0131za bir ekmek kap\u0131s\u0131 bulabilirsin. Bunlara kafa yoraca\u011f\u0131n yerde, ak\u0131lc\u0131 politikalar \u00fcretece\u011fin yerde, \u00e7\u0131ld\u0131rm\u0131\u015f bir toplumu \u00e7\u0131lg\u0131nca projelerle niye kand\u0131r\u0131yorsun Say\u0131n Ba\u015fbakan?&#8221;<\/p>\n<p style=\"text-align: justify;\">MHP&#8217;nin kadrolar\u0131 ve projeleri ile iktidara haz\u0131r oldu\u011funu vurgulayan Bah\u00e7eli, &#8216;\u0130ktidar olmak istiyorum&#8221; dedi.<\/p>\n<p style=\"text-align: justify;\"><a href=\"http:\/\/www.ntvmsnbc.com\/id\/25210812\/\" target=\"_blank\">Kaynak : NTVMSNBC<\/a><\/p>\n","protected":false},"excerpt":{"rendered":"<p style=\"text-align: justify;\">\n<p style=\"text-align: justify;\">Kanal \u0130stanbul projesine y\u00fcklenen MHP lideri, &#8220;\u00e7\u0131ld\u0131rm\u0131\u015f bir toplumu \u00e7\u0131lg\u0131nca projelerle niye kand\u0131r\u0131yorsun Say\u0131n Ba\u015fbakan&#8217; diye sordu.<\/p>\n<p style=\"text-align: justify;\">MHP Genel Ba\u015fkan\u0131 Devlet Bah\u00e7eli, &#8221;Kanal \u0130stanbul&#8221; projesiyle ilgili, &#8221;G\u00fcya yeni bir kanal a\u00e7\u0131yorlar, ad\u0131na da &#8216;\u0130stanbul Kanal\u0131 ve bu bir \u00e7\u0131lg\u0131n proje&#8217; diyorlar. Bu, soygun d\u00fczenini \u00e7\u0131lg\u0131nca s\u00fcrd\u00fcrecek bir projedir&#8221; <\/p>\n","protected":false},"author":1,"featured_media":0,"comment_status":"open","ping_status":"closed","sticky":false,"template":"","format":"standard","meta":{"footnotes":""},"categories":[105],"tags":[],"class_list":["post-32244","post","type-post","status-publish","format-standard","hentry","category-gundem","odd"],"_links":{"self":[{"href":"http:\/\/www.korhanyilmaz.com\/index.php?rest_route=\/wp\/v2\/posts\/32244","targetHints":{"allow":["GET"]}}],"collection":[{"href":"http:\/\/www.korhanyilmaz.com\/index.php?rest_route=\/wp\/v2\/posts"}],"about":[{"href":"http:\/\/www.korhanyilmaz.com\/index.php?rest_route=\/wp\/v2\/types\/post"}],"author":[{"embeddable":true,"href":"http:\/\/www.korhanyilmaz.com\/index.php?rest_route=\/wp\/v2\/users\/1"}],"replies":[{"embeddable":true,"href":"http:\/\/www.korhanyilmaz.com\/index.php?rest_route=%2Fwp%2Fv2%2Fcomments&post=32244"}],"version-history":[{"count":0,"href":"http:\/\/www.korhanyilmaz.com\/index.php?rest_route=\/wp\/v2\/posts\/32244\/revisions"}],"wp:attachment":[{"href":"http:\/\/www.korhanyilmaz.com\/index.php?rest_route=%2Fwp%2Fv2%2Fmedia&parent=32244"}],"wp:term":[{"taxonomy":"category","embeddable":true,"href":"http:\/\/www.korhanyilmaz.com\/index.php?rest_route=%2Fwp%2Fv2%2Fcategories&post=32244"},{"taxonomy":"post_tag","embeddable":true,"href":"http:\/\/www.korhanyilmaz.com\/index.php?rest_route=%2Fwp%2Fv2%2Ftags&post=32244"}],"curies":[{"name":"wp","href":"https:\/\/api.w.org\/{rel}","templated":true}]}}