{"id":32238,"date":"2011-05-07T14:18:58","date_gmt":"2011-05-07T11:18:58","guid":{"rendered":"http:\/\/www.korhanyilmaz.com\/?p=32238"},"modified":"2011-05-07T14:18:58","modified_gmt":"2011-05-07T11:18:58","slug":"akdag-kimsenin-midesi-surekli-dolu-olmaz","status":"publish","type":"post","link":"http:\/\/www.korhanyilmaz.com\/?p=32238","title":{"rendered":"Akda\u011f: Kimsenin midesi s\u00fcrekli dolu olmaz"},"content":{"rendered":"<p style=\"text-align: justify;\"><a href=\"http:\/\/www.korhanyilmaz.com\/wp-content\/uploads\/2011\/05\/065.jpg\"  class=\"lightview\"><img loading=\"lazy\" decoding=\"async\" class=\"aligncenter size-full wp-image-32239\" title=\"\" src=\"http:\/\/www.korhanyilmaz.com\/wp-content\/uploads\/2011\/05\/065.jpg\" alt=\"\" width=\"298\" height=\"234\" \/><\/a><\/p>\n<p style=\"text-align: justify;\">Sa\u011fl\u0131k Bakan\u0131 Recep Akda\u011f, 2.5 ayl\u0131k K\u00fcbra bebe\u011fin otopsi raporunda a\u00e7l\u0131ktan \u00f6ld\u00fc\u011f\u00fcne y\u00f6nelik bulgu olmad\u0131\u011f\u0131n\u0131 s\u00f6yledi. Bebe\u011fin hastal\u0131ktan \u00f6ld\u00fc\u011f\u00fcn\u00fc savunan Akda\u011f, \u201c\u0130nsan midesi s\u00fcrekli olarak dolu olmaz\u201d dedi.<!--more--><\/p>\n<p style=\"text-align: justify;\">SAMSUN &#8211; Sa\u011fl\u0131k Bakan\u0131 Akda\u011f, Bay\u0131nd\u0131rl\u0131k ve \u0130skan Bakan\u0131 Mustafa Demir ile birlikte Samsun Valisi H\u00fcseyin Aksoy&#8217;u, ard\u0131ndan da B\u00fcy\u00fck\u015fehir Belediye Ba\u015fkan\u0131 Yusuf Ziya Y\u0131lmaz&#8217;\u0131 ziyaret etti.<\/p>\n<p style=\"text-align: justify;\">Sa\u011fl\u0131k Bakan\u0131 Akda\u011f, Samsun&#8217;daki 2.5 ayl\u0131k K\u00fcbra bebe\u011fin \u00f6l\u00fcm\u00fcn\u00fcn CHP Genel Ba\u015fkan\u0131 K\u0131l\u0131\u00e7daro\u011flu taraf\u0131ndan &#8221;istismar&#8221; edildi\u011fini savundu.<\/p>\n<p style=\"text-align: justify;\">Bakan Recep Akda\u011f, konuya ili\u015fkin as\u0131l otopsi raporunun hen\u00fcz a\u00e7\u0131klanmad\u0131\u011f\u0131n\u0131 hat\u0131rlatarak, \u015funlar\u0131 kaydetti:<\/p>\n<p style=\"text-align: justify;\">&#8220;Neye dayanarak istismar\u0131n\u0131 yapt\u0131. \u00c7ok a\u00e7\u0131k s\u00f6yl\u00fcyorum, cehaletine dayanarak istismar\u0131n\u0131 yapt\u0131. Bu bebe\u011fimizin a\u00e7l\u0131ktan \u00f6ld\u00fc\u011f\u00fcn\u00fc s\u00f6yledi. Neye dayand\u0131r\u0131yorlar? Yavrumuzun otopsi bulgusunda midesinin bo\u015f oldu\u011funa.<\/p>\n<p style=\"text-align: justify;\">Ben \u00e7ocuk hastal\u0131klar\u0131 ve sa\u011fl\u0131\u011f\u0131 profes\u00f6r\u00fcy\u00fcm. Say\u0131n Haluk Ko\u00e7 da hekim. Herhalde o da \u00f6zellikle anne s\u00fct\u00fc ile beslenen bir \u00e7ocu\u011fun midesinin beslendikten 1 ile 3 saat i\u00e7inde bo\u015fald\u0131\u011f\u0131n\u0131 bilir. Hi\u00e7bir \u00e7ocu\u011fun hatta hi\u00e7bir insan\u0131n midesi s\u00fcrekli olarak dolu olmaz. Beslenirsiniz, beslendikten bir m\u00fcddet sonra mide bo\u015fal\u0131r.<\/p>\n<p style=\"text-align: center;\"><a href=\"http:\/\/www.korhanyilmaz.com\/wp-content\/uploads\/2011\/05\/066.jpg\"  class=\"lightview\"><img loading=\"lazy\" decoding=\"async\" class=\"aligncenter size-full wp-image-32240\" src=\"http:\/\/www.korhanyilmaz.com\/wp-content\/uploads\/2011\/05\/066.jpg\" alt=\"\" width=\"400\" height=\"254\" \/><\/a><\/p>\n<p style=\"text-align: justify;\">Yavrumuzun durumu ne idi ne de\u011fildi, adli t\u0131p raporunun kesinle\u015fmesinden sonra ortaya \u00e7\u0131kacak. Ama \u015funu biliyoruz, bu yavrumuzun bir karde\u015fi kistik fibroziz bir hastal\u0131ktan hayat\u0131n\u0131 kaybetmi\u015f. Bu pankreasla ilgili bir hastal\u0131kt\u0131r. Bir \u00e7ocu\u011fun beslenmesini bozar.<\/p>\n<p style=\"text-align: justify;\">Say\u0131n K\u0131l\u0131\u00e7daro\u011flu, bunu her zaman yap\u0131yor. Eline belge diye ald\u0131\u011f\u0131, \u00f6n\u00fc yok, arkas\u0131 yok, bilgisi yok, uzmanl\u0131\u011f\u0131 yok, \u00e7\u0131k\u0131p meydanlarda vatanda\u015fa bunlar\u0131 sunabiliyor.&#8221;<\/p>\n<p style=\"text-align: justify;\"><a href=\"http:\/\/www.ntvmsnbc.com\/id\/25210749\/\" target=\"_blank\">Kaynak : NTVMSNBC<\/a><\/p>\n","protected":false},"excerpt":{"rendered":"<p style=\"text-align: justify;\">\n<p style=\"text-align: justify;\">Sa\u011fl\u0131k Bakan\u0131 Recep Akda\u011f, 2.5 ayl\u0131k K\u00fcbra bebe\u011fin otopsi raporunda a\u00e7l\u0131ktan \u00f6ld\u00fc\u011f\u00fcne y\u00f6nelik bulgu olmad\u0131\u011f\u0131n\u0131 s\u00f6yledi. Bebe\u011fin hastal\u0131ktan \u00f6ld\u00fc\u011f\u00fcn\u00fc savunan Akda\u011f, \u201c\u0130nsan midesi s\u00fcrekli olarak dolu olmaz\u201d dedi.<\/p>\n","protected":false},"author":1,"featured_media":0,"comment_status":"open","ping_status":"closed","sticky":false,"template":"","format":"standard","meta":{"footnotes":""},"categories":[105],"tags":[],"class_list":["post-32238","post","type-post","status-publish","format-standard","hentry","category-gundem","odd"],"_links":{"self":[{"href":"http:\/\/www.korhanyilmaz.com\/index.php?rest_route=\/wp\/v2\/posts\/32238","targetHints":{"allow":["GET"]}}],"collection":[{"href":"http:\/\/www.korhanyilmaz.com\/index.php?rest_route=\/wp\/v2\/posts"}],"about":[{"href":"http:\/\/www.korhanyilmaz.com\/index.php?rest_route=\/wp\/v2\/types\/post"}],"author":[{"embeddable":true,"href":"http:\/\/www.korhanyilmaz.com\/index.php?rest_route=\/wp\/v2\/users\/1"}],"replies":[{"embeddable":true,"href":"http:\/\/www.korhanyilmaz.com\/index.php?rest_route=%2Fwp%2Fv2%2Fcomments&post=32238"}],"version-history":[{"count":0,"href":"http:\/\/www.korhanyilmaz.com\/index.php?rest_route=\/wp\/v2\/posts\/32238\/revisions"}],"wp:attachment":[{"href":"http:\/\/www.korhanyilmaz.com\/index.php?rest_route=%2Fwp%2Fv2%2Fmedia&parent=32238"}],"wp:term":[{"taxonomy":"category","embeddable":true,"href":"http:\/\/www.korhanyilmaz.com\/index.php?rest_route=%2Fwp%2Fv2%2Fcategories&post=32238"},{"taxonomy":"post_tag","embeddable":true,"href":"http:\/\/www.korhanyilmaz.com\/index.php?rest_route=%2Fwp%2Fv2%2Ftags&post=32238"}],"curies":[{"name":"wp","href":"https:\/\/api.w.org\/{rel}","templated":true}]}}