{"id":32229,"date":"2011-05-06T16:20:13","date_gmt":"2011-05-06T13:20:13","guid":{"rendered":"http:\/\/www.korhanyilmaz.com\/?p=32229"},"modified":"2011-05-06T16:20:13","modified_gmt":"2011-05-06T13:20:13","slug":"celenke-yakisan-cenaze","status":"publish","type":"post","link":"http:\/\/www.korhanyilmaz.com\/?p=32229","title":{"rendered":"\u00c7elenk&#8217;e yak\u0131\u015fan cenaze"},"content":{"rendered":"<p style=\"text-align: center;\"><a href=\"http:\/\/www.korhanyilmaz.com\/wp-content\/uploads\/2011\/05\/064.jpg\"  class=\"lightview\"><img loading=\"lazy\" decoding=\"async\" class=\"aligncenter size-full wp-image-32235\" src=\"http:\/\/www.korhanyilmaz.com\/wp-content\/uploads\/2011\/05\/064.jpg\" alt=\"\" width=\"463\" height=\"238\" \/><\/a><\/p>\n<p style=\"text-align: justify;\">&#8220;Deniz&#8217;lerin Avukat\u0131&#8221; Halit \u00c7elenk, vasiyet etti\u011fi gibi &#8220;Enternasyonal&#8221; mar\u015f\u0131yla, Deniz Gezmi\u015f, Yusuf Aslan ve H\u00fcseyin \u0130nan&#8217;\u0131n mezarlar\u0131n\u0131n yan\u0131 ba\u015f\u0131nda topra\u011fa verildi.<\/p>\n<p style=\"text-align: justify;\">ANKARA- Deniz Gezmi\u015f ve arkada\u015flar\u0131n\u0131n \u00f6l\u00fcm\u00fcn\u00fcn 39\u2019ncu y\u0131ld\u00f6n\u00fcm\u00fc avukatlar\u0131 Halit \u00c7elenk\u2019in cenaze t\u00f6reni ile birlikte ger\u00e7ekle\u015fti. T\u00f6ren ve anma mezarl\u0131\u011f\u0131 miting alan\u0131na \u00e7evirdi. <!--more--><\/p>\n<p style=\"text-align: justify;\">Cenaze t\u00f6reninde eski Erzincan Cumhuriyet Ba\u015fsavc\u0131s\u0131 ve CHP Denizli Milletvekili aday\u0131 \u0130lhan Cihaner dikkat \u00e7ekti.<\/p>\n<p style=\"text-align: justify;\">Cihaner t\u00f6rene YARSAV eski Ba\u015fkan\u0131 \u00d6mer Faruk Emina\u011fao\u011flu, \u0130stanbul Barosu eski Ba\u015fkan\u0131 Turgut Kazan ile birlikte kat\u0131ld\u0131. Kar\u015f\u0131yaka Mezarl\u0131\u011f\u0131\u2019ndeki t\u00f6rende Halit \u00c7elenk\u2019in tabutu k\u0131z\u0131l bayrak ve T\u00fcrk bayra\u011f\u0131na sar\u0131ld\u0131. Cenaze Enternasyonal Mar\u015f\u0131 e\u015fli\u011finde g\u00f6m\u00fcld\u00fc.<\/p>\n<p style=\"text-align: justify;\">T\u00f6rene \u00c7elenk\u2019in ailesinden e\u015fi, \u00e7ocuklar\u0131 ve torunlar\u0131 kat\u0131l\u0131rken, Atat\u00fcrk\u00e7\u00fc D\u00fc\u015f\u00fcnce Derne\u011fi (ADD) ve CHP\u2019den BDP, \u00d6DP ve Emek Partisi\u2019ne kadar \u00e7ok say\u0131da grup ve parti y\u00f6neticisi kat\u0131ld\u0131. Deniz Gezmi\u015f\u2019in mezar\u0131na y\u00fczlerce k\u0131rm\u0131z\u0131 g\u00fcl ve karanfil b\u0131rakan binlerce ki\u015fi mezarl\u0131\u011f\u0131 adeta miting alan\u0131na \u00e7evirdi. Cenazede s\u0131k s\u0131k sloganlar at\u0131l\u0131rken, art\u0131k geleneksel bir hal alan mezara yanan tek sigara b\u0131rakma eylemi de ger\u00e7ekle\u015fti.<\/p>\n<p style=\"text-align: justify;\">T\u00fcrkiye\u2019deki sol hareketin \u00f6nemli isimlerinden, avukat ve siyaset\u00e7i Halit \u00c7elenk, ast\u0131m ve kanser tedavisi g\u00f6rd\u00fc\u011f\u00fc evinde ya\u015fam\u0131n\u0131 yitirmi\u015fti. 12 Mart d\u00f6neminde yarg\u0131lanarak idam cezas\u0131na \u00e7arpt\u0131r\u0131lan Deniz Gezmi\u015f, Yusuf Aslan ve H\u00fcseyin \u0130nan\u2019\u0131n avukatl\u0131\u011f\u0131n\u0131 \u00fcstlenen \u00c7elenk\u2019in cenazesine g\u00f6nderilen \u00e7elenkler aras\u0131nda gazeteci Cengiz \u00c7andar\u2019\u0131n \u00e7elengi de dikkat \u00e7ekti.<\/p>\n<p style=\"text-align: justify;\"><strong>&#8220;\u00d6LECE\u011e\u0130 G\u00dcN\u00dc KEND\u0130S\u0130 SE\u00c7M\u0130\u015e&#8230;&#8221;<\/strong><\/p>\n<p style=\"text-align: justify;\">\u00c7elenk&#8217;in tabutunun ba\u015f\u0131nda d\u00fczenlenen t\u00f6rende k\u0131z\u0131 Serpil G\u00fcven\u00e7, babas\u0131n\u0131n, Deniz Gezmi\u015f, Yusuf Aslan ve H\u00fcseyin \u0130nan ile \u00f6zde\u015fle\u015fti\u011fini belirterek, &#8221;Adeta \u00f6lece\u011fi g\u00fcn\u00fc kendisi se\u00e7mi\u015f gibi&#8221; dedi. G\u00fcven\u00e7, \u00c7elenk&#8217;in hem kendilerine hem de t\u00fcm gen\u00e7lere neler \u00f6\u011fretti\u011fini \u015fu s\u00f6zlerle \u00f6zetledi:<\/p>\n<p style=\"text-align: justify;\">&#8220;Ba\u015f e\u011fmemeyi, sermaye d\u00fczenine teslim olmamay\u0131, sosyalizm m\u00fccadelesini hi\u00e7bir zaman b\u0131rakmamay\u0131, inanmay\u0131, dik durmay\u0131, kimsenin \u00f6n\u00fcnde e\u011filmemeyi \u00f6\u011fretti.&#8221; G\u00fcven\u00e7, babas\u0131n\u0131n 1995&#8217;teki anmada \u201cBug\u00fcn buraya yas tutmaya gelmedik. \u0130nan\u00e7lar\u0131m\u0131z\u0131, bilincimizi tazelemeye geldik&#8221; s\u00f6zlerini okudu. Konu\u015fmas\u0131n\u0131 &#8216;ya\u015fas\u0131n devrim, ya\u015fas\u0131n sosyalizm ve tam ba\u011f\u0131ms\u0131zl\u0131k&#8217; sloganlar\u0131yla tamamlad\u0131.<\/p>\n<p style=\"text-align: justify;\"><strong>\u201cSAVA\u015eIMI S\u00dcRD\u00dcRMEL\u0130Y\u0130Z\u201d<\/strong><\/p>\n<p style=\"text-align: justify;\">G\u00fcven\u00e7&#8217;ten \u00f6nce k\u00fcrs\u00fcye di\u011fer k\u0131z\u0131 Ferda \u00d6zyurda \u00e7\u0131kt\u0131. \u00d6zyurda, ise, &#8220;Halk\u0131 sosyalizme inand\u0131ran, Deniz, Yusuf ve H\u00fcseyin&#8217;in avukat\u0131 ve yolda\u015f\u0131, babam Halit \u00c7elenk&#8217;e selam olsun&#8221; dedi.<\/p>\n<p style=\"text-align: justify;\">\u00d6zyurda, &#8220;Bizler burada Deniz, Yusuf, H\u00fcseyin ve Halit \u00c7elenk&#8217;e lay\u0131k olmak istiyorsak, onlar\u0131n antiemperyalist sosyalist m\u00fccadelelerinin me\u015falelerini hep birlikte kald\u0131rmal\u0131y\u0131z ve kararl\u0131l\u0131kla ve inan\u00e7la bu sava\u015f\u0131 s\u00fcrd\u00fcrmeliyiz. Onlar ancak bu \u015fekilde burada \u0131\u015f\u0131klar i\u00e7inde yatabilirler&#8221; dedi.<\/p>\n<p style=\"text-align: justify;\"><strong>\u00c7ELENK&#8217;\u0130N \u00d6ZGE\u00c7M\u0130\u015e\u0130<\/strong><\/p>\n<p style=\"text-align: justify;\">Halit \u00c7elenk, 1922 y\u0131l\u0131nda Antakya&#8217;da do\u011fdu. 1944&#8217;te \u0130stanbul \u00dcniversitesi Hukuk Fak\u00fcltesini bitiren \u00c7elenk, T\u00fcrkiye \u0130\u015f\u00e7i Partisi Ankara il y\u00f6netiminde sekreter ve genel y\u00f6netim kurulunda \u00fcye olarak g\u00f6rev yapt\u0131.<\/p>\n<p style=\"text-align: justify;\">\u00c7elenk, 1960&#8217;l\u0131 y\u0131llarda \u0130lerici Avukatlar Derne\u011fi ve yine Devrimci Avukatlar Derne\u011finin kurucu ve y\u00f6neticileri aras\u0131nda yer ald\u0131. 1965 y\u0131l\u0131nda Fakir Baykurt&#8217;un ba\u015fkanl\u0131\u011f\u0131nda kurulan T\u00fcrkiye \u00d6\u011fretmenler Sendikas\u0131n\u0131n (T\u00d6S), daha sonra kurulan T\u00fcm E\u011fitim ve \u00d6\u011fretim Emek\u00e7ileri Birle\u015fme ve Dayan\u0131\u015fma Derne\u011finin (T\u00f6b-Der) hukuk dan\u0131\u015fmanl\u0131\u011f\u0131n\u0131 yapan \u00c7elenk, 1968 y\u0131l\u0131nda T\u00fcrk Hukuk Kurumunun ikinci ba\u015fkanl\u0131\u011f\u0131, 1975 y\u0131l\u0131nda \u00c7a\u011fda\u015f Hukuk\u00e7ular Derne\u011fi Ba\u015fkanl\u0131\u011f\u0131 g\u00f6revlerinde bulundu.<\/p>\n<p style=\"text-align: justify;\">\u0130nsan Haklar\u0131 Derne\u011fi ve \u0130nsan Haklar\u0131 Vakf\u0131n\u0131n kurucular\u0131 aras\u0131nda yer alan \u00c7elenk, 12 Mart ve 12 Eyl\u00fcl d\u00f6nemlerinde, Dev-Gen\u00e7, THKO, T\u0130P, TKP, TS\u0130P, Dev-Yol, D\u0130SK, Bar\u0131\u015f, T\u00fcrkiye Yazarlar Sendikas\u0131, Halkevleri K\u00f6y-Koop davalar\u0131nda avukatl\u0131k yapt\u0131.<\/p>\n<p style=\"text-align: justify;\">Bar\u0131\u015f davas\u0131nda ve Aziz Nesin&#8217;in \u00f6nc\u00fcl\u00fc\u011f\u00fcn\u00fc yapt\u0131\u011f\u0131 Dilek\u00e7e davas\u0131nda san\u0131k olarak yarg\u0131lan ve beraat eden \u00c7elenk, Naz\u0131m Hikmet&#8217;in k\u0131z karde\u015fi Samiye Yalt\u0131r\u0131m taraf\u0131ndan kurulan Naz\u0131m Hikmet K\u00fclt\u00fcr ve Sanat Vakf\u0131n\u0131n y\u00f6netim kurulunda g\u00f6rev ald\u0131, Naz\u0131m Hikmet&#8217;e yap\u0131lan hakaret davalar\u0131nda m\u00fcdahil olarak Samiye Yalt\u0131r\u0131m&#8217;\u0131n avukatl\u0131\u011f\u0131n\u0131 \u00fcstlendi.<\/p>\n<p style=\"text-align: justify;\">\u00c7elenk, ba\u015fta Deniz Gezmi\u015f, Yusuf Aslan ve H\u00fcseyin \u0130nan olmak \u00fczere Taylan \u00d6zg\u00fcr, Mahir \u00c7ayan, G\u00fcn Zileli, Melih Pekdemir, Kemal T\u00fcrkler, Aziz Nesin, Mahmut Dikerdem, \u0130lhan Sel\u00e7uk, Oktay Akbal, Dr. Erdal Atabek, Vedat T\u00fcrkali, Mihri Belli, U\u011fur Mumcu, Remzi \u0130mame, M\u00fcmtaz Soysal, Bahri Savc\u0131, Adalet A\u011fao\u011flu, I\u015f\u0131k Kansu, Muzaffer \u0130lhan Erdost, S\u00fcleyman Ege, Melike Demira\u011f, Sadun Aren, Abdullah Ba\u015ft\u00fcrk, Vahat Erdo\u011fdu, Seyhan Erdo\u011fdu, Fakir Baykurt, Talip Apayd\u0131n, As\u0131m Bezirci, Arif Damar, \u00d6ner Ya\u011fc\u0131, M. Emin De\u011fer&#8217;in de aralar\u0131nda bulundu\u011fu \u00e7ok say\u0131da ismin avukatl\u0131\u011f\u0131n\u0131 \u00fcstlendi.<\/p>\n<p style=\"text-align: justify;\">Halit \u00c7elenk&#8217;in &#8221;\u0130dam Gecesi An\u0131lar\u0131&#8221;, &#8221;THKO Davas\u0131, Deniz Gezmi\u015f, Yusuf Aslan, H\u00fcseyin \u0130nan ve Arkada\u015flar\u0131n\u0131n Sorgu ve Savunmalar\u0131&#8221;, &#8221;Devlet G\u00fcvenlik Mahkemeleri Ni\u00e7in Kald\u0131r\u0131lmal\u0131?&#8221;, &#8221;Hukuksuz Demokrasi&#8221;, &#8221;Umut Hangi Da\u011f\u0131n Ard\u0131nda?&#8221;, &#8221;Bar\u0131\u015f Sava\u015f\u00e7\u0131lar\u0131&#8221;, &#8221;Be\u015f Kap\u0131-Be\u015f Kilit&#8221; gibi pek \u00e7ok bas\u0131lm\u0131\u015f eseri bulunuyordu.<\/p>\n\n<p style=\"text-align: justify;\"><a href=\"http:\/\/www.gazeteport.com.tr\/GUNCEL\/NEWS\/GP_900428\" target=\"_blank\">Kaynak : GAZETEPORT<\/a><\/p>\n","protected":false},"excerpt":{"rendered":"<p style=\"text-align: center;\">\n<p style=\"text-align: justify;\">&#8220;Deniz&#8217;lerin Avukat\u0131&#8221; Halit \u00c7elenk, vasiyet etti\u011fi gibi &#8220;Enternasyonal&#8221; mar\u015f\u0131yla, Deniz Gezmi\u015f, Yusuf Aslan ve H\u00fcseyin \u0130nan&#8217;\u0131n mezarlar\u0131n\u0131n yan\u0131 ba\u015f\u0131nda topra\u011fa verildi.<\/p>\n<p style=\"text-align: justify;\">ANKARA- Deniz Gezmi\u015f ve arkada\u015flar\u0131n\u0131n \u00f6l\u00fcm\u00fcn\u00fcn 39\u2019ncu y\u0131ld\u00f6n\u00fcm\u00fc avukatlar\u0131 Halit \u00c7elenk\u2019in cenaze t\u00f6reni ile birlikte ger\u00e7ekle\u015fti. T\u00f6ren ve anma mezarl\u0131\u011f\u0131 miting alan\u0131na \u00e7evirdi. <\/p>\n","protected":false},"author":1,"featured_media":0,"comment_status":"open","ping_status":"closed","sticky":false,"template":"","format":"standard","meta":{"footnotes":""},"categories":[105],"tags":[],"class_list":["post-32229","post","type-post","status-publish","format-standard","hentry","category-gundem","odd"],"_links":{"self":[{"href":"http:\/\/www.korhanyilmaz.com\/index.php?rest_route=\/wp\/v2\/posts\/32229","targetHints":{"allow":["GET"]}}],"collection":[{"href":"http:\/\/www.korhanyilmaz.com\/index.php?rest_route=\/wp\/v2\/posts"}],"about":[{"href":"http:\/\/www.korhanyilmaz.com\/index.php?rest_route=\/wp\/v2\/types\/post"}],"author":[{"embeddable":true,"href":"http:\/\/www.korhanyilmaz.com\/index.php?rest_route=\/wp\/v2\/users\/1"}],"replies":[{"embeddable":true,"href":"http:\/\/www.korhanyilmaz.com\/index.php?rest_route=%2Fwp%2Fv2%2Fcomments&post=32229"}],"version-history":[{"count":0,"href":"http:\/\/www.korhanyilmaz.com\/index.php?rest_route=\/wp\/v2\/posts\/32229\/revisions"}],"wp:attachment":[{"href":"http:\/\/www.korhanyilmaz.com\/index.php?rest_route=%2Fwp%2Fv2%2Fmedia&parent=32229"}],"wp:term":[{"taxonomy":"category","embeddable":true,"href":"http:\/\/www.korhanyilmaz.com\/index.php?rest_route=%2Fwp%2Fv2%2Fcategories&post=32229"},{"taxonomy":"post_tag","embeddable":true,"href":"http:\/\/www.korhanyilmaz.com\/index.php?rest_route=%2Fwp%2Fv2%2Ftags&post=32229"}],"curies":[{"name":"wp","href":"https:\/\/api.w.org\/{rel}","templated":true}]}}