{"id":32224,"date":"2011-05-07T19:42:14","date_gmt":"2011-05-07T16:42:14","guid":{"rendered":"http:\/\/www.korhanyilmaz.com\/?p=32224"},"modified":"2011-05-07T19:42:14","modified_gmt":"2011-05-07T16:42:14","slug":"kurt-halki-ozerk-yonetime-kavusacak","status":"publish","type":"post","link":"http:\/\/www.korhanyilmaz.com\/?p=32224","title":{"rendered":"K\u00fcrt halk\u0131 \u00f6zerk y\u00f6netime kavu\u015facak"},"content":{"rendered":"<div id=\"attachment_32226\" style=\"width: 427px\" class=\"wp-caption aligncenter\"><a href=\"http:\/\/www.korhanyilmaz.com\/wp-content\/uploads\/2011\/05\/059.jpg\"  class=\"lightview\"><img loading=\"lazy\" decoding=\"async\" aria-describedby=\"caption-attachment-32226\" class=\"size-full wp-image-32226  \" src=\"http:\/\/www.korhanyilmaz.com\/wp-content\/uploads\/2011\/05\/059.jpg\" alt=\"\" width=\"417\" height=\"214\" \/><\/a><p id=\"caption-attachment-32226\" class=\"wp-caption-text\">Selahattin Demirta\u015f konu\u015fmas\u0131n\u0131 bir grup PKK&#39;l\u0131n\u0131n a\u00e7t\u0131\u011f\u0131 &quot;Kastamonu&#39;daki eylemi selaml\u0131yoruz&quot; pankart\u0131 \u00f6n\u00fcnde yapt\u0131<\/p><\/div>\n<p style=\"text-align: justify;\">BDP\u2019nin destekledi\u011fi ba\u011f\u0131ms\u0131z Hakkari Milletvekili aday\u0131 Selahattin Demirta\u015f, se\u00e7im \u00e7al\u0131\u015fmalar\u0131nda bulunmak \u00fczere Hakkari\u2019nin Y\u00fcksekova \u0130l\u00e7esi\u2019ne geldi. 2 g\u00fcn boyunca gerginli\u011fin ya\u015fand\u0131\u011f\u0131 Y\u00fcksekova\u2019da partililere seslenen Demirta\u015f, Y\u00fcksekova\u2019n\u0131n isyanlar\u0131n de\u011fil, direni\u015fin sembol\u00fc oldu\u011funu belirtirken, halk\u0131n provokasyonlara gelmemesini istedi.<!--more--><\/p>\n<p style=\"text-align: justify;\">Y\u00dcKSEKOVA &#8211; BDP eski Genel Ba\u015fkan\u0131 ve partinin destekledi\u011fi Hakkari ba\u011f\u0131ms\u0131z milletvekili aday\u0131 olan Selahattin Demirta\u015f, BDP Genel Ba\u015fkan\u0131 ve Hakkari Milletvekili olan Hamit Geylani ile birlikte ilk olarak Y\u00fcksekova\u2019y\u0131 ziyaret etti. Geylani ve Demirta\u015f\u2019\u0131 Y\u00fcksekova\u2019da yakla\u015f\u0131k 5 bin ki\u015fi kar\u015f\u0131lad\u0131. Demirta\u015f, Cangiz Topel Caddesi\u2019nde konu\u015fma yapt\u0131. Demirta\u015f, il\u00e7e halk\u0131na son birka\u00e7 g\u00fcnd\u00fcr meydana gelen ve Mustazaflar Derne\u011fi \u00fcyesi bir ki\u015finin \u00f6ld\u00fc\u011f\u00fc olaylar nedeniyle &#8216;ge\u00e7mi\u015f olsun&#8217; dedi.<\/p>\n<p style=\"text-align: justify;\"><strong>\u00d6L\u00dcMLERDEN MUTLULUK DUYMAYIZ<\/strong><\/p>\n<p style=\"text-align: justify;\">Y\u00fcksekova&#8217;n\u0131n isyanlar\u0131n de\u011fil direni\u015fin yeri oldu\u011funu belirte Selahattin Demirta\u015f, &#8220;Biz elbette ki hi\u00e7bir insan\u0131n \u00f6l\u00fcm\u00fcnden mutluluk duyamay\u0131z, her \u00f6l\u00fcm bizim i\u00e7in ac\u0131d\u0131r ve \u00fcz\u00fcnt\u00fc vericidir. Burada halk\u0131m\u0131z\u0131n bir evlad\u0131n\u0131n ya\u015fam\u0131n\u0131 yitirmesi de bizim i\u00e7in \u00fcz\u00fcnt\u00fc vericidir. Allah rahmet eylesin. Yak\u0131nlar\u0131na ba\u015fsa\u011fl\u0131\u011f\u0131 diliyoruz&#8221; dedi. Olup bitenleri Y\u00fcksekova halk\u0131n\u0131n iyi de\u011ferlendirmesini isteyen Demirta\u015f, s\u00f6zlerini \u015f\u00f6yle s\u00fcrd\u00fcrd\u00fc:<\/p>\n<p style=\"text-align: justify;\">&#8220;Her halde en iyi Gever (Y\u00fcksekova) halk\u0131 taraf\u0131ndan iyi tahlil ediliyor, iyi anla\u015f\u0131l\u0131yor. \u0130yi anla\u015f\u0131l\u0131yor ki, provokasyonun mayas\u0131 bir t\u00fcrl\u00fc burda tutmuyor. \u0130n\u015fallah halk\u0131n bu \u00f6rg\u00fctl\u00fcl\u00fc\u011f\u00fc, duyarl\u0131l\u0131\u011f\u0131, direni\u015fi sayesinde hi\u00e7bir zaman provokasyonlar tutmayacak. Gever (Y\u00fcksekova) provokasyonun de\u011fil, direni\u015fin yeridir. Bunu art\u0131k herkesin kafas\u0131na yazmas\u0131 laz\u0131m. Hi\u00e7 kimsenin de bu provokasyonlara alet olmamas\u0131 laz\u0131m. Biz o \u00e7evrelere de \u00e7a\u011fr\u0131 yapt\u0131k. Bak\u0131n yak\u0131n ge\u00e7mi\u015ften ders \u00e7\u0131kar\u0131lm\u0131\u015f olmas\u0131 laz\u0131m. Derin g\u00fc\u00e7lerin, kontran\u0131n bu g\u00fc\u00e7leri, bu \u00e7evreleri nas\u0131l kulland\u0131klar\u0131n\u0131 biliyoruz. Bir kez daha denenmek isteniyor, bir kez daha bu halk kendi i\u00e7inde bir birine kar\u015f\u0131 d\u00fc\u015fman haline getirilmek, \u00e7at\u0131\u015ft\u0131r\u0131lmak isteniyor. Bu kadar a\u00e7\u0131kken senaryo ve provokasyon bu kadar a\u00e7\u0131kken nas\u0131l olurda bu tezgaha d\u00fc\u015ferler.&#8221;<\/p>\n<p style=\"text-align: justify;\"><strong>NEDEN\u0130 DEMOKRAT\u0130K \u00d6ZERKL\u0130KT\u0130R<\/strong><\/p>\n<p style=\"text-align: justify;\">Demirta\u015f, provokasyonlar\u0131n nedenin ise Y\u00fcksekova&#8217;da demokratik \u00f6zerk y\u00f6netime adam ad\u0131m giden halk\u0131n \u00f6n\u00fcn\u00fc kesmek oldu\u011funu ileri s\u00fcrd\u00fc. Demirta\u015f, &#8220;Burada demokratik \u00f6zerklik olacakt\u0131r. K\u00fcrt halk\u0131 demokratik \u00f6zerk y\u00f6netimine kavu\u015facakt\u0131r. Kendi kendini y\u00f6netecek. Kendi i\u015fsizli\u011fini, a\u00e7l\u0131k sorununu \u00e7\u00f6zecektir. Bu olacakt\u0131r. Bunu engellemek imkans\u0131zd\u0131r. Bu halk\u0131n hakk\u0131d\u0131r. Burada ters giden, ters i\u015fleyen bir \u015fey varsa, o da Gever(Y\u00fcksekova) halk\u0131na gazlarla, coplarla, panzerlerle sald\u0131rmakt\u0131r. Buradaki terslik budur. Y\u00fcksekova halk\u0131 \u00f6n\u00fcnde gaz\u0131 panzeri, copu \u00e7ekin. Burada gerginlik yoktur. Halk kendi kendini y\u00f6netmek istiyor. Gerilimi yaratan bu anlay\u0131\u015ft\u0131r. \u00c7ekin panzerleri, polisleri bak\u0131n g\u00fcvenlik sorunu varm\u0131d\u0131r?&#8221; dedi.<\/p>\n<p style=\"text-align: justify;\">Yap\u0131lan konu\u015fmalar\u0131n ard\u0131ndan Cengiz topel Caddesi&#8217;nde toplanan yakla\u015f\u0131k 5 bin ki\u015fi sessizce da\u011f\u0131rken, Demirta\u015f ve Geylani ise Hakkari&#8217;ye ge\u00e7ti.<\/p>\n<p style=\"text-align: justify;\"><strong>PKK- MUSTAZAFLAR \u00c7ATI\u015eMASINA SAHNE OLMU\u015eTU<\/strong><\/p>\n<p style=\"text-align: justify;\">P\u00fcl\u00fcm\u00fcr \u0130l\u00e7esi&#8217;nin k\u0131rsal kesiminde g\u00fcvenlik g\u00fc\u00e7leri ile girdikleri \u00e7at\u0131\u015fmada \u00f6l\u00fc ele ge\u00e7en 7 PKK&#8217;l\u0131 aras\u0131nda bulunan &#8216;Zilan Hakkari&#8217; kod adl\u0131 Kenan Ta\u015f&#8217;\u0131n 3 g\u00fcn \u00f6nce Hakkari&#8217;de topra\u011fa verilmesi ve \u00e7\u0131kan olaylar\u0131n ard\u0131ndan Y\u00fcksekova \u0130l\u00e7esi&#8217;nde de i\u015fyerleri kapat\u0131l\u0131p, eylemler yap\u0131ld\u0131. \u00c7\u0131kan olaylar s\u0131ras\u0131nda da Mustazaflar Derne\u011fi \u00fcyesi oldu\u011fu belirtilen 30 ya\u015f\u0131ndaki \u00dcbeydullah Durna, hayat\u0131n\u0131 kaybetti.<\/p>\n<p style=\"text-align: justify;\">Durna\u2019n\u0131n d\u00fcn topra\u011fa verilmesinin ard\u0131ndan da gerginlik devam etti. Bir b\u00f6l\u00fcm\u00fc Batman ve \u00e7evre ilerden geldikleri ileri s\u00fcr\u00fclen Mustazaflar Derne\u011fi \u00fcyelerinin Aksu K\u00f6y\u00fc\u2019ndeki cenazenin ard\u0131ndan il\u00e7e merkezinde y\u00fcr\u00fcy\u00fc\u015f yapmalar\u0131n\u0131 ard\u0131ndan, bu grupla PKK yanda\u015flar\u0131 aras\u0131nda olaylar \u00e7\u0131kt\u0131. Olaylarda bir ara\u00e7 yak\u0131l\u0131rken, Mustazaflar Derne\u011fi, ayn\u0131 binada bulunan d\u00fckkanlar ve \u0130pekyolu Caddesi\u2019nde bulunan AK Parti Se\u00e7im B\u00fcrosu at\u0131lan molotof kokteylerden \u00e7\u0131kan yang\u0131nlarda b\u00fcy\u00fck zarar g\u00f6rd\u00fc. Y\u00fcksekova \u0130l\u00e7esi, bug\u00fcn ise g\u00fcne sakin ba\u015flad\u0131.<\/p>\n<p style=\"text-align: justify;\"><strong>&#8216;KASTAMONU&#8217;DAK\u0130 EYLEM\u0130 SELAMLIYORUZ&#8217; PANKARTI<\/strong><\/p>\n<p style=\"text-align: justify;\">BDP&#8217;nin destekledi\u011fi Hakkari Ba\u011f\u0131ms\u0131z Miletvekili aday\u0131 Selahattin Demirta\u015f ve BDP Genel Ba\u015fkan Vekili Hamit Geylani, Y\u00fcksekova \u0130l\u00e7esi&#8217;nin ard\u0131ndan Hakkari&#8217;ye ge\u00e7ti. Demirta\u015f ve Geylani, Hakkari&#8217;de yakla\u015f\u0131k 10 bin ki\u015fi taraf\u0131ndan kar\u015f\u0131land\u0131.<\/p>\n<p style=\"text-align: justify;\">Da\u011fg\u00f6l Mahallesi&#8217;nde bulunan Medeni Sancar Kav\u015fa\u011f\u0131&#8217;nda toplanan kalabal\u0131k, Demirta\u015f ve Geylani&#8217;yi &#8216;Colemerg (Hakkari) Gen\u00e7li\u011fi Kastamonu&#8217;daki eylemi selaml\u0131yoruz&#8217; pankart\u0131 ve &#8216;En b\u00fcy\u00fck ba\u015fkan bizim ba\u015fkan&#8217; sloganlar\u0131yla kar\u015f\u0131land\u0131. Demirta\u015f, yo\u011fun kalabal\u0131k aras\u0131nda g\u00f6revlilerin yard\u0131m\u0131yla g\u00fc\u00e7l\u00fckle se\u00e7im otob\u00fcs\u00fcne binebildi. Hakkari&#8217;de Belediye \u00f6n\u00fcnde toplanan kalabal\u0131\u011fa se\u00e7im otob\u00fcs\u00fc \u00fczerinde seslenen Demirta\u015f, Ba\u015fbakan Erdo\u011fan&#8217;\u0131n &#8216;Sivil Cuma namaz\u0131n\u0131 k\u0131lan K\u00fcrtlerin \u00d6calan&#8217;\u0131 peygamber ilan etti\u011fi&#8217; y\u00f6n\u00fcndeki s\u00f6zlerini hat\u0131rlatarak, Ba\u015fbakan Recep Tayyip Erdo\u011fana y\u00fcklendi. Demirta\u015f, &#8220;Bize de diyor ki, bunlar Apo&#8217;yu Peygamber ilan ettiler. Sen ise kendini ha\u015fa Allah&#8217;la ayn\u0131 tutuyorsun. Senin bir \u0130l Ba\u015fkan\u0131n seni ikinci Peygamber ilan etti.Allah var Erdo\u011fan iyi bir t\u00fcccar. Bir \u00fclkenin imam Hatip mesunlar\u0131 aras\u0131nda yeti\u015fmi\u015f en iyi t\u00fcccard\u0131r&#8221; dedi.<\/p>\n<p style=\"text-align: justify;\"><strong>&#8220;SAYIN \u00d6CALAN&#8217;IN BEDEN\u0130YLE BURADA OLMASINI \u0130ST\u0130YORUZ&#8221;<\/strong><\/p>\n<p style=\"text-align: justify;\">Demirta\u015f, bug\u00fcne kadar d\u00fcnyada hi\u00e7 bir mazlum ve ezilen halk\u0131n, zalimlere teslim olmad\u0131\u011f\u0131n\u0131 belirtirken, \u015f\u00f6yle dedi:<\/p>\n<p style=\"text-align: justify;\">&#8220;\u015eimdi 4 ana talebimizle alanlarday\u0131z; Siyasi ve askeri operasyonlar duracak, b\u00fct\u00fcn siyasi tutsaklar \u00f6zg\u00fcr kalacak, Say\u0131n \u00d6calan&#8217;\u0131n foto\u011fraf\u0131yla de\u011fil, bedeniyle burada olmas\u0131n\u0131 istiyoruz ve \u00f6zg\u00fcrce kendimizi y\u00f6netece\u011fiz. Kendi topraklar\u0131m\u0131zda Demokratik \u00f6zerklikle kendimizi y\u00f6netece\u011fiz.Asla bu taleplerden vazge\u00e7meyece\u011fiz. Halk\u0131n bu kadar direni\u015fine kar\u015f\u0131 h\u00fck\u00fcmet niye bu kadar ac\u0131mas\u0131z. Bu talepleri isteyenlere kar\u015f\u0131 panzer, gaz, cop, tank, top, u\u00e7akla sava\u015fman\u0131n nas\u0131l bir hakl\u0131 izah\u0131 olabilir? Bu h\u00fck\u00fcmet nas\u0131l bu kadar k\u00fc\u00e7\u00fclebilir? Bak\u0131n mazlumun, hakl\u0131n\u0131n att\u0131\u011f\u0131 bir ta\u015f, zalimin mermisini tozla buz eder. \u0130\u015fte bu halk\u0131n direni\u015fi bunun \u00f6rne\u011fidir. Bu nedenle kazanaca\u011f\u0131z.&#8221;<\/p>\n<p style=\"text-align: justify;\">&#8220;Sivil Cuma namazlar\u0131n\u0131n&#8221; Ba\u015fbakan Erdo\u011fan&#8217;\u0131n &#8220;pa\u00e7alar\u0131n\u0131 tutu\u015fturdu\u011funu&#8221; ileri s\u00fcren Demirta\u015f \u015f\u00f6yle konu\u015ftu:<\/p>\n<p style=\"text-align: justify;\">&#8220;\u00c7\u00fcnk\u00fc haks\u0131zlar, \u00e7\u00fcnk\u00fc zalimler. Say\u0131n Ba\u015fbakan e\u011fer sen Adnan Menderes&#8217;sen, biz Musa Anteriz, e\u011fer sen \u0130smet \u0130n\u00f6\u00fc&#8217;ysen biz \u015eeyh Sait ve Seyyit R\u0131zay\u0131z, sen Recep Tayyip Erdo\u011fan&#8217;san biz halk\u0131z. Direni\u015fe devam. M\u00fcsl\u00fcman bir \u00fclkenin M\u00fcslaman Ba\u015fbakan\u0131 kimin namaz\u0131 kabul olacak, kimin namaz\u0131 kabul olmayacak kendisi karar veriyor ha\u015fa. Bir \u00fclkenin imam Hatip mensuplar\u0131 aras\u0131nda yeti\u015fmi\u015f en iyi t\u00fcccard\u0131r. 1 trilyonluk serveti kazanmak kolay de\u011fil tabii. Biz dedik ki; dinimiz \u0131rk\u00e7\u0131l\u0131k, milliyet\u00e7ilik dini de\u011fildir. Bunlar\u0131 s\u00f6yleyen imamlar AKP&#8217;nin \u00f6zel g\u00f6revlendi\u011fi imamlard\u0131r. Bu devletten \u00f6zel maa\u015f alan imamlar b\u00f6yledir demedik. Hangi imam; imam Tayyip Erdo\u011fan. \u0130\u015fte onun gibi imamlar\u0131n arkas\u0131nda namaz k\u0131l\u0131nmaz. Bir imam tek dil, tek millet diyecek o imam\u0131n arkas\u0131nda namaz k\u0131l\u0131nacak. B\u00f6yle bir \u015fey olabilir mi? Bu nedenle ne s\u00f6ylerse s\u00f6ylesin sadece ve sadece kendi iftirafalar\u0131nda \u00e7\u0131rp\u0131n\u0131p duracak. Bu topraklarda AKP&#8217;nin h\u00fckm\u00fc art\u0131k t\u00fckenmi\u015ftir. O nedenle gaz ka\u00e7\u0131r\u0131yor. Biz kendi \u00f6zg\u00fcr irademizle kendimizi y\u00f6netece\u011fiz. Bizim \u00e7\u0131lg\u0131n projelerimiz yok. Bo\u011faz\u0131 ikiye b\u00f6lebilir, zenginlere para ak\u0131tacak, paralar\u0131 biz ak\u0131tmay\u0131z. Ama biz tam buradan Ankara&#8217;ya kadar di\u015fimiz, t\u0131rna\u011f\u0131m\u0131zla t\u00fcnel kaz\u0131yoruz.&#8221;<\/p>\n<p style=\"text-align: justify;\"><strong>HAKKAR\u0130&#8217;DE \u00dcRET\u0130LEN MAKARNAYI DI\u015eARIYA SATACA\u011eIZ<\/strong><\/p>\n<p style=\"text-align: justify;\">Hakkarili esnaflara da seslenen Demirta\u015f, bug\u00fcne kadar kendi memleketlerine yat\u0131r\u0131m yapmayan b\u00fct\u00fcn i\u015fadamlar\u0131n\u0131 buraya getireceklerini, burada \u00e7e\u015fitli hizmetler yaparak, Hakkari&#8217;yi \u00fcretim yeri haline getireceklerini anlatt\u0131. Demirta\u015f, &#8220;B\u00f6ylece Hakkari&#8217;de \u00fcretilen makarnay\u0131 d\u0131\u015far\u0131ya sataca\u011f\u0131z. Ber\u00e7elan Yaylas\u0131&#8217;n\u0131 turizme a\u00e7a\u011f\u0131z. Hakkari Kalesi&#8217;ni halk\u0131m\u0131za kazand\u0131raca\u011f\u0131z. Bunlar\u0131 hepsini &#8216;Demokratik \u00f6zerklikle&#8217; yapaca\u011f\u0131z. Buradaki kaderi de\u011fi\u015ftirmek bununla olacak. Biz Hakkari&#8217;nin kaderini de\u011fi\u015ftirdik\u00e7e buraya bar\u0131\u015f gelecek. B\u00fct\u00fcn annelerin anneler g\u00fcn\u00fcn\u00fc kutluyoruz. 12 Haziran&#8217;da 3&#8217;de 3 yapaca\u011f\u0131z. 12 Hazirandan sonra AKP&#8217;nin tabelas\u0131 dahi bu topraklarda kalmayacak&#8221; diye konu\u015ftu. Demirta\u015f konu\u015fmas\u0131n\u0131 ard\u0131ndan da BDP Genel Ba\u015fkan\u0131 Hamit Geylani ile birlikte se\u00e7im b\u00fcrosunun a\u00e7\u0131l\u0131\u015f\u0131n\u0131 yapt\u0131.<\/p>\n<p style=\"text-align: justify;\"><a href=\"http:\/\/www.gazeteport.com.tr\/SIYASET\/NEWS\/GP_900964\" target=\"_blank\">Kaynak : GAZETEPORT<\/a><\/p>\n","protected":false},"excerpt":{"rendered":"<p id=\"caption-attachment-32226\" class=\"wp-caption-text\">Selahattin Demirta\u015f konu\u015fmas\u0131n\u0131 bir grup PKK&#39;l\u0131n\u0131n a\u00e7t\u0131\u011f\u0131 &quot;Kastamonu&#39;daki eylemi selaml\u0131yoruz&quot; pankart\u0131 \u00f6n\u00fcnde yapt\u0131<\/p>\n<p style=\"text-align: justify;\">BDP\u2019nin destekledi\u011fi ba\u011f\u0131ms\u0131z Hakkari Milletvekili aday\u0131 Selahattin Demirta\u015f, se\u00e7im \u00e7al\u0131\u015fmalar\u0131nda bulunmak \u00fczere Hakkari\u2019nin Y\u00fcksekova \u0130l\u00e7esi\u2019ne geldi. 2 g\u00fcn boyunca gerginli\u011fin ya\u015fand\u0131\u011f\u0131 Y\u00fcksekova\u2019da partililere seslenen Demirta\u015f, Y\u00fcksekova\u2019n\u0131n isyanlar\u0131n de\u011fil, direni\u015fin sembol\u00fc oldu\u011funu belirtirken, halk\u0131n provokasyonlara gelmemesini istedi.<\/p>\n","protected":false},"author":1,"featured_media":0,"comment_status":"open","ping_status":"closed","sticky":false,"template":"","format":"standard","meta":{"footnotes":""},"categories":[105],"tags":[],"class_list":["post-32224","post","type-post","status-publish","format-standard","hentry","category-gundem","odd"],"_links":{"self":[{"href":"http:\/\/www.korhanyilmaz.com\/index.php?rest_route=\/wp\/v2\/posts\/32224","targetHints":{"allow":["GET"]}}],"collection":[{"href":"http:\/\/www.korhanyilmaz.com\/index.php?rest_route=\/wp\/v2\/posts"}],"about":[{"href":"http:\/\/www.korhanyilmaz.com\/index.php?rest_route=\/wp\/v2\/types\/post"}],"author":[{"embeddable":true,"href":"http:\/\/www.korhanyilmaz.com\/index.php?rest_route=\/wp\/v2\/users\/1"}],"replies":[{"embeddable":true,"href":"http:\/\/www.korhanyilmaz.com\/index.php?rest_route=%2Fwp%2Fv2%2Fcomments&post=32224"}],"version-history":[{"count":0,"href":"http:\/\/www.korhanyilmaz.com\/index.php?rest_route=\/wp\/v2\/posts\/32224\/revisions"}],"wp:attachment":[{"href":"http:\/\/www.korhanyilmaz.com\/index.php?rest_route=%2Fwp%2Fv2%2Fmedia&parent=32224"}],"wp:term":[{"taxonomy":"category","embeddable":true,"href":"http:\/\/www.korhanyilmaz.com\/index.php?rest_route=%2Fwp%2Fv2%2Fcategories&post=32224"},{"taxonomy":"post_tag","embeddable":true,"href":"http:\/\/www.korhanyilmaz.com\/index.php?rest_route=%2Fwp%2Fv2%2Ftags&post=32224"}],"curies":[{"name":"wp","href":"https:\/\/api.w.org\/{rel}","templated":true}]}}