{"id":3222,"date":"2009-02-14T14:57:38","date_gmt":"2009-02-14T12:57:38","guid":{"rendered":"http:\/\/www.korhanyilmaz.com\/?p=3222"},"modified":"2009-02-14T14:57:38","modified_gmt":"2009-02-14T12:57:38","slug":"israile-nota","status":"publish","type":"post","link":"http:\/\/www.korhanyilmaz.com\/?p=3222","title":{"rendered":"\u0130srail&#039;e nota !"},"content":{"rendered":"<p style=\"text-align: center;\"><img loading=\"lazy\" decoding=\"async\" class=\"size-full wp-image-3224 alignnone\" title=\"140220091616301806269_3\" src=\"http:\/\/www.korhanyilmaz.com\/wp-content\/uploads\/2009\/02\/140220091616301806269_3.jpg\" alt=\"140220091616301806269_3\" width=\"300\" height=\"150\" \/><\/p>\n<p style=\"text-align: justify;\">\n<p style=\"text-align: justify;\"><strong><span style=\"color: #000000;\">T\u00fcrkiye, \u0130srailli komutan\u0131n s\u00f6zleri \u00fczerine nota verdi<\/span><\/strong><\/p>\n<p style=\"text-align: justify;\">D\u0131\u015fi\u015fleri Bakanl\u0131\u011f\u0131&#8217;ndan yap\u0131lan a\u00e7\u0131klamada, \u0130srail&#8217;in Ankara B\u00fcy\u00fckel\u00e7isi Gabby Levy&#8217;nin, \u0130srail Kara Kuvvetleri Komutan\u0131 Avi Mirzahi&#8217;nin yapt\u0131\u011f\u0131 a\u00e7\u0131klamalar nedeniyle bug\u00fcn D\u0131\u015fi\u015fleri Bakanl\u0131\u011f\u0131 M\u00fcste\u015far\u0131 taraf\u0131ndan Bakanl\u0131\u011fa \u00e7a\u011fr\u0131ld\u0131\u011f\u0131 belirtildi.<\/p>\n<p style=\"text-align: justify;\">Bakanl\u0131k a\u00e7\u0131klamas\u0131nda \u015funlar kaydedildi:<!--more--><\/p>\n<p style=\"text-align: justify;\">&#8220;Her t\u00fcrl\u00fc diplomatik team\u00fcle, tarihi ve g\u00fcncel ger\u00e7eklerle taban tabana z\u0131t ifadeler i\u00e7eren a\u00e7\u0131klama, Say\u0131n Ba\u015fbakan\u0131m\u0131z&#8217;a ve \u00fclkemize y\u00f6nelik kabul edilemez ithamlar ve hezeyanlarda bulunmas\u0131 sebebiyle bir nota tevdi edilerek protesto edilmi\u015ftir. Ayr\u0131ca s\u00f6z konusu beyanlar\u0131n mesnetsiz ve kabul edilemezli\u011fi vurgulanarak, bu durum hakk\u0131nda \u0130srail makamlar\u0131ndan acilen izahat istenmi\u015ftir.&#8221;<\/p>\n<p style=\"text-align: justify;\"><strong>B\u0130R TEPK\u0130 DE GENELKURMAY&#8217;DAN<\/strong><\/p>\n<p style=\"text-align: justify;\">\u00d6te yandan Genelkurmay Ba\u015fkanl\u0131\u011f\u0131&#8217;ndan yap\u0131lan a\u00e7\u0131klamada &#8220;\u0130srail Kara Kuvvetleri Komutan\u0131&#8217;n\u0131n s\u00f6zleri ger\u00e7ekleri sapt\u0131ran, maksad\u0131n\u0131 a\u015fan, talihsiz ifadeler&#8221; olarak de\u011ferlendirildi.<\/p>\n<p style=\"text-align: justify;\"><strong>\u0130SRA\u0130LL\u0130 GENERAL NE DEM\u0130\u015eT\u0130?<\/strong><\/p>\n<p style=\"text-align: justify;\">\u0130srail Kara Kuvvetleri komutan\u0131, Ba\u015fbakan Erdo\u011fan&#8217;\u0131n Davos&#8217;ta \u0130srail Cumhurba\u015fkan\u0131 Peres&#8217;e y\u00f6nelik &#8220;Siz \u00f6ld\u00fcrmeyi iyi bilirsiniz&#8221; s\u00f6zlerine &#8220;aynaya bak&#8221; diyerek cevap vermi\u015fti.<\/p>\n<p style=\"text-align: justify;\"><span style=\"color: #888888;\">AA<\/span><\/p>\n","protected":false},"excerpt":{"rendered":"<p style=\"text-align: center;\">\n<p style=\"text-align: justify;\">\n<p style=\"text-align: justify;\">T\u00fcrkiye, \u0130srailli komutan\u0131n s\u00f6zleri \u00fczerine nota verdi<\/p>\n<p style=\"text-align: justify;\">D\u0131\u015fi\u015fleri Bakanl\u0131\u011f\u0131&#8217;ndan yap\u0131lan a\u00e7\u0131klamada, \u0130srail&#8217;in Ankara B\u00fcy\u00fckel\u00e7isi Gabby Levy&#8217;nin, \u0130srail Kara Kuvvetleri Komutan\u0131 Avi Mirzahi&#8217;nin yapt\u0131\u011f\u0131 a\u00e7\u0131klamalar nedeniyle bug\u00fcn D\u0131\u015fi\u015fleri Bakanl\u0131\u011f\u0131 M\u00fcste\u015far\u0131 taraf\u0131ndan Bakanl\u0131\u011fa \u00e7a\u011fr\u0131ld\u0131\u011f\u0131 belirtildi.<\/p>\n<p style=\"text-align: justify;\">Bakanl\u0131k a\u00e7\u0131klamas\u0131nda \u015funlar kaydedildi:<\/p>\n","protected":false},"author":1,"featured_media":0,"comment_status":"open","ping_status":"closed","sticky":false,"template":"","format":"standard","meta":{"footnotes":""},"categories":[105],"tags":[],"class_list":["post-3222","post","type-post","status-publish","format-standard","hentry","category-gundem","odd"],"_links":{"self":[{"href":"http:\/\/www.korhanyilmaz.com\/index.php?rest_route=\/wp\/v2\/posts\/3222","targetHints":{"allow":["GET"]}}],"collection":[{"href":"http:\/\/www.korhanyilmaz.com\/index.php?rest_route=\/wp\/v2\/posts"}],"about":[{"href":"http:\/\/www.korhanyilmaz.com\/index.php?rest_route=\/wp\/v2\/types\/post"}],"author":[{"embeddable":true,"href":"http:\/\/www.korhanyilmaz.com\/index.php?rest_route=\/wp\/v2\/users\/1"}],"replies":[{"embeddable":true,"href":"http:\/\/www.korhanyilmaz.com\/index.php?rest_route=%2Fwp%2Fv2%2Fcomments&post=3222"}],"version-history":[{"count":0,"href":"http:\/\/www.korhanyilmaz.com\/index.php?rest_route=\/wp\/v2\/posts\/3222\/revisions"}],"wp:attachment":[{"href":"http:\/\/www.korhanyilmaz.com\/index.php?rest_route=%2Fwp%2Fv2%2Fmedia&parent=3222"}],"wp:term":[{"taxonomy":"category","embeddable":true,"href":"http:\/\/www.korhanyilmaz.com\/index.php?rest_route=%2Fwp%2Fv2%2Fcategories&post=3222"},{"taxonomy":"post_tag","embeddable":true,"href":"http:\/\/www.korhanyilmaz.com\/index.php?rest_route=%2Fwp%2Fv2%2Ftags&post=3222"}],"curies":[{"name":"wp","href":"https:\/\/api.w.org\/{rel}","templated":true}]}}