{"id":32191,"date":"2011-05-07T13:30:00","date_gmt":"2011-05-07T10:30:00","guid":{"rendered":"http:\/\/www.korhanyilmaz.com\/?p=32191"},"modified":"2011-05-07T13:30:00","modified_gmt":"2011-05-07T10:30:00","slug":"kilicdaroglu-savci-aciklamazsa-ben-aciklayacagim","status":"publish","type":"post","link":"http:\/\/www.korhanyilmaz.com\/?p=32191","title":{"rendered":"K\u0131l\u0131\u00e7daro\u011flu: &#8220;Savc\u0131 a\u00e7\u0131klamazsa ben a\u00e7\u0131klayaca\u011f\u0131m&#8221;"},"content":{"rendered":"<p style=\"text-align: center;\"><a href=\"http:\/\/www.korhanyilmaz.com\/wp-content\/uploads\/2011\/05\/056.jpg\"  class=\"lightview\"><img loading=\"lazy\" decoding=\"async\" class=\"aligncenter size-full wp-image-32192\" src=\"http:\/\/www.korhanyilmaz.com\/wp-content\/uploads\/2011\/05\/056.jpg\" alt=\"\" width=\"466\" height=\"248\" \/><\/a><\/p>\n<p style=\"text-align: justify;\">CHP lideri K\u0131l\u0131\u00e7daro\u011flu, YGS&#8217;deki \u015fifreli kopya iddialar\u0131n\u0131 ara\u015ft\u0131ran savc\u0131n\u0131n s\u00f6zlerini hat\u0131rlatarak,&#8221;S\u00fcrprizlerimiz olacak dedin, onlardan birini biliyorum. Senin a\u00e7\u0131klama yapman\u0131 bekliyorum. Sen a\u00e7\u0131klamazsan ben a\u00e7\u0131klayaca\u011f\u0131m&#8221; dedi. <!--more--><\/p>\n<p style=\"text-align: justify;\">K\u0131l\u0131\u00e7daro\u011flu, Aile Sigortas\u0131 projelerini &#8220;Kayna\u011f\u0131 nereden bulacaks\u0131n&#8221; \u015feklinde ele\u015ftiren Ba\u015fbakan Erdo\u011fan ve ekibinin de \u015fimdi ayn\u0131 vaatte bulundu\u011funu belirterek, &#8220;Bakt\u0131lar ki bu maya tuttu, &#8216;biz daha fazlas\u0131n\u0131 veririz&#8217; dediler. Demek ki kaynak varm\u0131\u015f&#8221; ifadesini kulland\u0131.<\/p>\n<p style=\"text-align: justify;\">K\u0131l\u0131\u00e7daro\u011flu Bayrampa\u015fa&#8217;daki mitingin ard\u0131ndan AK Parti \u0130l\u00e7e te\u015fkilat\u0131n\u0131 ziyaret etti.<\/p>\n<p style=\"text-align: justify;\">\u0130STANBUL &#8211; CHP Genel Ba\u015fkan\u0131 Kemal K\u0131l\u0131\u00e7daro\u011flu, &#8221;Aile Sigortas\u0131&#8221; projesini h\u00fck\u00fcmetin ele\u015ftirmesiyle ilgili, &#8221;Bakt\u0131lar ki bu maya tuttu, &#8216;biz daha fazlas\u0131n\u0131 veriyoruz&#8217; dediler. Demek ki kaynak varm\u0131\u015f&#8221; dedi.<\/p>\n<p style=\"text-align: justify;\">K\u0131l\u0131\u00e7daro\u011flu, bug\u00fcn \u0130stanbul&#8217;daki se\u00e7im \u00e7al\u0131\u015fmalar\u0131na Edirnekap\u0131&#8217;dan ba\u015flad\u0131. K\u0131l\u0131\u00e7daro\u011flu, se\u00e7im otob\u00fcs\u00fcyle Edirnekap\u0131 Suri\u00e7i&#8217;nde toplanan partililerin yan\u0131na geldi.<\/p>\n<p style=\"text-align: justify;\">\u0130stanbullular da yol boyunca K\u0131l\u0131\u00e7daro\u011flu&#8217;na el sallayarak, korna \u00e7alarak sevgi g\u00f6sterisinde bulundu.<\/p>\n<p style=\"text-align: justify;\"><strong>&#8220;AKP KAPATILMASIN, YABANCILARA SATILSIN&#8221;<\/strong><\/p>\n<p style=\"text-align: justify;\">Zeytinburnu&#8217;nda halka seslenen K\u0131l\u0131\u00e7daro\u011flu, T\u00fcrkiye&#8217;de 12 Haziran&#8217;\u0131n, \u00f6zg\u00fcrl\u00fcklerin geldi\u011fi, \u00e7ocuklar\u0131n yataklar\u0131na a\u00e7 girmedi\u011fi bir tarih olaca\u011f\u0131n\u0131 s\u00f6yledi.<\/p>\n<p style=\"text-align: justify;\">Partililerin a\u00e7t\u0131\u011f\u0131 &#8221;AKP kapat\u0131lmas\u0131n, yabanc\u0131lara sat\u0131ls\u0131n&#8221; pankart\u0131n\u0131 g\u00f6ren K\u0131l\u0131\u00e7daro\u011flu, &#8221;Bu kadar defolu partiyi kimse sat\u0131n almaz&#8221; dedi.<\/p>\n<p style=\"text-align: justify;\">Siyasete at\u0131l\u0131rken halka yalan s\u00f6ylemeyece\u011fine, sadece ve sadece halk\u0131n \u00e7\u0131kar\u0131 i\u00e7in \u00e7al\u0131\u015faca\u011f\u0131na dair s\u00f6z verdi\u011fini ifade eden K\u0131l\u0131\u00e7daro\u011flu, kimseden ve hi\u00e7bir otoriteden talimat almayaca\u011f\u0131n\u0131 s\u00f6yledi. K\u0131l\u0131\u00e7daro\u011flu, bir tek halktan talimat alaca\u011f\u0131n\u0131 bildirdi.<\/p>\n<p style=\"text-align: justify;\"><strong>&#8220;BAKTILAR K\u0130 MAYA TUTTU&#8230;&#8221;<\/strong><\/p>\n<p style=\"text-align: justify;\">\u00dclkeye demokrasi ve \u00f6zg\u00fcrl\u00fck getirmeye kararl\u0131 oldu\u011funu dile getiren CHP Genel Ba\u015fkan\u0131 K\u0131l\u0131\u00e7daro\u011flu, \u015f\u00f6yle konu\u015ftu:<\/p>\n<p style=\"text-align: justify;\">&#8221;Bu g\u00fczel \u00fclkede, sizin i\u00e7in \u00e7al\u0131\u015faca\u011f\u0131m. Bu \u00fclkede, bir anne 4 \u00e7ocu\u011funa sabah kahvalt\u0131s\u0131 veremedi\u011fi i\u00e7in intihar ettiyse bu ay\u0131p, Ankara&#8217;da oturup koltuklar\u0131nda keyif s\u00fcrenlerin ay\u0131b\u0131d\u0131r. Kendi partimizi son alt\u0131 ayda bir \u00fcniversite gibi \u00e7al\u0131\u015ft\u0131rd\u0131k. Ele\u015ftiren de\u011fil, proje \u00fcreten bir parti haline geldik. Bize diyorlard\u0131 ki &#8216;efendim siz 600 liray\u0131 nereden bulacaks\u0131n\u0131z?&#8217; Bir sefer de\u011fil her zaman verece\u011fiz. Nas\u0131l hesaplad\u0131k? Devlette bu t\u00fcr yard\u0131m yapan kurulu\u015flar\u0131 sayd\u0131k, 14 kurulu\u015f. Bunlar\u0131n b\u00fct\u00e7elerini toplad\u0131k, onlar bilmezler, ara\u015ft\u0131rmazlar, biz \u00f6\u011freniriz, onlar itiraz ederler. U\u00e7uk ka\u00e7\u0131k \u00f6nerilere karn\u0131m\u0131z tok. Biz bunun i\u00e7in m\u00fccadele ettik ve sonu\u00e7ta 7 milyar lira a\u00e7\u0131k var. Nitekim bakt\u0131lar ki bu maya tuttu, s\u00f6yledi\u011fimiz do\u011fru. \u015eimdi geldiler, &#8216;biz daha fazlas\u0131n\u0131 veriyoruz&#8217; dediler. Demek ki kaynak varm\u0131\u015f. Biz bu d\u00fczeni kabul etmiyoruz. Yoksulu s\u0131raya dizip para vermek bizim siyasi anlay\u0131\u015f\u0131m\u0131zda yok.&#8221;<\/p>\n<p style=\"text-align: justify;\"><strong>&#8221;R\u00dc\u015eVET VERMEDE B\u0130R NUMARAYIZ&#8221;<\/strong><\/p>\n<p style=\"text-align: justify;\">Kemal K\u0131l\u0131\u00e7daro\u011flu, T\u00fcrkiye Cumhuriyeti&#8217;nin iyi y\u00f6netilmedi\u011fini \u00f6ne s\u00fcrerek, &#8221;AKP nede ba\u015far\u0131l\u0131 oldu? Ben s\u00f6yleyeyim mi? Uluslararas\u0131 Saydaml\u0131k \u00d6rg\u00fct\u00fcn\u00fcn raporlar\u0131na g\u00f6re, r\u00fc\u015fvet vermede bir numara olmu\u015fuz. AKP medyas\u0131na da sesleniyorum; a\u011fz\u0131m\u0131zdan \u00e7\u0131kan her kelimeyi anlam y\u00fckleyerek yay\u0131ml\u0131yorlar. Kazara bunu yazsalar ne olur? B\u00fct\u00fcn hortumlar\u0131 kesilir ve gazeteleri \u00e7\u0131karamazlar&#8221; dedi.<\/p>\n<p style=\"text-align: justify;\"><strong>&#8220;EN BE\u011eEND\u0130\u011e\u0130M SLOGAN, \u015e\u0130FREC\u0130 TAYY\u0130P&#8221;<\/strong><\/p>\n<p style=\"text-align: justify;\">K\u0131l\u0131\u00e7daro\u011flu, daha sonra beraberinde CHP Genel Ba\u015fkan Yard\u0131mc\u0131s\u0131 G\u00fcrsel Tekin, Genel Sekreter Bihlun Tamayl\u0131gil ve \u0130stanbul ikinci b\u00f6lge milletvekili adaylar\u0131yla Bayrampa\u015fa Y\u0131ld\u0131r\u0131m Mahallesi Meydan\u0131&#8217;na geldi.<\/p>\n<p style=\"text-align: justify;\">Bayrampa\u015fa&#8217;da ellerinde CHP bayraklar\u0131yla &#8221;Ba\u015fbakan Kemal&#8221; slogan\u0131 atan partililer, &#8221;YGS yaz, 2222&#8217;ye g\u00f6nder, \u015fifreler cebine gelsin&#8221;, &#8221;Cumhuriyet de\u011fil, AKP iktidar\u0131 y\u0131k\u0131lacak&#8221;, &#8221;\u0130kinci Kemal ho\u015f geldin&#8221;, &#8221;Say\u0131n Ba\u015fbakan T\u00fcrkiye nalbant d\u00fckkan\u0131 m\u0131 ki \u00e7\u0131rak, kalfa, ustal\u0131kla y\u00f6neteceksin&#8221;, &#8221;Herkes i\u00e7in her \u015fey i\u00e7in CHP&#8221; yaz\u0131l\u0131 pankartlar a\u00e7t\u0131.<\/p>\n<p style=\"text-align: justify;\"><strong>&#8220;SAVCININ NE A\u00c7IKLAYACA\u011eINI B\u0130L\u0130YORUM&#8221;<\/strong><\/p>\n<p style=\"text-align: justify;\">H\u00fck\u00fcmetin \u00fclkeyi iyi y\u00f6netemedi\u011fini belirten K\u0131l\u0131\u00e7daro\u011flu, \u015funlar\u0131 s\u00f6yledi:<\/p>\n<p style=\"text-align: justify;\">&#8221;Allah a\u015fk\u0131na 1 milyon 715 bin \u00e7ocu\u011fumuzun umutlar\u0131n\u0131 s\u00f6nd\u00fcren, umutlar\u0131yla oynayan bir siyasal iktidar, s\u0131nav yapma becerisini g\u00f6steremeyen iktidar, \u00fclkeyi sa\u011fl\u0131kl\u0131 y\u00f6netebilir mi? Ben de biliyorum y\u00f6netemez. En be\u011fendi\u011fim slogan, &#8216;\u015eifreci Tayyip.&#8217; Bak\u0131n ne diyor? &#8216;Efendim bakt\u0131k, \u015fifre var ama kopya \u00e7eken yok&#8217; diyor. G\u00fcler misin a\u011flar m\u0131s\u0131n? 1 milyon 715 bin \u00e7ocu\u011fumuzun annelerine sesleniyorum; yemediniz yedirdiniz, giymediniz giydirdiniz, okula g\u00f6t\u00fcrd\u00fcn\u00fcz, eve getirdiniz, emek harcad\u0131n\u0131z, dershaneye g\u00f6nderdiniz. \u00dcniversiteyi kazans\u0131n, bizden daha iyi ya\u015fas\u0131n diye umut beslediniz. Bunlar \u00e7ocuklar\u0131n umutlar\u0131n\u0131 mahvettiler. Bu \u00e7ocuklar bir demokraside olmas\u0131 gerekeni yapt\u0131lar, ellerine pankart ald\u0131lar, u\u011frad\u0131klar\u0131 haks\u0131zl\u0131\u011f\u0131 protesto ettiler. Recep Bey, &#8216;ben istersem kar\u015f\u0131lar\u0131na 5-10 bin gen\u00e7 \u00e7\u0131kar\u0131r\u0131m&#8217; dedi. Demokrasi kafas\u0131na bak\u0131n. \u00c7ocuklar hak ar\u0131yorlar, bir dinle bakal\u0131m, bunlar\u0131n derdi ne ama neyi dinliyor? Ali Demir&#8217;i dinliyor. Onun da ge\u00e7mi\u015fine bakt\u0131k. Bir bakt\u0131k, me\u011fer en b\u00fcy\u00fck kopyac\u0131 oymu\u015f, intihal yapm\u0131\u015f. Nereden bulurlar, nereden getirirler, nas\u0131l g\u00fcvenirler bunlara? Demek ki bir bildikleri var. Buradan Ankara Cumhuriyet Ba\u015fsavc\u0131s\u0131na sesleniyorum. &#8216;S\u00fcrprizlerimiz olacak&#8217; dedin, onlardan birini biliyorum. Senin a\u00e7\u0131klama yapman\u0131 bekliyorum. Sen a\u00e7\u0131klamazsan ben a\u00e7\u0131klayaca\u011f\u0131m. 1 milyon 700 bin \u00e7ocu\u011fun umutlar\u0131yla oynayanlar\u0131 soru\u015fturacaks\u0131n. \u00c7ocuklar\u0131m\u0131z\u0131n gelece\u011fiyle kimsenin oynamaya hakk\u0131 ve yetkisi yoktur.&#8221;<\/p>\n<p style=\"text-align: justify;\"><strong>&#8220;B\u0130Z BU \u00dcLKEY\u0130 D\u0130\u015e\u0130M\u0130Z TIRNA\u011eIMIZLA KURDUK&#8221;<\/strong><\/p>\n<p style=\"text-align: justify;\">\u00c7\u00f6z\u00fcm\u00fcn adresinin CHP oldu\u011funu vurgulayan K\u0131l\u0131\u00e7daro\u011flu, &#8221;Kulaklar\u0131 duyuyorsa duysun, biz bu \u00fclkeyi di\u015fimiz, t\u0131rna\u011f\u0131m\u0131zla kurduk. Yedi d\u00fcvele kar\u015f\u0131 m\u00fccadele ettik. Yeri ve zaman\u0131 geldi\u011finde biz yeniden di\u015fimiz ve t\u0131rna\u011f\u0131m\u0131zla bu \u00fclkeyi savunur ve ba\u011f\u0131ms\u0131zl\u0131\u011f\u0131n\u0131 koruruz. Hi\u00e7 endi\u015felenmeyin, nerede bir dert var, \u00e7\u00f6z\u00fcm\u00fcn adresi belli, CHP. Nerede bir sorun var, \u00e7\u00f6z\u00fcm CHP&#8221; dedi.<\/p>\n<p style=\"text-align: justify;\"><strong>&#8220;AVM&#8217;LERLE \u0130LG\u0130L\u0130 YASAYI \u0130LK 4 AY \u0130\u00c7\u0130NDE \u00c7IKARACA\u011eIZ&#8221;<\/strong><\/p>\n<p style=\"text-align: justify;\">Esnaf\u0131n da bu h\u00fck\u00fcmeti denedi\u011fini ve hayat\u0131ndan memnun olmad\u0131\u011f\u0131n\u0131 ifade eden K\u0131l\u0131\u00e7daro\u011flu, iktidara geldiklerinde ilk d\u00f6rt ay i\u00e7inde AVM&#8217;lerle ilgili yasay\u0131 \u00e7\u0131karacaklar\u0131n\u0131 bildirdi.<\/p>\n<p style=\"text-align: justify;\"><strong>&#8220;ONLAR TOPLUMU B\u00d6L\u00dcYORLAR, BEN KAYNA\u015eTIRACA\u011eIM&#8221;<\/strong><\/p>\n<p style=\"text-align: justify;\">Bayrampa\u015fa&#8217;da halka seslenen K\u0131l\u0131\u00e7daro\u011flu, buradan se\u00e7im otob\u00fcs\u00fcyle Esenler&#8217;e geldi. G\u00fczergah olarak ara sokaklar\u0131 se\u00e7en ve halkla yol boyunca selamla\u015fan K\u0131l\u0131\u00e7daro\u011flu, AK Parti Bayrampa\u015fa \u0130l\u00e7esi Se\u00e7im \u0130rtibat B\u00fcrosu&#8217;nu da ziyaret ederek, \u00e7al\u0131\u015fmalar\u0131nda ba\u015far\u0131 diledi.<\/p>\n<p style=\"text-align: justify;\">Esenler Oru\u00e7 Reis Mahallesi Kele\u015f Meydan\u0131&#8217;nda halka seslenen K\u0131l\u0131\u00e7daro\u011flu, ge\u00e7mi\u015f d\u00f6nemlerde vatanda\u015flar\u0131n temiz duygular\u0131n\u0131n ve etnik k\u00f6kenlerinin s\u00f6m\u00fcr\u00fcld\u00fc\u011f\u00fcn\u00fc ifade ederek, insan\u0131 kimli\u011fiyle, d\u00fc\u015f\u00fcnceleriyle, inan\u00e7lar\u0131yla de\u011ferlendirmedi\u011fini, insan\u0131n, Allah&#8217;\u0131n yaratt\u0131\u011f\u0131 en de\u011ferli varl\u0131k oldu\u011funu ve ba\u015f\u0131n\u0131n \u00fcst\u00fcnde yeri bulundu\u011funu s\u00f6yledi.<\/p>\n<p style=\"text-align: justify;\">&#8221;Hi\u00e7 kimseyi \u00f6tekile\u015ftirmeyece\u011fiz, ne giyim ku\u015fam\u0131 ne ayakkab\u0131s\u0131 ne ba\u015f\u00f6rt\u00fcs\u00fc ne t\u00fcrban\u0131yla&#8230; Herkesi kucaklamak CHP&#8217;nin, yeni CHP&#8217;nin g\u00f6revidir&#8221; diyen K\u0131l\u0131\u00e7daro\u011flu, vatanda\u015f i\u00e7in \u00e7al\u0131\u015ft\u0131klar\u0131n\u0131 kaydetti.<\/p>\n<p style=\"text-align: justify;\">K\u0131l\u0131\u00e7daro\u011flu, &#8221;Bu g\u00fczel co\u011frafyada bir \u00e7ocuk bile yata\u011fa a\u00e7 girmeyecek&#8221; dediklerini ifade ederek, \u00fclkenin iyi y\u00f6netilmedi\u011fini, bar\u0131\u015f\u0131n sa\u011flanmad\u0131\u011f\u0131n\u0131 savundu.<\/p>\n<p style=\"text-align: justify;\">Ama\u00e7lar\u0131n\u0131, &#8221;Bu \u00fclkede karde\u015f kan\u0131 d\u00f6k\u00fclmeyecek, bar\u0131\u015f ve huzur gelecek, her evde mutluluk olacak&#8221; diye s\u0131ralayan K\u0131l\u0131\u00e7daro\u011flu, \u00e7at\u0131k ka\u015fl\u0131 insanlar\u0131n oldu\u011fu bir \u00fclke istemediklerini, herkesin g\u00fcl\u00fcmsemesini ve mutlu olmas\u0131n\u0131 dilediklerini anlatt\u0131.<\/p>\n<p style=\"text-align: justify;\">Herkesin a\u015f\u0131, i\u015fi olmas\u0131n\u0131, ak\u015fam evine huzur i\u00e7inde gelmesini, \u00e7ocuklar\u0131n\u0131 huzur i\u00e7inde okula g\u00f6ndermesini istediklerini kaydeden K\u0131l\u0131\u00e7daro\u011flu, &#8221;Huzurlu bir T\u00fcrkiye&#8217;yi el birli\u011fiyle kuraca\u011f\u0131z&#8221; dedi.<\/p>\n<p style=\"text-align: justify;\"><strong>&#8221;\u0130L \u0130L, \u0130L\u00c7E \u0130L\u00c7E T\u00dcRK\u0130YE&#8217;Y\u0130 GEZECE\u011e\u0130M&#8221;<\/strong><\/p>\n<p style=\"text-align: justify;\">CHP Genel Ba\u015fkan\u0131 K\u0131l\u0131\u00e7daro\u011flu, &#8221;Onlar toplumu b\u00f6l\u00fcyorlar, ben kayna\u015ft\u0131raca\u011f\u0131m. Onlar toplumu ayr\u0131\u015ft\u0131r\u0131yorlar, ben b\u00fct\u00fcnle\u015ftirece\u011fim. Ben kimseyi kimli\u011finden, inanc\u0131ndan \u00f6t\u00fcr\u00fc ay\u0131rmayaca\u011f\u0131m. Onlar\u0131n tamam\u0131 bu \u00fclkenin g\u00fczel insanlar\u0131d\u0131r. Onlar, cepleri i\u00e7in, yanda\u015flar\u0131 i\u00e7in \u00e7al\u0131\u015ft\u0131lar. Benim cebimde dolarlar yok, vatanda\u015f\u0131n mektuplar\u0131 var. Ben sizin i\u00e7in \u00e7al\u0131\u015faca\u011f\u0131m, m\u00fccadele edece\u011fim&#8221; diye konu\u015ftu.<\/p>\n<p style=\"text-align: justify;\">Esenler halk\u0131n\u0131n CHP&#8217;ye bekledi\u011fi oyu vermedi\u011fini, vermemesini de anlay\u0131\u015fla kar\u015f\u0131lad\u0131klar\u0131n\u0131 anlatan K\u0131l\u0131\u00e7daro\u011flu, \u015f\u00f6yle konu\u015ftu:<\/p>\n<p style=\"text-align: justify;\">&#8221;Belki Esenler&#8217;e gelmedik, sizlerle daha fazla konu\u015fmad\u0131k, daha fazla tokala\u015fmad\u0131k, \u00e7ay i\u00e7medik. Ama sokak sokak, cadde cadde, semt semt, il il, il\u00e7e il\u00e7e b\u00fct\u00fcn T\u00fcrkiye&#8217;yi gezece\u011fim. Diyorlard\u0131 ki &#8216;Efendim, Sivas&#8217;\u0131n \u00f6tesine ge\u00e7emiyorsunuz.&#8217; E\u011fer bir siyasi parti Sivas&#8217;\u0131n \u00f6tesine ge\u00e7emiyorsa, ay\u0131p senindir. Ben gidece\u011fim, s\u00f6yledim, gidece\u011fim. Bir ki\u015fi bile beni dinlemeye gelse, gidece\u011fim. Vatanda\u015f\u0131n aya\u011f\u0131na gitmek benim i\u00e7in \u015feref ve onurdur. &#8216;Gidemezsin&#8217; ne demek?<\/p>\n<p style=\"text-align: justify;\">Bir \u015feyi unutmay\u0131n. &#8216;Yeni CHP&#8217; diyoruz. Arkada\u015flar\u0131m\u0131z sadece se\u00e7im \u00f6ncesi de\u011fil, sonras\u0131nda da sizlerle birlikte olacak, dertlerinizi dinleyecek. Art\u0131k CHP T\u00fcrkiye&#8217;yi y\u00f6netmeye taliptir, T\u00fcrkiye&#8217;yi y\u00f6netece\u011fiz.&#8221;<\/p>\n<p style=\"text-align: justify;\">Kemal K\u0131l\u0131\u00e7daro\u011flu, bu g\u00fczel \u00fclkede hi\u00e7bir ailenin gelirsiz kalmayaca\u011f\u0131n\u0131 belirterek, \u00fclkede geliri asgari \u00fccretin alt\u0131nda olan evlerde kad\u0131n\u0131n hesab\u0131na en az 600 lira yat\u0131racaklar\u0131n\u0131 ve aile sigortas\u0131 getireceklerini yineledi.<\/p>\n<p style=\"text-align: justify;\">Aile Sigortas\u0131&#8217;n\u0131n Uluslararas\u0131 \u00c7al\u0131\u015fma \u00d6rg\u00fct\u00fcn\u00fcn kabul etti\u011fi 9 sigorta dal\u0131ndan biri oldu\u011funu an\u0131msatan K\u0131l\u0131\u00e7daro\u011flu, i\u015fsizlik, emeklilik, \u00f6l\u00fcm, meslek hastal\u0131\u011f\u0131, sa\u011fl\u0131k gibi sigortalar\u0131n yan\u0131nda tek uygulanmayan sigortan\u0131n aile sigortas\u0131 oldu\u011funu anlatt\u0131. K\u0131l\u0131\u00e7daro\u011flu, &#8221;\u0130n\u015fallah yetki ve g\u00fc\u00e7 verin, aile sigortas\u0131n\u0131 \u00e7\u0131kartaca\u011f\u0131z, b\u00fct\u00fcn ailelere ekonomik g\u00fcvence sa\u011flayaca\u011f\u0131z. Art\u0131k ailelerde huzur olacak&#8221; dedi.<\/p>\n<p style=\"text-align: justify;\">&#8221;Tarlaya ektim so\u011fan, mahvettin \u00e7ift\u00e7iyi Erdo\u011fan&#8221; ve &#8221;\u015eifre yaz Tayyip&#8217;e g\u00f6nder cevaplar cebine gelsin&#8221; \u015feklindeki pankartlar\u0131 okuyan K\u0131l\u0131\u00e7daro\u011flu, halk\u0131n yarat\u0131c\u0131 d\u00fc\u015f\u00fcncesine hayran oldu\u011funu s\u00f6yledi.<\/p>\n<p style=\"text-align: justify;\"><strong>AK PART\u0130&#8217;YE S\u00dcRPR\u0130Z Z\u0130YARET<\/strong><\/p>\n<p style=\"text-align: justify;\">K\u0131l\u0131\u00e7daro\u011flu, Bayrampa\u015fa&#8217;daki mitinginin ard\u0131ndan Esenler&#8217;e do\u011fru ilerlerken otob\u00fcs\u00fcn\u00fc AK Parti Bayrampa\u015fa \u0130l\u00e7e Ba\u015fkanl\u0131\u011f\u0131 \u00f6n\u00fcnde durdurdu. Otob\u00fcsten inen K\u0131l\u0131\u00e7daro\u011flu, \u00f6nce kap\u0131 \u00f6n\u00fcndeki AK Partililerle selamla\u015ft\u0131. Daha sonra AK Parti il\u00e7e ba\u015fkanl\u0131\u011f\u0131na girerek i\u00e7eridekilerle tek tek el s\u0131k\u0131\u015ft\u0131. AK Partililer, K\u0131l\u0131\u00e7daro\u011flu&#8217;nun jestine alk\u0131\u015flarla kar\u015f\u0131l\u0131k verdi.<\/p>\n<p style=\"text-align: justify;\"><a href=\"http:\/\/www.gazeteport.com.tr\/SIYASET\/NEWS\/GP_900806\" target=\"_blank\">Kaynak : GAZETEPORT<\/a><\/p>\n","protected":false},"excerpt":{"rendered":"<p style=\"text-align: center;\">\n<p style=\"text-align: justify;\">CHP lideri K\u0131l\u0131\u00e7daro\u011flu, YGS&#8217;deki \u015fifreli kopya iddialar\u0131n\u0131 ara\u015ft\u0131ran savc\u0131n\u0131n s\u00f6zlerini hat\u0131rlatarak,&#8221;S\u00fcrprizlerimiz olacak dedin, onlardan birini biliyorum. Senin a\u00e7\u0131klama yapman\u0131 bekliyorum. Sen a\u00e7\u0131klamazsan ben a\u00e7\u0131klayaca\u011f\u0131m&#8221; dedi. <\/p>\n","protected":false},"author":1,"featured_media":0,"comment_status":"open","ping_status":"closed","sticky":false,"template":"","format":"standard","meta":{"footnotes":""},"categories":[105],"tags":[],"class_list":["post-32191","post","type-post","status-publish","format-standard","hentry","category-gundem","odd"],"_links":{"self":[{"href":"http:\/\/www.korhanyilmaz.com\/index.php?rest_route=\/wp\/v2\/posts\/32191","targetHints":{"allow":["GET"]}}],"collection":[{"href":"http:\/\/www.korhanyilmaz.com\/index.php?rest_route=\/wp\/v2\/posts"}],"about":[{"href":"http:\/\/www.korhanyilmaz.com\/index.php?rest_route=\/wp\/v2\/types\/post"}],"author":[{"embeddable":true,"href":"http:\/\/www.korhanyilmaz.com\/index.php?rest_route=\/wp\/v2\/users\/1"}],"replies":[{"embeddable":true,"href":"http:\/\/www.korhanyilmaz.com\/index.php?rest_route=%2Fwp%2Fv2%2Fcomments&post=32191"}],"version-history":[{"count":0,"href":"http:\/\/www.korhanyilmaz.com\/index.php?rest_route=\/wp\/v2\/posts\/32191\/revisions"}],"wp:attachment":[{"href":"http:\/\/www.korhanyilmaz.com\/index.php?rest_route=%2Fwp%2Fv2%2Fmedia&parent=32191"}],"wp:term":[{"taxonomy":"category","embeddable":true,"href":"http:\/\/www.korhanyilmaz.com\/index.php?rest_route=%2Fwp%2Fv2%2Fcategories&post=32191"},{"taxonomy":"post_tag","embeddable":true,"href":"http:\/\/www.korhanyilmaz.com\/index.php?rest_route=%2Fwp%2Fv2%2Ftags&post=32191"}],"curies":[{"name":"wp","href":"https:\/\/api.w.org\/{rel}","templated":true}]}}