{"id":32186,"date":"2011-05-07T15:56:53","date_gmt":"2011-05-07T12:56:53","guid":{"rendered":"http:\/\/www.korhanyilmaz.com\/?p=32186"},"modified":"2011-05-07T15:56:53","modified_gmt":"2011-05-07T12:56:53","slug":"kilicdaroglu-sen-daha-acemisin","status":"publish","type":"post","link":"http:\/\/www.korhanyilmaz.com\/?p=32186","title":{"rendered":"K\u0131l\u0131\u00e7daro\u011flu sen daha acemisin"},"content":{"rendered":"<p style=\"text-align: justify;\"><a href=\"http:\/\/www.korhanyilmaz.com\/wp-content\/uploads\/2011\/05\/055.jpg\"  class=\"lightview\"><img loading=\"lazy\" decoding=\"async\" class=\"aligncenter size-full wp-image-32187\" src=\"http:\/\/www.korhanyilmaz.com\/wp-content\/uploads\/2011\/05\/055.jpg\" alt=\"\" width=\"449\" height=\"231\" \/><\/a><\/p>\n<p style=\"text-align: justify;\">Ba\u015fbakan Recep Tayyip Erdo\u011fan, CHP Genel Ba\u015fkan\u0131 K\u0131l\u0131\u00e7daro\u011flu\u2019nu \u201cStat\u00fckonun Allah\u2019\u0131 Ankara\u201d s\u00f6z\u00fcyle ele\u015ftirerek, \u201cAllah mekandan m\u00fcnezzehtir. Allah\u2019a mekan tayin edemezsin. Bu adam\u0131n bu t\u00fcr bir anlay\u0131\u015f\u0131 yok ki. Neyi, nas\u0131l ni\u00e7in kullanaca\u011f\u0131n\u0131 bilmiyor, Siirt&#8217;teki konu\u015fmas\u0131nda dengeyi kaybetti. Maalesef orada kulland\u0131\u011f\u0131 ifade hem \u00e7ok \u00e7irkin. \u015eahs\u0131m\u0131za hakarete katland\u0131k da ama bu sayg\u0131s\u0131zl\u0131\u011fa, bu hakarete, bu al\u00e7akl\u0131\u011fa katlanmam\u0131z m\u00fcmk\u00fcn de\u011fil&#8221; dedi.<!--more--><\/p>\n<p style=\"text-align: justify;\">YI\u011eILCA &#8211; Ba\u015fbakan Recep Tayyip Erdo\u011fan, Oba helikopteriyle, Emniyet Genel M\u00fcd\u00fcrl\u00fc\u011f\u00fc\u2019ne ait 3 helikopter e\u015fli\u011finde D\u00fczce\u2019nin Y\u0131\u011f\u0131lca \u0130l\u00e7esi\u2019ne geldi. Ba\u015fbakan Erdo\u011fan\u2019\u0131n geli\u015fi s\u0131ras\u0131nda \u00f6zel harekat\u00e7\u0131 polisler tepelere, binalar\u0131n \u00e7at\u0131lar\u0131na ve camilerin minarelerine \u00e7\u0131karak g\u00fcvenlik \u00f6nlemi ald\u0131. Toprak futbol sahas\u0131na inen helikopterle gelen Ba\u015fbakan Erdo\u011fan\u2019\u0131, Milli E\u011fitim Bakan\u0131 Nimet \u00c7ubuk\u00e7u, D\u00fczce Valisi Vasip \u015eahin, Y\u0131\u011f\u0131lca Kaymakam\u0131 Nuri Gezici, D\u00fczce Belediye Ba\u015fkan\u0131 Ak Partili \u0130smail Bayram, Ak Parti D\u00fczce Milletvekilleri ve partililer kar\u015f\u0131lad\u0131. Ba\u015fbakan Erdo\u011fan, parti otob\u00fcs\u00fcyle Y\u0131\u011f\u0131lca il\u00e7e merkezine giderek, meydana toplanan yakla\u015f\u0131k 1000 ki\u015fiye hitap etti.<\/p>\n<p style=\"text-align: justify;\">Ba\u015fbakan Erdo\u011fan, millete efendi de\u011fil, hizmetkar olmaya geldiklerini belirterek, \u201c\u00c7ok farkl\u0131 ve modern bir T\u00fcrkiye\u2019yi, benim insan\u0131m\u0131n \u00e7ok daha insanca refah, huzur, mutluluk i\u00e7inde ya\u015fad\u0131\u011f\u0131 T\u00fcrkiye\u2019yi sizlerle haz\u0131rlayaca\u011f\u0131z. \u00c7\u00fcnk\u00fc biz millete efendi olmaya de\u011fil, millete hizmetkar olmaya geldik. Er veya ge\u00e7 \u00f6lece\u011fiz. Kimsenin kalmas\u0131, hi\u00e7bir canl\u0131n\u0131n kalmas\u0131 m\u00fcmk\u00fcn m\u00fc? Ama CHP\u2019li bir milletvekili aday\u0131 \u0130stanbul\u2019un Zincirlikuyu Mezarl\u0131\u011f\u0131 giri\u015finde eskiden \u2018ruhuna fatiha\u2019 yaz\u0131yormu\u015f da o pek rahats\u0131z etmiyormu\u015f. \u015eimdi orada \u2018her nefis \u00f6l\u00fcm\u00fc tadacakt\u0131r\u2019 ifadesini g\u00f6r\u00fcnce sinir bozucu oldu\u011funu s\u00f6yl\u00fcyor. Profes\u00f6r ama herhalde Allah\u2019\u0131n ayeti oldu\u011funu bilmiyor. Bunlar profes\u00f6rler her \u015feyi bilen zannediyor. \u0130lim sahibi olmak yetmez, irfan sahibi olmak yeter. Ama bunlar bilmediklerini bilmiyor. De\u011fil profes\u00f6r, ordinary\u00fcs profes\u00f6r olsa ilim deryas\u0131nda ancak bir kova su al\u0131r. Zincirlikuyu Mezarl\u0131\u011f\u0131\u2019n\u0131n kap\u0131s\u0131ndaki ayetini bilmiyorsun, sinir bozucu diyorsun. Yoksa \u00f6lmeyecek misin? Y\u00fczlerce binlerce insan\u0131n her g\u00fcn \u00f6ld\u00fc\u011f\u00fc \u015fu vatan\u0131m\u0131zda, tabutun \u00fcst\u00fcndeki ye\u015fil \u00f6rt\u00fcde ne yaz\u0131yor? \u2018Her nefis \u00f6l\u00fcm\u00fc tadacakt\u0131r\u2019 diyor. Onlar\u0131n haberleri yok. Haberi olsa bunu yapmaz. \u0130\u015fte CHP zihniyeti bu. Anlay\u0131\u015f bu. 12 Haziran\u2019da bunlar\u0131 sand\u0131\u011fa g\u00f6mece\u011fiz\u201d dedi.<\/p>\n<p style=\"text-align: justify;\"><strong>MERKEZ BANKASI KASASINDA N\u0130YE AZ PARA VARDI?<\/strong><\/p>\n<p style=\"text-align: justify;\">\u0130ktidara geldiklerinde IMF\u2019ye 23.5 milyar dolar bor\u00e7 oldu\u011funu, \u015fu an ise 5 milyar dolar bor\u00e7 oldu\u011funu ifade eden Ba\u015fbakan Erdo\u011fan, \u201cBiliyorsunuz ki iktidar\u0131 MHP\u2019den, CHP\u2019nin yavrusu DSP\u2019den ald\u0131k. MHP, IMF\u2019nin kap\u0131s\u0131ndan ayr\u0131lm\u0131yordu. 30 milyar dolar bor\u00e7land\u0131n. Biz geldik. 23.5 milyar dolarla devrald\u0131k. \u00d6dedik, \u015fu anda 5 milyar dolar borcumuz var. Onu da hemen \u00f6deriz. Hi\u00e7 melese de\u011fil. Ama \u00e7ok d\u00fc\u015f\u00fck faizle bor\u00e7 oldu\u011fu i\u00e7in yava\u015f yava\u015f \u00f6deyece\u011fiz. Bak\u0131yorsun, milliyet\u00e7iyiz diyorlar. Milliyet\u00e7iysen Merkez Bankas\u0131\u2019nda niye bu kadar az para var. Geldi\u011fimizde 27.5 milyar dolar vard\u0131. \u015eimdi Merkez Bankas\u0131\u2019n\u0131n kasan\u0131nda 93 milyar dolar var\u201d diye konu\u015ftu.<\/p>\n<p style=\"text-align: justify;\"><strong>G\u00dcNDEM\u0130 ARTIK T\u00dcRK\u0130YE BEL\u0130RL\u0130YOR<\/strong><\/p>\n<p style=\"text-align: justify;\">Erdo\u011fan, art\u0131k g\u00fcndemi belirlenen de\u011fil, g\u00fcndem belirleyen bir T\u00fcrkiye oldu\u011funu belirterek, \u201c\u015eimdi \u00e7\u0131k\u0131yor sa\u011fda solda Bah\u00e7eli konu\u015fuyor. Yolsuzlukta her yer d\u00f6neminizden bize miras kald\u0131. \u015eimdi \u00f6d\u00fcyoruz. Biz kapat\u0131yoruz. Bu att\u0131\u011f\u0131m\u0131z ad\u0131mlarla T\u00fcrkiye de\u011fi\u015fim ya\u015f\u0131yor. NATO\u2019da, T\u00fcrkiye\u2019nin ayr\u0131 bir yeri var. Art\u0131k T\u00fcrkiye\u2019nin farkl\u0131 bir konumu var. Art\u0131k g\u00fcndemi belirlenen bir T\u00fcrkiye yok. G\u00fcndem belirleyen T\u00fcrkiye var\u201d dedi.<\/p>\n<p style=\"text-align: justify;\"><strong>\u201cKA\u011eITLARI ALDI\u011eIN ZAMAN DA\u011eITIVER\u0130YOR\u201d<\/strong><\/p>\n<p style=\"text-align: justify;\">Erdo\u011fan, CHP lideri K\u0131l\u0131\u00e7daro\u011flu\u2019nun \u00f6n\u00fcndeki ka\u011f\u0131tlar al\u0131nd\u0131\u011f\u0131 zaman da\u011f\u0131t\u0131verdi\u011fini iddia ederek \u015f\u00f6yle konu\u015ftu:<\/p>\n<p style=\"text-align: justify;\">&#8220;K\u0131l\u0131\u00e7daro\u011flu kay\u0131npederimin memleketi Siirt\u2019e gitti. Siirt\u2019te ki konu\u015fmas\u0131nda dengeyi kaybetmi\u015f. Orada kulland\u0131\u011f\u0131 ifade \u00e7ok \u00e7ok \u00e7irkin. \u015eahs\u0131m\u0131za hakareti katland\u0131k da bu sayg\u0131s\u0131zl\u0131\u011f\u0131, bu hakareti, bu al\u00e7akl\u0131\u011f\u0131 katlanmam\u0131z m\u00fcmk\u00fcn de\u011fil. Ne diyor? Stat\u00fckonun Allah\u2019\u0131 Ankara. \u015eimdi manevra yapmaya ba\u015flad\u0131. Bir defa Allah mekandan m\u00fcnezzehtir. Allah\u2019a mekan tayin edemezsin. Bu adam\u0131n bu t\u00fcr bir anlay\u0131\u015f\u0131 yok ki. Neyi nas\u0131l ni\u00e7in kullanaca\u011f\u0131n\u0131 bilmiyor. Bak\u0131yorsunuz bazen iyi haz\u0131rlanm\u0131\u015f \u00f6n\u00fcne koymu\u015flar ka\u011f\u0131tlar\u0131 oradan okuyor. Ka\u011f\u0131tlar\u0131 \u00f6n\u00fcnden ald\u0131\u011f\u0131n zaman da\u011f\u0131t\u0131veriyor. Samsun\u2019da, &#8216;Bu ezan CHP sayesinde okunuyor&#8217; diyor. 1941\u2019da bu \u00fclkede bizim dedelerimiz iyi bilir. Tanr\u0131 uludur diye ezan okuttular. \u0130n\u00f6n\u00fc\u2019n\u00fcn d\u00f6nemi. Bunlar\u0131 ya\u015fad\u0131k m\u0131? Ya\u015fad\u0131k de\u011fil mi? Menderes geldi, kald\u0131rd\u0131. Ni\u00e7in Allah\u2019u ekber? \u00c7\u00fcnk\u00fc d\u00fcnyan\u0131n neresine gidersen git t\u00fcm \u0130slam \u00fclkelerinde ezan uluslararas\u0131, evrensel bir mesajd\u0131r. Onun i\u00e7in de\u011fi\u015ftirilemez. \u0130ngiltere\u2019ye gitti\u011fin zaman \u0130ngilizce, Almanya\u2019ya gitti\u011finde Almanca olmaz. \u00c7\u00fcnk\u00fc o dili bilmeyen anlamaya bilir. Ama evrensel oldu\u011fu i\u00e7in nereye gidersen git mesaj ayn\u0131, ama \u00f6\u011frenecek. Yava\u015f yava\u015f onu da \u00f6\u011frenecek. Yoksa bu millet \u00f6\u011fretecek.\u201d<\/p>\n<p style=\"text-align: justify;\"><strong>D\u00dcZCE&#8217;DEK\u0130 KALABALIK ERDO\u011eAN&#8217;I CO\u015eTURDU<\/strong><\/p>\n<p style=\"text-align: justify;\">Helikopterle Y\u0131\u011f\u0131lca\u2019dan D\u00fczce\u2019ye gelen Ba\u015fbakan Recep Tayyip Erdo\u011fan \u00f6nce D\u00fczce Valili\u011fi\u2019nin \u00f6n\u00fcnde H\u00fck\u00fcmet Kona\u011f\u0131 ve 33 tesisin toplu a\u00e7\u0131l\u0131\u015f t\u00f6renini ger\u00e7ekle\u015ftirdi. Erdo\u011fan daha sonra H\u00fck\u00fcmet Kona\u011f\u0131\u2019n\u0131n kar\u015f\u0131s\u0131ndaki mitingin yap\u0131laca\u011f\u0131 An\u0131t Park Meydan\u0131\u2019na ge\u00e7ti. Erdo\u011fan meydan\u0131 dolduran yakla\u015f\u0131k 10 bin ki\u015fiye seslendi.<\/p>\n<p style=\"text-align: justify;\">Referandumda y\u00fczde 72.5 oran\u0131nda &#8216;evet&#8217; oyu verdikleri i\u00e7in D\u00fczcelilere te\u015fekk\u00fcr eden Erdo\u011fan, &#8220;Bu yolculu\u011fa ayn\u0131 kararl\u0131l\u0131kla devam edece\u011fiz. Bu co\u015fku varoldu\u011fu m\u00fcddet\u00e7e, heyecan devam etti\u011fi s\u00fcrece, hay\u0131r dualar\u0131n\u0131z devam etti\u011fi m\u00fcddet\u00e7e bize durmak yok, duraklamak yok\u201d dedi.<\/p>\n<p style=\"text-align: justify;\"><strong>CHP&#8217;YE Z\u0130NC\u0130RL\u0130KUYU ELE\u015eT\u0130R\u0130S\u0130<\/strong><\/p>\n<p style=\"text-align: justify;\">Ak Parti&#8217;nin kuruldu\u011fu 14 A\u011fustos 2001\u2019de hangi heyecanla yola \u00e7\u0131kt\u0131ysa ayn\u0131 \u015fekilde yola devam etti\u011fini kaydeden Erdo\u011fan, &#8220;Birileri bizi anlam\u0131yor, nas\u0131l memleket sevdas\u0131nda oldu\u011fumuzu anlam\u0131yor, birileri bizim bu yola can\u0131m\u0131z\u0131, y\u00fcre\u011fimizi beyaz g\u00f6mle\u011fimizi giyerek \u00e7\u0131kt\u0131\u011f\u0131m\u0131z\u0131 anlamak istemiyor\u201d diye konu\u015ftu.<\/p>\n<p style=\"text-align: justify;\">Erdo\u011fan, CHP&#8217;nin bir milletvekili aday\u0131n\u0131n Zincirlikuyu Mezarl\u0131\u011f\u0131&#8217;n\u0131n giri\u015finde eskiden &#8216;Ruhuna Fatiha&#8217; yazarken \u015fimdi \u2018\u015eimdi her canl\u0131 \u00f6l\u00fcm\u00fc tadacakt\u0131r\u2019 ayetinin yazmas\u0131n\u0131 ele\u015ftirirken &#8220;\u00c7ok sinir bozucu bir \u015fey&#8221; dedi\u011fini belirterek \u015funlar\u0131 s\u00f6yledi:<\/p>\n<p style=\"text-align: justify;\">&#8220;CHP\u2019liler \u00f6l\u00fcme de inanm\u0131yor maalesef. Profes\u00f6r olmu\u015f ama bu Allah\u2019\u0131n ayeti midir, yoksa Kadir Topba\u015f\u2019\u0131n s\u00f6z\u00fcm\u00fcd\u00fcr bilmiyor. O san\u0131yor ki Kadir Topba\u015f\u2019\u0131n s\u00f6z\u00fc. Ya bir sor, neyin nesi diye bir sor. Tabutun \u00fczerindeki ye\u015fil \u00f6rt\u00fcn\u00fcn \u00fczerinde orada yaz\u0131yor. Ayet bu, g\u00f6r bunu. Ah g\u00f6rm\u00fcyor. G\u00f6rmek istemiyor? Anlamak istemiyor ama biz \u00f6l\u00fcme inanm\u0131\u015f\u0131z. \u00d6l\u00fcm bizim i\u00e7in bir biti\u015f de\u011fil, yok olu\u015f de\u011fil, yeni hayat\u0131n bir ba\u015flang\u0131c\u0131d\u0131r.&#8221;<\/p>\n<p style=\"text-align: justify;\">Bug\u00fcne kadar hi\u00e7bir \u015feyden korkmad\u0131\u011f\u0131n\u0131, bundan sonra korkmayaca\u011f\u0131n\u0131 ve boyun e\u011fmeyece\u011fini belirten Erdo\u011fan, &#8220;Yeter ki sizler bizim arkam\u0131zda olun, bizimle olun. Hay\u0131r dualar\u0131n\u0131z\u0131 eksik etmeyin. Sonunda bizi nereye koyacaklar 2 metrek\u00fcpl\u00fck bir mezara koymayacaklar m\u0131? Benim boyum 1.85. Benim i\u00e7in daha b\u00fcy\u00fc\u011f\u00fc gerekebilir. Eserler b\u0131rakm\u0131\u015fsan yad edilirsin, eser b\u0131rakmam\u0131\u015fsan kimse seni hat\u0131rlamaz, kimse yan\u0131na u\u011framaz, ailen bile u\u011framaz \u00e7olu\u011fun \u00e7ocu\u011fun bile u\u011framaz\u201d dedi.<\/p>\n<p style=\"text-align: justify;\"><strong>&#8220;KASTAMONU&#8217;DA KONVCOYUMUZA SALDIRDILAR&#8221;<\/strong><\/p>\n<p style=\"text-align: justify;\">Ter\u00f6ristlerin, istismarc\u0131lar\u0131n hepsiyleba\u015fedeceklerini s\u00f6yleyen ve Kastamonu mitinginden sonra Ilgaz Da\u011f\u0131&#8217;nda 1 polisin \u015fehit oldu\u011fu 1 polisin yaraland\u0131\u011f\u0131 konvoya PKK sald\u0131r\u0131s\u0131na de\u011finen Erdo\u011fan, s\u00f6zlerini \u015f\u00f6yle s\u00fcrd\u00fcrd\u00fc:<\/p>\n<p style=\"text-align: justify;\">&#8220;Kastamonu\u2019da konvoyumuza sald\u0131rd\u0131lar. Bir Recebimiz orada \u015fehit oldu. Allah rahmet eylesin. Fakat telsiz konu\u015fmalar\u0131 ortaya \u00e7\u0131kt\u0131, ne diyorlar? \u2018Bundan sonraki tek hedefimiz Ak Parti\u2019dir\u2019 Bunu s\u00f6yl\u00fcyorlar. T\u00fcm T\u00fcrkiye\u2019deki vatanda\u015flar\u0131ma soruyorum? Neden Ak Parti hedef? \u00c7\u00fcnk\u00fc Ak Parti sorun \u00e7\u00f6z\u00fcyor, \u00e7\u00f6z\u00fcm \u00fcretiyor, hizmet \u00fcretiyor, karde\u015fli\u011fi peki\u015ftiriyor, do\u011fu ile bat\u0131y\u0131 kuzey ile g\u00fcneyi kucakla\u015ft\u0131r\u0131yor. K\u00fcrd\u00fc, laz\u0131, \u00e7erkezi, Bo\u015fna\u011f\u0131, Arnavutunu birle\u015ftiriyor. Neden? yaradan \u00f6yle emrediyor. Bizde \u00f6yle gidiyoruz, yaradan\u0131 severiz yaradan da \u00f6t\u00fcr\u00fc. \u0130\u015fte bundan rahats\u0131zlar.&#8221;<\/p>\n<p style=\"text-align: justify;\">Ba\u015fbakan Erdo\u011fan, ter\u00f6r \u00f6rg\u00fct\u00fcn\u00fcn K\u00fcrt sorunun \u00e7\u00f6z\u00fclmesini ve karde\u015fli\u011fin peki\u015fmesini istemedi\u011fini anlat\u0131rken, &#8220;Ter\u00f6r \u00f6rg\u00fct\u00fc de, BDP\u2019de kan akmaya devam etsin, silah t\u00fcccarlar\u0131 kazans\u0131n istiyor. Son g\u00fcnlerdeki b\u00fct\u00fcn k\u0131\u015fk\u0131rtmalar\u0131n sebebi bu. Gerilimin sebebi bu. Batakl\u0131\u011f\u0131n kurumas\u0131ndan, istismar\u0131n son bulmas\u0131ndan \u00e7ekiniyor. Benim yoksul K\u00fcrt karde\u015fimi istismar ettiler. Bu d\u00fczen devam etsin istiyorlar. Ak Parti\u2019nin, K\u00fcrt karde\u015flerimizle sorunu yok. Benim partimde 60 K\u00fcrt milletvekilim var. Ak Parti bir b\u00f6lgenin partisi de\u011fil, etnik unsurun partisi de\u011fil, 74 milyonun partisi. Onlar t\u00fcm T\u00fcrkiye\u2019yi kucaklayamad\u0131lar. Ama biz milletimizi kucaklad\u0131k\u201d dedi.<\/p>\n<p style=\"text-align: justify;\"><strong>\u201cTER\u00d6R \u00d6RG\u00dcT\u00dcN\u00dcN TEZGAHINI BOZACA\u011eIZ\u201d<\/strong><\/p>\n<p style=\"text-align: justify;\">Tek millet dediklerini, \u00fclkede ayr\u0131l\u0131k istemediklerini belirten Erdo\u011fan, \u201cBen T\u00fcrkiye Cumhuriyeti vatanda\u015f\u0131y\u0131m demek birilerine zor geliyor. Tek bayrak dedik. Niye bundan rahats\u0131z oluyor. BDP\u2019si, ter\u00f6r \u00f6rg\u00fct\u00fc neden bu bayraktan rahats\u0131z oluyor?&#8221; diye sordu.<\/p>\n<p style=\"text-align: justify;\">Ter\u00f6r \u00f6rg\u00fct\u00fc PKK&#8217;n\u0131n kurdu\u011fu tezgah\u0131n alt\u0131nda kalaca\u011f\u0131n\u0131 belirten Erdo\u011fan, \u015funlar\u0131 s\u00f6yledi:<\/p>\n<p style=\"text-align: justify;\">&#8220;\u0130n\u015fallah ter\u00f6r \u00f6rg\u00fct\u00fcn\u00fcn tezgah\u0131n\u0131 milletimizle birlikte bozaca\u011f\u0131z. Kurduklar\u0131 tezgah\u0131n alt\u0131nda onlar\u0131 b\u0131rakaca\u011f\u0131z. Nas\u0131l kirli bir senaryonun kuruldu\u011funu g\u00f6rmenizi istiyoruz. Sizin basiretiniz, sa\u011fduyunuz her \u015feyin \u00fczerinde. Bu kanl\u0131 tezgah 12 Haziran\u2019da \u00f6yle bir karde\u015flik mesaj\u0131 verin ki Kandil de, Silivri\u2019de dersini als\u0131n. 12 Haziran\u2019da \u00f6yle b\u00fcy\u00fck bir T\u00fcrkiye mesaj\u0131 verin ki, \u015fer odaklar\u0131, silah t\u00fcccarlar\u0131 bir kere daha \u015fa\u015f\u0131p kals\u0131nlar.&#8221;<\/p>\n<p style=\"text-align: justify;\"><strong>KILI\u00c7DARO\u011eLU VE DEM\u0130REL&#8217;E &#8216;\u00c7ETE KARDE\u015eL\u0130\u011e\u0130&#8217;<\/strong><\/p>\n<p style=\"text-align: justify;\">CHP Genel Ba\u015fkan\u0131 Kemal K\u0131l\u0131\u00e7daro\u011flu&#8217;nu da h\u0131rs\u0131n etkisi ile ilke tan\u0131madan, s\u0131n\u0131r tan\u0131madan, \u00f6l\u00e7\u00fc tan\u0131madan her konuyu istismar eden bir siyaset tarz\u0131 benimsemekle su\u00e7layan Erdo\u011fan, &#8220;Sadece \u00e7etelerden medet ummakla kalm\u0131yor, on y\u0131llar boyunca rekabet ettikleri, en u\u00e7ta g\u00f6rd\u00fckleri siyasi anla\u015f\u0131ylarla da i\u015fbirli\u011fi yap\u0131yorlar&#8221; dedi. Erdo\u011fan, 9&#8217;uncu Cumhurba\u015fkan\u0131 S\u00fcleyman Demirel&#8217;i isim vermeden CHP&#8217;yi desteklemekle su\u00e7lay\u0131p s\u00f6zlerini \u015f\u00f6yle s\u00fcrd\u00fcrd\u00fc:<\/p>\n<p style=\"text-align: justify;\">&#8220;CHP Genel Ba\u015fkan\u0131 popilizmde bol keseden vaad etmekte s\u0131n\u0131r tan\u0131m\u0131yor. \u0130lham\u0131 kimden ald\u0131\u011f\u0131 \u015fimdi anla\u015f\u0131l\u0131yor. \u2018Kim ne verirse ben be\u015f fazlas\u0131n\u0131 veririm\u2019 diyen bir siyaset\u00e7i vard\u0131 ya. Me\u011fer \u015fimdi onlar da CHP ile i\u015fbirli\u011fi i\u00e7ine girmi\u015fler. Me\u011fer bunlar kendi aralar\u0131nda \u00e7ete karde\u015fli\u011fi kurmu\u015flar. \u00d6m\u00fcr boyunca dini istismar edenler, \u015fimdi kalk\u0131yor karde\u015flik yap\u0131yorlar. Sal\u0131 g\u00fcn\u00fc Siirt\u2019te y\u00fcce yaradan\u0131m\u0131za, Allah-u teala&#8217;ya a\u011fza al\u0131nmayacak ifade kulland\u0131. Kendisini 4 g\u00fcnd\u00fcr bu sarf etti\u011fi s\u00f6zlerden dolay\u0131 \u00f6z\u00fcr dilemeye \u00e7a\u011f\u0131rd\u0131m ama \u00f6yle bir y\u00fczs\u00fczl\u00fck ki, \u00f6yle bir pi\u015fmanl\u0131k i\u00e7inde \u00e7\u0131k\u0131p millete \u00f6z\u00fcr dileme erdemine ula\u015fm\u0131yor. \u015eimdi bunlar ne diyor \u2018Stat\u00fckocular\u0131n Allah\u2019\u0131 Ankara\u2019da oturuyor.\u2019 \u015eu ifadeye bak.\u201d<\/p>\n<p style=\"text-align: justify;\"><strong>&#8220;SEN DAHA \u00c7IRAKSIN&#8221;<\/strong><\/p>\n<p style=\"text-align: justify;\">K\u0131l\u0131daro\u011flu&#8217;nun, CHP Genel Merkezi ile Silivri aras\u0131nda t\u00fcnel yapt\u0131\u011f\u0131 ele\u015ftirisinde de bulunan Erdo\u011fan, \u015funlar\u0131 s\u00f6yledi:<\/p>\n<p style=\"text-align: justify;\">&#8220;Hani ikide bir \u00e7\u0131k\u0131p diyor ya \u2018Yolsuzluklar\u0131n hakk\u0131ndan ben gelirim\u2019. Ayn\u0131 \u015feyi Bah\u00e7eli de s\u00f6yl\u00fcyor. K\u0131l\u0131\u00e7daro\u011flu da bir taraftan diyor ki, \u2018Hangi televizyonu istiyorsan oraya \u00e7\u0131kal\u0131m\u2019 Haddine mi? Ya sen daha \u00e7\u0131raks\u0131n. Bu lig meselesi, ya amat\u00f6r ligde oynayan ile s\u00fcper ligde oynayan\u0131 bir araya getirmek m\u00fcmk\u00fcn m\u00fc? Senin daha \u00e7ok f\u0131r\u0131n ekmek yemen laz\u0131m. Yapt\u0131klar\u0131n bu sene nak\u015fediyor. Senin Mu\u011fla milletvekili aday\u0131n SSK devletin \u00fczerinde bir kamburdur yolsuzluk diz boyudur diyor. Genel m\u00fcd\u00fcr kim? K\u0131l\u0131\u00e7daro\u011flu. K\u0131l\u0131\u00e7daro\u011flu\u2019nu, bu Mu\u011fla\u2019daki milletvekili aday\u0131 san\u0131k s\u0131fat\u0131 ile de\u011fil tan\u0131k s\u0131fat\u0131 ile \u00e7a\u011f\u0131r\u0131yor. Kendisine b\u00f6yle bir k\u0131yak yapan\u0131 milletvekili aday\u0131 yap\u0131yor. T\u0131pk\u0131 Zonguldak aday\u0131 gibi. Zonguldak aday\u0131n\u0131n durumunu biliyorsunuz Silivri\u2019de. Silivri\u2019de de yatmad\u0131. Hasta oldu\u011fu i\u00e7in yatt\u0131. Do\u011frusu ben inanmad\u0131m. Siz inand\u0131n\u0131z m\u0131? \u015eimdi bak aday. CHP Genel Merkezi ile Silivri aras\u0131nda bir t\u00fcnel yapt\u0131lar. \u015eimdi bu t\u00fcnelden \u00e7\u0131k\u0131\u015f yapacaklar.\u201d<\/p>\n<p style=\"text-align: justify;\">Elektronik kitap ile e\u011fitimden bahseden Erdo\u011fan, elinde tablet bilgisayar\u0131 g\u00f6stererek, \u201cKaynak Kemal de\u011fil, kaynak T\u00fcrkiye. George Amerika\u2019da nas\u0131l okuyorsa, ayn\u0131 \u015fekilde de D\u00fczce\u2019de de benim Ay\u015fem, Fatmam ayn\u0131 \u015fekilde okuyacak. Yoksulluktan de\u011fildi ki, g\u00f6t\u00fcr\u00fcyorlard\u0131. Hamd olsun \u015fimdi bereket var\u201d diye konu\u015ftu.<\/p>\n<p style=\"text-align: justify;\"><a href=\"http:\/\/www.gazeteport.com.tr\/SIYASET\/NEWS\/GP_900892\" target=\"_blank\">Kaynak : GAZETEPORT<\/a><\/p>\n","protected":false},"excerpt":{"rendered":"<p style=\"text-align: justify;\">\n<p style=\"text-align: justify;\">Ba\u015fbakan Recep Tayyip Erdo\u011fan, CHP Genel Ba\u015fkan\u0131 K\u0131l\u0131\u00e7daro\u011flu\u2019nu \u201cStat\u00fckonun Allah\u2019\u0131 Ankara\u201d s\u00f6z\u00fcyle ele\u015ftirerek, \u201cAllah mekandan m\u00fcnezzehtir. Allah\u2019a mekan tayin edemezsin. Bu adam\u0131n bu t\u00fcr bir anlay\u0131\u015f\u0131 yok ki. Neyi, nas\u0131l ni\u00e7in kullanaca\u011f\u0131n\u0131 bilmiyor, Siirt&#8217;teki konu\u015fmas\u0131nda dengeyi kaybetti. Maalesef orada kulland\u0131\u011f\u0131 ifade hem \u00e7ok \u00e7irkin. \u015eahs\u0131m\u0131za hakarete katland\u0131k da ama bu <\/p>\n","protected":false},"author":1,"featured_media":0,"comment_status":"open","ping_status":"closed","sticky":false,"template":"","format":"standard","meta":{"footnotes":""},"categories":[105],"tags":[],"class_list":["post-32186","post","type-post","status-publish","format-standard","hentry","category-gundem","odd"],"_links":{"self":[{"href":"http:\/\/www.korhanyilmaz.com\/index.php?rest_route=\/wp\/v2\/posts\/32186","targetHints":{"allow":["GET"]}}],"collection":[{"href":"http:\/\/www.korhanyilmaz.com\/index.php?rest_route=\/wp\/v2\/posts"}],"about":[{"href":"http:\/\/www.korhanyilmaz.com\/index.php?rest_route=\/wp\/v2\/types\/post"}],"author":[{"embeddable":true,"href":"http:\/\/www.korhanyilmaz.com\/index.php?rest_route=\/wp\/v2\/users\/1"}],"replies":[{"embeddable":true,"href":"http:\/\/www.korhanyilmaz.com\/index.php?rest_route=%2Fwp%2Fv2%2Fcomments&post=32186"}],"version-history":[{"count":0,"href":"http:\/\/www.korhanyilmaz.com\/index.php?rest_route=\/wp\/v2\/posts\/32186\/revisions"}],"wp:attachment":[{"href":"http:\/\/www.korhanyilmaz.com\/index.php?rest_route=%2Fwp%2Fv2%2Fmedia&parent=32186"}],"wp:term":[{"taxonomy":"category","embeddable":true,"href":"http:\/\/www.korhanyilmaz.com\/index.php?rest_route=%2Fwp%2Fv2%2Fcategories&post=32186"},{"taxonomy":"post_tag","embeddable":true,"href":"http:\/\/www.korhanyilmaz.com\/index.php?rest_route=%2Fwp%2Fv2%2Ftags&post=32186"}],"curies":[{"name":"wp","href":"https:\/\/api.w.org\/{rel}","templated":true}]}}