{"id":32182,"date":"2011-05-07T09:22:31","date_gmt":"2011-05-07T06:22:31","guid":{"rendered":"http:\/\/www.korhanyilmaz.com\/?p=32182"},"modified":"2011-05-07T09:22:31","modified_gmt":"2011-05-07T06:22:31","slug":"adli-tip%e2%80%99tan-sasirtan-yanit-dosya-gelmedi","status":"publish","type":"post","link":"http:\/\/www.korhanyilmaz.com\/?p=32182","title":{"rendered":"Adli T\u0131p\u2019tan \u015fa\u015f\u0131rtan yan\u0131t: Dosya gelmedi"},"content":{"rendered":"<p style=\"text-align: justify;\"><a href=\"http:\/\/www.korhanyilmaz.com\/wp-content\/uploads\/2011\/05\/054.jpg\"  class=\"lightview\"><img loading=\"lazy\" decoding=\"async\" class=\"aligncenter size-full wp-image-32183\" title=\"\" src=\"http:\/\/www.korhanyilmaz.com\/wp-content\/uploads\/2011\/05\/054.jpg\" alt=\"\" width=\"175\" height=\"178\" \/><\/a><\/p>\n<p style=\"text-align: justify;\">\u0130stanbul&#8217;daki Tuzla Tersanesi&#8217;nde 3 y\u0131l \u00f6nce 3 i\u015f\u00e7inin \u00f6ld\u00fc\u011f\u00fc, 16 i\u015f\u00e7inin de yaraland\u0131\u011f\u0131 filika kazas\u0131yla ilgili y\u00fcr\u00fct\u00fclen davada, mahkemenin Adli T\u0131p&#8217;a g\u00f6nderdi\u011fi dosya ortadan kayboldu. Adli T\u0131p &#8220;dosya bize gelmedi&#8221; dedi.<!--more--><\/p>\n<p style=\"text-align: justify;\">\u0130STANBUL &#8211; Gisan Tersanesi\u2019nde A\u011fustos 2008\u2019de filika testi s\u0131ras\u0131nda kaza meydana gelmi\u015fti.<\/p>\n<p style=\"text-align: justify;\">19 i\u015f\u00e7inin bindirildi\u011fi filikan\u0131n camlar\u0131 suya d\u00fc\u015f\u00fcnce k\u0131r\u0131lm\u0131\u015ft\u0131. Olayda Emrah Varol, Ramazan Ayg\u00fcn ve Ramazan \u00c7etinkaya isimli i\u015f\u00e7iler hayat\u0131n\u0131 kaybetmi\u015f, 16 i\u015f\u00e7i de yaralanm\u0131\u015ft\u0131.<\/p>\n<p style=\"text-align: justify;\">Davaya bakan Kartal 1. A\u011f\u0131r Ceza Mahkemesi, 3 i\u015f\u00e7inin \u00e7arpma sonucu mu yoksa k\u0131r\u0131lan camlardan filikan\u0131n i\u00e7ine dolan deniz suyundan bo\u011fularak m\u0131 \u00f6ld\u00fcklerinin belirlenmesi amac\u0131yla dosyan\u0131n \u00f6rne\u011fini Adli T\u0131p Kurumu\u2019na g\u00f6nderdi.<\/p>\n<p style=\"text-align: justify;\">Mahkeme, aradan yakla\u015f\u0131k 3 y\u0131l ge\u00e7mesine ra\u011fmen beklenen raporun mahkemeye ula\u015fmamas\u0131 \u00fczerine dosyan\u0131n ak\u0131betini \u00f6\u011frenmek i\u00e7in Adli T\u0131p 1. \u0130htisas Kurulu\u2019na yaz\u0131 g\u00f6nderdi.<\/p>\n<p style=\"text-align: justify;\">24 Mart 2011\u2019de Adli T\u0131p Kurumu\u2019ndan gelen cevap ise mahkeme heyetini \u015fa\u015f\u0131rtt\u0131.<\/p>\n<p style=\"text-align: justify;\">Yaz\u0131da, Adli T\u0131p Kurumu\u2019nun yapt\u0131\u011f\u0131 ara\u015ft\u0131rmada dosyan\u0131n geli\u015fine rastlanmad\u0131\u011f\u0131, \u015fayet g\u00f6nderilmi\u015f ise posta jurnal fotokopisinin kendilerine g\u00f6nderilmesi halinde tekrar ara\u015ft\u0131rma yap\u0131laca\u011f\u0131 bildiriliyordu.<\/p>\n<p style=\"text-align: justify;\">Mahkemenin i\u015f\u00e7ilerin \u00f6l\u00fcm nedenlerinin belirlenmesi i\u00e7in Adli T\u0131p Kurumu\u2019na g\u00f6nderdi\u011fi dosyan\u0131n asl\u0131nda hi\u00e7 ula\u015fmad\u0131\u011f\u0131 ortaya \u00e7\u0131kt\u0131.<\/p>\n<p style=\"text-align: justify;\">\u00dc\u00e7 i\u015f\u00e7inin neden \u00f6ld\u00fckleri, 33 ay\u0131n sonunda h\u00e2l\u00e2 belirlenemedi.<\/p>\n<p style=\"text-align: justify;\"><a href=\"http:\/\/www.gazeteport.com.tr\/GUNCEL\/NEWS\/GP_900672\" target=\"_blank\">Kaynak : GAZETEPORT<\/a><\/p>\n","protected":false},"excerpt":{"rendered":"<p style=\"text-align: justify;\">\n<p style=\"text-align: justify;\">\u0130stanbul&#8217;daki Tuzla Tersanesi&#8217;nde 3 y\u0131l \u00f6nce 3 i\u015f\u00e7inin \u00f6ld\u00fc\u011f\u00fc, 16 i\u015f\u00e7inin de yaraland\u0131\u011f\u0131 filika kazas\u0131yla ilgili y\u00fcr\u00fct\u00fclen davada, mahkemenin Adli T\u0131p&#8217;a g\u00f6nderdi\u011fi dosya ortadan kayboldu. Adli T\u0131p &#8220;dosya bize gelmedi&#8221; dedi.<\/p>\n","protected":false},"author":1,"featured_media":0,"comment_status":"open","ping_status":"closed","sticky":false,"template":"","format":"standard","meta":{"footnotes":""},"categories":[105],"tags":[],"class_list":["post-32182","post","type-post","status-publish","format-standard","hentry","category-gundem","odd"],"_links":{"self":[{"href":"http:\/\/www.korhanyilmaz.com\/index.php?rest_route=\/wp\/v2\/posts\/32182","targetHints":{"allow":["GET"]}}],"collection":[{"href":"http:\/\/www.korhanyilmaz.com\/index.php?rest_route=\/wp\/v2\/posts"}],"about":[{"href":"http:\/\/www.korhanyilmaz.com\/index.php?rest_route=\/wp\/v2\/types\/post"}],"author":[{"embeddable":true,"href":"http:\/\/www.korhanyilmaz.com\/index.php?rest_route=\/wp\/v2\/users\/1"}],"replies":[{"embeddable":true,"href":"http:\/\/www.korhanyilmaz.com\/index.php?rest_route=%2Fwp%2Fv2%2Fcomments&post=32182"}],"version-history":[{"count":0,"href":"http:\/\/www.korhanyilmaz.com\/index.php?rest_route=\/wp\/v2\/posts\/32182\/revisions"}],"wp:attachment":[{"href":"http:\/\/www.korhanyilmaz.com\/index.php?rest_route=%2Fwp%2Fv2%2Fmedia&parent=32182"}],"wp:term":[{"taxonomy":"category","embeddable":true,"href":"http:\/\/www.korhanyilmaz.com\/index.php?rest_route=%2Fwp%2Fv2%2Fcategories&post=32182"},{"taxonomy":"post_tag","embeddable":true,"href":"http:\/\/www.korhanyilmaz.com\/index.php?rest_route=%2Fwp%2Fv2%2Ftags&post=32182"}],"curies":[{"name":"wp","href":"https:\/\/api.w.org\/{rel}","templated":true}]}}