{"id":32151,"date":"2011-05-07T01:06:43","date_gmt":"2011-05-06T22:06:43","guid":{"rendered":"http:\/\/www.korhanyilmaz.com\/?p=32151"},"modified":"2011-05-07T01:06:43","modified_gmt":"2011-05-06T22:06:43","slug":"basbakan-icin-%e2%80%98chp%e2%80%99yi-sildiler","status":"publish","type":"post","link":"http:\/\/www.korhanyilmaz.com\/?p=32151","title":{"rendered":"Ba\u015fbakan i\u00e7in \u2018CHP\u2019yi sildiler"},"content":{"rendered":"<p style=\"text-align: justify;\"><a href=\"http:\/\/www.korhanyilmaz.com\/wp-content\/uploads\/2011\/05\/052.jpg\"  class=\"lightview\"><img loading=\"lazy\" decoding=\"async\" class=\"aligncenter size-full wp-image-32152\" src=\"http:\/\/www.korhanyilmaz.com\/wp-content\/uploads\/2011\/05\/052.jpg\" alt=\"\" width=\"414\" height=\"219\" \/><\/a><\/p>\n<p style=\"text-align: justify;\">Ba\u015fbakan\u2019\u0131n Zonguldak\u2019a yapaca\u011f\u0131 ziyaret \u00f6ncesinde \u00e7\u00f6p konteynerleri ve duvarlardaki CHP yaz\u0131lar\u0131 belediye g\u00f6revlileri taraf\u0131ndan silindi.<\/p>\n<p style=\"text-align: justify;\">ZONGULDAK &#8211; Ba\u015fbakan Recep Tayyip Erdo\u011fan, bug\u00fcn 17.00&#8217;da Zonguldak Madenci An\u0131t\u0131 \u00f6n\u00fcnde partisince d\u00fczenlenecek mitingde halka hitap edecek. <!--more--><\/p>\n<p style=\"text-align: justify;\">Ba\u015fbakan Erdo\u011fan, daha sonra Milli Egemenlik Caddesi&#8217;ni takiben kamu ve \u00f6zel sekt\u00f6re ait baz\u0131 tesislerin toplu a\u00e7\u0131l\u0131\u015f t\u00f6reninin yap\u0131laca\u011f\u0131 Y\u00fcksek \u00d6\u011frenim Kredi ve Yurtlar Kurumu&#8217;na ait \u00f6\u011frenci yurduna ge\u00e7ecek.<\/p>\n<p style=\"text-align: justify;\">Ba\u015fbakan Erdo\u011fan&#8217;\u0131n program\u0131 nedeniyle kentte t\u00fcm g\u00fcvenlik kontrolleri yap\u0131ld\u0131.<\/p>\n<p style=\"text-align: justify;\">A\u00e7\u0131l\u0131\u015f t\u00f6reninin yap\u0131laca\u011f\u0131 1000 ki\u015filik \u00f6\u011frenci yurdunda da son haz\u0131rl\u0131klar yap\u0131l\u0131rken polis, Erdo\u011fan&#8217;\u0131n mitingden t\u00f6ren alan\u0131na ge\u00e7ece\u011fi g\u00fczergahtaki \u00e7\u00f6p konteynerlerinin \u00fczerindeki &#8220;CHP&#8221; yaz\u0131lar\u0131n\u0131 sildirtti.<\/p>\n<p style=\"text-align: justify;\">Belediye temizlik g\u00f6revlileri, polis e\u015fli\u011finde Milli Egemenlik Caddesi \u00fczerinde ve t\u00f6ren alan\u0131n\u0131n etraf\u0131ndaki konteynerlerde bulunan yaz\u0131lar\u0131 boya ile sildi. Baz\u0131 duvarlardaki yaz\u0131lar da silindi.<\/p>\n<p style=\"text-align: center;\"><a href=\"http:\/\/www.korhanyilmaz.com\/wp-content\/uploads\/2011\/05\/053.jpg\"  class=\"lightview\"><img loading=\"lazy\" decoding=\"async\" class=\"aligncenter size-full wp-image-32154\" src=\"http:\/\/www.korhanyilmaz.com\/wp-content\/uploads\/2011\/05\/053.jpg\" alt=\"\" width=\"472\" height=\"314\" \/><\/a><\/p>\n<p style=\"text-align: justify;\"><a href=\"http:\/\/www.gazeteport.com.tr\/SIYASET\/NEWS\/GP_900682\" target=\"_blank\">Kaynak : GAZETEPORT<\/a><\/p>\n","protected":false},"excerpt":{"rendered":"<p style=\"text-align: justify;\">\n<p style=\"text-align: justify;\">Ba\u015fbakan\u2019\u0131n Zonguldak\u2019a yapaca\u011f\u0131 ziyaret \u00f6ncesinde \u00e7\u00f6p konteynerleri ve duvarlardaki CHP yaz\u0131lar\u0131 belediye g\u00f6revlileri taraf\u0131ndan silindi.<\/p>\n<p style=\"text-align: justify;\">ZONGULDAK &#8211; Ba\u015fbakan Recep Tayyip Erdo\u011fan, bug\u00fcn 17.00&#8217;da Zonguldak Madenci An\u0131t\u0131 \u00f6n\u00fcnde partisince d\u00fczenlenecek mitingde halka hitap edecek. <\/p>\n","protected":false},"author":1,"featured_media":0,"comment_status":"open","ping_status":"closed","sticky":false,"template":"","format":"standard","meta":{"footnotes":""},"categories":[105],"tags":[],"class_list":["post-32151","post","type-post","status-publish","format-standard","hentry","category-gundem","odd"],"_links":{"self":[{"href":"http:\/\/www.korhanyilmaz.com\/index.php?rest_route=\/wp\/v2\/posts\/32151","targetHints":{"allow":["GET"]}}],"collection":[{"href":"http:\/\/www.korhanyilmaz.com\/index.php?rest_route=\/wp\/v2\/posts"}],"about":[{"href":"http:\/\/www.korhanyilmaz.com\/index.php?rest_route=\/wp\/v2\/types\/post"}],"author":[{"embeddable":true,"href":"http:\/\/www.korhanyilmaz.com\/index.php?rest_route=\/wp\/v2\/users\/1"}],"replies":[{"embeddable":true,"href":"http:\/\/www.korhanyilmaz.com\/index.php?rest_route=%2Fwp%2Fv2%2Fcomments&post=32151"}],"version-history":[{"count":0,"href":"http:\/\/www.korhanyilmaz.com\/index.php?rest_route=\/wp\/v2\/posts\/32151\/revisions"}],"wp:attachment":[{"href":"http:\/\/www.korhanyilmaz.com\/index.php?rest_route=%2Fwp%2Fv2%2Fmedia&parent=32151"}],"wp:term":[{"taxonomy":"category","embeddable":true,"href":"http:\/\/www.korhanyilmaz.com\/index.php?rest_route=%2Fwp%2Fv2%2Fcategories&post=32151"},{"taxonomy":"post_tag","embeddable":true,"href":"http:\/\/www.korhanyilmaz.com\/index.php?rest_route=%2Fwp%2Fv2%2Ftags&post=32151"}],"curies":[{"name":"wp","href":"https:\/\/api.w.org\/{rel}","templated":true}]}}