{"id":32144,"date":"2011-05-06T22:57:26","date_gmt":"2011-05-06T19:57:26","guid":{"rendered":"http:\/\/www.korhanyilmaz.com\/?p=32144"},"modified":"2011-05-06T22:57:26","modified_gmt":"2011-05-06T19:57:26","slug":"kastamonuyu-sorumsuz-kadin-fisekledi","status":"publish","type":"post","link":"http:\/\/www.korhanyilmaz.com\/?p=32144","title":{"rendered":"Kastamonu&#8217;yu &#8216;Sorumsuz kad\u0131n&#8217; fi\u015fekledi"},"content":{"rendered":"<p style=\"text-align: justify;\"><a href=\"http:\/\/www.korhanyilmaz.com\/wp-content\/uploads\/2011\/05\/051.jpg\"  class=\"lightview\"><img loading=\"lazy\" decoding=\"async\" class=\"aligncenter size-full wp-image-32145\" src=\"http:\/\/www.korhanyilmaz.com\/wp-content\/uploads\/2011\/05\/051.jpg\" alt=\"\" width=\"449\" height=\"231\" \/><\/a><\/p>\n<p style=\"text-align: justify;\">B\u00fclent Ar\u0131n\u00e7, &#8220;Esasen bir s\u00fcreden beri hem Apo&#8217;nun talimat\u0131yla, hem de istihbarat kay\u0131tlar\u0131nda polisin hedef al\u0131naca\u011f\u0131 g\u00f6steriliyor. Esasen bildi\u011finiz gibi bir sorumsuz kad\u0131n milletvekili bir toplant\u0131 s\u0131ras\u0131nda, bir emniyet amirini herkesin i\u00e7inde tokatlayacak kadar densiz bir hareket yapm\u0131\u015ft\u0131. Belki bu bir i\u015faret fi\u015fe\u011fi gibi polis ara\u00e7lar\u0131na kar\u015f\u0131&#8230;&#8221; dedi.<!--more--><\/p>\n<p style=\"text-align: justify;\">\u0130STANBUL &#8211; Devlet Bakan\u0131 ve Ba\u015fbakan Yard\u0131mc\u0131s\u0131 B\u00fclent Ar\u0131n\u00e7, se\u00e7im g\u00fcvenli\u011finin, her hal\u00fckarda sa\u011flanaca\u011f\u0131na i\u015faret ederek, &#8221;Ancak bu ba\u011f\u0131ms\u0131z adayl\u0131klar\u0131n\u0131 koyan BDP&#8217;liler, se\u00e7ime giderken, gerginlikten medet umuyorlar&#8221; dedi.<\/p>\n<p style=\"text-align: justify;\">Ar\u0131n\u00e7, &#8216;a haber&#8217; televizyon kanal\u0131nda canl\u0131 olarak yay\u0131mlanan &#8221;Bi Sormak Laz\u0131m&#8221; program\u0131na kat\u0131larak sorular\u0131 yan\u0131tlad\u0131.<\/p>\n<p style=\"text-align: justify;\">Kastamonu&#8217;daki polis otosuna y\u00f6nelik sald\u0131r\u0131ya ili\u015fkin soru \u00fczerine Ar\u0131n\u00e7, olay\u0131n ter\u00f6r olay\u0131 oldu\u011funa i\u015faret ederek, &#8221;Planlanm\u0131\u015f. Yirmiden fazla ate\u015f edilmi\u015f, ara\u00e7 yan\u0131yor ve \u015fehidimiz arac\u0131n i\u00e7inden \u00e7\u0131kar\u0131lam\u0131yor. \u00c7ok \u00fcz\u00fcc\u00fc bir olay. Herkes \u00e7ok \u00fcz\u00fcld\u00fc&#8221; dedi.<\/p>\n<p style=\"text-align: justify;\">Bug\u00fcne kadar polisin, askerin, hatta b\u00fcrokratlar\u0131n, masum kad\u0131n ve \u00e7ocuklar\u0131n ter\u00f6r\u00fcn i\u00e7erisinde y\u0131llard\u0131r hayatlar\u0131n\u0131 kaybettiklerini dile getiren Ar\u0131n\u00e7, son aylarda belki uzunca bir s\u00fcredir bu t\u00fcr eylemlerin arkas\u0131n\u0131n biraz kesildi\u011fini, bir ka\u00e7 m\u00fcnferit olay\u0131n d\u0131\u015f\u0131nda toplu bir eylemin g\u00f6r\u00fclmedi\u011fini ifade etti.<\/p>\n<p style=\"text-align: justify;\">&#8221;Ama bu planl\u0131 hareket hepimizi \u00fcrk\u00fctt\u00fc&#8221; diyen Ar\u0131n\u00e7, olay\u0131n etrafl\u0131 \u015fekilde herkes taraf\u0131ndan ara\u015ft\u0131r\u0131ld\u0131\u011f\u0131n\u0131 belirtti.<\/p>\n<p style=\"text-align: justify;\">\u0130stihbarat kay\u0131tlar\u0131na i\u015faret eden Ar\u0131n\u00e7, \u015f\u00f6yle konu\u015ftu:<\/p>\n<p style=\"text-align: justify;\">\u00a0&#8221;Burada PKK&#8217;l\u0131lar\u0131n talimat \u00fczerine bu eylemi yapt\u0131klar\u0131, bu eylemin sonucundan \u00e7ok memnun olduklar\u0131, bundan sonraki hedeflerinin de AKP diye isimlendirdikleri AK Parti oldu\u011fu&#8230; Kay\u0131tlar de\u015fifre edildi ve milletimiz bunu \u00f6\u011frendi. Art\u0131k hedefin kim oldu\u011fu \u00e7ok a\u00e7\u0131k ortada. Polisler, emniyet g\u00f6revlilerimiz.<\/p>\n<p style=\"text-align: justify;\">Esasen bir s\u00fcreden beri hem Apo&#8217;nun talimat\u0131yla, hem de istihbarat kay\u0131tlar\u0131nda polisin hedef al\u0131naca\u011f\u0131 g\u00f6steriliyor. Esasen bildi\u011finiz gibi bir sorumsuz kad\u0131n milletvekili bir toplant\u0131 s\u0131ras\u0131nda, bir emniyet amirini herkesin i\u00e7inde tokatlayacak kadar densiz bir hareket yapm\u0131\u015ft\u0131. Bunu ben de ele\u015ftirdim, ba\u015fkalar\u0131 da ele\u015ftirdi. Belki bu bir i\u015faret fi\u015fe\u011fi gibi polis ara\u00e7lar\u0131na kar\u015f\u0131, polise kar\u015f\u0131, sivil polislere kar\u015f\u0131 yeni bir eylem i\u00e7erisindeler. Allah polislerimizi de askerlerimizi de korusun.&#8221;<\/p>\n<p style=\"text-align: justify;\"><strong>&#8221;AK PART\u0130&#8217;N\u0130N B\u0130NALARI YANMAKTAN MUHAFAZA ED\u0130L\u0130YOR&#8221;<\/strong><\/p>\n<p style=\"text-align: justify;\">Hedefin polis oldu\u011funun s\u00f6ylendi\u011fini, kendilerinin de polisleri hedefte olmaktan \u00e7\u0131karmaya \u00e7al\u0131\u015ft\u0131klar\u0131n\u0131 dile getiren Ar\u0131n\u00e7, &#8221;\u00c7\u00fcnk\u00fc polis, \u00fclkenin g\u00fcvenli\u011fi, asayi\u015fi i\u00e7in \u00e7al\u0131\u015fan, hem de canla ba\u015fla \u00e7al\u0131\u015fan bir g\u00fcvenlik g\u00fcc\u00fcm\u00fcz. Ama Ba\u015fbakanl\u0131\u011f\u0131n arac\u0131n\u0131n hemen \u00f6n\u00fcndeki polis otosuna kar\u015f\u0131 yap\u0131lmas\u0131, ni\u00e7in bir ba\u015fka yerde de\u011fil, ba\u015fka bir zamanda de\u011fil de \u00f6zellikle miting sonras\u0131 ve resmi ba\u015fbakanl\u0131k arac\u0131n\u0131n \u00f6n\u00fcnde bunun yap\u0131lmas\u0131 ve esasen dinleme kay\u0131tlar\u0131nda &#8216;bundan sonra hedefte AK Parti var&#8217; denilmesi hedefin iki y\u00f6nl\u00fc oldu\u011funu da g\u00f6sterebiliyor. Yani polisler de hedefte. AK Parti ve AK Parti&#8217;nin \u00f6nde gelen \u015fahsiyetleri de hedefte.<\/p>\n<p style=\"text-align: justify;\">Kald\u0131 ki Y\u00fcksekova&#8217;da, Hakkari&#8217;de, \u015eemdinli&#8217;de her g\u00fcn AK Parti binalar\u0131na tecav\u00fcz ediliyor, zaman zaman bombalan\u0131yor ve polis korumas\u0131yla, baz\u0131 yerlerde de asker korumas\u0131yla bu binalar yanmaktan, y\u0131k\u0131lmaktan muhafaza edilebiliyor.&#8221;<\/p>\n<p style=\"text-align: justify;\"><strong>&#8221;HA\u0130N ELLER K\u0130M\u0130N EL\u0130YSE UMARIM EN KISA ZAMANDA KAHROLACAKLAR&#8221;<\/strong><\/p>\n<p style=\"text-align: justify;\">&#8221;Bu sald\u0131r\u0131dan sonra Re\u015fadiye benzeri bir eylem olabilir mi? Bu soru sizin g\u00fcndeminizde nas\u0131l yer ald\u0131?&#8221; s\u00f6zleri \u00fczerine de Ar\u0131n\u00e7, konunun istihbarat, g\u00fcvenlik g\u00fc\u00e7leri, \u0130\u00e7i\u015fleri Bakanl\u0131\u011f\u0131, Ba\u015fbakanl\u0131k taraf\u0131ndan de\u011ferlendirildi\u011fini belirtti.<\/p>\n<p style=\"text-align: justify;\">Ar\u0131n\u00e7, \u015f\u00f6yle konu\u015ftu:<\/p>\n<p style=\"text-align: justify;\">&#8221;Burda konu\u015fulan \u015fudur; Do\u011frudan bir PKK eylemi midir, Yoksa PKK&#8217;n\u0131n bu t\u00fcr eylemler i\u00e7in kulland\u0131\u011f\u0131 bir ta\u015feron \u00f6rg\u00fct taraf\u0131ndan m\u0131 yap\u0131lm\u0131\u015ft\u0131r? Bunlar zannediyorum k\u0131sa s\u00fcrede ayd\u0131nlat\u0131lacak. Ama bu hain eller kimin eliyse umar\u0131m en k\u0131sa zamanda kahrolacaklar.&#8221;<\/p>\n<p style=\"text-align: justify;\">&#8221;\u0130zlenimiz nedir? Kandil odakl\u0131 bir eylem oldu\u011fu y\u00f6n\u00fcnde bir izlenimiz var m\u0131?&#8221; \u015feklindeki bir soru \u00fczerine de Ar\u0131n\u00e7, &#8221;Benim bir \u015fey s\u00f6ylememe gerek yok ki yani dinleme kay\u0131tlar\u0131 bunu g\u00f6steriyor. Orada kod adlar\u0131 var. Kod adlar &#8216;\u015funu yap\u0131n&#8217; diyor. &#8216;Biz de eylemi koyduk ve ba\u015far\u0131l\u0131 olduk&#8217; diye \u00e7\u0131\u011fl\u0131k at\u0131yorlar. Yani e\u011fer yakalanabilirlerse veya ba\u011flant\u0131lar\u0131 tespit edilebilirse ki ben \u00e7ok g\u00fcveniyorum te\u015fkilatlar\u0131m\u0131za, g\u00fcvenlik g\u00fc\u00e7lerimize, istihbarat\u0131m\u0131za, belki bunlar\u0131n arka plan\u0131n\u0131 \u00f6\u011frenmemiz m\u00fcmk\u00fcn olacak. Ama \u015fimdi tetik \u00e7ekilmi\u015ftir, bomba at\u0131lm\u0131\u015ft\u0131r, bunu yapan kim olursa olsun mutlaka yakalanmal\u0131 ve cezas\u0131 yarg\u0131 \u00f6n\u00fcnde verilmeli.&#8221;<\/p>\n<p style=\"text-align: justify;\"><strong>&#8221;KINAMAKTAN UZAK DURMAK \u0130ST\u0130YORLAR&#8217;<\/strong><\/p>\n<p style=\"text-align: justify;\">Bir ba\u015fka soru \u00fczerine de Ar\u0131n\u00e7, olayla ilgili akla pek \u00e7ok \u015f\u00fcphenin gelebilece\u011fini belirterek, &#8221;E\u011fer bir komplo varsa veya bu mekanizmay\u0131 harekete ge\u00e7iren g\u00fc\u00e7ler varsa bunu kim ne ama\u00e7la yapt\u0131r\u0131rsa bunlar\u0131 \u00f6\u011frenece\u011fiz. Umar\u0131m \u00e7ok da zaman ge\u00e7meden \u00f6\u011frenece\u011fiz&#8221; diye konu\u015ftu.<\/p>\n<p style=\"text-align: justify;\">Bug\u00fcn olay\u0131n ard\u0131ndan BDP&#8217;den bir a\u00e7\u0131klama gelmemesini ele\u015ftirmesinden \u00e7ok k\u0131sa s\u00fcre sonra Selahattin Demirta\u015f&#8217;tan bir a\u00e7\u0131klama geldi\u011finin belirtilmesi \u00fczerine de Ar\u0131n\u00e7, \u015funlar\u0131 s\u00f6yledi:<\/p>\n<p style=\"text-align: justify;\">&#8221;\u00c7ok c\u0131l\u0131z bir a\u00e7\u0131klama geldi. \u00c7ok \u015f\u00fck\u00fcr. \u00d6lene ac\u0131mak ba\u015fka, bu olayla ilgisi ba\u011flant\u0131s\u0131 olanlar\u0131n k\u0131nanmas\u0131, nefretle an\u0131lmas\u0131 da gerekmez mi? Evet her \u00fcz\u00fcc\u00fc olay kar\u015f\u0131s\u0131nda insani bir refleksle &#8216;A \u00e7ok k\u00f6t\u00fc oldu. Allah rahmet eylesin&#8217; demek m\u00fcmk\u00fcn. Ama bu bir polise kar\u015f\u0131, belli bir e\u015fk\u0131yan\u0131n, belli bir \u00e7etenin yapt\u0131\u011f\u0131 bir \u00f6rg\u00fct i\u015fi olarak g\u00f6r\u00fcn\u00fcyor. Yani buna kar\u015f\u0131 &#8216;Bu ter\u00f6r\u00fc lanetliyoruz. Bunu kim yaparsa yaps\u0131n \u00fclkeye ihanet etmi\u015ftir&#8217; demek yerine &#8216;biz her \u00f6len kar\u015f\u0131s\u0131nda \u00fcz\u00fcl\u00fcr\u00fcz&#8217; demek \u00e7ok c\u0131l\u0131z bir a\u00e7\u0131klama. Yani BDP&#8217;li siyaset\u00e7iler, veya ba\u011f\u0131ms\u0131z adayl\u0131klar\u0131n\u0131 \u015fimdiden koyan eski BDP&#8217;liler, bu \u00f6rg\u00fct\u00fc veya bu \u00f6rg\u00fct\u00fcn eylemlerini k\u0131namaktan m\u00fcmk\u00fcn olduk\u00e7a uzak durmak istiyorlar.&#8221;<\/p>\n<p style=\"text-align: justify;\"><strong>&#8221;PR \u00c7ALI\u015eMASI YAPIYORLAR&#8221;<\/strong><\/p>\n<p style=\"text-align: justify;\">Kulislerde BDP&#8217;nin se\u00e7ime girmeme boykotunun da tart\u0131\u015f\u0131ld\u0131\u011f\u0131n\u0131, son g\u00fcnlerde bir gerilim havas\u0131n\u0131n oldu\u011funun ifade edilmesi ve se\u00e7im g\u00fcvenli\u011fi a\u00e7\u0131s\u0131ndan de\u011ferlendirme yapmas\u0131n\u0131n istenmesi \u00fczerine Ar\u0131n\u00e7, \u015f\u00f6yle konu\u015ftu:<\/p>\n<p style=\"text-align: justify;\">&#8221;Se\u00e7im g\u00fcvenli\u011fi, her hal\u00fckarda sa\u011flanacakt\u0131r. Ancak bu ba\u011f\u0131ms\u0131z adayl\u0131klar\u0131n\u0131 koyan BDP&#8217;liler, se\u00e7ime giderken gerginlikten medet umuyorlar. \u00c7\u00fcnk\u00fc bu g\u00f6sterilere kat\u0131lanlar\u0131n veya \u00f6rg\u00fctle ilgili afi\u015fleri, posterleri, resimleri ta\u015f\u0131yan veya BDP&#8217;nin yapt\u0131\u011f\u0131 toplant\u0131larda yan yana, omuz omuza g\u00f6r\u00fclenlere bu kalabal\u0131klara bakmay\u0131n\u0131z. B\u00f6lge halk\u0131n\u0131n y\u00fczde 80&#8217;i bu t\u00fcr olaylar\u0131 benimsemeyen, bu t\u00fcr olaylara a\u00e7\u0131k\u00e7a kar\u015f\u0131 \u00e7\u0131kan, \u00fcz\u00fcnt\u00fcs\u00fcn\u00fc i\u00e7erisine g\u00f6men ama \u00f6rg\u00fct\u00fcn veya siyaset\u00e7ilerin bask\u0131lar\u0131yla, tehditleriyle, \u015fantajlar\u0131yla seslerini fazla y\u00fckseltemeyen, sessiz b\u00fcy\u00fck bir topluluk var. Yoksa bu eylemleri benimsedi\u011fini, oradaki K\u00fcrt karde\u015flerimizin, kesinlikle kabul edemeyiz.<\/p>\n<p style=\"text-align: justify;\">B\u00f6lgeyi tan\u0131yoruz, biliyoruz. Y\u00fcrekleri yan\u0131yor ve \u00f6rg\u00fct\u00fcn tehditlerinden b\u0131km\u0131\u015f, usanm\u0131\u015f durumdalar. Biz orada, in\u015fallah \u00f6n\u00fcm\u00fczde 40 g\u00fcn sonra se\u00e7imler var&#8230; G\u00f6receksiniz ne kadar \u00e7abalarlarsa \u00e7abalas\u0131nlar, \u015f\u00fcphesiz ba\u011f\u0131ms\u0131z adaylardan se\u00e7ilenler olacakt\u0131r. Ama b\u00f6lge halk\u0131n\u0131n \u00e7ok b\u00fcy\u00fck bir ekseriyeti, hem AK Parti&#8217;ye hem de BDP d\u0131\u015f\u0131ndakilere b\u00fcy\u00fck bir oy patlamas\u0131 yapacakt\u0131r. Onlar, &#8216;halk\u0131 ajite etmek i\u00e7in, y\u00f6nlendirmek i\u00e7in ma\u011fduriyet pozisyonuna girmek i\u00e7in kendi etnik k\u00f6kenleri eziliyormu\u015f, bask\u0131 varm\u0131\u015f&#8217; bunun havas\u0131n\u0131 vermek i\u00e7in m\u00fcmk\u00fcn oldu\u011fu kadar oylar\u0131 belli bir noktaya kanalize etmek i\u00e7in adeta bir PR \u00e7al\u0131\u015fmas\u0131 yap\u0131yorlar. Bu PR \u00e7al\u0131\u015fmas\u0131nda da her\u015feyden istifade ediyorlar.&#8221;<\/p>\n<p style=\"text-align: justify;\"><strong>&#8221;AK PART\u0130&#8217;N\u0130N \u00d6NER\u0130LER\u0130NE DE RED KARARI \u00c7IKTI&#8221;<\/strong><\/p>\n<p style=\"text-align: justify;\">Y\u00fcksek Se\u00e7im Kurulu&#8217;nun (YSK) milletvekili adayl\u0131klar\u0131na ili\u015fkin 12 ki\u015fi hakk\u0131nda &#8216;se\u00e7ime girmesi m\u00fcmk\u00fcn de\u011fildir&#8217; karar\u0131 verdi\u011fini an\u0131msatan Ar\u0131n\u00e7, \u015funlar\u0131 kaydetti:<\/p>\n<p style=\"text-align: justify;\">&#8221;Y\u00fcksek Se\u00e7im Kurulu&#8217;nun AK Parti ya da h\u00fck\u00fcmetle ilgisi oldu\u011funu s\u00f6yleyecek biri \u00e7\u0131kabilir mi? Hay\u0131r \u00e7\u0131kamaz. \u00c7\u00fcnk\u00fc Y\u00fcksek Se\u00e7im Kurulu, ba\u011f\u0131ms\u0131z bir kurul. Kararlar\u0131 kesin ve y\u00fcksek yarg\u0131\u00e7lardan olu\u015fuyor. Ge\u00e7mi\u015fte de AK Parti&#8217;nin liderine kar\u015f\u0131, AK Parti&#8217;ye kar\u015f\u0131 AK Parti&#8217;nin g\u00f6t\u00fcrd\u00fc\u011f\u00fc \u00f6nerilere kar\u015f\u0131 \u00e7o\u011fu zaman red karar\u0131 vermi\u015f bir kurum. En sonunda yurt d\u0131\u015f\u0131ndaki yurtta\u015flar\u0131m\u0131z\u0131n oy kullanmas\u0131n\u0131 arzu eden h\u00fck\u00fcmete kar\u015f\u0131 kesinlikle buna izin vermeyen bir kurulu\u015f. \u015eimdi b\u00f6yle bir kurulu\u015fun adaylar hakk\u0131nda verdi\u011fi karar\u0131 sanki AK Parti vermi\u015f ya da verdirmi\u015fcesine &#8216;da\u011fa \u00e7\u0131kaca\u011f\u0131z, sava\u015faca\u011f\u0131z, AK Parti binalar\u0131na sald\u0131raca\u011f\u0131z&#8217;&#8230; Adeta sava\u015f ilan ettiler. B\u00f6yle bir olay kar\u015f\u0131s\u0131nda s\u00f6ylenecek \u015feyler mi bunlar?.&#8221;<\/p>\n<p style=\"text-align: justify;\">Ba\u015fka bir soru \u00fczerine de Ar\u0131n\u00e7, s\u00f6zlerini \u015f\u00f6yle s\u00fcrd\u00fcrd\u00fc:<\/p>\n<p style=\"text-align: justify;\">&#8221;Anayasa ile K\u00fcrt sorununu yan yana getirmenin veya Anayasa ile bug\u00fcn tart\u0131\u015f\u0131lmas\u0131 yap\u0131lan konular\u0131 i\u00e7 i\u00e7e ge\u00e7irmenin bence \u00e7ok fazla bir anlam\u0131 yok. Yeni anayasa yapma konusu ge\u00e7mi\u015ften bu yana tart\u0131\u015f\u0131lan bir konudur. Art\u0131k T\u00fcrkiye, bu kadar Avrupa Birli\u011fi yolundayken, anayasan\u0131n yar\u0131s\u0131ndan fazla maddesi de\u011fi\u015fmi\u015fken, demokratikle\u015fme ve \u00f6zg\u00fcrle\u015fme konusunda bu kadar \u00e7ok ad\u0131m att\u0131ktan sonra hala darbe anayasas\u0131yla gidemez. Bu bizim d\u00fc\u015f\u00fcncemiz. Bu d\u00fc\u015f\u00fcnceye kat\u0131lan kim varsa, se\u00e7imden sonra onlarla bir araya gelerek daha \u00f6zg\u00fcrl\u00fck\u00e7\u00fc, daha \u00e7a\u011fda\u015f, daha az maddeli temel hak ve \u00f6devleri daha k\u0131sa ve \u00f6z olarak yazm\u0131\u015f, ideolojisi olmayan bir anayasa yapaca\u011f\u0131z.&#8221;<\/p>\n<p style=\"text-align: justify;\"><strong>YEN\u0130 ANAYASA \u00c7ALI\u015eMALARI<\/strong><\/p>\n<p style=\"text-align: justify;\">&#8221;\u00c7e\u015fitli sivil toplum kurulu\u015flar\u0131 raporlar\u0131nda &#8216;vatanda\u015fl\u0131k konusunda hi\u00e7 bir etnik kimli\u011fe vurgu yapmama&#8217; (konusunda). Buna BDP de hemfikir oldu\u011funu s\u00f6yledi. Fikriniz nedir?&#8221; sorusu \u00fczerine de Ar\u0131n\u00e7, &#8221;Anayasa tasla\u011f\u0131n\u0131 13 Haziran&#8217;da ortaya koydu\u011fumuzda bunun cevab\u0131n\u0131 alacaks\u0131n\u0131z. Ben size somut \u015feyler s\u00f6yl\u00fcyorum asl\u0131nda. Yani temel haklar\u0131 \u00f6n plana alan, birey odakl\u0131 bir anayasadan ideolojisi olmayan bir anayasadan bahsediyorum&#8221; yan\u0131t\u0131n\u0131 verdi.<\/p>\n<p style=\"text-align: justify;\">Ar\u0131n\u00e7, Meclis&#8217;in kabul etti\u011fi anayasay\u0131 milletin de \u00f6n\u00fcne koyarak referanduma gideceklerini, ondan sonra y\u00fcr\u00fcrl\u00fc\u011fe girece\u011fini ifade etti.<\/p>\n<p style=\"text-align: justify;\">Do\u011fu ve G\u00fcneydo\u011fu Anadolu B\u00f6lgesi&#8217;nde ya\u015fayan K\u00fcrt halk\u0131n\u0131 sadece o b\u00f6lgede ya\u015f\u0131yor diye d\u00fc\u015f\u00fcn\u00fclmemesi gerekti\u011finin alt\u0131n\u0131 \u00e7izen Ar\u0131n\u00e7, &#8221;Onlar\u0131n a\u011fz\u0131ndan bu talepler hi\u00e7 \u00e7\u0131km\u0131yor. Bunlar\u0131 politize olmu\u015f ya da siyaset\u00e7i ad\u0131yla ortaya \u00e7\u0131kan bir ka\u00e7 insan s\u00f6yl\u00fcyor. Elbette bu taleplere taraf olan insanlar da bulunacakt\u0131r. Ama biz siyaset\u00e7iyiz. Bu anayasan\u0131n yap\u0131laca\u011f\u0131 yer Meclis&#8217;tir. Meclis, bu konuyu nas\u0131l bir araya getirecek, etnik kimli\u011fe vurgu yapan bir anayasa m\u0131 olacak, vurgu yapmayan bir anayasa m\u0131 olacak? Bunu 12 Haziran&#8217;dan sonraki \u00e7al\u0131\u015fmalarda g\u00f6rece\u011fiz. Tabi biz prensip olarak bug\u00fcne kadar bu konulardaki d\u00fc\u015f\u00fcncelerimizi ifade ettik. Bug\u00fcnden bir tart\u0131\u015fmaya gerek yok&#8221; dedi.<\/p>\n<p style=\"text-align: justify;\"><strong>&#8221;FANTEZ\u0130LERLE GE\u00c7\u0130RECEK VAKT\u0130M\u0130Z YOK&#8221;<\/strong><\/p>\n<p style=\"text-align: justify;\">Ge\u00e7en g\u00fcnlerde \u0130shak Alaton&#8217;un bir \u00f6nerisi oldu\u011funun belirtilmesi ve &#8216;B\u00f6l\u00fcnme korkusunun ancak bir referandumla tedavi edilebilece\u011fini&#8217; s\u00f6yledi\u011finin ifade edilmesi \u00fczerine de Ar\u0131n\u00e7, &#8221;Alaton iyi d\u00fc\u015f\u00fcnen bir insand\u0131r, ama kusura bakmay\u0131n e\u011fer bu noktadaysa biz vatanda\u015fa gidip de &#8216;Sen b\u00f6l\u00fcnme istiyor musun? istemiyor musun? diye sormay\u0131z. Bu t\u00fcr fantezilerle ge\u00e7irecek vaktimiz yok. Biz daha ger\u00e7ek\u00e7i oluruz. Mesela temel haklar konusunda bir referandum hi\u00e7 bir zaman d\u00fc\u015f\u00fcnmeyiz. Biz siyasi b\u00fct\u00fcnl\u00fck d\u00fc\u015f\u00fcn\u00fcyoruz. Anayasan\u0131n i\u00e7inde vatanda\u015flar\u0131m\u0131z\u0131n sahip olacaklar\u0131 haklar\u0131 ve devlete kar\u015f\u0131 kendisini savunacak mekanizmalar\u0131 koyaca\u011f\u0131z.&#8221;<\/p>\n<p style=\"text-align: justify;\">Ar\u0131n\u00e7, Alaton&#8217;dan da d\u00fc\u015f\u00fcncelerinden de istifade edebileceklerini ifade ederek, &#8221;Ama vatanda\u015fa b\u00f6yle bir soru sorulmaz. Onu bug\u00fcnden s\u00f6yleyeyim&#8221; dedi.<\/p>\n<p style=\"text-align: justify;\">Ba\u015fbakan Recep Tayyip Erdo\u011fan&#8217;\u0131n &#8221;Benim i\u00e7in K\u00fcrt sorunu bitmi\u015ftir&#8221; s\u00f6zlerini de\u011ferlendirmesinin istenmesine kar\u015f\u0131l\u0131k Ar\u0131n\u00e7, \u015f\u00f6yle konu\u015ftu:<\/p>\n<p style=\"text-align: justify;\">&#8221;K\u00fcrt kimli\u011fine bug\u00fcne kadar T\u00fcrkiye&#8217;de \u00e7ok b\u00fcy\u00fck bask\u0131 vard\u0131. K\u00fcrt\u00e7e konu\u015fulmuyor, &#8216;ben K\u00fcrd\u00fcm&#8217; diyene cezaevinin yolu g\u00f6steriliyordu. Bug\u00fcn ba\u011f\u0131ms\u0131z adaylardan birisi \u015eerafettin El\u00e7i&#8217;dir, 77-78&#8217;lerde son Ecevit h\u00fck\u00fcmetinde bakand\u0131. O zaman dedi ki &#8216;Ben Diyarbak\u0131rl\u0131y\u0131m, K\u00fcrd\u00fcm. T\u00fcrkiyede 2,5 milyon K\u00fcrt var&#8217; dedi. 80 darbesinden sonra bu s\u00f6zlerinden dolay\u0131 cezaevinde yatt\u0131. \u015eimdi o g\u00fcnler yok art\u0131k. Herkes kendi kimli\u011fini s\u00f6yleyebilir, ana dilini konu\u015fabilir, radyo ve tv izleyebilir, gazete, mecmua \u00e7\u0131karabilir. K\u00fcrt sorunu kendi etnik kimli\u011fini ifade etme \u00f6zg\u00fcrl\u00fc\u011f\u00fcne sahip olmamak diye d\u00fc\u015f\u00fcn\u00fcl\u00fcrse bug\u00fcn bu kimliktekiler e\u015fit ve birinci s\u0131n\u0131f vatanda\u015ft\u0131rlar. \u00d6nlerinde hi\u00e7 bir engel de yoktur.<\/p>\n<p style=\"text-align: justify;\">Bug\u00fcn K\u00fcrt k\u00f6kenli vatanda\u015f olarak \u015fu haklar\u0131ma kavu\u015fmak istiyorum di\u011ferleri gibi b\u00fcrokraside yer almak, f\u0131rsat e\u015fitli\u011finden yararlanmak, \u00fcniversite okul havaalan\u0131 yol istiyorum&#8230; Bunlar\u0131 istemenin zaman\u0131d\u0131r. Kald\u0131 ki onlar istemeden biz bunlar\u0131n y\u00fczde 90&#8217;\u0131n\u0131 verdik bug\u00fcne kadar.&#8221;<\/p>\n<p style=\"text-align: justify;\">Devlet Bakan\u0131 ve Ba\u015fbakan Yard\u0131mc\u0131s\u0131 B\u00fclent Ar\u0131n\u00e7, toplumun ortak de\u011ferlerine her zaman sahip \u00e7\u0131k\u0131lmas\u0131 gerekti\u011fini belirterek, &#8221;Say\u0131n Baykal&#8217;\u0131n, Akif Hamza\u00e7ebi&#8217;nin, son olarak iki MHP milletvekilinin yapt\u0131klar\u0131 i\u00e7in bunlar\u0131 s\u00f6yleyebiliriz. Yani &#8216;bunlar \u00f6zel hayat, bunlar\u0131n siyasetle ilgisi yok&#8217; diyemezsiniz&#8221; dedi.<\/p>\n<p style=\"text-align: justify;\">Siyasette \u00f6zel hayat tart\u0131\u015fmalar\u0131 ve yasa d\u0131\u015f\u0131 yollarla elde edilen g\u00f6r\u00fcnt\u00fclerle ilgili de\u011ferlendirmesi sorulan Ar\u0131n\u00e7, herkesin \u00f6zel hayat\u0131n\u0131n mukaddes oldu\u011funu ve mutlaka gizli kalmas\u0131 gerekti\u011fini, kendi iste\u011fi ve d\u0131\u015f\u0131nda \u00f6zel hayata m\u00fcdahalenin ahlaks\u0131zl\u0131k ve ayn\u0131 zamanda su\u00e7 oldu\u011funu vurgulad\u0131.<\/p>\n<p style=\"text-align: justify;\">Ar\u0131n\u00e7, \u015funlar\u0131 belirtti:<\/p>\n<p style=\"text-align: justify;\">&#8221;\u0130nsanlar veya siyaset\u00e7iler, bahsetti\u011finiz ki\u015filer, daha \u00e7ok siyasetle ilgili ki\u015filer, evli oldu\u011fu e\u015finden ba\u015fkalar\u0131yla gayri ahlaki ili\u015fkiler kurabiliyorsa ve bu ili\u015fkiler s\u0131ras\u0131nda da temsil etti\u011fi siyasi misyona hakaret ediyorsa, vatanda\u015flar\u0131n belki yar\u0131s\u0131ndan fazlas\u0131n\u0131 hakaret edici nitelendirmelerle k\u00f6t\u00fcl\u00fcyorsa ve bunlar bir \u015fekilde duyulmu\u015fsa o zaman, o siyaset\u00e7inin bunlar\u0131 ni\u00e7in yapt\u0131\u011f\u0131n\u0131, ni\u00e7in insanlar\u0131 aldatt\u0131\u011f\u0131n\u0131 sorgulamak da ikinci bir g\u00f6revimiz olur. Evet biz, insanlar\u0131n \u00f6zel hayatlar\u0131na sayg\u0131 duyar\u0131z ama &#8216;bir siyaset\u00e7inin \u00f6zel hayat\u0131 olmaz&#8217; diye de ben 40 senedir siyasetin i\u00e7indeyim. Yani biz \u015feffaf insanlar olmal\u0131y\u0131z, aile de\u011ferlerimizi herkes bilmeli. Toplum i\u00e7erisindeki itibar\u0131m\u0131z\u0131 her zaman korumal\u0131y\u0131z. Toplumun ortak de\u011ferlerine her zaman sahip \u00e7\u0131kmal\u0131y\u0131z. Bu ve bunun benzerleri, Say\u0131n Baykal&#8217;\u0131n yapt\u0131\u011f\u0131 i\u00e7in bunlar s\u00f6ylenebilir, Akif Hamza\u00e7ebi&#8217;nin yapt\u0131\u011f\u0131 i\u00e7in bunlar s\u00f6ylenebilir, en son iki MHP milletvekilinin yapt\u0131klar\u0131 i\u00e7in bunlar s\u00f6ylenebilir. Yani, &#8216;bunlar \u00f6zel hayat, bunlar\u0131n siyasetle ilgisi yok&#8217; diyemezsiniz.<\/p>\n<p style=\"text-align: justify;\">\u0130nsanlar \u00e7ift ki\u015filikli de\u011filler. Toplumu aldatmaya kimsenin hakk\u0131 yok, sadakat denen bir \u015fey, aile ba\u011flar\u0131n\u0131n g\u00fc\u00e7l\u00fc olmas\u0131 gereken bir \u015fey var. Yani bir insan her \u015feyi yapabilir, her \u015feyi yaps\u0131n. Kanunlar ne kadar izin veriyorsa bunlar\u0131 yapabilir. Art\u0131k TCK&#8217;da zinay\u0131 su\u00e7 sayan bir madde de yok i\u015fin k\u00f6t\u00fcs\u00fc. Ne kad\u0131n\u0131n, ne de erke\u011fin zinas\u0131na bug\u00fcn su\u00e7 ve ceza veremiyorsunuz ama toplumun ortak de\u011ferleri var. Bu de\u011ferleri y\u0131prat\u0131c\u0131 hi\u00e7bir g\u00f6r\u00fcnt\u00fc ve konu\u015fma, bence reddedilecek, hafife al\u0131nacak bir \u015fey de\u011fildir.&#8221;<\/p>\n<p style=\"text-align: justify;\">&#8216;<strong>&#8216;YILLARDIR SA\u011eCILARDAN OY ALDIKLARI B\u0130L\u0130NMES\u0130NE RA\u011eMEN&#8230;&#8221;<\/strong><\/p>\n<p style=\"text-align: justify;\">&#8221;Yass\u0131ada&#8217;da \u00f6zel hayata ili\u015fkin konular da dava konusu edildi. Bu anlamda &#8216;bir me\u015frula\u015ft\u0131rma olmuyor mu bu tutuma kar\u015f\u0131?&#8217; gibi bir soru tart\u0131\u015f\u0131l\u0131yor&#8221; denilmesi \u00fczerine Ar\u0131n\u00e7, konunun bunlarla alakas\u0131 olmad\u0131\u011f\u0131n\u0131 belirtti. Ar\u0131n\u00e7, s\u00f6zlerini \u015f\u00f6yle s\u00fcrd\u00fcrd\u00fc:<\/p>\n<p style=\"text-align: justify;\">&#8221;Biz maalesef 27 May\u0131s darbesinden sonra k\u00f6pek davas\u0131yla, bebek davas\u0131yla b\u00fct\u00fcn bunlarla o d\u00f6nemin k\u00f6t\u00fclenmek istendi\u011fini biliyoruz. Bir insan, e\u015finden ba\u015fka biriyle ili\u015fki kurmu\u015f, ondan bir \u00e7ocu\u011fu do\u011fmu\u015f olabilir. Bu, kendisi a\u00e7\u0131s\u0131ndan bir ahlaki zaaf olarak da de\u011ferlendirilebilir ama mahkeme kay\u0131tlar\u0131na bakarsan\u0131z o kad\u0131n\u0131n da s\u00f6yledikleri, Adnan Menderes&#8217;in de ifade ettikleri ge\u00e7mi\u015fte kalan bir ac\u0131 olayd\u0131r. Bug\u00fcn, bu siyaset\u00e7ilerin garsoniyerlerinde yan yana geldiklerine kar\u015f\u0131 s\u00f6yledikleri \u015feyler bence toplumu daha \u00e7ok ilgilendirmeli.<\/p>\n<p style=\"text-align: justify;\">Y\u0131llard\u0131r sa\u011fc\u0131lardan oy ald\u0131klar\u0131 bilinmesine ra\u011fmen sokaklara \u00e7\u0131k\u0131p &#8216;vatan, millet, Sakarya&#8217; diye nutuklar atarken, &#8216;PKK ter\u00f6r\u00fc kahrolsun&#8217; diye ba\u011f\u0131r\u0131rken, AK Parti iktidar\u0131na &#8216;bunlar ter\u00f6rle m\u00fccadele de\u011fil, m\u00fczakere yap\u0131yor, \u00fclkeyi b\u00f6lecekler&#8217; derken, yan\u0131ndaki a\u015f\u00fcfteye d\u00f6n\u00fcp de &#8216;bu sa\u011fc\u0131lar yuvarlakt\u0131r, zaten bunlar\u0131n hi\u00e7 bir \u015feyine g\u00fcvenilmez, biz asl\u0131nda \u015f\u00f6yle \u015f\u00f6yle yap\u0131yoruz&#8217; diye hakaret etmenin bence \u00e7ok \u00f6nemli bir yeri var, ben i\u015fin buras\u0131nday\u0131m.&#8221;<\/p>\n<p style=\"text-align: justify;\"><strong>BA\u015eKANLIK S\u0130STEM\u0130 TARTI\u015eMALARI<\/strong><\/p>\n<p style=\"text-align: justify;\">YGS&#8217;deki \u015fifre iddialar\u0131yla ilgili soruyu da yan\u0131tlayan Ar\u0131n\u00e7, bu konuda daha \u00f6nce a\u00e7\u0131klamalarda bulundu\u011funu, &#8221;Olay\u0131n incelenmesi, soru\u015fturulmas\u0131, \u00e7ocuklar\u0131n istikbalini veya \u00fcmitlerini zedeleyen bir a\u011f\u0131r kusur veya su\u00e7 i\u015flenmi\u015fse bunun kar\u015f\u0131l\u0131\u011f\u0131nda cezas\u0131n\u0131n ba\u015fkan\u0131ndan itibaren verilmesi gerekti\u011fini&#8221; dile getirdi\u011fini hat\u0131rlatt\u0131.<\/p>\n<p style=\"text-align: justify;\">Ar\u0131n\u00e7, kendisinin tatmin olup olmamas\u0131ndan ziyade, toplumun, \u00f6\u011frencilerle velilerin yakla\u015f\u0131m\u0131n\u0131n \u00f6nem ta\u015f\u0131d\u0131\u011f\u0131n\u0131 belirterek, &#8221;Biz, hi\u00e7 kimsenin ne yan\u0131nda, \u00f6n\u00fcnde, sa\u011f\u0131nda, solunday\u0131z. Herkes, yapt\u0131\u011f\u0131 i\u015fin hesab\u0131n\u0131 vermeli. Bu konuda Cumhuriyet Ba\u015fsavc\u0131l\u0131\u011f\u0131 inceleme, soru\u015fturma yap\u0131yor. Bilirki\u015fi inceleme yapt\u0131. Onun raporlar\u0131na g\u00f6re de dava a\u00e7\u0131l\u0131p a\u00e7\u0131lmayaca\u011f\u0131n\u0131 hep beraber g\u00f6rece\u011fiz&#8221; diye konu\u015ftu.<\/p>\n<p style=\"text-align: justify;\">Daha \u00f6nceki ba\u015fkanl\u0131k sistemiyle ilgili a\u00e7\u0131klamalar\u0131 an\u0131msat\u0131larak, &#8221;Ba\u015fbakan Recep Tayyip Erdo\u011fan ile farkl\u0131 d\u00fc\u015f\u00fcnd\u00fc\u011f\u00fcn\u00fcz ender konulardan biri. Ba\u015fkanl\u0131k sistemini, demokrasinin bekas\u0131 a\u00e7\u0131s\u0131ndan m\u0131 ger\u00e7ek\u00e7i ve olumlu bulmuyorsunuz?&#8221; sorusuna da Ar\u0131n\u00e7, &#8221;12 Haziran&#8217;dan sonra s\u00f6yleyece\u011fim, bug\u00fcn\u00fcn konusu de\u011fil bu. Bizim, Ba\u015fbakan ile bu konudaki tek m\u00fc\u015fterek tavr\u0131m\u0131z \u015fudur: Bir sistemi konu\u015fuyoruz, bu sistem yar\u0131 ba\u015fkanl\u0131k, ba\u015fkanl\u0131k, parlamenter demokrasi veya bir ba\u015fkas\u0131&#8230; B\u00fct\u00fcn bunlar\u0131n ana kayna\u011f\u0131 bir \u00fclke nas\u0131l daha iyi y\u00f6netilebilir? Bu bir aray\u0131\u015f olacaksa bu aray\u0131\u015f i\u00e7in herkesin fikrini s\u00f6ylemesi serbest olmal\u0131&#8221; diye konu\u015ftu.<\/p>\n<p style=\"text-align: justify;\">Bunun yasak veya tabu olmad\u0131\u011f\u0131n\u0131, herkesin farkl\u0131 d\u00fc\u015f\u00fcnceleri olabilece\u011fini ifade eden Ar\u0131n\u00e7, &#8221;Yani &#8216;s\u00f6yletmen vurun&#8217; mant\u0131\u011f\u0131 i\u00e7erisinde de\u011filim. Herkes fikrini rahatl\u0131kla s\u00f6ylerken benim tercihimin farkl\u0131 olmas\u0131 da do\u011fald\u0131r. Ben, kendi \u015fahsi fikrimi s\u00f6ylerken bir ba\u015fkas\u0131na d\u00f6n\u00fcp de ondan alaca\u011f\u0131m talimatla hareket etmem&#8221; dedi.<\/p>\n<p style=\"text-align: justify;\">Birilerinin ba\u015fkanl\u0131k sisteminin hi\u00e7 konu\u015fulmamas\u0131n\u0131 istedi\u011fini kaydeden Ar\u0131n\u00e7, &#8221;Tayyip Bey&#8217;in g\u00fc\u00e7l\u00fc bir liderli\u011fi oldu\u011funu biliyorlar. &#8216;Ba\u015fbakan iken b\u00f6yle, bir de ba\u015fkan olursa ne yapaca\u011f\u0131z, nereye gidece\u011fiz?&#8217; diye endi\u015fe ediyorlar. Hi\u00e7 endi\u015feye gerek yok. Nihayet bu, bir anayasal yap\u0131d\u0131r. Bu noktada parlamento, siyaset, e\u011fer konu\u015fmaya ba\u015flarsa parlamento gerekeni yapacakt\u0131r ama \u015fimdiden &#8216;bunu konu\u015fmayal\u0131m \u00e7ok tehlikeli, tutan elini yakar&#8217;, ben b\u00f6yle bir \u015feye kat\u0131lm\u0131yorum. Ben fikrimi s\u00f6yl\u00fcyorum, Say\u0131n Ba\u015fbakan da fikrini s\u00f6yleyecektir, herkes fikrini s\u00f6yleyecektir. En az\u0131ndan parlamentoda bu bir fikir haline gelecektir&#8221; \u015feklinde konu\u015ftu.<\/p>\n<p style=\"text-align: justify;\">Nedim \u015eener ve Ahmet \u015e\u0131k&#8217;\u0131n tutuklu\u011fu ile ilgili s\u00f6zleri an\u0131msat\u0131larak, &#8221;Tutukluluk s\u00fcrelerinin uzunlu\u011fu ve bu noktada siyasi karar al\u0131c\u0131lar\u0131n \u00fczerine d\u00fc\u015fen g\u00f6revin ne oldu\u011fu?&#8221; sorusu \u00fczerine ise Ar\u0131n\u00e7, bu konudaki mahkeme s\u00fcrecinin ve soru\u015fturmalar\u0131n devam etti\u011fine dikkati \u00e7ekti.<\/p>\n<p style=\"text-align: justify;\">Bu davada yarg\u0131lananlardan baz\u0131lar\u0131n\u0131n milletvekili aday\u0131 oldu\u011funu hat\u0131rlatarak, se\u00e7im s\u00fcrecinde bu ki\u015filerin durumlar\u0131n\u0131n etkilenmemesinin \u00f6nemine i\u015faret eden Ar\u0131n\u00e7, &#8221;12 Haziran&#8217;dan sonra bu yarg\u0131lama s\u00fcreciyle ilgili olarak ben \u00e7ok daha cesur s\u00f6zler s\u00f6yleyece\u011fim&#8221; dedi.<\/p>\n<p style=\"text-align: justify;\">Bir ba\u015fka soru \u00fczerine, s\u00f6z konusu dava \u00e7er\u00e7evesinde ilgili yasada hi\u00e7bir a\u00e7\u0131k bulunmad\u0131\u011f\u0131n\u0131, mevcut yasaya g\u00f6re tutuklu san\u0131klar\u0131n hangi nedenlerle tutukland\u0131klar\u0131n\u0131 bilmesi gerekti\u011fini anlatan Ar\u0131n\u00e7, \u00e7ok san\u0131kl\u0131 davalarda s\u00fcre\u00e7te baz\u0131 gecikmeler olabildi\u011fini, bu davayla ilgili tart\u0131\u015fmalar\u0131n da ayn\u0131 nedenden kaynaklad\u0131\u011f\u0131n\u0131 ifade etti.<\/p>\n<p style=\"text-align: justify;\">Ar\u0131n\u00e7, ba\u015f\u0131 \u00f6rt\u00fcl\u00fc kad\u0131n milletvekili adaylar\u0131 konusundaki kampanya ile ilgili bir soruya kar\u015f\u0131l\u0131k da bunun ge\u00e7mi\u015f bir konu oldu\u011funu, art\u0131k bu se\u00e7im i\u00e7in s\u00f6ylenecek hi\u00e7 bir \u015fey olmad\u0131\u011f\u0131n\u0131 s\u00f6zlerine ekledi.<\/p>\n<p style=\"text-align: justify;\"><a href=\"http:\/\/www.gazeteport.com.tr\/SIYASET\/NEWS\/GP_900605\" target=\"_blank\">Kaynak : GAZETEPORT<\/a><\/p>\n","protected":false},"excerpt":{"rendered":"<p style=\"text-align: justify;\">\n<p style=\"text-align: justify;\">B\u00fclent Ar\u0131n\u00e7, &#8220;Esasen bir s\u00fcreden beri hem Apo&#8217;nun talimat\u0131yla, hem de istihbarat kay\u0131tlar\u0131nda polisin hedef al\u0131naca\u011f\u0131 g\u00f6steriliyor. Esasen bildi\u011finiz gibi bir sorumsuz kad\u0131n milletvekili bir toplant\u0131 s\u0131ras\u0131nda, bir emniyet amirini herkesin i\u00e7inde tokatlayacak kadar densiz bir hareket yapm\u0131\u015ft\u0131. Belki bu bir i\u015faret fi\u015fe\u011fi gibi polis ara\u00e7lar\u0131na kar\u015f\u0131&#8230;&#8221; dedi.<\/p>\n","protected":false},"author":1,"featured_media":0,"comment_status":"open","ping_status":"closed","sticky":false,"template":"","format":"standard","meta":{"footnotes":""},"categories":[105],"tags":[],"class_list":["post-32144","post","type-post","status-publish","format-standard","hentry","category-gundem","odd"],"_links":{"self":[{"href":"http:\/\/www.korhanyilmaz.com\/index.php?rest_route=\/wp\/v2\/posts\/32144","targetHints":{"allow":["GET"]}}],"collection":[{"href":"http:\/\/www.korhanyilmaz.com\/index.php?rest_route=\/wp\/v2\/posts"}],"about":[{"href":"http:\/\/www.korhanyilmaz.com\/index.php?rest_route=\/wp\/v2\/types\/post"}],"author":[{"embeddable":true,"href":"http:\/\/www.korhanyilmaz.com\/index.php?rest_route=\/wp\/v2\/users\/1"}],"replies":[{"embeddable":true,"href":"http:\/\/www.korhanyilmaz.com\/index.php?rest_route=%2Fwp%2Fv2%2Fcomments&post=32144"}],"version-history":[{"count":0,"href":"http:\/\/www.korhanyilmaz.com\/index.php?rest_route=\/wp\/v2\/posts\/32144\/revisions"}],"wp:attachment":[{"href":"http:\/\/www.korhanyilmaz.com\/index.php?rest_route=%2Fwp%2Fv2%2Fmedia&parent=32144"}],"wp:term":[{"taxonomy":"category","embeddable":true,"href":"http:\/\/www.korhanyilmaz.com\/index.php?rest_route=%2Fwp%2Fv2%2Fcategories&post=32144"},{"taxonomy":"post_tag","embeddable":true,"href":"http:\/\/www.korhanyilmaz.com\/index.php?rest_route=%2Fwp%2Fv2%2Ftags&post=32144"}],"curies":[{"name":"wp","href":"https:\/\/api.w.org\/{rel}","templated":true}]}}