{"id":32141,"date":"2011-05-07T07:33:31","date_gmt":"2011-05-07T04:33:31","guid":{"rendered":"http:\/\/www.korhanyilmaz.com\/?p=32141"},"modified":"2011-05-07T07:33:31","modified_gmt":"2011-05-07T04:33:31","slug":"saldiridaki-celiski","status":"publish","type":"post","link":"http:\/\/www.korhanyilmaz.com\/?p=32141","title":{"rendered":"Sald\u0131r\u0131daki \u00e7eli\u015fki"},"content":{"rendered":"<p style=\"text-align: center;\"><a href=\"http:\/\/www.korhanyilmaz.com\/wp-content\/uploads\/2011\/05\/050.jpg\"  class=\"lightview\"><img loading=\"lazy\" decoding=\"async\" class=\"aligncenter size-full wp-image-32142\" src=\"http:\/\/www.korhanyilmaz.com\/wp-content\/uploads\/2011\/05\/050.jpg\" alt=\"\" width=\"414\" height=\"220\" \/><\/a><\/p>\n<p style=\"text-align: justify;\">Ba\u015fbakan Erdo\u011fan&#8217;\u0131n konvoyuna yap\u0131lan sald\u0131r\u0131y\u0131 hedefin polisler oldu\u011funu s\u00f6yleyerek PKK \u00fcstlenirken, sald\u0131r\u0131yla ilgili Erdo\u011fan ve Kastamonu Valisi ayn\u0131 g\u00f6r\u00fc\u015fte de\u011fildi. Erdo\u011fan sald\u0131r\u0131n\u0131n kendileri i\u00e7in planland\u0131\u011f\u0131n\u0131 s\u00f6ylerken, vali ise &#8220;tesad\u00fcf&#8221; dedi.<!--more--><\/p>\n<p style=\"text-align: justify;\">\u0130STANBUL &#8211; Kastamonu&#8217;da \u00e7ar\u015famba g\u00fcn\u00fc Ba\u015fbakan Recep Tayyip Erdo\u011fan&#8217;\u0131n mitinginin ard\u0131ndan Ankara&#8217;ya d\u00f6n\u00fc\u015fe ge\u00e7en Ak Parti ve Ba\u015fbakanl\u0131k g\u00f6revlilerinin bulundu\u011fu konvoya, Ilgaz Da\u011f\u0131&#8217;nda bomba ve uzun namlulu silahlarla sald\u0131rarak polis Recep \u015eahin&#8217;i \u015fehit eden, Metin Ku\u015f&#8217;u da yaralayan ter\u00f6rist gruba y\u00f6nelik operasyon devam ediyor. PKK sald\u0131r\u0131y\u0131 \u00fcstlenirken, bunun Ba\u015fbakan Erdo\u011fan&#8217;a y\u00f6nelik olmad\u0131\u011f\u0131 ve polisleri hedef ald\u0131\u011f\u0131na ili\u015fkin bir a\u00e7\u0131klama yapt\u0131.<\/p>\n<p style=\"text-align: justify;\">B\u00f6l\u00fcc\u00fc \u00f6rg\u00fct\u00fcn kendisine yak\u0131n internet sitelerine yer alan a\u00e7\u0131klamas\u0131nda, sald\u0131r\u0131n\u0131n polisleri hedef ald\u0131\u011f\u0131 belirtilerek, &#8220;Ne sevillere, ne de Ba\u015fbakan&#8217;a y\u00f6nelik herhangi bir giri\u015fimimiz olmam\u0131\u015ft\u0131r&#8221; denildi.<\/p>\n<p style=\"text-align: justify;\">Sald\u0131r\u0131n\u0131n, PKK&#8217;n\u0131n Tunceli b\u00f6lgesine ba\u011fl\u0131 &#8216;Kemal Pir&#8217; adl\u0131 eylem timi taraf\u0131ndan yap\u0131ld\u0131\u011f\u0131 ve G\u00fcneydo\u011fu&#8217;da polisin uygulamalar\u0131na &#8216;misilleme&#8217; oldu\u011fu da b\u00f6l\u00fcc\u00fc \u00f6rg\u00fct a\u00e7\u0131klamas\u0131nda yer ald\u0131.<\/p>\n<p style=\"text-align: justify;\"><strong>HEDEF BA\u015eBAKAN DE\u011e\u0130LD\u0130<\/strong><\/p>\n<p style=\"text-align: justify;\">Kastamonu Valisi Erdo\u011fan Bekta\u015f ise sald\u0131r\u0131yla ilgili olarak &#8216;Ba\u015fbakan&#8217;\u0131n konvoyu niyeti ve bilgisiyle olmad\u0131\u011f\u0131&#8217; \u015feklinde oldu\u011funu s\u00f6yledi. Vali Bekta\u015f, &#8220;Ilgaz&#8217;da olan nedir diye soruldu\u011funda bunun bir ter\u00f6r olay\u0131 oldu\u011funu s\u00f6yleyebiliriz.&#8221; diyerek, \u015f\u00f6yle konu\u015ftu: &#8220;Son haftalarda s\u0131k s\u0131k g\u00fcndeme geldi\u011fi gibi ter\u00f6r \u00f6rg\u00fct\u00fcn\u00fcn Karadeniz a\u00e7\u0131l\u0131m\u0131 \u00e7er\u00e7evesinde Giresun, Ordu, Sinop, Boyabat ve yava\u015f yava\u015f Kastamonu&#8217;ya ula\u015fan baz\u0131 hareketlenmeler oldu\u011funu biliyorduk. Bize ula\u015fan bilgiler 5 -6 ki\u015filik ter\u00f6rist grup Sinop, \u00c7orum ve Kastamonu&#8217;da muhtelif yerlerde g\u00f6r\u00fcnt\u00fc veriyor. Ge\u00e7en Boyabat&#8217;ta eyleme te\u015febb\u00fcs ettiler. D\u00fcnk\u00fc eylemi de ayn\u0131 grubun \u00fcstlendi\u011fini biliyoruz. D\u00fcnk\u00fc eylem kamuoyuna, &#8216;Ba\u015fbakan&#8217;\u0131n konvoyuna sald\u0131r\u0131&#8217; \u015feklinde yans\u0131d\u0131. Ama bizim de\u011ferlendirmemiz, bu olay\u0131n Ba\u015fbakan&#8217;\u0131n konvoyu niyeti ve bilgisiyle olmad\u0131\u011f\u0131 \u015feklinde. Biz bu grubun niyetinden, amac\u0131ndan, hareketlenmesinden haberdard\u0131k. Grubun sesini duyurmak i\u00e7in polise kar\u015f\u0131 bir eylem yapmakt\u0131. Eylemin olu\u015f \u015fekli de bize bunu do\u011fruluyor. E\u011fer Ba\u015fbakan&#8217;\u0131n konvoyu bilgisi ve amac\u0131yla hareket edilmi\u015f olsayd\u0131 daha farkl\u0131 \u015fekilde organizasyonlara imkanlar\u0131 vard\u0131. Bunu yapmad\u0131lar. Ama\u00e7lar\u0131n\u0131n bu olmad\u0131\u011f\u0131n\u0131 de\u011ferlendiriyorum. Konvoy ge\u00e7ece\u011fi bilgilerinin olmad\u0131\u011f\u0131n\u0131 da de\u011ferlendiriyorum. O sadece bir denkti. Onlar orada bir bekleyi\u015fe ge\u00e7mi\u015fler ve bir polis arac\u0131 bekliyorlard\u0131. \u0130lk g\u00f6rd\u00fckleri trafik polisi arac\u0131n\u0131 silahla tarad\u0131lar. \u00d6nce arac\u0131n \u015fof\u00f6r\u00fcn\u00fc hedefleyerek at\u0131\u015f yapt\u0131lar. \u015eof\u00f6r ilk ald\u0131\u011f\u0131 ate\u015f ile yaraland\u0131. Devre d\u0131\u015f\u0131 kald\u0131. Yan\u0131ndaki polis Metin Ku\u015f yaral\u0131 olmas\u0131na ra\u011fmen ter\u00f6ristlere cevap veriyor. Ter\u00f6ristler yaral\u0131 polis cevap veremeden ka\u00e7\u0131yorlar. Orman i\u00e7inde kayboluyorlar.&#8221;<\/p>\n<p style=\"text-align: justify;\"><strong>HEDEF AK PART\u0130<\/strong><\/p>\n<p style=\"text-align: justify;\">Ba\u015fbakan Erdo\u011fan sald\u0131r\u0131n\u0131n kendileri i\u00e7in planlanm\u0131\u015f oldu\u011funu vurgulayarak &#8220;Se\u00e7im \u00f6ncesi b\u00f6yle demokratik olmayan yollara ter\u00f6r \u00f6rg\u00fct\u00fcn\u00fcn tevess\u00fcl edece\u011fini zaten biliyorduk. Buna y\u00f6nelik olarak belli tedbirler al\u0131n\u0131yor ama tedbirler de s\u0131n\u0131rl\u0131, s\u0131n\u0131rs\u0131z bir tedbir s\u00f6z konusu de\u011fil, bir yere kadar alabiliyorsunuz. \u00d6zellikle partimize kar\u015f\u0131 \u015fu anda b\u00f6l\u00fcc\u00fc ter\u00f6r \u00f6rg\u00fct\u00fcn\u00fcn tak\u0131nd\u0131\u011f\u0131 tav\u0131rlar ortada. Her yerde parti te\u015fkilatlar\u0131m\u0131za molotofkokteylleri ile sald\u0131r\u0131lar yap\u0131l\u0131yor ama biz bundan asla y\u0131lmayaca\u011f\u0131z. Bu bizim demokrasi m\u00fccadelemizde, vatan\u0131m\u0131za, \u00fclkemize hizmet m\u00fccadelemizde, insan\u0131m\u0131za hizmet m\u00fccadelemizdeki azmimizi daha da g\u00fc\u00e7lendirmektedir. Yola \u00e7\u0131karken b\u00f6yle \u00e7\u0131kt\u0131\u011f\u0131m\u0131z\u0131 da meydanlarda ifade ettik. Bundan sonra da ayn\u0131 \u015fekilde kararl\u0131l\u0131kla buna devam edece\u011fiz. Bundan onlar kendi lehlerinde herhangi bir umuda kap\u0131lmas\u0131nlar.&#8221; dedi.<\/p>\n<p style=\"text-align: justify;\"><strong>AMACINI B\u0130LM\u0130YORUM<\/strong><\/p>\n<p style=\"text-align: justify;\">Kastamonu Valisi Erdo\u011fan Bekta\u015f&#8217;\u0131n &#8221;sald\u0131r\u0131n\u0131n hedefinin AK Parti konvoyu olmad\u0131\u011f\u0131, konvoy tesad\u00fcfen ge\u00e7ti\u011fi i\u00e7in b\u00f6yle bir \u015fey oldu\u011fu&#8221; y\u00f6n\u00fcnde a\u00e7\u0131klamalar\u0131n\u0131n oldu\u011funun belirtilmesi \u00fczerine ise Erdo\u011fan, &#8220;Vali Bekta\u015f&#8217;\u0131n a\u00e7\u0131klamas\u0131yla neyi ama\u00e7lad\u0131\u011f\u0131n\u0131 bilemedim. A\u00e7\u0131klama yapmas\u0131na gerek yok. G\u00fczergah o zaten, o g\u00fczergahtan gidiyordu. Sald\u0131r\u0131y\u0131 ter\u00f6r \u00f6rg\u00fct\u00fc PKK\u2019n\u0131n \u00fcstlendi. Y\u00f6ntem de ter\u00f6r \u00f6rg\u00fct\u00fcn\u00fcn y\u00f6ntemi.&#8221; dedi.<\/p>\n<p style=\"text-align: justify;\"><a href=\"http:\/\/www.gazeteport.com.tr\/GUNCEL\/NEWS\/GP_900618\" target=\"_blank\">Kaynak : GAZETEPORT<\/a><\/p>\n","protected":false},"excerpt":{"rendered":"<p style=\"text-align: center;\">\n<p style=\"text-align: justify;\">Ba\u015fbakan Erdo\u011fan&#8217;\u0131n konvoyuna yap\u0131lan sald\u0131r\u0131y\u0131 hedefin polisler oldu\u011funu s\u00f6yleyerek PKK \u00fcstlenirken, sald\u0131r\u0131yla ilgili Erdo\u011fan ve Kastamonu Valisi ayn\u0131 g\u00f6r\u00fc\u015fte de\u011fildi. Erdo\u011fan sald\u0131r\u0131n\u0131n kendileri i\u00e7in planland\u0131\u011f\u0131n\u0131 s\u00f6ylerken, vali ise &#8220;tesad\u00fcf&#8221; dedi.<\/p>\n","protected":false},"author":1,"featured_media":0,"comment_status":"open","ping_status":"closed","sticky":false,"template":"","format":"standard","meta":{"footnotes":""},"categories":[105],"tags":[],"class_list":["post-32141","post","type-post","status-publish","format-standard","hentry","category-gundem","odd"],"_links":{"self":[{"href":"http:\/\/www.korhanyilmaz.com\/index.php?rest_route=\/wp\/v2\/posts\/32141","targetHints":{"allow":["GET"]}}],"collection":[{"href":"http:\/\/www.korhanyilmaz.com\/index.php?rest_route=\/wp\/v2\/posts"}],"about":[{"href":"http:\/\/www.korhanyilmaz.com\/index.php?rest_route=\/wp\/v2\/types\/post"}],"author":[{"embeddable":true,"href":"http:\/\/www.korhanyilmaz.com\/index.php?rest_route=\/wp\/v2\/users\/1"}],"replies":[{"embeddable":true,"href":"http:\/\/www.korhanyilmaz.com\/index.php?rest_route=%2Fwp%2Fv2%2Fcomments&post=32141"}],"version-history":[{"count":0,"href":"http:\/\/www.korhanyilmaz.com\/index.php?rest_route=\/wp\/v2\/posts\/32141\/revisions"}],"wp:attachment":[{"href":"http:\/\/www.korhanyilmaz.com\/index.php?rest_route=%2Fwp%2Fv2%2Fmedia&parent=32141"}],"wp:term":[{"taxonomy":"category","embeddable":true,"href":"http:\/\/www.korhanyilmaz.com\/index.php?rest_route=%2Fwp%2Fv2%2Fcategories&post=32141"},{"taxonomy":"post_tag","embeddable":true,"href":"http:\/\/www.korhanyilmaz.com\/index.php?rest_route=%2Fwp%2Fv2%2Ftags&post=32141"}],"curies":[{"name":"wp","href":"https:\/\/api.w.org\/{rel}","templated":true}]}}