{"id":32065,"date":"2011-05-06T18:43:49","date_gmt":"2011-05-06T15:43:49","guid":{"rendered":"http:\/\/www.korhanyilmaz.com\/?p=32065"},"modified":"2011-05-06T18:43:49","modified_gmt":"2011-05-06T15:43:49","slug":"akpninde-kaseti-cikacak","status":"publish","type":"post","link":"http:\/\/www.korhanyilmaz.com\/?p=32065","title":{"rendered":"\u201cAk Parti\u2019den de her an gizli kaset \u00e7\u0131kabilir\u201d"},"content":{"rendered":"<p style=\"text-align: justify;\"><a href=\"http:\/\/www.korhanyilmaz.com\/wp-content\/uploads\/2011\/05\/049.jpg\"  class=\"lightview\"><img loading=\"lazy\" decoding=\"async\" class=\"aligncenter size-full wp-image-32066\" src=\"http:\/\/www.korhanyilmaz.com\/wp-content\/uploads\/2011\/05\/049.jpg\" alt=\"\" width=\"416\" height=\"222\" \/><\/a><\/p>\n<p style=\"text-align: justify;\">Gazete A24&#8217;e konu\u015fan Sabah Gazetesi Yazar\u0131 Nazl\u0131 Il\u0131cak, T\u00fcrkiye g\u00fcndemini de\u011fi\u015ftirecek \u00e7arp\u0131c\u0131 iddialarda bulundu. AK Parti\u2019den de her an gizli kaset \u00e7\u0131kabilece\u011fini iddia eden Il\u0131cak&#8217;a g\u00f6re, MHP\u2019deki i\u00e7 hesapla\u015fmalar nedeniyle parti i\u00e7inden s\u0131zd\u0131r\u0131ld\u0131.<!--more--><\/p>\n<p style=\"text-align: justify;\">CHP ve MHP\u2019de deprem yaratan, \u00f6zel hayat\u0131n gizlili\u011fini ihlal eden gizli kasetleri ve T\u00fcrkiye g\u00fcndeminin s\u0131cak geli\u015fmelerini konu\u015ftu\u011fumuz Sabah Gazetesi Yazar\u0131 Nazl\u0131 Il\u0131cak, gizli kaset olaylar\u0131ndan, Kastamonu&#8217;daki PKK sald\u0131r\u0131s\u0131na, internet sans\u00fcr\u00fcnden Hasan Cemal \u0130le Ali Karacan aras\u0131ndaki &#8220;gazeteler kimin mal\u0131&#8221; polemi\u011fine de\u011fin GazeteA24.com&#8217;a dikkat \u00e7ekici a\u00e7\u0131klamalarda bulundu.<\/p>\n<p style=\"text-align: justify;\">\u201cAk Parti\u2019den de her an gizli kaset \u00e7\u0131kabilir\u201d diyen Il\u0131cak, MHP y\u00f6neticilerinin gizli kasetleri ile ilgili de \u00e7arp\u0131c\u0131 tespitlerde bulundu. MHP, kasetlerle ilgili olarak oklar\u0131 iktidar partisine y\u00f6neltirken, Il\u0131cak\u2019a g\u00f6re bu i\u015f MHP\u2019deki i\u00e7 hesapla\u015fmalar nedeniyle parti i\u00e7inden s\u0131zd\u0131r\u0131ld\u0131.<\/p>\n<p style=\"text-align: justify;\">\u00d6te yandan \u2018Twitter\u2019\u0131n annesi\u2019 olarak nitelendirilen Il\u0131cak, BTK\u2019n\u0131n filtre uygulamas\u0131n\u0131 sans\u00fcr olarak de\u011fil, sadece bir porno s\u0131n\u0131rlamas\u0131 olarak ifade ediyor.<\/p>\n<p style=\"text-align: justify;\">Sizce neden son d\u00f6nemde \u00f6zel hayat\u0131n gizli\u011fini ihlal edici niteliklerde, CHP ve MHP\u2019nin skandal kasetlerinin medyaya s\u0131zd\u0131r\u0131lmas\u0131na tan\u0131k oluyoruz? \u0130ktidar partisi ve di\u011fer partiler i\u00e7in bu s\u0131zd\u0131rmalar neden ger\u00e7ekle\u015fmiyor?<\/p>\n<p style=\"text-align: justify;\">Ben diyorum ki, her an AK Parti\u2019den de \u00e7\u0131kabilir. Onlarda da hi\u00e7 b\u00f6yle bir yanl\u0131\u015f yapan yok diyemeyece\u011fim.<\/p>\n<p style=\"text-align: justify;\">Var ama \u00e7\u0131km\u0131yor mu demek istiyorsunuz?<\/p>\n<p style=\"text-align: justify;\">Ben bilmem ki, her an \u00e7\u0131kabilir. Bunu kim yap\u0131yor bilmiyorum. Mesela CHP kendi i\u00e7inde bir de\u011fi\u015fim ge\u00e7irdi. Bir tuhaf. Kendi i\u00e7inde rekabetten dolay\u0131 yap\u0131lm\u0131\u015f olabilece\u011fi iddialar\u0131 var. MHP\u2019de de parti i\u00e7inden yapm\u0131\u015f olabilirler. Ak Parti yapmad\u0131 bundan y\u00fczde 100 eminim. Ama kim yapt\u0131 bilemeyece\u011fim.<\/p>\n<p style=\"text-align: justify;\"><strong>\u201cKASETLER MHP \u0130\u00c7\u0130NDEN SIZMI\u015e OLAB\u0130L\u0130R\u201d<\/strong><\/p>\n<p style=\"text-align: justify;\">Bundan nas\u0131l emin oluyorsunuz?<\/p>\n<p style=\"text-align: justify;\">\u00c7ok emin oluyorum. \u00c7\u00fcnk\u00fc Tayyip Erdo\u011fan\u2019\u0131, B\u00fclent Ar\u0131n\u00e7\u2019\u0131, Mehmet Ali \u015eahin\u2019i tan\u0131yorum. Yani bu y\u00f6netici kadro bunu yapmaz. El alt\u0131ndan \u00e7ok alt derecelerde pespaye bir insan bunu yapm\u0131\u015fsa\u2026 O zaman MHP i\u00e7inde bir rekabet ya\u015fand\u0131\u011f\u0131na g\u00f6re bir MHP\u2019linin parti i\u00e7i rekabet dolay\u0131s\u0131 ile yapm\u0131\u015f olmas\u0131 akla daha yak\u0131n geliyor. Ama Ak Parti yapmaz derken Ak Parti y\u00f6netimi bir strateji, y\u00f6ntem olarak yapmaz diyorum. Ama alt kademede biri yapm\u0131\u015ft\u0131r, o olabilir\u2026<\/p>\n<p style=\"text-align: justify;\"><strong>\u201cM\u0130LL\u0130YET\u00c7\u0130-K\u00dcRT\u00c7\u00dc \u00c7ATI\u015eMASININ HESABI YAPILIYOR\u201d<\/strong><\/p>\n<p style=\"text-align: justify;\">G\u00fcndemin bir di\u011fer \u00fcz\u00fcc\u00fc s\u0131cak geli\u015fmesini de konu\u015fal\u0131m isterseniz. Kastamonu\u2019da ge\u00e7ti\u011fimiz g\u00fcnlerde 1 polisin \u015fehit olmas\u0131yla sonu\u00e7lanan sald\u0131r\u0131n\u0131n, Karadeniz\u2019de yap\u0131lmas\u0131n\u0131n gizli bir anlam\u0131 var m\u0131 sizce?<\/p>\n<p style=\"text-align: justify;\">Bir kere Kastamonu\u2019da 7 PKK\u2019l\u0131 \u00f6ld\u00fcr\u00fcld\u00fc. Bu da ayn\u0131 y\u00f6rede bir misilleme olabilir. Karadeniz\u2019de milliyet\u00e7i-K\u00fcrt\u00e7\u00fc bir \u00e7at\u0131\u015fma do\u011fabilecek. Bunun hesab\u0131 yap\u0131l\u0131yor, ama ben o y\u00f6renin bundan dolay\u0131 se\u00e7ildi\u011fine inanm\u0131yorum. Daha \u00e7ok bana misilleme gibi geliyor.<\/p>\n<p style=\"text-align: justify;\">Sald\u0131r\u0131 sonras\u0131nda baz\u0131 BDP\u2019li vekillerin yapt\u0131\u011f\u0131 a\u00e7\u0131klamalar, ba\u015fta AKP olmak \u00fczere pek \u00e7ok partiden tepki \u00e7ekmi\u015fti. Sadece bu olayda de\u011fil, pek \u00e7ok olayda siyasilerin sertle\u015fen \u00fcsluplar\u0131, sizce bir t\u00fcr se\u00e7im stratejisi mi yoksa zaten siyasilerin karakterlerinde var olan sert y\u00f6nlerin ortaya \u00e7\u0131kmas\u0131 durumu mu?<\/p>\n<p style=\"text-align: justify;\">\u00a0K\u0131l\u0131\u00e7daro\u011flu a\u00e7\u0131s\u0131ndan bakarsak bu bir se\u00e7im stratejisi olabilir. \u2018Tayyip Erdo\u011fan vari\u2019 bir davran\u0131\u015f sergileyeyim diyebilir. Ama Bah\u00e7eli ve Erdo\u011fan a\u00e7\u0131s\u0131ndan bakarsak se\u00e7im d\u0131\u015f\u0131nda da b\u00f6yle \u00fcsluplar kullan\u0131yorlar. Bu nedenle onlar\u0131n \u00fcsluplar\u0131n\u0131 sadece bir se\u00e7im stratejisi olarak de\u011ferlendiremeyece\u011fim. Ama kutupla\u015fma yaratan bu \u00fcslubu be\u011fenmedi\u011fimi s\u00f6yleyebilirim.<\/p>\n<p style=\"text-align: justify;\"><strong>\u201cF\u0130LTRE, SADECE B\u0130R PORNO SINIRLAMASI\u201d<\/strong><\/p>\n<p style=\"text-align: justify;\">Sosyal medyada \u00f6zellikle Twitter\u2019\u0131 \u00e7ok kullanman\u0131zdan dolay\u0131 \u201cTwitter\u2019\u0131n Annesi\u201d olarak biliniyorsunuz. \u0130nternetle bu denli bar\u0131\u015f\u0131k biri olarak BTK\u2019nin internet filtrelemesi ile ilgili yapt\u0131\u011f\u0131 a\u00e7\u0131klamadan tatmin oldunuz mu?<\/p>\n<p style=\"text-align: justify;\">Beni tatmin etti meselesi de\u011fil, neyin ne oldu\u011funu \u00f6\u011frenmeye \u00e7al\u0131\u015f\u0131yorum. S\u0131navda hile yap\u0131ld\u0131, ba\u015fkan yap\u0131lmad\u0131 dedi ben tatmin oldum. Bu bir tatmin olma meselesi de\u011fil, ara\u015ft\u0131rd\u0131m konunun ne oldu\u011funu g\u00f6rd\u00fcm. A\u00e7\u0131k bir \u015fekilde benim dedi\u011fim do\u011fru. Kendi dedi\u011fimin do\u011fru oldu\u011funu d\u00fc\u015f\u00fcn\u00fcyorum.<\/p>\n<p style=\"text-align: justify;\">BTK\u2019n\u0131n bir ara kurum-perde olarak yer almas\u0131 \u00fczerine ba\u015flayan tart\u0131\u015fmay\u0131 nas\u0131l de\u011ferlendiriyorsunuz?<\/p>\n<p style=\"text-align: justify;\">\u00d6yle bir durum yok i\u015fte. Dersine \u00e7al\u0131\u015fmadan yaz\u0131 yazanlar, soru sorunlar b\u00f6yle bir durum var zannediyorlar. Standart paket uygulamas\u0131nda da yasakl\u0131 sitelere DNS\u2019leri ayarlayarak yasakl\u0131 sitelere girebilece\u011fiz. Bunu farkl\u0131 kaynaklara da sorarak \u00f6\u011frendim.<\/p>\n<p style=\"text-align: justify;\">Bir taraftan filtre uygulamas\u0131na ge\u00e7ilirken, di\u011fer taraftan DNS ayarlar\u0131 de\u011fi\u015ftirilerek yasakl\u0131 sitelere girilmesine g\u00f6z yumma durumu mu olacak?<\/p>\n<p style=\"text-align: justify;\">Bu sadece bir porno s\u0131n\u0131rlamas\u0131. D\u00fcnyada da b\u00f6yle uygulamalar var. 18 ya\u015f\u0131ndan k\u00fc\u00e7\u00fck \u00e7ocuklar sinemada porno filmlere s\u0131n\u0131rs\u0131z g\u00f6t\u00fcr\u00fclebiliyor mu? Ya da evde oturup porno izlenebiliyor mu? Ayn\u0131 \u015fey. \u0130nternet bir televizyon gibidir. Bu nedenle Yarg\u0131tay\u2019\u0131n tarifi \u00e7er\u00e7evesinde porno sitelerine yasak geliyor. Netice itibari ile bu yasak. Ama yok birileri kendisi bunun yolunu bulmu\u015f yap\u0131yor; o zaman buna bir \u015fey demiyor ne haliniz varsa g\u00f6r\u00fcn, yap\u0131n\u2026<\/p>\n<p style=\"text-align: justify;\"><strong>\u201cAYDIN DO\u011eAN, \u00c7OK \u0130Y\u0130 B\u0130R PATRON OLDU\u011eUNU G\u00d6STERD\u0130\u201d<\/strong><\/p>\n<p style=\"text-align: justify;\">\u00d6te yandan Ali Karacan ve Hasan Cemal aras\u0131nda ba\u015flayan \u2018Gazeteler kimin mal\u0131\u2019 tart\u0131\u015fmas\u0131nda sizin g\u00f6r\u00fc\u015f\u00fcn\u00fcz ne y\u00f6nde? Gazeteler kimin mal\u0131 sizce?<\/p>\n<p style=\"text-align: justify;\">Gazetecilerle bir isti\u015fare yap\u0131labilirdi. Ama Ayd\u0131n Do\u011fan\u2019\u0131n satmak istedi\u011fi ve m\u00fc\u015fteri arad\u0131\u011f\u0131 \u00e7ok uzun zamand\u0131r biliniyordu. Ayr\u0131ca Ali Karacan \u00e7ok \u00f6nemli bir isim. Bir gazeteci gelene\u011fi var. O\u2019nun bu gazeteyi alm\u0131\u015f olmas\u0131nda hi\u00e7 de\u011filse gelene\u011fin devam\u0131 a\u00e7\u0131s\u0131ndan memnun olmak laz\u0131m.<\/p>\n<p style=\"text-align: justify;\">Hat\u0131rl\u0131yorum Ayd\u0131n Do\u011fan Milliyet\u2019i ald\u0131\u011f\u0131nda da k\u0131yamet kopmu\u015ftu. Abdi \u0130pek\u00e7i\u2019nin \u00f6l\u00fcm\u00fcn\u00fc takip eden bir zaman dilimiydi. Bence as\u0131l o zaman b\u00fcy\u00fck bir travma ya\u015fand\u0131. O zaman da Ayd\u0131n Do\u011fan\u2019a bir\u00e7ok ki\u015fi kar\u015f\u0131 \u00e7\u0131km\u0131\u015ft\u0131, \u2018Nerden geldi Ayd\u0131n Do\u011fan\u2019 demi\u015fti ama sonra \u00e7ok iyi bir patron oldu\u011funu g\u00f6sterdi.<\/p>\n<p style=\"text-align: justify;\">Gazeteleri ya da bas\u0131n kurulu\u015flar\u0131n\u0131 herhangi bir ticari kurulu\u015ftan ay\u0131rmak gerekir mi, yoksa sermaye yat\u0131r\u0131lan herhangi bir ticari kurulu\u015fla ayn\u0131 m\u0131d\u0131r?<\/p>\n<p style=\"text-align: justify;\">Gazeteler bir \u2018buzdolab\u0131\u2019 de\u011fil, bir \u2018ticari kurulu\u015f\u2019 hi\u00e7 de\u011fil. Gazetelerin \u00e7o\u011fu zarar ediyor ama patronlar hala bu gazeteleri \u00e7\u0131karmaya devam ediyorlar. Buzdolab\u0131 fabrikas\u0131 olsa patron bunu g\u00f6ze almaz hemen fabrikas\u0131n\u0131 kapat\u0131r. Maalesef gazeteler ticari kazan\u00e7lar\u0131 ba\u015fka taraflardan elde etmenin vas\u0131tas\u0131 haline geldi. \u0130\u015f adamlar\u0131 onun i\u00e7in gazete sahibi olmaya \u00e7al\u0131\u015f\u0131yorlar. Ali Karacan\u2019\u0131 istisna tutuyorum, ama \u00e7o\u011fu b\u00f6yledir. Nitekim Ayd\u0131n Do\u011fan gazeteyi ald\u0131\u011f\u0131nda \u2018Neden, ne i\u00e7in ald\u0131n\u0131z\u2019 diye soruldu. Ayd\u0131n Do\u011fan da aynen \u2018Ben nas\u0131l bir buzdolab\u0131 fabrikas\u0131 al\u0131rsam Milliyet\u2019i de o d\u00fc\u015f\u00fcncelerle ticari i\u015fletme olarak ald\u0131m\u2019 demi\u015fti. Daha sonra tabi\u00ee ki gazete sahibi olman\u0131n verdi\u011fi bir stat\u00fc var, insanlar\u0131n ho\u015funa gidiyor ve daha ba\u015fka g\u00f6zle bak\u0131yorlar. \u015eahsi olarak gazeteleri bir ticari kurulu\u015f olarak de\u011fil, bir fikrin kamuoyuna ge\u00e7mesinin bir vas\u0131tas\u0131 olarak g\u00f6r\u00fcyorum.<\/p>\n<p style=\"text-align: justify;\"><strong>\u201cHASAN CEMAL S\u00d6YLED\u0130 D\u0130YE KARACAN GAZETEY\u0130 ALMAKTAN VAZGE\u00c7MEZ\u201d<\/strong><\/p>\n<p style=\"text-align: justify;\">Son olarak, okuyucular\u0131m\u0131z\u0131n da merak\u0131n\u0131 giderecek can al\u0131c\u0131 bir soruyla bu g\u00fczel sohbeti bitirelim istiyorum. Sizce, gazeteciler kendilerine maa\u015f veren patronlar\u0131na \u2018bu gazete senin mal\u0131n de\u011fil\u2019 deme hakk\u0131na sahip midir?<\/p>\n<p style=\"text-align: justify;\">S\u00f6yleyen s\u00f6yler. Hasan Cemal de bir duayen gazeteci oldu\u011fu i\u00e7in kendinde bu hakk\u0131 buldu ve s\u00f6yledi. Ama patron da O bunu s\u00f6yledi diye gazeteyi almaktan vazge\u00e7mez. Bu neticede tabi\u00ee ki bir ticari kurulu\u015ftur. S\u00fcrekli zarar eden bir kurulu\u015f&#8230; O zaman herkes maa\u015f\u0131ndan feragat etsin 5-6 ay maa\u015f almas\u0131n, yeniden yap\u0131land\u0131r\u0131ls\u0131n, baz\u0131lar\u0131 da i\u015ften \u00e7\u0131kar\u0131ls\u0131n. Ve bu gazete kar eder hale gelsin; o zaman daha ba\u011f\u0131ms\u0131z gazeteler olabilir. Ya da gazetedeki \u00e7al\u0131\u015fanlar \u2018Sen bunu satma patron biz bunu \u00e7\u0131karal\u0131m bizim mal\u0131m\u0131z olsun\u2019 demeye haz\u0131r m\u0131yd\u0131?<\/p>\n<p style=\"text-align: justify;\"><a href=\"http:\/\/www.gazeteport.com.tr\/GUNCEL\/NEWS\/GP_900534\" target=\"_blank\">Kaynak : GAZETEPORT<\/a><\/p>\n","protected":false},"excerpt":{"rendered":"<p style=\"text-align: justify;\">\n<p style=\"text-align: justify;\">Gazete A24&#8217;e konu\u015fan Sabah Gazetesi Yazar\u0131 Nazl\u0131 Il\u0131cak, T\u00fcrkiye g\u00fcndemini de\u011fi\u015ftirecek \u00e7arp\u0131c\u0131 iddialarda bulundu. AK Parti\u2019den de her an gizli kaset \u00e7\u0131kabilece\u011fini iddia eden Il\u0131cak&#8217;a g\u00f6re, MHP\u2019deki i\u00e7 hesapla\u015fmalar nedeniyle parti i\u00e7inden s\u0131zd\u0131r\u0131ld\u0131.<\/p>\n","protected":false},"author":1,"featured_media":0,"comment_status":"open","ping_status":"closed","sticky":false,"template":"","format":"standard","meta":{"footnotes":""},"categories":[105],"tags":[],"class_list":["post-32065","post","type-post","status-publish","format-standard","hentry","category-gundem","odd"],"_links":{"self":[{"href":"http:\/\/www.korhanyilmaz.com\/index.php?rest_route=\/wp\/v2\/posts\/32065","targetHints":{"allow":["GET"]}}],"collection":[{"href":"http:\/\/www.korhanyilmaz.com\/index.php?rest_route=\/wp\/v2\/posts"}],"about":[{"href":"http:\/\/www.korhanyilmaz.com\/index.php?rest_route=\/wp\/v2\/types\/post"}],"author":[{"embeddable":true,"href":"http:\/\/www.korhanyilmaz.com\/index.php?rest_route=\/wp\/v2\/users\/1"}],"replies":[{"embeddable":true,"href":"http:\/\/www.korhanyilmaz.com\/index.php?rest_route=%2Fwp%2Fv2%2Fcomments&post=32065"}],"version-history":[{"count":0,"href":"http:\/\/www.korhanyilmaz.com\/index.php?rest_route=\/wp\/v2\/posts\/32065\/revisions"}],"wp:attachment":[{"href":"http:\/\/www.korhanyilmaz.com\/index.php?rest_route=%2Fwp%2Fv2%2Fmedia&parent=32065"}],"wp:term":[{"taxonomy":"category","embeddable":true,"href":"http:\/\/www.korhanyilmaz.com\/index.php?rest_route=%2Fwp%2Fv2%2Fcategories&post=32065"},{"taxonomy":"post_tag","embeddable":true,"href":"http:\/\/www.korhanyilmaz.com\/index.php?rest_route=%2Fwp%2Fv2%2Ftags&post=32065"}],"curies":[{"name":"wp","href":"https:\/\/api.w.org\/{rel}","templated":true}]}}