{"id":3201,"date":"2009-02-08T15:02:47","date_gmt":"2009-02-08T13:02:47","guid":{"rendered":"http:\/\/www.korhanyilmaz.com\/?p=3201"},"modified":"2009-02-08T15:02:47","modified_gmt":"2009-02-08T13:02:47","slug":"arinctan-sezere-gonderme","status":"publish","type":"post","link":"http:\/\/www.korhanyilmaz.com\/?p=3201","title":{"rendered":"Ar\u0131n\u00e7&#039;tan Sezer&#039;e g\u00f6nderme"},"content":{"rendered":"<p style=\"text-align: center;\"><img loading=\"lazy\" decoding=\"async\" class=\"size-full wp-image-3202 alignnone\" title=\"Ar\u0131n\u00e7'tan Sezer'e g\u00f6nderme \" src=\"http:\/\/www.korhanyilmaz.com\/wp-content\/uploads\/2009\/02\/080220091500324343322.jpg\" alt=\"Ar\u0131n\u00e7'tan Sezer'e g\u00f6nderme \" width=\"320\" height=\"100\" \/><\/p>\n<p style=\"text-align: justify;\">\nAKP Manisa Merkez \u0130l\u00e7e Ba\u015fkanl\u0131\u011f\u0131 taraf\u0131ndan d\u00fczenlenen sand\u0131k m\u00fc\u015fahitleri toplant\u0131s\u0131nda konu\u015fan TBMM eski Ba\u015fkan\u0131 B\u00fclent Ar\u0131n\u00e7, partililerden oylara sahip \u00e7\u0131kmalar\u0131n\u0131 isterken, 10&#8217;uncu Cumhurba\u015fkan\u0131 Ahmet Necdet Sezer&#8217;e de g\u00f6ndermede bulundu.\n<\/p>\n<p style=\"text-align: justify;\">AKP Manisa Merkez \u0130l\u00e7e Ba\u015fkanl\u0131\u011f\u0131&#8217;nca K\u00fclt\u00fcr Sitesi Lale Salonu&#8217;nda sand\u0131k m\u00fc\u015fahitleri toplant\u0131s\u0131 d\u00fczenlendi. Manisa il genelinde g\u00f6rev alacak 3 bin 600 sand\u0131k g\u00f6revlisinden, ilk etapta 666&#8217;s\u0131n\u0131n e\u011fitiminin yap\u0131laca\u011f\u0131 a\u00e7\u0131kland\u0131. Toplant\u0131ya kat\u0131lan 22&#8217;nci D\u00f6nem TBMM Ba\u015fkan\u0131 ve AKP Manisa Milletvekili B\u00fclent Ar\u0131n\u00e7, sand\u0131k g\u00f6revlilerini uyan\u0131k olmalar\u0131 konusunda uyard\u0131. Ge\u00e7en se\u00e7imlerde Manisa&#8217;da yakla\u015f\u0131k 15 bin oyun ge\u00e7ersiz say\u0131ld\u0131\u011f\u0131n\u0131 hat\u0131rlatan Ar\u0131n\u00e7, m\u00fc\u015fahitlerden sand\u0131k kurulu ba\u015fkanlar\u0131na yard\u0131mc\u0131 olmalar\u0131n\u0131 istedi. Ar\u0131n\u00e7, &#8220;Oy namustur, g\u00f6z\u00fcn\u00fcz\u00fc a\u00e7\u0131n&#8221; dedi.<!--more--><\/p>\n<p style=\"text-align: justify;\">Konu\u015fmas\u0131n\u0131n bir b\u00f6l\u00fcm\u00fcnde, CHP&#8217;nin se\u00e7im kampanyalar\u0131n\u0131 ele\u015ftiren ve do\u011fru d\u00fcr\u00fcst siyaset yapmaya \u00e7a\u011f\u0131ran Ar\u0131n\u00e7, eski Cumhurba\u015fkan\u0131 Ahmet Necdet Sezer&#8217;e g\u00f6ndermede bulundu. Ar\u0131n\u00e7, \u015f\u00f6yle dedi:<\/p>\n<p style=\"text-align: justify;\">&#8220;Deniz Baykal sand\u0131\u011f\u0131 g\u00f6rd\u00fc, akl\u0131 ba\u015f\u0131na geldi. K\u0131l\u0131\u00e7daro\u011flu sand\u0131\u011f\u0131 g\u00f6rd\u00fc akl\u0131 ba\u015f\u0131na geldi. Sand\u0131k adam\u0131n akl\u0131n\u0131 ba\u015f\u0131na getirir. Bana meclis ba\u015fkanl\u0131\u011f\u0131m d\u00f6neminde `Say\u0131n Sezer g\u00f6revi bitince siyasete at\u0131l\u0131r m\u0131, at\u0131lmaz m\u0131?&#8217; diye sormu\u015flard\u0131. Ben de `At\u0131ls\u0131n, \u00e7ok iyi olur&#8217; demi\u015ftim. Siyaset adam\u0131 e\u011fitir. E\u011fitilmeye ihtiyac\u0131m\u0131z var hepimizin. \u00c7\u00fcnk\u00fc siyasetin malzemesi insand\u0131r. \u0130nsanla konu\u015fur, tokala\u015f\u0131r, \u00e7ay \u0131smarlars\u0131n. Hatta bazen seni ele\u015ftirir, kafan bozulur. Ama sen insanla muhatap olursun. Yoksa s\u0131rma k\u00f6\u015fklerden, pencerelerden soka\u011fa bakmak siyaset de\u011fildir. Toplumun i\u00e7ine girmek siyasettir. Ben ne dersem o olacak dersen bu siyaset de\u011fildir.&#8221;<\/p>\n<p style=\"text-align: justify;\">DHA<\/p>\n","protected":false},"excerpt":{"rendered":"<p style=\"text-align: center;\">\n<p style=\"text-align: justify;\"> AKP Manisa Merkez \u0130l\u00e7e Ba\u015fkanl\u0131\u011f\u0131 taraf\u0131ndan d\u00fczenlenen sand\u0131k m\u00fc\u015fahitleri toplant\u0131s\u0131nda konu\u015fan TBMM eski Ba\u015fkan\u0131 B\u00fclent Ar\u0131n\u00e7, partililerden oylara sahip \u00e7\u0131kmalar\u0131n\u0131 isterken, 10&#8217;uncu Cumhurba\u015fkan\u0131 Ahmet Necdet Sezer&#8217;e de g\u00f6ndermede bulundu. <\/p>\n<p style=\"text-align: justify;\">AKP Manisa Merkez \u0130l\u00e7e Ba\u015fkanl\u0131\u011f\u0131&#8217;nca K\u00fclt\u00fcr Sitesi Lale Salonu&#8217;nda sand\u0131k m\u00fc\u015fahitleri toplant\u0131s\u0131 d\u00fczenlendi. Manisa il genelinde g\u00f6rev <\/p>\n","protected":false},"author":1,"featured_media":0,"comment_status":"open","ping_status":"closed","sticky":false,"template":"","format":"standard","meta":{"footnotes":""},"categories":[105],"tags":[],"class_list":["post-3201","post","type-post","status-publish","format-standard","hentry","category-gundem","odd"],"_links":{"self":[{"href":"http:\/\/www.korhanyilmaz.com\/index.php?rest_route=\/wp\/v2\/posts\/3201","targetHints":{"allow":["GET"]}}],"collection":[{"href":"http:\/\/www.korhanyilmaz.com\/index.php?rest_route=\/wp\/v2\/posts"}],"about":[{"href":"http:\/\/www.korhanyilmaz.com\/index.php?rest_route=\/wp\/v2\/types\/post"}],"author":[{"embeddable":true,"href":"http:\/\/www.korhanyilmaz.com\/index.php?rest_route=\/wp\/v2\/users\/1"}],"replies":[{"embeddable":true,"href":"http:\/\/www.korhanyilmaz.com\/index.php?rest_route=%2Fwp%2Fv2%2Fcomments&post=3201"}],"version-history":[{"count":0,"href":"http:\/\/www.korhanyilmaz.com\/index.php?rest_route=\/wp\/v2\/posts\/3201\/revisions"}],"wp:attachment":[{"href":"http:\/\/www.korhanyilmaz.com\/index.php?rest_route=%2Fwp%2Fv2%2Fmedia&parent=3201"}],"wp:term":[{"taxonomy":"category","embeddable":true,"href":"http:\/\/www.korhanyilmaz.com\/index.php?rest_route=%2Fwp%2Fv2%2Fcategories&post=3201"},{"taxonomy":"post_tag","embeddable":true,"href":"http:\/\/www.korhanyilmaz.com\/index.php?rest_route=%2Fwp%2Fv2%2Ftags&post=3201"}],"curies":[{"name":"wp","href":"https:\/\/api.w.org\/{rel}","templated":true}]}}