{"id":31944,"date":"2011-05-05T15:17:41","date_gmt":"2011-05-05T12:17:41","guid":{"rendered":"http:\/\/www.korhanyilmaz.com\/?p=31944"},"modified":"2011-05-05T15:17:41","modified_gmt":"2011-05-05T12:17:41","slug":"dtkdan-kritik-saldiri-aciklamasi","status":"publish","type":"post","link":"http:\/\/www.korhanyilmaz.com\/?p=31944","title":{"rendered":"DTK&#8217;dan kritik &#8220;sald\u0131r\u0131&#8221; a\u00e7\u0131klamas\u0131"},"content":{"rendered":"<p style=\"text-align: justify;\"><a href=\"http:\/\/www.korhanyilmaz.com\/wp-content\/uploads\/2011\/05\/048.jpg\"  class=\"lightview\"><img loading=\"lazy\" decoding=\"async\" class=\"aligncenter size-full wp-image-31945\" src=\"http:\/\/www.korhanyilmaz.com\/wp-content\/uploads\/2011\/05\/048.jpg\" alt=\"\" width=\"350\" height=\"237\" \/><\/a><\/p>\n<p style=\"text-align: justify;\">Demokratik Toplum Kongresi Genel Ba\u015fkan Yard\u0131mc\u0131s\u0131 Aysel Tu\u011fluk, &#8221;Bar\u0131\u015fa ramak kalm\u0131\u015fken, diyalogdan m\u00fczakereye ge\u00e7iliyorken, \u00e7\u00f6z\u00fcme d\u00f6n\u00fck pratik ad\u0131mlar at\u0131lacakken birileri yine kanayan yaraya dokunuyor ve oluk oluk kan ak\u0131yor&#8221; dedi. YSK&#8217;n\u0131n karar\u0131 ve TSK&#8217;n\u0131n d\u00fczenledi\u011fi operasyonlar\u0131 ele\u015ftiren Tu\u011fluk, &#8220;Devletle olmuyorsa halk\u0131m\u0131z kendi demokrasisini kuracak kadar \u00f6rg\u00fctl\u00fcd\u00fcr&#8221; ifadesini kulland\u0131.<!--more--><\/p>\n<p style=\"text-align: justify;\">D\u0130YARBAKIR- Demokratik Toplum Kongresi (DTK) Genel Ba\u015fkan Yard\u0131mc\u0131s\u0131 Aysel Tu\u011fluk, &#8221;Bar\u0131\u015fa ramak kalm\u0131\u015fken, diyalogdan m\u00fczakereye ge\u00e7iliyorken, \u00e7\u00f6z\u00fcme d\u00f6n\u00fck pratik ad\u0131mlar at\u0131lacakken birileri yine kanayan yaraya dokunuyor ve oluk oluk kan ak\u0131yor&#8221; dedi.<\/p>\n<p style=\"text-align: justify;\">DTK&#8217;nin, BDP Diyarbak\u0131r \u0130l Ba\u015fkanl\u0131\u011f\u0131nda d\u00fczenledi\u011fi toplant\u0131n\u0131n a\u00e7\u0131l\u0131\u015f\u0131nda konu\u015fan Tu\u011fluk, umut vaat eden, heyecanland\u0131ran ve mutlu k\u0131lan s\u00f6zlerle konu\u015fmak istedi\u011fini, ne yaz\u0131k ki kayg\u0131lardan, \u00e7at\u0131\u015fmalardan, \u00f6l\u00fcmlerden ve olas\u0131 sonu\u00e7lar\u0131ndan bahsetmek zorunda oldu\u011funu s\u00f6yledi.<\/p>\n<p style=\"text-align: justify;\"><strong>&#8220;YSK SA\u00c7MA SAPAN KARAR ALIYOR, TSK S\u00dcREKL\u0130 OPERASYON D\u00dcZENL\u0130YOR&#8221;<\/strong><\/p>\n<p style=\"text-align: justify;\">Bug\u00fcn \u00f6zellikle T\u00fcrkiye kamuoyunun, T\u00fcrk halk\u0131n\u0131n kendilerini do\u011fru anlamas\u0131n\u0131 istedi\u011fini ifade eden Tu\u011fluk, \u015f\u00f6yle devam etti:<\/p>\n<p style=\"text-align: justify;\">&#8221;Daha fazla egemenlik, daha fazla s\u00f6m\u00fcr\u00fc, daha fazla iktidar u\u011fruna K\u00fcrt ve T\u00fcrk \u00e7ocuklar\u0131 birbirine vurdurtuluyor. Bar\u0131\u015fa ramak kalm\u0131\u015fken, diyalogdan m\u00fczakereye ge\u00e7iliyorken, \u00e7\u00f6z\u00fcme d\u00f6n\u00fck pratik ad\u0131mlar at\u0131lacakken, beklenti ve bu umut bu y\u00f6nl\u00fcyken birileri yine kanayan yaraya dokunuyor ve oluk oluk kan ak\u0131yor. YSK denen ideolojik kurum, sa\u00e7ma sapan bir karar al\u0131yor ve demokratik temsiliyetin \u00f6n\u00fcne ge\u00e7meye \u00e7al\u0131\u015f\u0131yor. Halk direniyor ve hakk\u0131 olan\u0131 can\u0131 pahas\u0131na savunuyor. Sonu\u00e7 sil ba\u015ftan oluyor ama ard\u0131nda \u0130brahim&#8217;in gen\u00e7 hayat\u0131n\u0131 b\u0131rakarak, y\u00fczlerce g\u00f6zalt\u0131 ve tutuklama, onlarca yaral\u0131 b\u0131rakma pahas\u0131na oluyor t\u00fcm olup bitenler. T\u00fcrk Silahl\u0131 Kuvvetleri, eylemsizlik pozisyonundaki gerillaya kar\u015f\u0131 ola\u011fan\u00fcst\u00fc bir g\u00fc\u00e7 ve teknikle operasyon d\u00fczenliyor. En son Tunceli&#8217;de 7 cana k\u0131y\u0131l\u0131yor. D\u00fcn 4 gerillan\u0131n cenaze merasimi bu \u015fehirde oldu.<\/p>\n<p style=\"text-align: justify;\">AK Parti ise olan bitene kar\u015f\u0131 art niyetli ve daha fazla tahrik edercesine, &#8216;K\u00fcrt meselesi art\u0131k yoktur&#8217; deme cesareti kadar gafilli\u011fine de girebiliyor.&#8221;<\/p>\n<p style=\"text-align: justify;\"><strong>&#8220;DEVLETLE OLMUYORSA HALKIMIZ KEND\u0130 DEMOKRAS\u0130S\u0130N\u0130 KEND\u0130S\u0130 KURACAKTIR&#8221;<\/strong><\/p>\n<p style=\"text-align: justify;\">Tu\u011fluk, \u00f6zg\u00fcr bir gelecek, e\u015fit, insanca, onurlu bir ya\u015fam i\u00e7in var olma ve direnme haklar\u0131n\u0131 sonuna kadar kullanacaklar\u0131n\u0131 ifade etti.<\/p>\n<p style=\"text-align: justify;\">&#8221;\u0130ktidar\u0131n zulm\u00fcne kar\u015f\u0131 direneceklerini&#8221; s\u00f6yleyen Tu\u011fluk, AK Parti&#8217;nin sorunu oyalamak ve tasfiye etmek d\u0131\u015f\u0131nda bir yolu bilmedi\u011fini s\u00f6yledi. Tu\u011fluk, \u015f\u00f6yle konu\u015ftu:<\/p>\n<p style=\"text-align: justify;\">&#8221;Devletle olmuyorsa halk\u0131m\u0131z kendi demokrasisini kuracak ve kurdu\u011fu bu sistem i\u00e7erisinde ya\u015famas\u0131n\u0131 bilecek kadar \u00f6rg\u00fctl\u00fcd\u00fcr. Bu stat\u00fcs\u00fczl\u00fck durumu daha fazla devam edemez. M\u0131s\u0131r gibi mi olur, Suriye gibi mi bilinmez ancak bir stat\u00fc kazan\u0131lacak ve bu ne pahas\u0131na olursa olsun savunulacakt\u0131r. Sorumluluk devletindir, say\u0131n Ba\u015fbakan&#8217;\u0131nd\u0131r. Unutmayal\u0131m ki cennet olsa birlikte ya\u015fayaca\u011f\u0131z, cehennem olsa birlikte yanaca\u011f\u0131z. Bu zaten hep b\u00f6yle olmu\u015ftur.<\/p>\n<p style=\"text-align: justify;\">\u00dcz\u00fclerek belirtmeliyim ki, bu \u00fclke s\u00fcrekli kendi cehennemini kendi elleriyle yarat\u0131p duruyor. Bunun i\u00e7in tart\u0131\u015facak ve kararlar alaca\u011f\u0131z. (S\u00f6z bitti) demiyoruz, demeyece\u011fiz de ancak s\u00f6zden de fazla gerekli olan art\u0131k pratik \u00e7al\u0131\u015fma ve m\u00fccadele ger\u00e7e\u011fidir. DTK bu toplumsal talebe ve g\u00fcncel realiteye yan\u0131t olmal\u0131d\u0131r, olmak sorumlulu\u011fundad\u0131r.&#8221;<\/p>\n<p style=\"text-align: justify;\">Bar\u0131\u015f ve Demokrasi Partisi (BDP) Genel Ba\u015fkan\u0131 Hamit Geylani, BDP&#8217;nin eski Genel Ba\u015fkan\u0131 Selahattin Demirta\u015f, BDP&#8217;li eski milletvekilleri, BDP&#8217;nin destekledi\u011fi ba\u011f\u0131ms\u0131z milletvekili adaylar\u0131 ile BDP&#8217;li belediye ba\u015fkanlar\u0131n\u0131n kat\u0131ld\u0131\u011f\u0131 toplant\u0131, daha sonra bas\u0131na kapal\u0131 devam etti.<\/p>\n<p style=\"text-align: justify;\"><a href=\"http:\/\/www.gazeteport.com.tr\/SIYASET\/NEWS\/GP_899719\" target=\"_blank\">Kaynak : GAZETEPORT<\/a><\/p>\n","protected":false},"excerpt":{"rendered":"<p style=\"text-align: justify;\">\n<p style=\"text-align: justify;\">Demokratik Toplum Kongresi Genel Ba\u015fkan Yard\u0131mc\u0131s\u0131 Aysel Tu\u011fluk, &#8221;Bar\u0131\u015fa ramak kalm\u0131\u015fken, diyalogdan m\u00fczakereye ge\u00e7iliyorken, \u00e7\u00f6z\u00fcme d\u00f6n\u00fck pratik ad\u0131mlar at\u0131lacakken birileri yine kanayan yaraya dokunuyor ve oluk oluk kan ak\u0131yor&#8221; dedi. YSK&#8217;n\u0131n karar\u0131 ve TSK&#8217;n\u0131n d\u00fczenledi\u011fi operasyonlar\u0131 ele\u015ftiren Tu\u011fluk, &#8220;Devletle olmuyorsa halk\u0131m\u0131z kendi demokrasisini kuracak kadar \u00f6rg\u00fctl\u00fcd\u00fcr&#8221; ifadesini kulland\u0131.<\/p>\n","protected":false},"author":1,"featured_media":0,"comment_status":"open","ping_status":"closed","sticky":false,"template":"","format":"standard","meta":{"footnotes":""},"categories":[105],"tags":[],"class_list":["post-31944","post","type-post","status-publish","format-standard","hentry","category-gundem","odd"],"_links":{"self":[{"href":"http:\/\/www.korhanyilmaz.com\/index.php?rest_route=\/wp\/v2\/posts\/31944","targetHints":{"allow":["GET"]}}],"collection":[{"href":"http:\/\/www.korhanyilmaz.com\/index.php?rest_route=\/wp\/v2\/posts"}],"about":[{"href":"http:\/\/www.korhanyilmaz.com\/index.php?rest_route=\/wp\/v2\/types\/post"}],"author":[{"embeddable":true,"href":"http:\/\/www.korhanyilmaz.com\/index.php?rest_route=\/wp\/v2\/users\/1"}],"replies":[{"embeddable":true,"href":"http:\/\/www.korhanyilmaz.com\/index.php?rest_route=%2Fwp%2Fv2%2Fcomments&post=31944"}],"version-history":[{"count":0,"href":"http:\/\/www.korhanyilmaz.com\/index.php?rest_route=\/wp\/v2\/posts\/31944\/revisions"}],"wp:attachment":[{"href":"http:\/\/www.korhanyilmaz.com\/index.php?rest_route=%2Fwp%2Fv2%2Fmedia&parent=31944"}],"wp:term":[{"taxonomy":"category","embeddable":true,"href":"http:\/\/www.korhanyilmaz.com\/index.php?rest_route=%2Fwp%2Fv2%2Fcategories&post=31944"},{"taxonomy":"post_tag","embeddable":true,"href":"http:\/\/www.korhanyilmaz.com\/index.php?rest_route=%2Fwp%2Fv2%2Ftags&post=31944"}],"curies":[{"name":"wp","href":"https:\/\/api.w.org\/{rel}","templated":true}]}}