{"id":31941,"date":"2011-05-05T18:59:33","date_gmt":"2011-05-05T15:59:33","guid":{"rendered":"http:\/\/www.korhanyilmaz.com\/?p=31941"},"modified":"2011-05-05T18:59:33","modified_gmt":"2011-05-05T15:59:33","slug":"oldurerek-ozgurluk-istenmez","status":"publish","type":"post","link":"http:\/\/www.korhanyilmaz.com\/?p=31941","title":{"rendered":"&#8220;\u00d6ld\u00fcrerek \u00f6zg\u00fcrl\u00fck istenmez&#8221;"},"content":{"rendered":"<p style=\"text-align: justify;\"><a href=\"http:\/\/www.korhanyilmaz.com\/wp-content\/uploads\/2011\/05\/047.jpg\"  class=\"lightview\"><img loading=\"lazy\" decoding=\"async\" class=\"aligncenter size-full wp-image-31942\" src=\"http:\/\/www.korhanyilmaz.com\/wp-content\/uploads\/2011\/05\/047.jpg\" alt=\"\" width=\"414\" height=\"222\" \/><\/a><\/p>\n<p style=\"text-align: justify;\">Ak Parti Genel Ba\u015fkan\u0131 ve Ba\u015fbakan Recep Tayyip Erdo\u011fan, &#8221;Adam \u00f6ld\u00fcrerek temel hak ve \u00f6zg\u00fcrl\u00fckler istenmez, adam \u00f6ld\u00fcrerek bu \u00fclkede demokrasiden bahsedilmez, adam \u00f6ld\u00fcrerek i\u015f ba\u015f\u0131na gelmek e\u015fk\u0131yan\u0131n i\u015fidir, \u00e7etenin i\u015fidir, ter\u00f6ristlerin i\u015fidir&#8221; dedi. <!--more--><\/p>\n<p style=\"text-align: justify;\">Erdo\u011fan, &#8221;Siyaset ad\u0131 alt\u0131nda gen\u00e7lerin kan\u0131ndan beslenen vampirlere, istismarc\u0131lara da sesleniyorum; Gen\u00e7lerin eline molotof kokteyli verenlere, parti binalar\u0131nda, parti otob\u00fcslerinde molotof kokteyli saklayanlara, belediyelerde molotof kokteyli saklayanlara, belediye binalar\u0131ndan vatanda\u015fa molotof kokteyli atanlara sesleniyorum; 5 ya\u015f\u0131ndaki \u00e7ocuklar\u0131n eline ta\u015f verip arkas\u0131na saklanacak kadar al\u00e7alm\u0131\u015flara, canilere, f\u0131rsat\u00e7\u0131lara da sesleniyorum; Gen\u00e7lerin kan\u0131ndan beslendi\u011finiz art\u0131k yeter. D\u00f6kt\u00fc\u011f\u00fcn\u00fcz \u015fehit kan\u0131 art\u0131k yeter. Kendi ikbaliniz i\u00e7in s\u00f6nd\u00fcrd\u00fc\u011f\u00fcn\u00fcz ocaklara art\u0131k yeter&#8221; dedi.<\/p>\n<p style=\"text-align: justify;\">Ba\u015fbakan Erdo\u011fan, DTK Genel Ba\u015fkan Yard\u0131mc\u0131s\u0131 Aysel Tu\u011fluk&#8217;un &#8220;Halk\u0131m\u0131z kendi demokrasisini yapacak kadar \u00f6rg\u00fctl\u00fcd\u00fcr&#8221; s\u00f6zlerine sert yan\u0131t verdi.<\/p>\n<p style=\"text-align: justify;\">Erdo\u011fan, partisince Devlet Bah\u00e7eli Bulvar\u0131&#8217;nda d\u00fczenlenen mitingde vatanda\u015flara hitap etti.<\/p>\n<p style=\"text-align: justify;\">Ba\u015fbakan Erdo\u011fan, konu\u015fmas\u0131n\u0131n ba\u015f\u0131nda d\u00fcn Kastamonu mitinginin ard\u0131ndan Ankara&#8217;ya d\u00f6nen konvoya yap\u0131lan sald\u0131r\u0131 sonucu \u015fehit olan Polis Memuru Recep \u015eahin&#8217;e Allah&#8217;tan rahmet, ailesine, yak\u0131nlar\u0131na, t\u00fcm millete ba\u015fsa\u011fl\u0131\u011f\u0131 diledi.<\/p>\n<p style=\"text-align: justify;\">Erdo\u011fan, sald\u0131r\u0131da yaralanan polis memuru ile d\u00fcn Diyarbak\u0131r&#8217;da yaralanan polise de acil \u015fifalar temenni ederek \u015funlar\u0131 kaydetti:<\/p>\n<p style=\"text-align: justify;\">&#8221;Osmaniyeli Karacao\u011flan&#8217;\u0131n \u015fu dizelerini buradan t\u00fcm T\u00fcrkiye&#8217;nin, t\u00fcm d\u00fcnyan\u0131n bir kez daha duymas\u0131n\u0131 istiyorum. Diyor ki Karacao\u011flan; &#8216;Y\u00fcr\u00fc bire yalan d\u00fcnya, sana konan g\u00f6\u00e7er bir g\u00fcn, insan bir ekin misali seni eken, bi\u00e7er bir g\u00fcn&#8217; Evet, bu can\u0131 veren Allah, bu can\u0131n sahibi Allah&#8217;t\u0131r. Bu can\u0131, bu emaneti bizlerden de alacak olan da sadece ve sadece Allah&#8217;t\u0131r.&#8221;<\/p>\n<p style=\"text-align: justify;\"><strong>&#8221;B\u0130Z BU YOLA BEYAZ G\u00d6MLE\u011e\u0130M\u0130Z\u0130 G\u0130YEREK \u00c7IKTIK&#8221;<\/strong><\/p>\n<p style=\"text-align: justify;\">Necip Faz\u0131l&#8217;\u0131n &#8216;\u00d6l\u00fcm g\u00fczel \u015fey, budur perde ard\u0131ndan haber, hi\u00e7 g\u00fczel olmasayd\u0131, \u00f6l\u00fcr m\u00fcyd\u00fc peygamber&#8221; dizelerini okuyan Erdo\u011fan, konu\u015fmas\u0131n\u0131 \u015f\u00f6yle s\u00fcrd\u00fcrd\u00fc:<\/p>\n<p style=\"text-align: justify;\">&#8221;Biz bu yola beyaz g\u00f6mle\u011fimizi giyerek \u00e7\u0131kt\u0131k. Biz bu yola elimizi de\u011fil, bedenimizi de\u011fil, can\u0131m\u0131z\u0131 koyarak \u00e7\u0131kt\u0131k. Hainlerin, al\u00e7aklar\u0131n, korkaklar\u0131n kalle\u015f\u00e7e sald\u0131r\u0131lar\u0131na bug\u00fcne kadar boyun e\u011fmedik, bundan sonra da Allah&#8217;\u0131n izniyle boyun e\u011fmeyece\u011fiz.<\/p>\n<p style=\"text-align: justify;\">A\u00e7\u0131k a\u00e7\u0131k s\u00f6yl\u00fcyorum: O hainleri, o hainlerle birlikte, onlara tetik \u00e7ektiren efendilerini, sahiplerini er veya ge\u00e7 bulacak, akan \u015fehit kanlar\u0131n\u0131n hesab\u0131n\u0131 onlardan tek tek soraca\u011f\u0131z. Bundan hi\u00e7 kimsenin endi\u015fesi olmas\u0131n. \u00c7\u00fcnk\u00fc bu kanlar yerde kalmayacak&#8221;<\/p>\n<p style=\"text-align: justify;\"><strong>&#8221;BU AL\u00c7AK\u00c7A SALDIRILAR ASLA VE ASLA TESAD\u00dcF DE\u011e\u0130L&#8221;<\/strong><\/p>\n<p style=\"text-align: justify;\">&#8221;Bug\u00fcn buradan, hem sizlerin, hem t\u00fcm T\u00fcrkiye&#8217;nin, hem de t\u00fcm d\u00fcnyan\u0131n dikkatini bir hususa \u00e7ekmek istiyorum&#8221; diyen Ba\u015fbakan Erdo\u011fan, \u015funlar\u0131 kaydetti:<\/p>\n<p style=\"text-align: justify;\">&#8221;G\u00fcvenlik g\u00fc\u00e7lerimize yap\u0131lan bu al\u00e7ak\u00e7a sald\u0131r\u0131lar asla ve asla tesad\u00fcf de\u011fil. Partimizin T\u00fcrkiye genelinde bir\u00e7ok te\u015fkilatlar\u0131na yap\u0131lan sald\u0131r\u0131lar, at\u0131lan molotof kokteylleri, hi\u00e7birisi tesad\u00fcf de\u011fil. Samsun&#8217;da oldu\u011fu gibi, Kastamonu&#8217;da da polisimize yap\u0131lan bu sald\u0131r\u0131lar asla ve asla tesad\u00fcf de\u011fil. Bu sald\u0131r\u0131larla birlikte, Do\u011fu&#8217;da, G\u00fcneydo\u011fu&#8217;da, b\u00fcy\u00fck \u015fehirlerde yap\u0131lan g\u00f6steriler, \u015fiddet eylemleri asla tesad\u00fcf de\u011fil. 12 Haziran se\u00e7imleri \u00f6ncesinde, birileri, millete korku salarak, sokaklar\u0131 ate\u015fe vererek, g\u00fcvenlik g\u00fc\u00e7lerine kur\u015fun s\u0131karak, bu \u00fclkedeki demokratik ortam\u0131, \u00f6zg\u00fcrl\u00fck ortam\u0131n\u0131, g\u00fcvenlik ve huzur ortam\u0131n\u0131 hedef al\u0131yorlar.<\/p>\n<p style=\"text-align: justify;\">A\u00e7\u0131k a\u00e7\u0131k s\u00f6yl\u00fcyorum. Bunlar ta\u015feron. Bunlar, ihale ald\u0131lar, ald\u0131klar\u0131 ihalenin gere\u011fini yerine getiriyorlar. Lafa geldi\u011fi zaman demokratlar. Lafa geldi\u011fi zaman biz hak ve \u00f6zg\u00fcrl\u00fc\u011f\u00fcm\u00fcz\u00fc istiyoruz&#8230; Hak ve \u00f6zg\u00fcrl\u00fc\u011f\u00fc isteminin yolu bu de\u011fil. 12 Haziran&#8217;da sand\u0131k gelecek, sand\u0131kta hakk\u0131n\u0131 al, hak ve \u00f6zg\u00fcrl\u00fc\u011f\u00fc araman\u0131n yolu demokrasilerde bu. Adam \u00f6ld\u00fcrerek temel hak ve \u00f6zg\u00fcrl\u00fckler istenmez, adam \u00f6ld\u00fcrerek bu \u00fclkede demokrasiden bahsedilmez, adam \u00f6ld\u00fcrerek i\u015f ba\u015f\u0131na gelmek e\u015fk\u0131yan\u0131n i\u015fidir, \u00e7etenin i\u015fidir, ter\u00f6ristlerin i\u015fidir. Bunlara ihale verenler de ortaya \u00e7\u0131kacak. Onlar\u0131n da maskeleri d\u00fc\u015fecek. Hangi \u00e7eteyse, hangi ter\u00f6r \u00f6rg\u00fct\u00fcyse, hangi kirli odaksa, onlardan da bu ihanetin, bu al\u00e7akl\u0131\u011f\u0131n hesab\u0131n\u0131 soraca\u011f\u0131z.&#8221;<\/p>\n<p style=\"text-align: justify;\"><strong>&#8221;HERKES\u0130N SA\u011eDUYULU OLMASINI \u0130ST\u0130YORUM&#8221;<\/strong><\/p>\n<p style=\"text-align: justify;\">Millete seslendi\u011fini vurgulayan Erdo\u011fan, \u015funlar\u0131 s\u00f6yledi:<\/p>\n<p style=\"text-align: justify;\">&#8221; Bu a\u00e7\u0131k bir senaryodur, bu aleni bir senaryodur, bu bayat bir tezgaht\u0131r. Bu sald\u0131r\u0131lar, karde\u015fi karde\u015fe d\u00fc\u015f\u00fcrmeye y\u00f6nelik kirli bir tezgaht\u0131r. Herkesin sa\u011fduyulu olmas\u0131n\u0131 istiyorum. Osmaniyeli karde\u015fimin, Kastamonulu karde\u015fimin sa\u011fduyulu olmas\u0131n\u0131 istiyorum. Diyarbakarl\u0131, Mu\u015flu, Hakkarili, Vanl\u0131, Trabzonlu, Samsunlu karde\u015fiminin sa\u011fduyulu olmas\u0131n\u0131 istiyorum. Milletim bu tezgaha gelmesin, bu oyuna gelmesin istiyorum. Kim ki, bu olaylara kan\u0131p, karde\u015fine kar\u015f\u0131 husumet beslerse, bilin ki bu al\u00e7aklar\u0131n kirli tezgah\u0131na gelmi\u015ftir. Kim ki, bu olaylardan etkilenip, \u00f6fkesine hakim olamazsa, bilin ki, ter\u00f6r hedefine ula\u015fm\u0131\u015ft\u0131r.&#8221;<\/p>\n<p style=\"text-align: justify;\"><strong>&#8220;KEND\u0130 \u0130KBAL\u0130N\u0130Z \u0130\u00c7\u0130N S\u00d6D\u00dcRD\u00dc\u011e\u00dcN\u00dcZ OCAKLAR ARTIK YETER&#8221;<\/strong><\/p>\n<p style=\"text-align: justify;\">Erdo\u011fan, sa\u011fduyuyla, sab\u0131rla hareket edilmesi gerekti\u011fine i\u015faret ederek \u015funlar\u0131 s\u00f6yledi:<\/p>\n<p style=\"text-align: justify;\">&#8221;\u00dclkemiz g\u00fc\u00e7l\u00fcd\u00fcr, demokrasimiz g\u00fc\u00e7l\u00fcd\u00fcr, devletimiz g\u00fc\u00e7l\u00fcd\u00fcr, gere\u011fi neyse bu muhakkak yap\u0131lacakt\u0131r. Sab\u0131rla hareket edece\u011fiz. Onlar\u0131n oyununa, tezgah\u0131na, kirli tuzaklar\u0131na gelmeyece\u011fiz. Bu oyunu hep birlikte bozaca\u011f\u0131z. Buradan, \u00e7etelerin, ter\u00f6r \u00f6rg\u00fctlerinin, kirli odaklar\u0131n ta\u015feronlar\u0131na da sesleniyorum; Siyaset ad\u0131 alt\u0131nda gen\u00e7lerin kan\u0131ndan beslenen vampirlere, istismarc\u0131lara da sesleniyorum; Gen\u00e7lerin eline molotof kokteyli verenlere, parti binalar\u0131nda, parti otob\u00fcslerinde molotof kokteyli saklayanlara, belediyelerde molotof kokteyli saklayanlara, belediye binalar\u0131ndan vatanda\u015fa molotof kokteyli atanlara sesleniyorum; 5 ya\u015f\u0131ndaki \u00e7ocuklar\u0131n eline ta\u015f verip arkas\u0131na saklanacak kadar al\u00e7alm\u0131\u015flara, canilere, f\u0131rsat\u00e7\u0131lara da sesleniyorum; Gen\u00e7lerin kan\u0131ndan beslendi\u011finiz art\u0131k yeter. D\u00f6kt\u00fc\u011f\u00fcn\u00fcz \u015fehit kan\u0131 art\u0131k yeter. Kendi ikbaliniz i\u00e7in s\u00f6nd\u00fcrd\u00fc\u011f\u00fcn\u00fcz ocaklara art\u0131k yeter. Ve diyorum ki,  insanl\u0131\u011f\u0131n\u0131z\u0131 varsa, vicdan\u0131n\u0131z\u0131 varsa, sorumlulu\u011funuzu hat\u0131rlay\u0131n diyorum, bu \u00e7irkin yoldan geri d\u00f6n\u00fcn diyorum.&#8221;<\/p>\n<p style=\"text-align: justify;\"><strong>&#8221;TAR\u0130HTE TER\u00d6RLE YA\u015eAYANLAR H\u0130\u00c7 B\u0130R YERE VARAMADILAR&#8221;<\/strong><\/p>\n<p style=\"text-align: justify;\">Bu m\u00fccadelenin kararl\u0131 bir \u015fekilde s\u00fcrd\u00fcr\u00fclece\u011fini vurgulayan Ba\u015fbakan Erdo\u011fan, \u015f\u00f6yle devam etti:<\/p>\n<p style=\"text-align: justify;\">&#8221;Bilesiniz ki, tarihte ter\u00f6rle ya\u015fayanlar hi\u00e7 bir yere varamad\u0131lar, bundan sonra da varamayacaklar. Burada benim bir \u00e7a\u011fr\u0131m var, yaz\u0131l\u0131 ve g\u00f6rsel medyaya bir \u00e7a\u011fr\u0131m var; bunlar\u0131 \u015fu veya bu \u015fekilde televizyon programlar\u0131n\u0131zda besledi\u011finizin fark\u0131nda m\u0131s\u0131n\u0131z? Bunlar\u0131 ortaya \u00e7\u0131karal\u0131m, de\u015fifre edelim derken ter\u00f6r\u00fcn propagandas\u0131n\u0131 yapt\u0131\u011f\u0131n\u0131z\u0131n fark\u0131nda m\u0131s\u0131n\u0131z? Bunlar\u0131n siyasette ilintili olan \u00f6rg\u00fctlerini ortaya \u00e7\u0131karaca\u011f\u0131z derken bir \u00e7ok \u015feyin propagandas\u0131n\u0131 yapt\u0131\u011f\u0131n\u0131z\u0131n fark\u0131n da m\u0131s\u0131n\u0131z? Y\u00fczleri maskeli, elinde molotof kokteyli olan ter\u00f6ristlerin yan\u0131nda bunlar\u0131n milletvekilleriyle foto\u011fraf karelerini g\u00f6rm\u00fcyor musunuz? Bak\u0131yorsunuz ki il\u00e7e ba\u015fkan\u0131 torbada molotof kokteyli bunlar\u0131 geliyor gen\u00e7lere da\u011f\u0131t\u0131yor. Yakalan\u0131yor. \u015eu anda tutuklu, i\u00e7eride. Bunlar\u0131 anlatmaya gerek var m\u0131? \u0130l\u00e7e ba\u015fkan\u0131 b\u00f6yle, il ba\u015fkan\u0131 b\u00f6yle, milletvekilleri b\u00f6yle daha neyi anlatal\u0131m? Her \u015fey a\u00e7\u0131k ve net ortada. Ondan sonra da s\u00f6ylenen &#8216;biz hak ve \u00f6zg\u00fcrl\u00fcklerimizi ar\u0131yoruz&#8217; kusura bakma, hak ve \u00f6zg\u00fcrl\u00fckleri araman\u0131n yolu bu de\u011fil. AK Parti de ortaya \u00e7\u0131kt\u0131, AK Parti de kuruldu. Kuruldu\u011fumuz zaman bizim herhangi bir varl\u0131\u011f\u0131m\u0131z yoktu, 16 ayda benim milletim bizi iktidara ta\u015f\u0131d\u0131. Bu \u00fclkede y\u0131llar y\u0131l\u0131 partisi olanlar, ni\u00e7in milletim onlar\u0131 tek ba\u015f\u0131na iktidara getirmiyor. Cumhuriyetten eskiyiz diyenleri ni\u00e7in iktidara getirmiyor. Neden? \u00e7\u00fcnk\u00fc benim milletim, hani g\u00fczel bir s\u00f6z var ya, m\u00fcsl\u00fcman bir sokuldu\u011fu delikten bir daha sokulmaz. 2 kere sokulmak bize yak\u0131\u015fmaz. Onun i\u00e7in uyan\u0131k olaca\u011f\u0131z ve bu oyunu hep beraber, millet\u00e7e bozaca\u011f\u0131z. Ben Osmaniyeli karde\u015flerimin g\u00f6z\u00fcnde bunu g\u00f6r\u00fcyorum.&#8221;<\/p>\n<p style=\"text-align: justify;\"><strong>TU\u011eLUK&#8217;A YANIT VERD\u0130<\/strong><\/p>\n<p style=\"text-align: justify;\">Ba\u015fbakan Recep Tayyip Erdo\u011fan, Demokratik Toplum Kongresi Genel Ba\u015fkan Yard\u0131mc\u0131s\u0131 Aysel Tu\u011fluk&#8217;un s\u00f6zlerine ili\u015fkin, &#8221;Yakla\u015f\u0131k 20-25 katrilyonu bulan yat\u0131r\u0131m Do\u011fu ve G\u00fcneydo\u011fu Anadolu&#8217;ya yap\u0131lm\u0131\u015ft\u0131r. Bunlar\u0131n oldu\u011fu bir s\u00fcreci bu \u015fekilde de\u011ferlendirmek \u00e7ok \u00e7ok yanl\u0131\u015ft\u0131r, bu bir farkl\u0131 \u015fekilde meydan okuma y\u00f6ntemidir ki bu y\u00f6ntem demokratik bir y\u00f6ntem de\u011fildir. Bunu da benim halk\u0131m en g\u00fczel \u015feklide de\u011ferlendirir&#8221; dedi.<\/p>\n<p style=\"text-align: justify;\">&#8221;\u015eu anda BDP&#8217;nin mant\u0131\u011f\u0131 budur. BDP, demokratik yollarla de\u011fil, ne yaz\u0131k ki yakla\u015f\u0131m tarz\u0131, \u015fu anda ter\u00f6r \u00f6rg\u00fct\u00fcn\u00fcn destekleriyle bir yere varman\u0131n gayreti i\u00e7erisinde ve deste\u011fi orada bulmaktad\u0131r. Ne Kuzey Afrika&#8217;da ne Ortado\u011fu&#8217;da olanla bunlar\u0131n yapt\u0131klar\u0131n\u0131n yak\u0131nda uzaktan alakas\u0131 yok. Bir defa oralarda bir demokratik ortam s\u00f6z konusu de\u011fil&#8221; dedi.<\/p>\n<p style=\"text-align: justify;\"><a href=\"http:\/\/www.gazeteport.com.tr\/SIYASET\/NEWS\/GP_899915\" target=\"_blank\">Kaynak : GAZETEPORT<\/a><\/p>\n","protected":false},"excerpt":{"rendered":"<p style=\"text-align: justify;\">\n<p style=\"text-align: justify;\">Ak Parti Genel Ba\u015fkan\u0131 ve Ba\u015fbakan Recep Tayyip Erdo\u011fan, &#8221;Adam \u00f6ld\u00fcrerek temel hak ve \u00f6zg\u00fcrl\u00fckler istenmez, adam \u00f6ld\u00fcrerek bu \u00fclkede demokrasiden bahsedilmez, adam \u00f6ld\u00fcrerek i\u015f ba\u015f\u0131na gelmek e\u015fk\u0131yan\u0131n i\u015fidir, \u00e7etenin i\u015fidir, ter\u00f6ristlerin i\u015fidir&#8221; dedi. <\/p>\n","protected":false},"author":1,"featured_media":0,"comment_status":"open","ping_status":"closed","sticky":false,"template":"","format":"standard","meta":{"footnotes":""},"categories":[105],"tags":[],"class_list":["post-31941","post","type-post","status-publish","format-standard","hentry","category-gundem","odd"],"_links":{"self":[{"href":"http:\/\/www.korhanyilmaz.com\/index.php?rest_route=\/wp\/v2\/posts\/31941","targetHints":{"allow":["GET"]}}],"collection":[{"href":"http:\/\/www.korhanyilmaz.com\/index.php?rest_route=\/wp\/v2\/posts"}],"about":[{"href":"http:\/\/www.korhanyilmaz.com\/index.php?rest_route=\/wp\/v2\/types\/post"}],"author":[{"embeddable":true,"href":"http:\/\/www.korhanyilmaz.com\/index.php?rest_route=\/wp\/v2\/users\/1"}],"replies":[{"embeddable":true,"href":"http:\/\/www.korhanyilmaz.com\/index.php?rest_route=%2Fwp%2Fv2%2Fcomments&post=31941"}],"version-history":[{"count":0,"href":"http:\/\/www.korhanyilmaz.com\/index.php?rest_route=\/wp\/v2\/posts\/31941\/revisions"}],"wp:attachment":[{"href":"http:\/\/www.korhanyilmaz.com\/index.php?rest_route=%2Fwp%2Fv2%2Fmedia&parent=31941"}],"wp:term":[{"taxonomy":"category","embeddable":true,"href":"http:\/\/www.korhanyilmaz.com\/index.php?rest_route=%2Fwp%2Fv2%2Fcategories&post=31941"},{"taxonomy":"post_tag","embeddable":true,"href":"http:\/\/www.korhanyilmaz.com\/index.php?rest_route=%2Fwp%2Fv2%2Ftags&post=31941"}],"curies":[{"name":"wp","href":"https:\/\/api.w.org\/{rel}","templated":true}]}}