{"id":31937,"date":"2011-05-05T16:35:22","date_gmt":"2011-05-05T13:35:22","guid":{"rendered":"http:\/\/www.korhanyilmaz.com\/?p=31937"},"modified":"2011-05-05T16:35:22","modified_gmt":"2011-05-05T13:35:22","slug":"talimatin-sifresi-ilgazda-buyuk-ates-yakin","status":"publish","type":"post","link":"http:\/\/www.korhanyilmaz.com\/?p=31937","title":{"rendered":"Talimat\u0131n \u015fifresi &#8220;Ilgaz&#8217;da b\u00fcy\u00fck ate\u015f yak\u0131n&#8221;"},"content":{"rendered":"<p style=\"text-align: justify;\"><a href=\"http:\/\/www.korhanyilmaz.com\/wp-content\/uploads\/2011\/05\/046.jpg\"  class=\"lightview\"><img loading=\"lazy\" decoding=\"async\" class=\"aligncenter size-full wp-image-31938\" src=\"http:\/\/www.korhanyilmaz.com\/wp-content\/uploads\/2011\/05\/046.jpg\" alt=\"\" width=\"414\" height=\"221\" \/><\/a><\/p>\n<p style=\"text-align: justify;\">Ba\u015fbakan Recep Tayyip Erdo\u011fan&#8217;\u0131n d\u00fcn Kastamonu mitinginden sonra Ankara&#8217;ya d\u00f6n\u00fc\u015fe ge\u00e7en AK Parti ve Ba\u015fbakanl\u0131k g\u00f6revlilerinin konvoyuna sald\u0131rarak polis memuru Recep \u015eahin&#8217;i \u015fehit eden, mesai arkada\u015f\u0131 Metin Ku\u015f&#8217;u da yaralayan ter\u00f6ristlerin yakalanmas\u0131 i\u00e7in Ilgaz Da\u011f\u0131 kar\u0131\u015f kar\u0131\u015f taran\u0131yor. <!--more--><\/p>\n<p style=\"text-align: justify;\">Kastamonu valisinin yapt\u0131\u011f\u0131 a\u00e7\u0131klamaya g\u00f6re ise olay\u0131 PKK \u00fcstlendi. Kastamonu Valisi &#8220;Biz PKK demiyoruz ama sald\u0131r\u0131y\u0131 PKK&#8217;l\u0131 bir grup \u00fcstlendi&#8221; dedi. Vali s\u00f6zlerine devamla &#8220;Biz bu grubun hareketlenmelerinden, amac\u0131ndan haberdard\u0131k. Grubun as\u0131l hedefi, b\u00f6lgede sesini duyurmak, polise kar\u015f\u0131 bir eylem yapmak. Eylemin olu\u015f \u015fekli de bize bunu do\u011fruluyor. E\u011fer ba\u015fbakan\u0131n konvoyu bilgisi ve amac\u0131yla hareket edilseydi, bu olay yerinde daha farkl\u0131 geli\u015fmelere, daha farkl\u0131 \u00e7apl\u0131 organizasyonlara imkanlar vard\u0131.&#8221; diyerek sald\u0131r\u0131n\u0131n g\u00f6z g\u00f6re g\u00f6re geldi\u011fini dile getirdi.<\/p>\n<p style=\"text-align: justify;\">\u00d6te yandan konvoya silahl\u0131 sald\u0131r\u0131 d\u00fczenleyen PKK&#8217;l\u0131 ter\u00f6ristlerin konu\u015fmalar\u0131 da, telsiz konu\u015fmalar\u0131na yans\u0131d\u0131. Konu\u015fmalar\u0131nda Zafer kod adl\u0131 ter\u00f6rist tek hedefin AK Parti oldu\u011funu s\u00f6ylemesi dikkat \u00e7ekiyor.<\/p>\n<p style=\"text-align: justify;\">KASTAMONU &#8211; D\u00fcn saat 17.15 s\u0131ralar\u0131nda, Kastamonu&#8217;ya yakla\u015f\u0131k 30 kilometre uzakl\u0131kta Ilgaz Da\u011f\u0131&#8217;n\u0131n zirveye yak\u0131n \u00c7atal\u00e7am Mevkii&#8217;ndeki kanl\u0131 sald\u0131r\u0131y\u0131 ger\u00e7ekle\u015ftirdikten sonra ormanl\u0131k alana ka\u00e7an ter\u00f6ristlere y\u00f6nelik operasyon s\u00fcrerken, sad\u0131r\u0131yla ilgili ayr\u0131nt\u0131lar netle\u015fmeye ba\u015flad\u0131. \u0130stihbarat birimlerine ula\u015fan bilgilere g\u00f6re sald\u0131r\u0131, b\u00f6lgedeki daha \u00f6nceki baz\u0131 eylemlerde oldu\u011fu gibi PKK- T\u0130KKO i\u015fbirli\u011fi ile ger\u00e7ekle\u015ftirildi.<\/p>\n<p style=\"text-align: justify;\"><strong>&#8220;ILGAZ&#8217;DA ATE\u015e YAKIN&#8221; TAL\u0130MATI<\/strong><\/p>\n<p style=\"text-align: justify;\">AK Parti konvoyuna y\u00f6nelik sald\u0131r\u0131y\u0131 ger\u00e7ekle\u015ftiren grupta 4 ter\u00f6ristin bulundu\u011fu, uzun namlulu silahlar, \u00e7elik yelek delen mermiler yan\u0131nda el bombas\u0131 da kullan\u0131ld\u0131\u011f\u0131 saptand\u0131. Polis ve jandarman\u0131n olay yeri inceleme ekipleri, sald\u0131r\u0131 b\u00f6lgesinde uzun namlulu silahlara ait \u00e7ok say\u0131da bo\u015f kovanla birlikte el bombas\u0131 par\u00e7alar\u0131 da buldu. Ter\u00f6ristlerin, konvoya eskort g\u00f6revi yapan polis arac\u0131na 1 el bombas\u0131 att\u0131ktan sonra, 3 ayr\u0131 noktadan uzun namlulu silahlarla ate\u015f a\u00e7t\u0131klar\u0131, ter\u00f6ristlerden birinin g\u00f6zc\u00fcl\u00fck yaparak konvoyun geldi\u011fini bildirdi\u011fi saptand\u0131.<\/p>\n<p style=\"text-align: justify;\">\u0130stihbarat birimlerine gelen bilgilere g\u00f6re, aralar\u0131nda  &#8216;Munzur&#8217; ve &#8216;Zerzan&#8217; kod adl\u0131 PKK&#8217;l\u0131lar\u0131n da bulundu\u011fu gruba eylem emri \u00f6rg\u00fct taraf\u0131ndan &#8220;Ilgaz&#8217;da b\u00fcy\u00fck bir ate\u015f yak\u0131n, herkes g\u00f6rs\u00fcn&#8221; \u015fifresiyle verildi. Eylemde g\u00f6revlendirilen 4 ter\u00f6risten 3&#8217;\u00fcn\u00fcn, konvoydaki ara\u00e7lar\u0131n t\u0131rmanma noktas\u0131nda yava\u015flad\u0131\u011f\u0131 virajda pusu kurdu\u011fu, di\u011fer ter\u00f6ristin g\u00f6zc\u00fcl\u00fck yaparak konvoyun geldi\u011fini bildirdi\u011fi ortaya \u00e7\u0131kt\u0131.<\/p>\n<p style=\"text-align: justify;\">Sald\u0131r\u0131n\u0131n yap\u0131ld\u0131\u011f\u0131 b\u00f6lgenin yak\u0131n\u0131ndaki Kay\u0131 K\u00f6y\u00fc&#8217;ndeki vatanda\u015flar\u0131n birka\u00e7 g\u00fcn \u00f6nce b\u00f6lgede silahl\u0131 ki\u015filer g\u00f6rerek ihbar etti\u011fi ve g\u00fcvenlik g\u00fc\u00e7lerinin k\u00f6ye gelerek vatanda\u015flar\u0131n bilgisine ba\u015fvurdu\u011fu, ancak ter\u00f6ristlerin izlerini kaybettirdi\u011fi belirtildi.<\/p>\n<p style=\"text-align: justify;\"><strong>ILGAZ&#8217;DA B\u00dcY\u00dcK OPERASYON<\/strong><\/p>\n<p style=\"text-align: justify;\">Kastamonu mitinginden d\u00f6nen Ak Parti konvoyuna sald\u0131rarak polis \u015fehit eden ter\u00f6ristlerin yakalanmas\u0131 ard\u0131ndan b\u00f6lgede ba\u015flat\u0131lan operasyona, Ankara&#8217;dan sevk edilen takviye birlikler de kat\u0131yor.<\/p>\n<p style=\"text-align: justify;\">Jandarma Genel Komutanl\u0131\u011f\u0131&#8217;ndan d\u00fcn gece helikopterlerle Ilgaz&#8217;a g\u00f6nderilen birlik ile polis timleri ortakla\u015fa operasyonla Ilgaz Da\u011f\u0131&#8217;n\u0131 kar\u0131\u015f kar\u0131\u015f taramaya ba\u015flad\u0131. Ya\u011f\u0131\u015fl\u0131 ve sisli havaya ra\u011fmen b\u00fcy\u00fck opeasyonun sonu\u00e7 al\u0131n\u0131ncaya kadar devam edece\u011fi belirtildi.<\/p>\n<p style=\"text-align: justify;\">Daha \u00f6nce Kastamonu Emniyet M\u00fcd\u00fcrl\u00fc\u011f\u00fc&#8217;nde g\u00f6rev yapan Emniyet Genel M\u00fcd\u00fcrl\u00fc\u011f\u00fc \u0130stihbarat Daire Ba\u015fkan\u0131 \u00d6mer Alt\u0131parmak da bug\u00fcn \u00f6\u011fle saatlerinde sald\u0131r\u0131n\u0131n ger\u00e7ekle\u015ftirildi\u011fi yere gelerek olay yeri inceleme ekiplerinden bilgi ald\u0131.<\/p>\n<p style=\"text-align: justify;\">Bu arada d\u00fcnk\u00fc sald\u0131r\u0131 ard\u0131ndan Kastamonu kent giri\u015finde g\u00f6zalt\u0131na al\u0131nan 2 ki\u015finin sorgusu s\u00fcr\u00fcyor. Sald\u0131r\u0131n\u0131n meydana geldi\u011fi \u00c7atal\u00e7am b\u00f6lgesinin nerede oldu\u011fu sorduklar\u0131 i\u00e7in \u015f\u00fcphe \u00fczerine g\u00f6zalt\u0131na al\u0131nan bu ki\u015filerin ter\u00f6ristlerle ba\u011flant\u0131lar\u0131n\u0131n olup olmad\u0131\u011f\u0131 ara\u015ft\u0131r\u0131l\u0131yor.<\/p>\n<p style=\"text-align: justify;\"><strong>TER\u00d6R\u0130STLER\u0130 G\u00d6REN K\u00d6YL\u00dcLER ANLATIYOR<\/strong><\/p>\n<p style=\"text-align: justify;\">Kastamonu\u2019nun Ta\u015fk\u00f6pr\u00fc\u2019n\u00fcn \u00c7eki\u015f K\u00f6y\u00fc\u2019nde baz\u0131 vatanda\u015flar, d\u00fcn Ba\u015fbakan Erdo\u011fan\u2019\u0131n Kastamonu mitinginden d\u00f6nen konvoya sald\u0131ran ter\u00f6ristleri, g\u00fcnler \u00f6nce b\u00f6lgede g\u00f6rd\u00fcklerini s\u00f6yledi. K\u00f6y\u00fcn Pu\u015flu Mahallesi\u2019nde oturan Sat\u0131lm\u0131\u015f \u00d6zsoy, ge\u00e7ti\u011fimiz 23 Nisan tarihinde il\u00e7eye ba\u011fl\u0131 \u00c7eki\u00e7 k\u00f6y\u00fc mevkiinde mantar toplamaya gitti\u011fi s\u0131rada 6 ki\u015filik ter\u00f6rist grubunu yemek yedikleri s\u0131rada g\u00f6rd\u00fc\u011f\u00fcn\u00fc, ter\u00f6ristlerin kimseye s\u00f6ylememesi i\u00e7in tembihledi\u011fini anlatt\u0131. Olay\u0131 jandarmaya bildirdi\u011fini belirten Sat\u0131lm\u0131\u015f \u00d6zsoy\u2019un bu olay\u0131n ard\u0131ndan rahats\u0131zland\u0131\u011f\u0131n\u0131 ve halen kendisini toparlayamad\u0131\u011f\u0131n\u0131 s\u00f6yledi.<\/p>\n<p style=\"text-align: justify;\">Bu olaydan sonra Ta\u015fk\u00f6pr\u00fc\u2019ye ba\u011fl\u0131 Armutlu, \u0130nce\u00f6z, Pu\u015flu Kabalar, Karacakaya k\u00f6ylerinde ya\u015fayan vatanda\u015flar ise yakla\u015f\u0131k 12 g\u00fcnd\u00fcr tedirgin olduklar\u0131n\u0131 ve mecbur kalmad\u0131k\u00e7a evden \u00e7\u0131kmad\u0131klar\u0131n\u0131 belirttier.<\/p>\n<p style=\"text-align: justify;\">Armutlu K\u00f6y\u00fc sakinlerinden Selahattin \u00c7atal, son olarak d\u00fcnk\u00fc olaydan sonra g\u00fcvenlik g\u00fc\u00e7lerinin bu olaylar\u0131n \u00f6n\u00fcne ge\u00e7erek su\u00e7lular\u0131n adalete teslim edilmesiyle birlikte kendilerinin de ancak b\u00f6ylelikle rahat bir nefes alabileceklerini s\u00f6yledi. \u00c7atal, daha \u00f6nceki y\u0131llarda b\u00f6yle bir olayla kar\u015f\u0131 kar\u015f\u0131ya gelmediklerini, hayvanlar\u0131n\u0131 bile evlerinin hemen yan\u0131na ancak indirip otlatabildiklerini ve gece k\u00f6yde ya\u015fayan her ak\u015fam bir evde toplan\u0131p oturduklar\u0131n\u0131 anlatt\u0131.<\/p>\n<p style=\"text-align: justify;\">Armutlu K\u00f6y\u00fc Muhtar\u0131 Haluk G\u00f6k\u00e7ek ise g\u00fcvenlik g\u00fc\u00e7lerinden kendilerinin de ald\u0131\u011f\u0131 bilgiye g\u00f6re \u00e7evre k\u00f6ylerde bo\u015f durumda olan evlere ter\u00f6ristlerin girerek geceleri oralarda kald\u0131klar\u0131n\u0131 \u00f6\u011frendiklerini s\u00f6yledi. G\u00f6k\u00e7ek, 23 Nisan\u2019da ter\u00f6ristlerin b\u00f6lgede g\u00f6r\u00fclmesinin ard\u0131ndan \u00d6zel Harekat ekiplerinin b\u00f6lgede bir s\u00fcre tedbir ald\u0131\u011f\u0131n\u0131, ancak halen tedirgin olduklar\u0131n\u0131 belirtti.<\/p>\n<p style=\"text-align: justify;\"><strong>KASTAMONU VAL\u0130S\u0130 BEKTA\u015e<\/strong><\/p>\n<p style=\"text-align: justify;\">Kastamonu Valisi Erdo\u011fan Bekta\u015f, d\u00fcn 1 polisin \u015fehit oldu\u011fu 1 polisin de yaraland\u0131\u011f\u0131 olayla ilgili, &#8221;D\u00fcnk\u00fc eylemin kamuoyuna ba\u015fbakan\u0131n konvoyuna sald\u0131r\u0131 \u015feklinde yans\u0131d\u0131\u011f\u0131n\u0131 biliyoruz. Ama bizim de\u011ferlendirmemiz, bu olay\u0131n ba\u015fbakan\u0131n konvoyu niyeti ve bilgisiyle olmad\u0131\u011f\u0131 \u015feklinde&#8221; dedi.<\/p>\n<p style=\"text-align: justify;\">Bekta\u015f, d\u00fczenledi\u011fi bas\u0131n toplant\u0131s\u0131nda, kendilerine ula\u015fan bilgiler ve de\u011ferlendirmelerine g\u00f6re 5-6 ki\u015filik bir PKK&#8217;l\u0131 ter\u00f6rist grubun Sinop, \u00c7orum ve Kastamonu da muhtelif yerlerde g\u00f6r\u00fcnt\u00fc verdi\u011fini kaydetti.<\/p>\n<p style=\"text-align: justify;\">Bu grubun Boyabat&#8217;ta bir eyleme te\u015febb\u00fcs etti\u011fini hat\u0131rlatan Bekta\u015f, \u015funlar\u0131 kaydetti:<\/p>\n<p style=\"text-align: justify;\">&#8221;D\u00fcnk\u00fc eylemi de ayn\u0131 grubun \u00fcstlendi\u011fini biliyoruz. D\u00fcnk\u00fc eylemin kamuoyuna ba\u015fbakan\u0131n konvoyuna sald\u0131r\u0131 \u015feklinde yans\u0131d\u0131\u011f\u0131n\u0131 biliyoruz. Ama bizim de\u011ferlendirmemiz, bu olay\u0131n Ba\u015fbakan\u0131n konvoyu niyeti ve bilgisiyle olmad\u0131\u011f\u0131 \u015feklinde. Biz bu grubun hareketlenmelerinden, amac\u0131ndan haberdard\u0131k. Grubun as\u0131l hedefi, b\u00f6lgede sesini duyurmak, polise kar\u015f\u0131 bir eylem yapmak. Eylemin olu\u015f \u015fekli de bize bunu do\u011fruluyor. E\u011fer ba\u015fbakan\u0131n konvoyu bilgisi ve amac\u0131yla hareket edilseydi, bu olay yerinde daha farkl\u0131 geli\u015fmelere, daha farkl\u0131 \u00e7apl\u0131 organizasyonlara imkanlar vard\u0131.&#8221;<\/p>\n<p style=\"text-align: justify;\">Bekta\u015f, ancak olay\u0131n \u015feklinden, ama\u00e7lar\u0131n\u0131n bu olmad\u0131\u011f\u0131 y\u00f6n\u00fcnde bir de\u011ferlendirmede bulunduklar\u0131n\u0131 belirterek, \u015f\u00f6yle konu\u015ftu:<\/p>\n<p style=\"text-align: justify;\">&#8221;O sadece bir denk geldi. Orman i\u00e7erisinde bir bekleyi\u015fe ge\u00e7mi\u015fler ve gelecek bir polis arac\u0131 bekliyorlard\u0131. \u0130lk g\u00f6rd\u00fckleri trafik polisi arac\u0131n\u0131 silahla tarad\u0131lar ve \u00f6nce arac\u0131n \u015fof\u00f6r\u00fcn\u00fc hedefleyerek at\u0131\u015f yapt\u0131lar. \u015eof\u00f6r ilk ald\u0131\u011f\u0131 ate\u015fle yaraland\u0131 devre d\u0131\u015f\u0131 kald\u0131. Yan\u0131ndaki arkada\u015f\u0131 o ger\u00e7ekten bir kahraman, yaral\u0131 olmas\u0131na ra\u011fmen, araban\u0131n sa\u011f tarafta olmas\u0131na ra\u011fmen sa\u011f kap\u0131y\u0131 a\u00e7amay\u0131p yaral\u0131 arkada\u015f\u0131n\u0131 a\u015farak, arabadan \u00e7\u0131k\u0131yor ve yaral\u0131 olmas\u0131na ra\u011fmen ter\u00f6ristlere cevap veriyor ve ter\u00f6ristler o olay\u0131 takip edemeden yaral\u0131 iki \u00e7ocu\u011fa kar\u015f\u0131 herhangi bir harekete ge\u00e7emeden ka\u00e7\u0131yorlar ve orman\u0131n i\u00e7inden kayboluyorlar. O b\u00f6lge orman&#8230; b\u00fct\u00fcn\u00fcyle orman&#8230; Bir \u015fehidimiz var. Bir yavrumuz yetim kald\u0131, bir k\u0131z\u0131m\u0131z dul kald\u0131, ac\u0131m\u0131z ger\u00e7ekten b\u00fcy\u00fck. Kastamonu&#8217;da b\u00f6yle bir olay\u0131n, bayram olabilecek bir g\u00fcne denk gelmesi ger\u00e7ekten \u00e7ok onursuz bir s\u00fcrpriz. Ama bu bir s\u00fcrpriz, bizim de\u011ferlendirmemiz bu.&#8221;<\/p>\n<p style=\"text-align: justify;\"><strong>&#8220;TEK HEDEF AKP&#8221;<\/strong><\/p>\n<p style=\"text-align: justify;\">Ba\u015fbakan Recep Tayyip Erdo\u011fan&#8217;\u0131n Kastamonu mitinginden d\u00f6nen konvoya silahl\u0131 sald\u0131r\u0131 d\u00fczenleyen PKK&#8217;l\u0131 ter\u00f6ristlerin konu\u015fmalar\u0131, telsiz konu\u015fmalar\u0131na yans\u0131d\u0131.<\/p>\n<p style=\"text-align: justify;\">Telsiz konu\u015fmalar\u0131nda Zafer kod adl\u0131 ter\u00f6rist tek hedefin AK Parti oldu\u011funu s\u00f6ylemesi dikkat \u00e7ekiyor.<\/p>\n<p style=\"text-align: justify;\">&#8211; zeynel dinliyorum dinliyorum<\/p>\n<p style=\"text-align: justify;\">roj: zeynel zerzan&#8217;a anonsu tekrar edelim mi<\/p>\n<p style=\"text-align: justify;\">zeynel: dicle yav bir bilgi var vereyim mi<\/p>\n<p style=\"text-align: justify;\">dicle: dinliyorum<\/p>\n<p style=\"text-align: justify;\">zeynel: bu kastamonu&#8217;daki eylem<\/p>\n<p style=\"text-align: justify;\">dicle: tamam kastamonu&#8217;daki bilgi i\u00e7in<\/p>\n<p style=\"text-align: justify;\">zeynel: bu kastamonu&#8217;daki eylem arkada\u015flar taraf\u0131ndan yap\u0131lm\u0131\u015ft\u0131r.<\/p>\n<p style=\"text-align: justify;\">dicle: tamam kastamonu&#8217;daki eylem arkada\u015flar taraf\u0131ndan yap\u0131lm\u0131\u015ft\u0131r.<\/p>\n<p style=\"text-align: justify;\">zeynel: zerzana \u00e7a\u011fr\u0131 yap\u0131ls\u0131n bilgi versin. \u00e7\u0131kmazsa ayr\u0131nt\u0131lar\u0131n\u0131 sonra verece\u011fim<\/p>\n<p style=\"text-align: justify;\">dicle: zerzana \u00e7a\u011fr\u0131 yap\u0131ls\u0131n bilgi versin. \u00e7\u0131kmazsa ayr\u0131nt\u0131lar\u0131n\u0131 sonra verece\u011fim<\/p>\n<p style=\"text-align: justify;\">dicle: heval zerzan ile ba\u011flant\u0131 yap bilgi ver<\/p>\n<p style=\"text-align: justify;\">roj: &#8230;..almad\u0131<\/p>\n<p style=\"text-align: justify;\">dicle: roj beklemede kal. zeynel sonra kini alamad\u0131k<\/p>\n<p style=\"text-align: justify;\">zeynel: tekmilden sonra saha kanal\u0131n da roj ile<\/p>\n<p style=\"text-align: justify;\">dicle: zerzan tekmilden sonra sahaya m\u0131 ge\u00e7sin<\/p>\n<p style=\"text-align: justify;\">zeynel: roj. roj<\/p>\n<p style=\"text-align: justify;\">munzur: zeynel<\/p>\n<p style=\"text-align: justify;\">zeynel: dinliyorum<\/p>\n<p style=\"text-align: justify;\">munzur: &#8230;. zerzana ba\u011flanmas\u0131na gerek yoktur. o &#8230;.<\/p>\n<p style=\"text-align: justify;\">zeynel: do\u011fru do\u011fru zaten.<\/p>\n<p style=\"text-align: justify;\">munzur: &#8230;&#8230;.<\/p>\n<p style=\"text-align: justify;\">munzur: dicle<\/p>\n<p style=\"text-align: justify;\">dicle: dinliyorum<\/p>\n<p style=\"text-align: justify;\">munzur: o zerzana di\u011fer anons iptaldir. zerana di\u011fer anons iptaldir<\/p>\n<p style=\"text-align: justify;\">dicle: heval tamam<\/p>\n<p style=\"text-align: justify;\">munzur: roj tekmilen sonra sahaya ge\u00e7sin<\/p>\n<p style=\"text-align: justify;\">dicle: heval tamam<\/p>\n<p style=\"text-align: justify;\">dicle: zerzan e\u011fer ses al\u0131yorsan tekmilden sonra sahaya ge\u00e7<\/p>\n<p style=\"text-align: justify;\">roj: zerzan e\u011fer ses al\u0131yorsan tekmilden sonra sahaya ge\u00e7<\/p>\n<p style=\"text-align: justify;\">munzur: roj<\/p>\n<p style=\"text-align: justify;\">roj: dinliyorum<\/p>\n<p style=\"text-align: justify;\">munzur:tamam eylem b\u00fcy\u00fck bir ihtimalle arkada\u015flar taraf\u0131ndan yap\u0131lm\u0131\u015ft\u0131r<\/p>\n<p style=\"text-align: justify;\">roj: tamam<\/p>\n<p style=\"text-align: justify;\">munzur: &#8230;..arkada\u015flar taraf\u0131ndan yap\u0131lm\u0131\u015ft\u0131r&#8230;&#8230;. bilgi alman\u0131z i\u00e7in biraz zorlaman\u0131z laz\u0131m<\/p>\n<p style=\"text-align: justify;\">roj: heval olmaz ise ben gene ya anons yapar\u0131m ben gene \u00e7\u0131karmaya \u00e7al\u0131\u015f\u0131r\u0131m<\/p>\n<p style=\"text-align: justify;\">munzur: tamam&#8230;<\/p>\n<p style=\"text-align: justify;\">roj: dur dur anlad\u0131m onu radyo \u00fczerinden \u00e7\u0131karmaya \u00e7al\u0131\u015f\u0131r\u0131m<\/p>\n<p style=\"text-align: justify;\">munzur: do\u011fru zorlama olursa arkada\u015flar hi\u00e7 \u00e7\u0131kmazlar. biliyorsun arkada\u015flar g\u00fcvenlik tedbiri i\u00e7in<\/p>\n<p style=\"text-align: justify;\">roj: do\u011fru do\u011fru<\/p>\n<p style=\"text-align: justify;\">munzur: ayr\u0131ca bu kastamonu \u0131lgaz da\u011flar\u0131nda operasyon var pusulamalar var arkada\u015flar dikkatli olsun<\/p>\n<p style=\"text-align: justify;\">roj: tamam. o zaman biz yar\u0131n anons ederiz. deriz operasyonlar var arkada\u015flar dikkatli olsunlar<\/p>\n<p style=\"text-align: justify;\">munzur : tamam. zaten eylem &#8230;..<\/p>\n<p style=\"text-align: justify;\">roj: heval tamam<\/p>\n<p style=\"text-align: justify;\">munzur:&#8230;..<\/p>\n<p style=\"text-align: justify;\">roj: tamam ben &#8230;&#8230;<\/p>\n<p style=\"text-align: justify;\">munzur: &#8230;&#8230;<\/p>\n<p style=\"text-align: justify;\">roj: heval tamam ben tekmilden on dakika \u00f6nce gene bu kanala gelirim e\u011fer gelecekse&#8230; olmazsa \u00e7a\u011fr\u0131 yapar\u0131m<\/p>\n<p style=\"text-align: justify;\">munzur: tamam<\/p>\n<p style=\"text-align: justify;\">roj: ba\u015fka bi\u015fey diyecek misin<\/p>\n<p style=\"text-align: justify;\">munzur: heval yok<\/p>\n<p style=\"text-align: justify;\">roj: tamam s.s.<\/p>\n<p style=\"text-align: justify;\">munzur: s.s.<\/p>\n<p style=\"text-align: justify;\">munzur: &#8230;..<\/p>\n<p style=\"text-align: justify;\">zafer: valla \u00e7ok g\u00fczel bir eylem oldu yani&#8230;&#8230;<\/p>\n<p style=\"text-align: justify;\">munzur: &#8230;..akp&#8230;&#8230;.<\/p>\n<p style=\"text-align: justify;\">zefer: heval zaten tek hedef art\u0131k onlard\u0131r ha<\/p>\n<p style=\"text-align: justify;\">munzur: &#8230;&#8230;<\/p>\n<p style=\"text-align: justify;\">zafer: yani bundan sonra ki tek hedefimiz onlard\u0131r yani akp&#8217;dir<\/p>\n<p style=\"text-align: justify;\">munzur: &#8230;..akp&#8230;<\/p>\n<p style=\"text-align: justify;\">zafer: do\u011fru do\u011fru<\/p>\n<p style=\"text-align: justify;\">zeyenl: munzur<\/p>\n<p style=\"text-align: justify;\">zafer: munzur zeynel \u00e7a\u011fr\u0131 yapt\u0131<\/p>\n<p style=\"text-align: justify;\">munzur: &#8230;.<\/p>\n<p style=\"text-align: justify;\">zafer: heval tamam s.s.<\/p>\n<p style=\"text-align: justify;\">zeynel: &#8230;.<\/p>\n<p style=\"text-align: justify;\">zafer: heval tamam dinliyorum<\/p>\n<p style=\"text-align: justify;\">zeynel:\u00e7\u0131kmad\u0131lar m\u0131<\/p>\n<p style=\"text-align: justify;\">zafer: nas\u0131l<\/p>\n<p style=\"text-align: justify;\">zeynel: \u00e7\u0131kmad\u0131lar m\u0131<\/p>\n<p style=\"text-align: justify;\">zafer: olumsuz \u00e7\u0131kmad\u0131lar<\/p>\n<p style=\"text-align: justify;\">zeynel: &#8230;..<\/p>\n<p style=\"text-align: justify;\">zafer: nas\u0131l<\/p>\n<p style=\"text-align: justify;\">zeynel: zafer<\/p>\n<p style=\"text-align: justify;\">zafer: zeynel<\/p>\n<p style=\"text-align: justify;\">zeynel: &#8230;.<\/p>\n<p style=\"text-align: justify;\">zafer: ya sesin d\u00fc\u015ft\u00fc ha<\/p>\n<p style=\"text-align: justify;\"><a href=\"http:\/\/www.gazeteport.com.tr\/GUNCEL\/NEWS\/GP_899802\" target=\"_blank\">Kaynak : GAZETEPORT<\/a><\/p>\n","protected":false},"excerpt":{"rendered":"<p style=\"text-align: justify;\">\n<p style=\"text-align: justify;\">Ba\u015fbakan Recep Tayyip Erdo\u011fan&#8217;\u0131n d\u00fcn Kastamonu mitinginden sonra Ankara&#8217;ya d\u00f6n\u00fc\u015fe ge\u00e7en AK Parti ve Ba\u015fbakanl\u0131k g\u00f6revlilerinin konvoyuna sald\u0131rarak polis memuru Recep \u015eahin&#8217;i \u015fehit eden, mesai arkada\u015f\u0131 Metin Ku\u015f&#8217;u da yaralayan ter\u00f6ristlerin yakalanmas\u0131 i\u00e7in Ilgaz Da\u011f\u0131 kar\u0131\u015f kar\u0131\u015f taran\u0131yor. <\/p>\n","protected":false},"author":1,"featured_media":0,"comment_status":"open","ping_status":"closed","sticky":false,"template":"","format":"standard","meta":{"footnotes":""},"categories":[105],"tags":[],"class_list":["post-31937","post","type-post","status-publish","format-standard","hentry","category-gundem","odd"],"_links":{"self":[{"href":"http:\/\/www.korhanyilmaz.com\/index.php?rest_route=\/wp\/v2\/posts\/31937","targetHints":{"allow":["GET"]}}],"collection":[{"href":"http:\/\/www.korhanyilmaz.com\/index.php?rest_route=\/wp\/v2\/posts"}],"about":[{"href":"http:\/\/www.korhanyilmaz.com\/index.php?rest_route=\/wp\/v2\/types\/post"}],"author":[{"embeddable":true,"href":"http:\/\/www.korhanyilmaz.com\/index.php?rest_route=\/wp\/v2\/users\/1"}],"replies":[{"embeddable":true,"href":"http:\/\/www.korhanyilmaz.com\/index.php?rest_route=%2Fwp%2Fv2%2Fcomments&post=31937"}],"version-history":[{"count":0,"href":"http:\/\/www.korhanyilmaz.com\/index.php?rest_route=\/wp\/v2\/posts\/31937\/revisions"}],"wp:attachment":[{"href":"http:\/\/www.korhanyilmaz.com\/index.php?rest_route=%2Fwp%2Fv2%2Fmedia&parent=31937"}],"wp:term":[{"taxonomy":"category","embeddable":true,"href":"http:\/\/www.korhanyilmaz.com\/index.php?rest_route=%2Fwp%2Fv2%2Fcategories&post=31937"},{"taxonomy":"post_tag","embeddable":true,"href":"http:\/\/www.korhanyilmaz.com\/index.php?rest_route=%2Fwp%2Fv2%2Ftags&post=31937"}],"curies":[{"name":"wp","href":"https:\/\/api.w.org\/{rel}","templated":true}]}}