{"id":3191,"date":"2009-02-07T17:30:47","date_gmt":"2009-02-07T15:30:47","guid":{"rendered":"http:\/\/www.korhanyilmaz.com\/?p=3191"},"modified":"2009-02-07T17:30:47","modified_gmt":"2009-02-07T15:30:47","slug":"baskentte-unakitan-muammasi","status":"publish","type":"post","link":"http:\/\/www.korhanyilmaz.com\/?p=3191","title":{"rendered":"Ba\u015fkentte Unak\u0131tan muammas\u0131"},"content":{"rendered":"<p style=\"text-align: center;\"><img loading=\"lazy\" decoding=\"async\" class=\"aligncenter size-full wp-image-3192\" title=\"Ba\u015fkentte Unak\u0131tan muammas\u0131 \" src=\"http:\/\/www.korhanyilmaz.com\/wp-content\/uploads\/2009\/02\/080220091144550487573.jpg\" alt=\"Ba\u015fkentte Unak\u0131tan muammas\u0131 \" width=\"376\" height=\"240\" \/><\/p>\n<p style=\"text-align: justify;\">Maliye Bakan\u0131 Kemal Unak\u0131tan bir hafta \u00f6nce yat\u0131r\u0131ld\u0131\u011f\u0131 hastaneden h\u00e2l\u00e2 taburcu olmad\u0131. Hastane y\u00f6netimi &#8220;Durumu iyi, dinleniyor&#8221; diyor. Ancak Unak\u0131tan ziyaret\u00e7ilerle g\u00f6r\u00fc\u015ft\u00fcr\u00fclm\u00fcyor, g\u00f6r\u00fcnt\u00fc vermiyor. B\u00f6yle olunca da \u00e7e\u015fitli s\u00f6ylentiler \u00e7\u0131k\u0131yor<\/p>\n<p style=\"text-align: justify;\">Maliye Bakan\u0131 Kemal Unak\u0131tan, ge\u00e7ti\u011fimiz hafta Pazar g\u00fcn\u00fc ani bir rahats\u0131zl\u0131k nedeniyle g\u00f6t\u00fcr\u00fcld\u00fc\u011f\u00fc Hacettepe Hastanesi&#8217;nden hala taburcu edilmedi. Bu durum ba\u015fkent kulislerine de\u011fi\u015fik rivayetlerin yay\u0131lmas\u0131na neden oldu.<!--more--><br \/>\nHastaneden hafta ba\u015f\u0131nda yap\u0131lan a\u00e7\u0131klamalarda Bakan Unak\u0131tan&#8217;\u0131n &#8220;so\u011fuk alg\u0131nl\u0131\u011f\u0131 &#8211; grip&#8221; nedeniyle rahats\u0131zland\u0131\u011f\u0131 belirtilerken, Bakan&#8217;a anjiyo yap\u0131ld\u0131\u011f\u0131 ve kalp damarlar\u0131ndan 3&#8217;\u00fcn\u00fcn tamamen t\u0131kal\u0131 olmas\u0131 nedeniyle by-pas ameliyat\u0131 gerekti\u011fi ortay\u0131 \u00e7\u0131kt\u0131. Bu ger\u00e7e\u011fin ortaya \u00e7\u0131kmas\u0131 \u00fczerine yeniden a\u00e7\u0131klama yapan Hastane y\u00f6netimi kalple ilgili sorunu ve ameliyat olas\u0131l\u0131\u011f\u0131n\u0131 kabul etmek zorunda kald\u0131.\n<\/p>\n<p style=\"text-align: justify;\">\u00d6nceki g\u00fcn a\u00e7\u0131klama yapan Hacettepe \u00dcniversitesi Rekt\u00f6r\u00fc Dr. U\u011fur Erdener, Unak\u0131tan&#8217;\u0131n \u015fu an istirahat etti\u011fini, gelecek hafta i\u00e7inde de kalbe y\u00f6nelik tedavi plan\u0131yla ilgili karar verilece\u011fini s\u00f6yledi. Erdener, &#8220;Bakan&#8217;\u0131n rahats\u0131zl\u0131\u011f\u0131yla ilgili stent ve ameliyat se\u00e7enekleri \u00fczerinde yo\u011funla\u015f\u0131l\u0131yor de\u011fil mi?&#8221; sorusuna, &#8220;\u00c7ok fazla se\u00e7enek yok zaten. Var ba\u015fka se\u00e7enekler var ama bunlara karar verecek durumda olan Say\u0131n Bakan\u0131n bizzat kendisidir&#8221; diye yan\u0131t verdi.<\/p>\n<p style=\"text-align: justify;\">\u00d6te yandan Bakan Unak\u0131tan&#8217;\u0131 hafta boyunca \u00e7ok say\u0131da bakan, milletvekili, siyasi, belediye ba\u015fkan\u0131 ve \u00fcst d\u00fczey b\u00fcrokrat ziyaret etti. Ancak ziyaret\u00e7ilerin \u00e7ok \u00f6nemli bir k\u0131sm\u0131 Bakan Unak\u0131tan&#8217;\u0131 g\u00f6remedi. Oysa ilk bir iki g\u00fcn i\u00e7inde baz\u0131 bakan arkada\u015flar\u0131 ziyaret etti\u011finde onlarla g\u00f6r\u00fc\u015fm\u00fc\u015f hatta espriler yapm\u0131\u015ft\u0131. Bakan&#8217;\u0131n &#8220;uyudu\u011fu veya dinlendi\u011fi&#8221; gibi gerek\u00e7elerle ziyaret\u00e7iler e\u015fi Ahsen Unak\u0131tan taraf\u0131ndan a\u011f\u0131rland\u0131. &#8220;Bakan&#8217;\u0131n durumu \u00e7ok iyi, ne\u015fesi de yerinde&#8221; a\u00e7\u0131klamalar\u0131 yap\u0131lmas\u0131na ra\u011fmen Bakan Unak\u0131tan, g\u00fcnlerdir kap\u0131da bekleyen bas\u0131n mensuplar\u0131n\u0131n kar\u015f\u0131s\u0131na \u00e7\u0131karak g\u00f6r\u00fcnt\u00fc vermedi.<\/p>\n<p style=\"text-align: justify;\">Maliye Bakanl\u0131\u011f\u0131 koridorlar\u0131nda g\u00fcnlerdir konu\u015fulan iddialar \u015f\u00f6yle:<\/p>\n<p style=\"text-align: justify;\">Unak\u0131tan, ge\u00e7ti\u011fimiz hafta sonu anjiyo oldu. Ancak ard\u0131ndan rahats\u0131zlanarak Pazar g\u00fcn\u00fc yeniden hastaneye kald\u0131r\u0131ld\u0131. Ertesi g\u00fcn Bakanlar Kurulu toplant\u0131s\u0131 sonras\u0131nda kendisini ziyaret eden Ba\u015fbakan Erdo\u011fan, Unak\u0131tan&#8217;la 45 dakika g\u00f6r\u00fc\u015ft\u00fc. \u015eu anda yap\u0131lacak bir kalp ameliyat\u0131n\u0131n ard\u0131ndan Bakan Unak\u0131tan&#8217;\u0131n en az 2 ay bakanl\u0131ktan uzak kalmas\u0131 gerekece\u011fi vurguland\u0131. Maliye Bakanl\u0131\u011f\u0131&#8217;n\u0131n, \u00fcstelik se\u00e7ime giderken, bu kadar bakans\u0131z kalmas\u0131 m\u00fcmk\u00fcn g\u00f6r\u00fcnm\u00fcyor. Bu y\u00fczden ameliyat\u0131n ertelenebilmesi ara\u015ft\u0131r\u0131l\u0131yor.<\/p>\n<p style=\"text-align: justify;\"><strong>&#8216;K\u0131smi fel\u00e7&#8217; s\u00f6ylentisi<\/strong><\/p>\n<p style=\"text-align: justify;\">\u00d6te yandan Unak\u0131tan&#8217;\u0131n &#8220;\u00e7ok iyi&#8221; oldu\u011funun a\u00e7\u0131klanmas\u0131na ra\u011fmen, kendisini ziyarete gelen bir \u00e7ok bakan ve milletvekilleriyle g\u00f6r\u00fc\u015ft\u00fcr\u00fclmemesi dikkat \u00e7ekiyor. Unak\u0131tan&#8217;\u0131n k\u0131smi fel\u00e7 ge\u00e7irdi\u011fi, y\u00fcz\u00fcnde bir kayma oldu\u011fu ve konu\u015fmas\u0131n\u0131n bozuldu\u011fu iddia ediliyor.<\/p>\n<p style=\"text-align: justify;\"><strong>&#8216;Ba\u015fbakan g\u00f6revden alacak&#8217; iddias\u0131<\/strong><\/p>\n<p style=\"text-align: justify;\">Ba\u015fkent kulislerinde dola\u015fan iddiaya g\u00f6re, Ba\u015fbakan Erdo\u011fan, kabine de\u011fi\u015fikli\u011fi yaparak Maliye Bakan\u0131 Kemal Unak\u0131tan&#8217;\u0131 bakanl\u0131ktan almay\u0131 planl\u0131yor. Bunun i\u00e7in de Bakan&#8217;\u0131n sa\u011fl\u0131k sorununun gerek\u00e7e g\u00f6sterilece\u011fi belirtiliyor. Bu iddiayla ilgili, Bakan Unak\u0131tan&#8217;\u0131n hastaneye yatmadan \u00e7ok k\u0131sa bir s\u00fcre \u00f6nce ekonomi y\u00f6netimiyle yap\u0131lan bir toplant\u0131da s\u00f6yledi\u011fi baz\u0131 s\u00f6zler ve espriler i\u015faret ediliyor. Bu toplant\u0131da, \u00f6n\u00fcm\u00fczdeki d\u00f6neme ili\u015fkin bir uygulama konusunda Unak\u0131tan&#8217;\u0131n, &#8220;Dur bakal\u0131m, kal\u0131r m\u0131y\u0131z gider miyiz, patron bizi burada tutacak m\u0131 bir bakal\u0131m&#8221; esprisi yapt\u0131\u011f\u0131 anlat\u0131l\u0131yor.<\/p>\n<p style=\"text-align: justify;\"><span style=\"color: #888888;\">Kaynak : Vatan Gazetesi<\/span><\/p>\n","protected":false},"excerpt":{"rendered":"<p style=\"text-align: center;\">\n<p style=\"text-align: justify;\">Maliye Bakan\u0131 Kemal Unak\u0131tan bir hafta \u00f6nce yat\u0131r\u0131ld\u0131\u011f\u0131 hastaneden h\u00e2l\u00e2 taburcu olmad\u0131. Hastane y\u00f6netimi &#8220;Durumu iyi, dinleniyor&#8221; diyor. Ancak Unak\u0131tan ziyaret\u00e7ilerle g\u00f6r\u00fc\u015ft\u00fcr\u00fclm\u00fcyor, g\u00f6r\u00fcnt\u00fc vermiyor. B\u00f6yle olunca da \u00e7e\u015fitli s\u00f6ylentiler \u00e7\u0131k\u0131yor<\/p>\n<p style=\"text-align: justify;\">Maliye Bakan\u0131 Kemal Unak\u0131tan, ge\u00e7ti\u011fimiz hafta Pazar g\u00fcn\u00fc ani bir rahats\u0131zl\u0131k nedeniyle g\u00f6t\u00fcr\u00fcld\u00fc\u011f\u00fc Hacettepe Hastanesi&#8217;nden hala taburcu edilmedi. <\/p>\n","protected":false},"author":1,"featured_media":0,"comment_status":"open","ping_status":"closed","sticky":false,"template":"","format":"standard","meta":{"footnotes":""},"categories":[105],"tags":[],"class_list":["post-3191","post","type-post","status-publish","format-standard","hentry","category-gundem","odd"],"_links":{"self":[{"href":"http:\/\/www.korhanyilmaz.com\/index.php?rest_route=\/wp\/v2\/posts\/3191","targetHints":{"allow":["GET"]}}],"collection":[{"href":"http:\/\/www.korhanyilmaz.com\/index.php?rest_route=\/wp\/v2\/posts"}],"about":[{"href":"http:\/\/www.korhanyilmaz.com\/index.php?rest_route=\/wp\/v2\/types\/post"}],"author":[{"embeddable":true,"href":"http:\/\/www.korhanyilmaz.com\/index.php?rest_route=\/wp\/v2\/users\/1"}],"replies":[{"embeddable":true,"href":"http:\/\/www.korhanyilmaz.com\/index.php?rest_route=%2Fwp%2Fv2%2Fcomments&post=3191"}],"version-history":[{"count":0,"href":"http:\/\/www.korhanyilmaz.com\/index.php?rest_route=\/wp\/v2\/posts\/3191\/revisions"}],"wp:attachment":[{"href":"http:\/\/www.korhanyilmaz.com\/index.php?rest_route=%2Fwp%2Fv2%2Fmedia&parent=3191"}],"wp:term":[{"taxonomy":"category","embeddable":true,"href":"http:\/\/www.korhanyilmaz.com\/index.php?rest_route=%2Fwp%2Fv2%2Fcategories&post=3191"},{"taxonomy":"post_tag","embeddable":true,"href":"http:\/\/www.korhanyilmaz.com\/index.php?rest_route=%2Fwp%2Fv2%2Ftags&post=3191"}],"curies":[{"name":"wp","href":"https:\/\/api.w.org\/{rel}","templated":true}]}}