{"id":3187,"date":"2009-02-07T18:23:07","date_gmt":"2009-02-07T16:23:07","guid":{"rendered":"http:\/\/www.korhanyilmaz.com\/?p=3187"},"modified":"2009-02-07T18:23:07","modified_gmt":"2009-02-07T16:23:07","slug":"sadece-kirasi-870-bin-euro","status":"publish","type":"post","link":"http:\/\/www.korhanyilmaz.com\/?p=3187","title":{"rendered":"Sadece kiras\u0131 870 bin Euro"},"content":{"rendered":"<p style=\"text-align: center;\"><img loading=\"lazy\" decoding=\"async\" class=\"aligncenter size-full wp-image-3188\" title=\"Sadece kiras\u0131 870 bin Euro \" src=\"http:\/\/www.korhanyilmaz.com\/wp-content\/uploads\/2009\/02\/080220090138244501606.jpg\" alt=\"Sadece kiras\u0131 870 bin Euro \" width=\"376\" height=\"240\" \/><\/p>\n<p style=\"text-align: justify;\"><strong> <\/strong><br \/>\n\u0130stanbul B\u00fcy\u00fck\u015fehir Belediye Ba\u015fkan aday\u0131 Kemal K\u0131l\u0131\u00e7daro\u011flu&#8217;nun sordu\u011fu Ekrem Tosun&#8217;un kimli\u011fi ilgin\u00e7 bir ortakl\u0131\u011f\u0131 ortaya \u00e7\u0131kard\u0131. Ba\u015fbakan&#8217;\u0131n k\u00fc\u00e7\u00fck o\u011flu Bilal Erdo\u011fan ve b\u00fcy\u00fck o\u011flu Burak Erdo\u011fan&#8217;\u0131n e\u015fi Sema Erdo\u011fan&#8217;\u0131 &#8216;freeshop&#8217;taki ma\u011fazas\u0131na ortak ald\u0131\u011f\u0131 ortaya \u00e7\u0131kan Atasay Kuyumculuk&#8217;un sahibi Cihan Kamer, VATAN&#8217;\u0131 arayarak iddialar\u0131 yan\u0131tlad\u0131. \u0130\u015fte Kamer&#8217;in sorular\u0131m\u0131za verdi\u011fi yan\u0131tlar&#8230;\n<\/p>\n<p style=\"text-align: justify;\"><strong>VATAN: Ekrem Tosun&#8217;un bu ortakl\u0131ktaki rol\u00fc nedir?<\/strong><\/p>\n<p style=\"text-align: justify;\">Kamer: Say\u0131n K\u0131l\u0131\u00e7daro\u011flu iftiraya dayal\u0131 bir politika izliyor. Ekrem Tosun baz\u0131 \u015firketlerimin mali m\u00fc\u015favirli\u011fini yapar. Atagold &#8216;ta da Say\u0131n Bilal Erdo\u011fan ile Sema Erdo\u011fan&#8217;\u0131 sadece genel kurullarda vekaleten temsil ediyor.<!--more--><\/p>\n<p style=\"text-align: justify;\"><strong>VATAN: Genel kurul d\u0131\u015f\u0131nda temsil yetkisi yok yani&#8230;<\/strong><\/p>\n<p style=\"text-align: justify;\">Kamer: Hay\u0131r yok. Atagold, sadece tek bir ma\u011fazas\u0131 bulunan bir anonim \u015firket. Ticaret Kanunu gere\u011fi her y\u0131l genel kurul yapmak zorunda. Bilal Bey yurt d\u0131\u015f\u0131nda ya\u015fad\u0131\u011f\u0131 i\u00e7in, genel kurulda temsil vekaletini Ekrem Tosun&#8217;a vermi\u015f. Sema Han\u0131m da ayn\u0131 \u015fekilde.<\/p>\n<p style=\"text-align: justify;\"><strong>VATAN: Sema Han\u0131m daha sonra y\u00f6netime girmi\u015f&#8230;<\/strong><\/p>\n<p style=\"text-align: justify;\">Kamer: Evet, 2008 y\u0131l\u0131nda Y\u00f6netim Kurulu&#8217;na girdi. Kemal K\u0131l\u0131\u00e7daro\u011flu &#8220;Ortakl\u0131k gizleniyor. Ticaret Sicili&#8217;nde isimleri g\u00f6r\u00fcnm\u00fcyor&#8221; diye Ekrem Tosun&#8217;a &#8220;gizli kasa&#8221; s\u00fcs\u00fc veriyor. Hi\u00e7 ilgisi yok. 6 TL kar\u015f\u0131l\u0131\u011f\u0131nda Ticaret Sicili&#8217;nden t\u00fcm bu bilgileri alabilirdi.<\/p>\n<p style=\"text-align: justify;\"><strong>VATAN: Bu ortakl\u0131k nas\u0131l ger\u00e7ekle\u015fti?<\/strong><\/p>\n<p style=\"text-align: justify;\">Kamer: Bu \u00e7ocuklar\u0131n ortak olmas\u0131 kadar do\u011fal bir \u015fey yok. 10-15 y\u0131ld\u0131r arkada\u015flar.<\/p>\n<p style=\"text-align: justify;\"><strong>VATAN: Teklif kimden geldi?<\/strong><\/p>\n<p style=\"text-align: justify;\">Kamer: Ben \u00f6nerdim. Babalar\u0131 siyaset yapan \u00e7ocuklar\u0131n, devletle herhangi bir i\u015f yapmadan ticarete at\u0131lmalar\u0131na yard\u0131mc\u0131 olmak e\u015fi-dostu olarak bizim g\u00f6revimiz diye d\u00fc\u015f\u00fcn\u00fcyorum. Yani ilk teklif benden geldi.<\/p>\n<p style=\"text-align: justify;\"><strong>VATAN: Say\u0131n Ba\u015fbakan&#8217;a, konuyu siz mi a\u00e7t\u0131n\u0131z?<\/strong><\/p>\n<p style=\"text-align: justify;\">Kamer: O kadar\u0131n\u0131 hat\u0131rlam\u0131yorum ama Say\u0131n Ba\u015fbakan&#8217;\u0131n ortakl\u0131k ger\u00e7ekle\u015fmeden \u00f6nce konuyla ilgili bilgisi vard\u0131. Ben de a\u00e7m\u0131\u015f olabilirim, \u00e7ocuklar\u0131 da s\u00f6ylemi\u015f olabilir. Tam hat\u0131rlayam\u0131yorum.<\/p>\n<p style=\"text-align: justify;\"><strong>VATAN: \u00c7ocuklar 10-15 y\u0131ld\u0131r arkada\u015flar, ortak olmalar\u0131 do\u011fal diyorsunuz. \u00c7ocuklar\u0131n\u0131z t\u00fcm eski arkada\u015flar\u0131yla ortakl\u0131k kuruyor mu?<\/strong><\/p>\n<p style=\"text-align: justify;\">Kamer: Hay\u0131r ama buradaki durum farkl\u0131. Daha \u00f6nce de s\u00f6yledim. Babalar\u0131 siyasetle u\u011fra\u015fan \u00e7ocuklar\u0131n, devletle herhangi bir i\u015f yapmadan ticarete at\u0131lmalar\u0131na \u00f6n ayak olman\u0131n g\u00f6revimiz oldu\u011funu d\u00fc\u015f\u00fcn\u00fcyorum. Bu \u00e7ocuklar tabii ki ticaret yapacaklar. \u00dcstelik alt\u0131ndan kalkamayacaklar\u0131 bir i\u015f de de\u011fil. Ne finansman olarak \u00e7ok b\u00fcy\u00fck bir paradan s\u00f6z ediyoruz, ne de i\u015fg\u00fcc\u00fc olarak ba\u015f\u0131nda durmalar\u0131 gereken bir i\u015f. Kendi b\u00fct\u00e7eleriyle rahatl\u0131kla ortak olabilecekleri bir i\u015f nihayetinde.<\/p>\n<p style=\"text-align: justify;\"><strong>VATAN: Atagold ne zaman kuruldu?<\/strong><\/p>\n<p style=\"text-align: justify;\">Kamer: 1995&#8217;te 22 ayar alt\u0131n \u00fczerine i\u015f yapmak i\u00e7in kuruldu. 2000 y\u0131l\u0131nda \u015firketlerimizde yeniden yap\u0131lanmaya gittik. Atagold bu d\u00f6nemde gayrifaal hale geldi. 2003&#8217;e kadar gayrifaal kald\u0131.<\/p>\n<p style=\"text-align: justify;\"><strong>VATAN: 2000-2003 aras\u0131 faaliyeti yoktu&#8230;<\/strong><\/p>\n<p style=\"text-align: justify;\">Kamer: Kanunen devam\u0131n\u0131 sa\u011flamak i\u00e7in \u00fczerinden ge\u00e7irdi\u011fimiz 2-3 i\u015f olabilir. Ama bunun d\u0131\u015f\u0131nda faaliyeti yoktu.<\/p>\n<p style=\"text-align: justify;\"><strong>VATAN: Sonra yeniden canland\u0131&#8230;<\/strong><\/p>\n<p style=\"text-align: justify;\">Kamer: 2003&#8217;te Atat\u00fcrk Havaliman\u0131 geni\u015fledi. Biz de D\u0131\u015f Hatlar Duty Free&#8217;de olmam\u0131z gerekti\u011fini d\u00fc\u015f\u00fcnd\u00fck. Orada bir ma\u011faza kiralad\u0131k. 2003 veya 2004&#8217;te ma\u011faza faaliyete ge\u00e7ti.<\/p>\n<p style=\"text-align: justify;\"><strong>VATAN: Ortakl\u0131k ne zaman ger\u00e7ekle\u015fti?<\/strong><\/p>\n<p style=\"text-align: justify;\">Kamer: Ma\u011faza faaliyete ba\u015flad\u0131ktan yakla\u015f\u0131k 2 y\u0131l sonra&#8230;<\/p>\n<p style=\"text-align: justify;\"><strong>VATAN: Atagold, faal bir \u015firketti. Dolay\u0131s\u0131yla siz ve aileniz \u015firket hisselerinin y\u00fczde 50&#8217;sini Sema Han\u0131m ve Bilal Bey&#8217;e devrettiniz. Hisse sat\u0131\u015f\u0131 hangi bedel \u00fczerinden oldu?<\/strong><\/p>\n<p style=\"text-align: justify;\">Kamer: Hazirun cetvelinde de var. Bilal Bey ile Sema Han\u0131m 125&#8217;er bin lira koymu\u015flar.<\/p>\n<p style=\"text-align: justify;\"><strong>VATAN: Siz ma\u011fazas\u0131 olan bir \u015firketin hisselerini satt\u0131n\u0131z. Ka\u00e7a satt\u0131n\u0131z?<\/strong><\/p>\n<p style=\"text-align: justify;\">Kamer: Detay\u0131n\u0131 \u015fimdi hat\u0131rlam\u0131yorum. Ma\u011fazan\u0131n demirba\u015flar\u0131n\u0131n ve mallar\u0131n\u0131n say\u0131m\u0131n\u0131 yapt\u0131k. Ortaya \u00e7\u0131kan de\u011ferin y\u00fczde 50&#8217;sini \u00f6dediler.<\/p>\n<p style=\"text-align: justify;\"><strong>VATAN: Neydi bu bedel?<\/strong><\/p>\n<p style=\"text-align: justify;\">Kamer: \u015eu anda bilemiyorum. Pazartesi \u015firket kay\u0131tlar\u0131na bakarak s\u00f6yleyebilirim. \u015eunu s\u00f6yleyeyim. Biz bu i\u015ften ne k\u00e2r ettik, ne zarar ettik. Atagold&#8217;un zaten bir marka de\u011feri yok. \u015eirketin ekstra bir kar\u0131 da yok. Demirba\u015flar\u0131n\u0131 hesap ederek fiyatland\u0131rd\u0131k, ah\u0131m \u015fah\u0131m bir fiyat \u00e7\u0131kmad\u0131.<\/p>\n<p style=\"text-align: justify;\"><strong>VATAN: \u00c7ok i\u015f yapan bir ma\u011faza m\u0131d\u0131r bu?<\/strong><\/p>\n<p style=\"text-align: justify;\">Kamer: De\u011fil, de\u011fil. Vergi tabelas\u0131n\u0131 da yollad\u0131m size. 3 y\u0131l\u0131n toplam\u0131nda elde edilen vergi \u00f6ncesi kar 250 bin TL civar\u0131nda. Bundan y\u00fczde 20 vergi d\u00fc\u015f\u00fcn. Geriye 200 bin TL kal\u0131r. 2-3 tezgahtarla y\u00fcr\u00fcyen bir i\u015f bu.<\/p>\n<p style=\"text-align: justify;\">(VATAN&#8217;\u0131n notu: Atagold&#8217;un vergi tabelas\u0131na g\u00f6re \u015firketin 2005 vergi \u00f6ncesi kar\u0131 45 bin 781, 2006 kar\u0131 162 bin 304, 2007 kar\u0131 ise 45 bin 982 TL. 3 y\u0131ll\u0131k toplam kar 254 bin 67 TL ediyor. 3 y\u0131lda \u00f6denen toplam Kurumlar Vergisi miktar\u0131 ise 55 bin 391 TL.)<\/p>\n<p style=\"text-align: justify;\"><strong>VATAN: Yani \u00f6yle iyi para kazanan bir ma\u011faza de\u011fil diyorsunuz&#8230;<\/strong><\/p>\n<p style=\"text-align: justify;\">Kamer: Rakamlar ortada. Atasay olarak di\u011fer havaalanlar\u0131nda ma\u011fazalar\u0131m\u0131z var. \u00c7o\u011fu ya zarar eder ya da ba\u015fa ba\u015f gelir.<\/p>\n<p style=\"text-align: justify;\"><strong>VATAN: K\u00fc\u00e7\u00fck i\u015f diyorsunuz ama, bu ma\u011fazan\u0131n y\u0131ll\u0131k kira bedeli 870 bin euro.<\/strong><\/p>\n<p style=\"text-align: justify;\">Kamer: Sabit kira \u00f6denmez Duty Free&#8217;deki ma\u011fazalara. Ciro \u00fczerinden belli bir y\u00fczde \u00f6deriz. (VATAN&#8217;\u0131n notu: Kamer bu noktada ciro \u00fczerinden \u00f6denen y\u00fczdeyi yakla\u015f\u0131k olarak s\u00f6yledi. Ama kiralayan taraf\u0131n ticari s\u0131rr\u0131 oldu\u011fu i\u00e7in yaz\u0131lmas\u0131n\u0131 istemedi.)<\/p>\n<p style=\"text-align: justify;\"><strong>VATAN: Peki, ge\u00e7en y\u0131l ciro \u00fczerinden \u00f6dedi\u011finiz kira tutar\u0131 870 bin euro mu?<\/strong><\/p>\n<p style=\"text-align: justify;\">Kamer: Bug\u00fcn cumartesi. S\u00f6yledi\u011finiz rakamlar\u0131 tam bilemiyorum. Pazartesi g\u00fcn\u00fc bakmam laz\u0131m.<\/p>\n<p style=\"text-align: justify;\">(VATAN&#8217;\u0131n notu: VATAN&#8217;\u0131n edindi\u011fi kesin bilgiye g\u00f6re Atagold&#8217;un 2008 y\u0131l\u0131 sat\u0131\u015flar\u0131 \u00fczerinden Atat\u00fcrk Havaliman\u0131 Duty Free&#8217;sini i\u015fleten \u015firkete \u00f6dedi\u011fi kira 870 bin euro.)<\/p>\n<p style=\"text-align: justify;\"><strong>VATAN: Sema Han\u0131m ile Bilal Bey \u015firket i\u015fleriyle ne kadar ilgili?<\/strong><\/p>\n<p style=\"text-align: justify;\">Kamer: 2-3 ayda bir bilgi al\u0131rlar. Sat\u0131\u015flar nas\u0131l gidiyor, k\u00e2r-zarar durumu nedir diye. Hepsi o.<\/p>\n<p style=\"text-align: justify;\"><strong>VATAN: \u015eirket \u015fimdiye kadar ortaklar\u0131na temett\u00fc da\u011f\u0131tt\u0131 m\u0131?<\/strong><\/p>\n<p style=\"text-align: justify;\">Kamer: Hay\u0131r. K\u00e2r pay\u0131 da\u011f\u0131t\u0131m\u0131      olmad\u0131.<\/p>\n<p style=\"text-align: justify;\"><strong>VATAN: Ba\u015fbakan\u0131n o\u011flu p\u0131rlanta i\u015fine girdi, p\u0131rlantada KDV s\u0131f\u0131rland\u0131 iddias\u0131na ne diyorsunuz? <\/strong><\/p>\n<p style=\"text-align: justify;\">Kamer: Bu iddia \u00fc\u00e7 nedenden yersiz. Birincisi p\u0131rlanta ithalat\u0131 \u00fczerinden KDV kalkt\u0131 ama bir-iki ay sonra fazlas\u0131yla \u00d6TV geldi. Hatta biz sekt\u00f6r olarak bas bas ba\u011f\u0131r\u0131yoruz: Y\u00fczde 18 KDV&#8217;yi kald\u0131r\u0131p y\u00fczde 21 \u00d6TV getirdiniz, sekt\u00f6r geli\u015femiyor diye&#8230; \u0130kincisi KDV s\u0131f\u0131rlanmadan \u00f6nce ve s\u0131f\u0131rland\u0131\u011f\u0131 s\u0131rada biz Atasay olarak p\u0131rlanta i\u015fiyle i\u015ftigal etmiyorduk. Y\u00fczde 21 \u00d6TV konduktan sonra biz p\u0131rlanta i\u015fine girdik. \u0130ddiadaki \u00fc\u00e7\u00fcnc\u00fc yersizlik de \u015fu: \u00c7ocuklar\u0131n ma\u011fazas\u0131n\u0131n oldu\u011fu yer freeshop. Yani ne KDV var, ne \u00d6TV var.<\/p>\n<p style=\"text-align: justify;\"><strong>Tosun&#8217;u, Bilal Bey ve Sema Han\u0131m tan\u0131m\u0131yor Ba\u015fbakan hi\u00e7 tan\u0131maz<\/strong><\/p>\n<p style=\"text-align: justify;\"><strong>VATAN: Ba\u015fbakan, Ekrem Tosun&#8217;u tan\u0131m\u0131yor mu?<\/strong><\/p>\n<p style=\"text-align: justify;\">Kamer: Bak\u0131n, ne Ekrem Tosun; Bilal Bey ve Sema Han\u0131m&#8217;\u0131 g\u00f6rd\u00fc \u015fimdiye kadar, ne de Bilal Bey ve Sema Han\u0131m, Ekrem Bey&#8217;i tan\u0131r. \u00c7ocuklar tan\u0131mad\u0131\u011f\u0131na g\u00f6re Ba\u015fbakan hi\u00e7 tan\u0131maz. Genel kurulda sistemin bu oldu\u011funu Kemal Bey&#8217;in bilmesi laz\u0131m. Ama \u00e7\u0131k\u0131p, &#8220;Bu olay hukuk d\u0131\u015f\u0131, belgesi de var&#8221; diyorsa, onu g\u00f6stersin. \u00c7\u0131kars\u0131n, &#8220;\u00c7ocuklar\u0131n ticari vekaleti bu adamda, \u015firketi de bu adam y\u00f6netiyor&#8221; diye iddia edersin. Ama Ekrem Tosun \u00e7\u0131k\u0131p a\u00e7\u0131klama yap\u0131yor. &#8220;Benim konumum budur&#8221; diyor. Ba\u015fka belgen varsa \u00e7\u0131kar ortaya.<\/p>\n<p style=\"text-align: justify;\"><strong>Havaliman\u0131ndaki ma\u011fazan\u0131n y\u0131ll\u0131k kiras\u0131 870 bin euro<\/strong><\/p>\n<p style=\"text-align: justify;\">Ba\u015fbakan Erdo\u011fan&#8217;\u0131n o\u011flu Bilal Erdo\u011fan ile di\u011fer o\u011flu Burak Erdo\u011fan&#8217;\u0131n e\u015fi Sema Erdo\u011fan&#8217;\u0131n ortak oldu\u011fu Atagold \u015firketinin Atat\u00fcrk Havaliman\u0131&#8217;ndaki D\u0131\u015f Hatlar terminalinde bir ma\u011fazas\u0131 var. VATAN&#8217;\u0131n edindi\u011fi kesin bilgiye g\u00f6re Atagold&#8217;un 2008 y\u0131l\u0131 sat\u0131\u015flar\u0131 \u00fczerinden Atat\u00fcrk Havaliman\u0131 Duty Free&#8217;sini i\u015fleten \u015firkete \u00f6dedi\u011fi kira 870 bin euro.<\/p>\n<p style=\"text-align: justify;\">Vatan Gazetesi<\/p>\n","protected":false},"excerpt":{"rendered":"<p style=\"text-align: center;\">\n<p style=\"text-align: justify;\"> \u0130stanbul B\u00fcy\u00fck\u015fehir Belediye Ba\u015fkan aday\u0131 Kemal K\u0131l\u0131\u00e7daro\u011flu&#8217;nun sordu\u011fu Ekrem Tosun&#8217;un kimli\u011fi ilgin\u00e7 bir ortakl\u0131\u011f\u0131 ortaya \u00e7\u0131kard\u0131. Ba\u015fbakan&#8217;\u0131n k\u00fc\u00e7\u00fck o\u011flu Bilal Erdo\u011fan ve b\u00fcy\u00fck o\u011flu Burak Erdo\u011fan&#8217;\u0131n e\u015fi Sema Erdo\u011fan&#8217;\u0131 &#8216;freeshop&#8217;taki ma\u011fazas\u0131na ortak ald\u0131\u011f\u0131 ortaya \u00e7\u0131kan Atasay Kuyumculuk&#8217;un sahibi Cihan Kamer, VATAN&#8217;\u0131 arayarak iddialar\u0131 yan\u0131tlad\u0131. \u0130\u015fte Kamer&#8217;in sorular\u0131m\u0131za verdi\u011fi yan\u0131tlar&#8230; <\/p>\n","protected":false},"author":1,"featured_media":0,"comment_status":"open","ping_status":"closed","sticky":false,"template":"","format":"standard","meta":{"footnotes":""},"categories":[105],"tags":[],"class_list":["post-3187","post","type-post","status-publish","format-standard","hentry","category-gundem","odd"],"_links":{"self":[{"href":"http:\/\/www.korhanyilmaz.com\/index.php?rest_route=\/wp\/v2\/posts\/3187","targetHints":{"allow":["GET"]}}],"collection":[{"href":"http:\/\/www.korhanyilmaz.com\/index.php?rest_route=\/wp\/v2\/posts"}],"about":[{"href":"http:\/\/www.korhanyilmaz.com\/index.php?rest_route=\/wp\/v2\/types\/post"}],"author":[{"embeddable":true,"href":"http:\/\/www.korhanyilmaz.com\/index.php?rest_route=\/wp\/v2\/users\/1"}],"replies":[{"embeddable":true,"href":"http:\/\/www.korhanyilmaz.com\/index.php?rest_route=%2Fwp%2Fv2%2Fcomments&post=3187"}],"version-history":[{"count":0,"href":"http:\/\/www.korhanyilmaz.com\/index.php?rest_route=\/wp\/v2\/posts\/3187\/revisions"}],"wp:attachment":[{"href":"http:\/\/www.korhanyilmaz.com\/index.php?rest_route=%2Fwp%2Fv2%2Fmedia&parent=3187"}],"wp:term":[{"taxonomy":"category","embeddable":true,"href":"http:\/\/www.korhanyilmaz.com\/index.php?rest_route=%2Fwp%2Fv2%2Fcategories&post=3187"},{"taxonomy":"post_tag","embeddable":true,"href":"http:\/\/www.korhanyilmaz.com\/index.php?rest_route=%2Fwp%2Fv2%2Ftags&post=3187"}],"curies":[{"name":"wp","href":"https:\/\/api.w.org\/{rel}","templated":true}]}}