{"id":31776,"date":"2011-05-04T23:15:14","date_gmt":"2011-05-04T20:15:14","guid":{"rendered":"http:\/\/www.korhanyilmaz.com\/?p=31776"},"modified":"2011-05-04T23:15:14","modified_gmt":"2011-05-04T20:15:14","slug":"garip-tesaduf","status":"publish","type":"post","link":"http:\/\/www.korhanyilmaz.com\/?p=31776","title":{"rendered":"Garip tesad\u00fcf"},"content":{"rendered":"<div id=\"attachment_31777\" style=\"width: 319px\" class=\"wp-caption aligncenter\"><a href=\"http:\/\/www.korhanyilmaz.com\/wp-content\/uploads\/2011\/05\/039.jpg\"  class=\"lightview\"><img loading=\"lazy\" decoding=\"async\" aria-describedby=\"caption-attachment-31777\" class=\"size-full wp-image-31777 \" src=\"http:\/\/www.korhanyilmaz.com\/wp-content\/uploads\/2011\/05\/039.jpg\" alt=\"\" width=\"309\" height=\"231\" \/><\/a><p id=\"caption-attachment-31777\" class=\"wp-caption-text\">Taraf Gazetesi k\u00f6\u015fe yazar\u0131 Emre Uslu<\/p><\/div>\n<p style=\"text-align: justify;\">Taraf Gazetesi k\u00f6\u015fe yazar\u0131 Emre Uslu, ge\u00e7ti\u011fimiz haftaki yaz\u0131s\u0131nda, PKK i\u00e7inde kontrolden \u00e7\u0131kan gruplar\u0131n Karadeniz\u2019de eylem yapabilece\u011fi uyar\u0131s\u0131nda bulunmu\u015ftu.<!--more--><\/p>\n<p style=\"text-align: justify;\">\u0130STANBUL &#8211; \u0130\u015fte Uslu&#8217;nun 27 Nisan tarihinde yay\u0131mlanan &#8220;Kontrols\u00fcz PKK gruplar\u0131 Karadeniz\u2019de eylem yapabilir&#8221; ba\u015fl\u0131kl\u0131 k\u00f6\u015fe yaz\u0131s\u0131:<\/p>\n<p style=\"text-align: justify;\">&#8221;Se\u00e7imler yakla\u015f\u0131rken herkesin kafas\u0131nda ayn\u0131 soru var: PKK ter\u00f6r\u00fc yeniden hortlar m\u0131? Bu soru hem K\u00fcrt \u00e7evrelerinde hem de h\u00fck\u00fcmet \u00e7evrelerinde en s\u0131k sorulan soru. Se\u00e7imin g\u00fcvenli\u011fine ili\u015fkin endi\u015feli bekleyi\u015f devam ediyor. Genel endi\u015fe \u00f6zellikle G\u00fcneydo\u011fu\u2019ya y\u00f6nelik. \u00d6zellikle \u00c7ukurca ve Uludere\u2019de konu\u015flu birliklere y\u00f6nelik PKK eylemleri olabilir. Murat Karay\u0131lan F\u0131rat Haber Ajans\u0131\u2019na verdi\u011fi son m\u00fclakatta PKK ad\u0131na eylemsizlik s\u00fcrecinin devam etti\u011fini ancak PKK unsurlar\u0131n\u0131 operasyon nedeniyle tutmakta zorland\u0131klar\u0131n\u0131 da ifade ediyor.<\/p>\n<p style=\"text-align: justify;\">Burada kritik soru \u015fu: Karay\u0131lan ve PKK i\u00e7indeki bar\u0131\u015f isteyen grup \u015fahin kanad\u0131 ne kadar kontrol edebilir? Bu soruyla ili\u015fkili medyada g\u00f6zden ka\u00e7an bir ayr\u0131nt\u0131 ge\u00e7en hafta Kastamonu k\u0131rsal\u0131nda PKK unsurlar\u0131na kar\u015f\u0131 yap\u0131lan operasyondu. O operasyon kritik \u00e7\u00fcnk\u00fc son d\u00f6nemlerde \u00f6zellikle g\u00fcvenlik b\u00fcrokrasisi i\u00e7inde konu\u015fulan bir tehlikeli senaryoya i\u015faret ediyor.<\/p>\n<p style=\"text-align: justify;\">Senaryo \u015fu: PKK i\u00e7inde \u00f6zellikle bir kanat \u2013ki bunlar\u0131n T\u00fcrkiye\u2019deki derin yap\u0131larla ili\u015fkisi oldu\u011fu iddia ediliyor- se\u00e7imler \u00f6ncesinde \u00d6calan\u2019a ra\u011fmen eylem yapabilir. Hatta bu eylemlerin Karadeniz B\u00f6lgesi\u2019nde olabilece\u011fi ve amac\u0131n\u0131n da Karadeniz\u2019deki milliyet\u00e7i kesimleri harekete ge\u00e7irmek oldu\u011fu ifade ediliyor. Bu noktada ikinci bir Re\u015fadiye vakas\u0131 ya\u015fanabilece\u011fini de belirtenler var. Bir ba\u015fka yoruma g\u00f6re PKK sald\u0131r\u0131s\u0131 e\u011fer olursa Karadeniz\u2019de polis birimlerine kar\u015f\u0131 olabilir. \u00c7\u00fcnk\u00fc diyor bu g\u00f6r\u00fc\u015f\u00fc ileri s\u00fcrenler, \u00d6calan ve Karay\u0131lan \u00f6zellikle son deme\u00e7lerinde polisi hedef g\u00f6steriyor ve asker ve M\u0130T ile anla\u015ft\u0131klar\u0131n\u0131 ima ediyor. Zaten Samsun\u2019un Ladik \u0130l\u00e7esi\u2019nde daha \u00f6nce yap\u0131lan sald\u0131r\u0131 Emniyet\u2019in kolektif haf\u0131zas\u0131nda derin yara a\u00e7m\u0131\u015f durumda. Bu nedenle de Karadeniz B\u00f6lgesi\u2019nde eylem beklentisi \u00e7ok y\u00fcksek.<\/p>\n<p style=\"text-align: justify;\">\u0130\u015fte bu nedenlerle ge\u00e7en hafta Kastamonu\u2019da yap\u0131lan operasyon kritik bir s\u00fcrecin habercisi olabilir. Zira operasyonla bir sonu\u00e7 elde edilemedi.&#8221;<\/p>\n<p style=\"text-align: justify;\"><a href=\"http:\/\/www.gazeteport.com.tr\/GUNCEL\/NEWS\/GP_899280\" target=\"_blank\">Kaynak : GAZETEPORT<\/a><\/p>\n","protected":false},"excerpt":{"rendered":"<p id=\"caption-attachment-31777\" class=\"wp-caption-text\">Taraf Gazetesi k\u00f6\u015fe yazar\u0131 Emre Uslu<\/p>\n<p style=\"text-align: justify;\">Taraf Gazetesi k\u00f6\u015fe yazar\u0131 Emre Uslu, ge\u00e7ti\u011fimiz haftaki yaz\u0131s\u0131nda, PKK i\u00e7inde kontrolden \u00e7\u0131kan gruplar\u0131n Karadeniz\u2019de eylem yapabilece\u011fi uyar\u0131s\u0131nda bulunmu\u015ftu.<\/p>\n","protected":false},"author":1,"featured_media":0,"comment_status":"open","ping_status":"closed","sticky":false,"template":"","format":"standard","meta":{"footnotes":""},"categories":[105],"tags":[],"class_list":["post-31776","post","type-post","status-publish","format-standard","hentry","category-gundem","odd"],"_links":{"self":[{"href":"http:\/\/www.korhanyilmaz.com\/index.php?rest_route=\/wp\/v2\/posts\/31776","targetHints":{"allow":["GET"]}}],"collection":[{"href":"http:\/\/www.korhanyilmaz.com\/index.php?rest_route=\/wp\/v2\/posts"}],"about":[{"href":"http:\/\/www.korhanyilmaz.com\/index.php?rest_route=\/wp\/v2\/types\/post"}],"author":[{"embeddable":true,"href":"http:\/\/www.korhanyilmaz.com\/index.php?rest_route=\/wp\/v2\/users\/1"}],"replies":[{"embeddable":true,"href":"http:\/\/www.korhanyilmaz.com\/index.php?rest_route=%2Fwp%2Fv2%2Fcomments&post=31776"}],"version-history":[{"count":0,"href":"http:\/\/www.korhanyilmaz.com\/index.php?rest_route=\/wp\/v2\/posts\/31776\/revisions"}],"wp:attachment":[{"href":"http:\/\/www.korhanyilmaz.com\/index.php?rest_route=%2Fwp%2Fv2%2Fmedia&parent=31776"}],"wp:term":[{"taxonomy":"category","embeddable":true,"href":"http:\/\/www.korhanyilmaz.com\/index.php?rest_route=%2Fwp%2Fv2%2Fcategories&post=31776"},{"taxonomy":"post_tag","embeddable":true,"href":"http:\/\/www.korhanyilmaz.com\/index.php?rest_route=%2Fwp%2Fv2%2Ftags&post=31776"}],"curies":[{"name":"wp","href":"https:\/\/api.w.org\/{rel}","templated":true}]}}