{"id":31771,"date":"2011-05-05T08:17:40","date_gmt":"2011-05-05T05:17:40","guid":{"rendered":"http:\/\/www.korhanyilmaz.com\/?p=31771"},"modified":"2011-05-05T08:17:40","modified_gmt":"2011-05-05T05:17:40","slug":"izmire-avci-taktigi","status":"publish","type":"post","link":"http:\/\/www.korhanyilmaz.com\/?p=31771","title":{"rendered":"\u0130zmir&#8217;e Avc\u0131 takti\u011fi"},"content":{"rendered":"<p style=\"text-align: center;\"><a href=\"http:\/\/www.korhanyilmaz.com\/wp-content\/uploads\/2011\/05\/038.jpg\"  class=\"lightview\"><img loading=\"lazy\" decoding=\"async\" class=\"aligncenter size-full wp-image-31900\" src=\"http:\/\/www.korhanyilmaz.com\/wp-content\/uploads\/2011\/05\/038.jpg\" alt=\"\" width=\"414\" height=\"220\" \/><\/a><\/p>\n<p style=\"text-align: justify;\">\u0130zmir Belediyesi 2 y\u0131l \u00f6nce incelenmeye ba\u015flanm\u0131\u015f. 6 ayd\u0131r teknik ve fiziki takip kapsam\u0131nda \u00fcst d\u00fczey y\u00f6neticileri izleniyor.<\/p>\n<p style=\"text-align: justify;\">Devrimci Kararg\u00e2h \u00d6rg\u00fct\u00fc soru\u015fturmas\u0131nda tutuklanan Emniyet M\u00fcd\u00fcr\u00fc Hanefi Avc\u0131\u2019n\u0131n, Edirne\u2019de g\u00f6rev yapt\u0131\u011f\u0131 d\u00f6nemde Belediye Ba\u015fkan\u0131 CHP\u2019li Hamdi Sedef\u00e7i\u2019nin makam odas\u0131ndaki plazma televizyonun i\u00e7inde g\u00f6r\u00fcnt\u00fc ve ses kaydedeci gizli kamera \u00e7\u0131km\u0131\u015ft\u0131.<!--more--><\/p>\n<p style=\"text-align: justify;\">\u0130zmir B\u00fcy\u00fck\u015fehir Belediyesi\u2019ne yap\u0131lan operasyonda el konulan yakla\u015f\u0131k 100 ihale dosyas\u0131, mali b\u00fcro ekiplerince incelenirken, teknik takip ve istihbarat \u00e7al\u0131\u015fmalar\u0131nda elde edilen bilgilere dayal\u0131 olarak g\u00f6zalt\u0131na al\u0131nan 34 ki\u015finin sorgusu da devam ediyor.<\/p>\n<p style=\"text-align: justify;\">Belediyenin yan\u0131 s\u0131ra \u0130zmir\u2019i de \u015fok eden bask\u0131n\u0131n d\u00f6rd\u00fcnc\u00fc g\u00fcn\u00fcnde, operasyonla ilgili detaylar da yava\u015f yava\u015f ortaya \u00e7\u0131k\u0131yor. \u0130ki y\u0131l \u00f6ncesine dayanan ihbarlar\u0131n, savc\u0131l\u0131k talimat\u0131yla incelendi\u011fi, yakla\u015f\u0131k 6 ayd\u0131r teknik ve fiziki takip kapsam\u0131nda \u00fcst d\u00fczey y\u00f6neticilerinin en be an izlendi\u011fi, pek \u00e7ok kamera ve ses kayd\u0131n\u0131n al\u0131nd\u0131\u011f\u0131 \u00f6\u011frenildi. Bu ama\u00e7la, polisin, \u0130zmir B\u00fcy\u00fck\u015fehir Belediyesi\u2019nin \u00e7e\u015fitli birimlerine \u2018temizlik i\u015f\u00e7isi\u2019 gibi girdi\u011fi; kalorifer peteklerine, televizyonlara ve elektrik prizlerine gizli kameralar ve dinleme cihazlar\u0131 yerle\u015ftirildi\u011fi, mesai saatleri boyunca olup bitenlerin saniye saniye kaydedildi\u011fi belirlendi. Telefon dinlemelerinde, \u2018\u00e7\u0131kma\u2019 gibi baz\u0131 \u015fifreli kelimeler de tespit edildi.<\/p>\n<p style=\"text-align: justify;\">Milliyet&#8217;te yer alan habere g\u00f6re, B\u00fcy\u00fck\u015fehir Belediye Ba\u015fkan\u0131 Aziz Kocao\u011flu da bask\u0131n an\u0131ndan itibaren ya\u015fananlar\u0131 ise \u015fu s\u00f6zlerle anlatt\u0131:<\/p>\n<p style=\"text-align: justify;\">\u201cBug\u00fcne kadar Say\u0131\u015ftay denet\u00e7isinin raporuyla operasyon yap\u0131lm\u0131\u015f belediyecilik tarihinde hi\u00e7bir belediye yok bizim bildi\u011fimiz. \u0130zmir\u2019de hem AKP\u2019den 2 CHP\u2019den 3 belediyeye bu t\u00fcr \u015feyler yap\u0131ld\u0131. \u00c7ok b\u00fcy\u00fck iddialarla 400-500 y\u0131llara varan hapis cezas\u0131 iddialar\u0131yla \u00e7\u0131kan davalar maalesef beraat etti. Tabi \u00fcz\u00fcl\u00fcyorum. Say\u0131\u015ftay denet\u00e7isi, m\u00fclkiye m\u00fcfetti\u015fi, vergi denet\u00e7isi sa\u011f olsun \u0130zmir B\u00fcy\u00fck\u015fehir Belediyesi\u2019nden eksik olmazlar.<\/p>\n<p style=\"text-align: justify;\">\u015eik\u00e2yetimiz yok. Tabi g\u00f6revlerini yapacaklar. Benim 7 senedir tan\u0131mad\u0131\u011f\u0131m M\u00fclkiye m\u00fcfetti\u015fi, Say\u0131\u015ftay denet\u00e7isi kalmad\u0131. S\u00fcrekli denetim halindeler. San\u0131r\u0131m \u015fu anda yoklar. Bu operasyondan dolay\u0131 geri mi \u00e7ekildiler bilmiyorum. Sayg\u0131 duyuyorum. Devletin kurumlar\u0131 g\u00f6revlerini yapacaklar. Polis i\u015f\u00e7iler kimdir bilmiyorum. Beni de bu arama dinleme vs i\u00e7in konulan \u015feyler hi\u00e7bir zaman ilgilendirmiyor.  Polis i\u015f\u00e7ilerin kim oldu\u011funu bilmiyorum. Merak olu\u015fmas\u0131 gayet do\u011fal. Ama \u0130zmir B\u00fcy\u00fck\u015fehir Belediyesi\u2019nde de bunu tespit edecek b\u00f6yle bir istihbarat birimimiz yok.&#8221;<\/p>\n<p style=\"text-align: justify;\">Sivil toplum kurulu\u015flar\u0131n\u0131n temsilcilerinden olu\u015fan \u0130zmir Ba\u015fkanlar Kurulu\u2019nun \u00fcyeleri, B\u00fcy\u00fck\u015fehir Belediye Ba\u015fkan\u0131  Kocao\u011flu\u2019nu ziyaret etti.<\/p>\n<p style=\"text-align: justify;\"><strong>PERSONELE Z\u0130YARET<\/strong><\/p>\n<p style=\"text-align: justify;\">B\u00fcy\u00fck\u015fehir Belediye (\u0130BB) Ba\u015fkan\u0131 Aziz Kocao\u011flu, \u0130BB\u2019ye y\u00f6nelik d\u00fczenlenen operasyonda g\u00f6zalt\u0131na al\u0131nan belediye \u00e7al\u0131\u015fanlar\u0131n\u0131 sa\u011fl\u0131k kontrol\u00fc d\u00f6n\u00fc\u015f\u00fcnde, ziyaret etmek i\u00e7in Ye\u015filyurt Organize Su\u00e7lar \u015eube M\u00fcd\u00fcrl\u00fc\u011f\u00fc\u2019ne geldi. Ba\u015fkan Kocao\u011flu\u2019nu burada bulunan g\u00f6zalt\u0131ndaki belediye \u00e7al\u0131\u015fanlar\u0131n\u0131n yak\u0131nlar\u0131 kar\u015f\u0131lad\u0131.<\/p>\n<p style=\"text-align: justify;\"><strong>BARO: BU OPERSYON S\u0130YAS\u0130<\/strong><\/p>\n<p style=\"text-align: justify;\">\u0130zmir Barosu Ba\u015fkan\u0131 Sema Pekda\u015f, B\u00fcy\u00fck\u015fehir Belediyesi\u2019ne y\u00f6nelik operasyonun siyasi oldu\u011funu \u00f6ne s\u00fcrerek, \u0130zmir\u2019den milletvekili aday\u0131 2 bakan\u0131n konuyla ilgili a\u00e7\u0131klamalar\u0131n\u0131n \u201cg\u00fcnah \u00e7\u0131karma\u201d oldu\u011funu s\u00f6yledi. Pekda\u015f, \u201cEn \u00f6nemli ve kabul edilemez sorun da budur\u201d diye konu\u015ftu.<\/p>\n<p style=\"text-align: justify;\"><strong>HANEF\u0130 AVCI Y\u00d6NTEM\u0130<\/strong><\/p>\n<p style=\"text-align: justify;\">Devrimci Kararg\u00e2h \u00d6rg\u00fct\u00fc soru\u015fturmas\u0131nda tutuklanan Emniyet M\u00fcd\u00fcr\u00fc Hanefi Avc\u0131\u2019n\u0131n, Edirne\u2019de g\u00f6rev yapt\u0131\u011f\u0131 d\u00f6nemde Belediye Ba\u015fkan\u0131 CHP\u2019li Hamdi Sedef\u00e7i\u2019nin makam odas\u0131ndaki plazma televizyonun i\u00e7inde g\u00f6r\u00fcnt\u00fc ve ses kaydedeci gizli kamera \u00e7\u0131km\u0131\u015ft\u0131. Sedef\u00e7i, makam odas\u0131ndaki tv\u2019yi noter huzurunda a\u00e7t\u0131rd\u0131 ve gizli kamera \u00e7\u0131k\u0131nca su\u00e7 duyurusumda bulundu. Emekli Ba\u015fkan Yard\u0131mc\u0131s\u0131 Ayhan G\u00fcr\u2019\u00fcn makam odas\u0131nda da bir sprey i\u00e7inde gizli kamera bulundu. Daha sonra kameran\u0131n mahkeme karar\u0131 ile konuldu\u011fu anla\u015f\u0131ld\u0131.<\/p>\n<p style=\"text-align: justify;\"><strong>B\u0130R D\u00d6NEM\u0130N OPERASYONLARI<\/strong><\/p>\n<p style=\"text-align: justify;\">\u0130zmir, benzer operasyonlar\u0131, teknik ve fiziki takipleri bundan \u00f6nce de ya\u015fam\u0131\u015ft\u0131. \u00d6zel Yetkili Cumhuriyet Savc\u0131s\u0131 olarak 2006\u2019da atanan Murat G\u00f6k\u2019\u00fcn CHP\u2019li belediyeler a\u011f\u0131rl\u0131kl\u0131 operasyonlar\u0131 bir d\u00f6neme damgas\u0131n\u0131 vurmu\u015ftu. Murat G\u00f6k\u2019\u00fcn, bizzat ba\u015f\u0131nda bulundu\u011fu operasyonlarda \u0130zmir ve Ege B\u00f6lgesi\u2019nde; belediye ba\u015fkanlar\u0131ndan b\u00fcrokratlara kadar etkili g\u00f6revde bulunan bir\u00e7ok ismi g\u00f6zalt\u0131na ald\u0131rm\u0131\u015ft\u0131. Tutuklanan belediye ba\u015fkanlar\u0131 yarg\u0131lama s\u00fcrerken tahliye edilmi\u015fti.<\/p>\n<p style=\"text-align: justify;\"><a href=\"http:\/\/www.gazeteport.com.tr\/GUNCEL\/NEWS\/GP_899354\" target=\"_blank\">Kaynak : GAZETEPORT<\/a><\/p>\n","protected":false},"excerpt":{"rendered":"<p style=\"text-align: center;\">\n<p style=\"text-align: justify;\">\u0130zmir Belediyesi 2 y\u0131l \u00f6nce incelenmeye ba\u015flanm\u0131\u015f. 6 ayd\u0131r teknik ve fiziki takip kapsam\u0131nda \u00fcst d\u00fczey y\u00f6neticileri izleniyor.<\/p>\n<p style=\"text-align: justify;\">Devrimci Kararg\u00e2h \u00d6rg\u00fct\u00fc soru\u015fturmas\u0131nda tutuklanan Emniyet M\u00fcd\u00fcr\u00fc Hanefi Avc\u0131\u2019n\u0131n, Edirne\u2019de g\u00f6rev yapt\u0131\u011f\u0131 d\u00f6nemde Belediye Ba\u015fkan\u0131 CHP\u2019li Hamdi Sedef\u00e7i\u2019nin makam odas\u0131ndaki plazma televizyonun i\u00e7inde g\u00f6r\u00fcnt\u00fc ve ses kaydedeci gizli kamera \u00e7\u0131km\u0131\u015ft\u0131.<\/p>\n","protected":false},"author":1,"featured_media":0,"comment_status":"open","ping_status":"closed","sticky":false,"template":"","format":"standard","meta":{"footnotes":""},"categories":[105],"tags":[],"class_list":["post-31771","post","type-post","status-publish","format-standard","hentry","category-gundem","odd"],"_links":{"self":[{"href":"http:\/\/www.korhanyilmaz.com\/index.php?rest_route=\/wp\/v2\/posts\/31771","targetHints":{"allow":["GET"]}}],"collection":[{"href":"http:\/\/www.korhanyilmaz.com\/index.php?rest_route=\/wp\/v2\/posts"}],"about":[{"href":"http:\/\/www.korhanyilmaz.com\/index.php?rest_route=\/wp\/v2\/types\/post"}],"author":[{"embeddable":true,"href":"http:\/\/www.korhanyilmaz.com\/index.php?rest_route=\/wp\/v2\/users\/1"}],"replies":[{"embeddable":true,"href":"http:\/\/www.korhanyilmaz.com\/index.php?rest_route=%2Fwp%2Fv2%2Fcomments&post=31771"}],"version-history":[{"count":0,"href":"http:\/\/www.korhanyilmaz.com\/index.php?rest_route=\/wp\/v2\/posts\/31771\/revisions"}],"wp:attachment":[{"href":"http:\/\/www.korhanyilmaz.com\/index.php?rest_route=%2Fwp%2Fv2%2Fmedia&parent=31771"}],"wp:term":[{"taxonomy":"category","embeddable":true,"href":"http:\/\/www.korhanyilmaz.com\/index.php?rest_route=%2Fwp%2Fv2%2Fcategories&post=31771"},{"taxonomy":"post_tag","embeddable":true,"href":"http:\/\/www.korhanyilmaz.com\/index.php?rest_route=%2Fwp%2Fv2%2Ftags&post=31771"}],"curies":[{"name":"wp","href":"https:\/\/api.w.org\/{rel}","templated":true}]}}