{"id":31767,"date":"2011-05-05T08:16:48","date_gmt":"2011-05-05T05:16:48","guid":{"rendered":"http:\/\/www.korhanyilmaz.com\/?p=31767"},"modified":"2011-05-05T08:16:48","modified_gmt":"2011-05-05T05:16:48","slug":"basbakanin-konvoyuna-beklenen-saldiri","status":"publish","type":"post","link":"http:\/\/www.korhanyilmaz.com\/?p=31767","title":{"rendered":"Ba\u015fbakan&#8217;\u0131n konvoyuna &#8216;beklenen&#8217; sald\u0131r\u0131"},"content":{"rendered":"<p style=\"text-align: justify;\"><a href=\"http:\/\/www.korhanyilmaz.com\/wp-content\/uploads\/2011\/05\/037.jpg\"  class=\"lightview\"><img loading=\"lazy\" decoding=\"async\" class=\"aligncenter size-full wp-image-31768\" src=\"http:\/\/www.korhanyilmaz.com\/wp-content\/uploads\/2011\/05\/037.jpg\" alt=\"\" width=\"360\" height=\"239\" \/><\/a><\/p>\n<p style=\"text-align: justify;\">Ba\u015fbakan&#8217;a sald\u0131r\u0131 olabilece\u011fi istihbarat\u0131ndan 2 g\u00fcn sonra Erdo\u011fan&#8217;\u0131n Kastamonu mitinginde eskortluk yapan araca sald\u0131r\u0131ld\u0131: Bir polis \u015fehit.<\/p>\n<p style=\"text-align: justify;\">Kastamonu\u2019da Ba\u015fbakanl\u0131k otob\u00fcs\u00fcne e\u015flik eden trafik eskortu silahl\u0131 ve bombal\u0131 sald\u0131r\u0131ya u\u011frad\u0131. D\u00fcn ak\u015fam saatlerinde ger\u00e7ekle\u015fen sald\u0131r\u0131da 1 polis \u015fehit oldu, 1 polis de yaraland\u0131. Sald\u0131r\u0131n\u0131n ard\u0131ndan \u00f6zel timler b\u00f6lgede geni\u015f \u00e7apl\u0131 operasyon ba\u015flat\u0131rken, Emniyet Genel M\u00fcd\u00fcrl\u00fc\u011f\u00fc \u0130stihbarat Daire Ba\u015fkanl\u0131\u011f\u0131\u2019n\u0131n 2 May\u0131s\u2019ta polis birimlerini olas\u0131 bir PKK sald\u0131r\u0131s\u0131 konusunda uyard\u0131\u011f\u0131 ortaya \u00e7\u0131kt\u0131. <!--more--><\/p>\n<p style=\"text-align: justify;\">\u0130stihbarat birimlerinin g\u00fcnler \u00f6ncesinden Karadeniz\u2019de g\u00fcvenlik g\u00fc\u00e7lerine kar\u015f\u0131 silahl\u0131 sald\u0131r\u0131 olabilece\u011fi y\u00f6n\u00fcnde uyar\u0131da bulunmas\u0131na kar\u015f\u0131n Kastamonu\u2019daki pusunun \u00f6n\u00fcne ge\u00e7ilemedi. Se\u00e7im gezileri \u00e7er\u00e7evesinde d\u00fcn Kastomunu\u2019da miting d\u00fczenleyen Ba\u015fbakan Erdo\u011fan daha sonra helikopterle Amasya\u2019ya ge\u00e7ti.<\/p>\n<p style=\"text-align: justify;\"><strong>\u00d6nce kur\u015fun<\/strong><\/p>\n<p style=\"text-align: justify;\">Mitingin ard\u0131ndan Ba\u015fbakanl\u0131k otob\u00fcs\u00fc de bir trafik eskortu e\u015fli\u011finde Ankara\u2019ya do\u011fru harekete etti. Kastamonu-\u00c7ank\u0131r\u0131 karayolunun 25. kilometresindeki Ilgaz Da\u011f\u0131 So\u011fuksu mevkisine gelindi\u011finde Ba\u015fbakanl\u0131k otob\u00fcs\u00fcn\u00fcn yakla\u015f\u0131k 50-60 metre \u00f6n\u00fcnde giden Kastamonu\u2019da g\u00f6revli trafik eskortuna orman\u0131n i\u00e7inden kimli\u011fi belirsiz ki\u015filerce ate\u015f a\u00e7\u0131ld\u0131. Saat 17.15 sular\u0131nda ger\u00e7ekle\u015fen silahl\u0131 sald\u0131r\u0131n\u0131n ard\u0131ndan eskort arac\u0131na el bombas\u0131 at\u0131ld\u0131 ve ara\u00e7 yanmaya ba\u015flad\u0131. Yanan arac\u0131n i\u00e7inde kalan polis memuru Recep \u015eahin \u015fehit d\u00fc\u015ft\u00fc. Konvoya sald\u0131r\u0131ld\u0131\u011f\u0131 s\u0131rada ara\u00e7tan \u00e7\u0131karak, a\u00e7\u0131lan ate\u015fe kar\u015f\u0131l\u0131k veren ve bu s\u0131rada yaralanan Metin Ku\u015f, \u00d6zel Anadolu Hastanesine kald\u0131r\u0131ld\u0131. Ku\u015f, burada yap\u0131lan m\u00fcdahalenin ard\u0131ndan ambulans helikopterle Ankara Atat\u00fcrk E\u011fitim Ara\u015ft\u0131rma Hastanesine sevk edildi. Sa\u011fl\u0131k Bakanl\u0131\u011f\u0131 yetkilileri, Ku\u015f\u2019un ba\u015f\u0131ndan s\u0131y\u0131r\u0131p ge\u00e7en bir kur\u015funla hafif yaraland\u0131\u011f\u0131n\u0131, genel sa\u011fl\u0131k durumunun iyi ve bilincinin a\u00e7\u0131k oldu\u011funu bildirdi.<\/p>\n<p style=\"text-align: justify;\"><strong>Korumalar \u00e7at\u0131\u015ft\u0131<\/strong><\/p>\n<p style=\"text-align: justify;\">Sald\u0131r\u0131n\u0131n ard\u0131ndan Ba\u015fbakanl\u0131k korumalar\u0131 olay yerine gelerek silahl\u0131 sald\u0131r\u0131y\u0131 ger\u00e7ekle\u015ftirenlere ate\u015f a\u00e7t\u0131. Ancak s\u0131k ormanlarla kapl\u0131 da\u011fl\u0131k alanda ger\u00e7ekle\u015fen olay\u0131n ard\u0131ndan sald\u0131rganlar kay\u0131plara kar\u0131\u015ft\u0131.<\/p>\n<p style=\"text-align: justify;\">Sald\u0131r\u0131dan k\u0131sa s\u00fcre sonra ormanl\u0131k alana gelen askeri timler operasyon ba\u015flatt\u0131. B\u00f6lgeyi \u00e7embere alan g\u00fcvenlik g\u00fc\u00e7leri, sald\u0131rganlar\u0131n ka\u00e7\u0131\u015f noktalar\u0131n\u0131 da tuttu. Olay yerinde 22 mermi kovan\u0131 bulundu.<\/p>\n<p style=\"text-align: justify;\"><strong>Sinopta\u2019da sald\u0131r\u0131 olmu\u015ftu<\/strong><\/p>\n<p style=\"text-align: justify;\">Eylemi T\u0130KKO destekli PKK\u2019l\u0131 bir grubun ger\u00e7ekle\u015ftirdi\u011fi ileri s\u00fcr\u00fcl\u00fcyor. PKK\u2019l\u0131 \u2019Munzur\u2019 ve \u2019Zerzan\u2019 kod adl\u0131 gruplar T\u0130KKO militanlar\u0131yla Sinop\u2019un Gerze \u0130l\u00e7esi\u2019nde jandarmaya, Boyabat \u0130l\u00e7esi\u2019nde polise y\u00f6nelik eylemler yapm\u0131\u015ft\u0131. D\u00fcnk\u00fc sald\u0131r\u0131n\u0131n da ayn\u0131 grubun bir y\u0131l i\u00e7inde yapt\u0131\u011f\u0131 \u00fc\u00e7\u00fcnc\u00fc sald\u0131r\u0131s\u0131 oldu\u011fu iddia ediliyor. Son olarak 7 Nisan\u2019da Sinop\u2019un Boyabat il\u00e7esinde polise silahl\u0131 sald\u0131r\u0131 d\u00fczenlenmi\u015fti. Polis lojmanlar\u0131n\u0131n \u00f6n\u00fcnde devriye gezen ekibe y\u00f6nelik sald\u0131r\u0131da 3 polis yaralanm\u0131\u015ft\u0131.<\/p>\n<p style=\"text-align: justify;\"><a href=\"http:\/\/www.radikal.com.tr\/Radikal.aspx?aType=RadikalDetayV3&amp;ArticleID=1048326&amp;Date=05.05.2011&amp;CategoryID=78\" target=\"_blank\">Kaynak : Radikal<\/a><\/p>\n","protected":false},"excerpt":{"rendered":"<p style=\"text-align: justify;\">\n<p style=\"text-align: justify;\">Ba\u015fbakan&#8217;a sald\u0131r\u0131 olabilece\u011fi istihbarat\u0131ndan 2 g\u00fcn sonra Erdo\u011fan&#8217;\u0131n Kastamonu mitinginde eskortluk yapan araca sald\u0131r\u0131ld\u0131: Bir polis \u015fehit.<\/p>\n<p style=\"text-align: justify;\">Kastamonu\u2019da Ba\u015fbakanl\u0131k otob\u00fcs\u00fcne e\u015flik eden trafik eskortu silahl\u0131 ve bombal\u0131 sald\u0131r\u0131ya u\u011frad\u0131. D\u00fcn ak\u015fam saatlerinde ger\u00e7ekle\u015fen sald\u0131r\u0131da 1 polis \u015fehit oldu, 1 polis de yaraland\u0131. Sald\u0131r\u0131n\u0131n ard\u0131ndan \u00f6zel timler b\u00f6lgede geni\u015f <\/p>\n","protected":false},"author":1,"featured_media":0,"comment_status":"open","ping_status":"closed","sticky":false,"template":"","format":"standard","meta":{"footnotes":""},"categories":[105],"tags":[],"class_list":["post-31767","post","type-post","status-publish","format-standard","hentry","category-gundem","odd"],"_links":{"self":[{"href":"http:\/\/www.korhanyilmaz.com\/index.php?rest_route=\/wp\/v2\/posts\/31767","targetHints":{"allow":["GET"]}}],"collection":[{"href":"http:\/\/www.korhanyilmaz.com\/index.php?rest_route=\/wp\/v2\/posts"}],"about":[{"href":"http:\/\/www.korhanyilmaz.com\/index.php?rest_route=\/wp\/v2\/types\/post"}],"author":[{"embeddable":true,"href":"http:\/\/www.korhanyilmaz.com\/index.php?rest_route=\/wp\/v2\/users\/1"}],"replies":[{"embeddable":true,"href":"http:\/\/www.korhanyilmaz.com\/index.php?rest_route=%2Fwp%2Fv2%2Fcomments&post=31767"}],"version-history":[{"count":0,"href":"http:\/\/www.korhanyilmaz.com\/index.php?rest_route=\/wp\/v2\/posts\/31767\/revisions"}],"wp:attachment":[{"href":"http:\/\/www.korhanyilmaz.com\/index.php?rest_route=%2Fwp%2Fv2%2Fmedia&parent=31767"}],"wp:term":[{"taxonomy":"category","embeddable":true,"href":"http:\/\/www.korhanyilmaz.com\/index.php?rest_route=%2Fwp%2Fv2%2Fcategories&post=31767"},{"taxonomy":"post_tag","embeddable":true,"href":"http:\/\/www.korhanyilmaz.com\/index.php?rest_route=%2Fwp%2Fv2%2Ftags&post=31767"}],"curies":[{"name":"wp","href":"https:\/\/api.w.org\/{rel}","templated":true}]}}