{"id":31764,"date":"2011-05-04T22:05:01","date_gmt":"2011-05-04T19:05:01","guid":{"rendered":"http:\/\/www.korhanyilmaz.com\/?p=31764"},"modified":"2011-05-04T22:05:01","modified_gmt":"2011-05-04T19:05:01","slug":"liderler-saldiriyi-kinadi","status":"publish","type":"post","link":"http:\/\/www.korhanyilmaz.com\/?p=31764","title":{"rendered":"Liderler sald\u0131r\u0131y\u0131 k\u0131nad\u0131"},"content":{"rendered":"<p style=\"text-align: center;\"><a href=\"http:\/\/www.korhanyilmaz.com\/wp-content\/uploads\/2011\/05\/063.jpg\"  class=\"lightview\"><img loading=\"lazy\" decoding=\"async\" class=\"aligncenter size-full wp-image-31765\" src=\"http:\/\/www.korhanyilmaz.com\/wp-content\/uploads\/2011\/05\/063.jpg\" alt=\"\" width=\"324\" height=\"215\" \/><\/a><\/p>\n<p style=\"text-align: justify;\">Ba\u015fbakan Recep Tayyip Erdo\u011fan&#8217;\u0131n Kastamonu mitinginden Ankara&#8217;ya d\u00f6nen polis ekibine d\u00fczenlenen sald\u0131r\u0131 siyasiler taraf\u0131ndan k\u0131nand\u0131.<\/p>\n<p style=\"text-align: justify;\">Cumhurba\u015fkan\u0131 Abdullah G\u00fcl, Kastamonu&#8217;da Ba\u015fbakanl\u0131k otob\u00fcs\u00fcne e\u015flik eden polis eskortuna sald\u0131r\u0131ya ili\u015fkin, &#8221;Polis memurumuza rahmet diliyorum. Tehlikeli ve ciddiye al\u0131nmas\u0131 gereken bir olay, se\u00e7im arifesinde bu t\u00fcr faaliyetler olacakt\u0131r. Ter\u00f6re T\u00fcrkiye hi\u00e7bir zaman boyun e\u011fmeyecek, bu olaylara bula\u015fanlar\u0131 hi\u00e7bir zaman affetmeyecektir&#8221; dedi. <!--more--><\/p>\n<p style=\"text-align: justify;\"><strong>KEMAL KILI\u00c7DARO\u011eLU<\/strong><\/p>\n<p style=\"text-align: justify;\">CHP Genel Ba\u015fkan\u0131 Kemal K\u0131l\u0131\u00e7daro\u011flu, Kastamonu-\u00c7ank\u0131r\u0131 karayolunda polis otosuna y\u00f6nelik silahl\u0131 sald\u0131r\u0131 olay\u0131na ili\u015fkin, &#8221;Ter\u00f6r kimden ve nereden gelirse gelsin k\u0131n\u0131yoruz&#8221; dedi.<\/p>\n<p style=\"text-align: justify;\">Kastamonu-\u00c7ank\u0131r\u0131 karayolunun 25. kilometresindeki Ilgaz Da\u011f\u0131 So\u011fuksu mevkisinde, Ba\u015fbakanl\u0131k otob\u00fcs\u00fcne e\u015flik eden trafik eskortuna d\u00fczenlenen sald\u0131r\u0131ya ili\u015fkin soru \u00fczerine K\u0131l\u0131\u00e7daro\u011flu, \u015funlar\u0131 s\u00f6yledi:<\/p>\n<p style=\"text-align: justify;\">&#8221;Ter\u00f6r kimden ve nereden gelirse gelsin k\u0131n\u0131yoruz. Ter\u00f6rle bir yere var\u0131lamayaca\u011f\u0131n\u0131 art\u0131k herkesin bilmesi gerekir. Ter\u00f6r\u00fcn bir insanl\u0131k su\u00e7u oldu\u011funu toplumumuz art\u0131k kabul etti. Say\u0131n Ba\u015fbakana ge\u00e7mi\u015f olsun diliyorum. Ya\u015fam\u0131n\u0131 yitiren bir polis arkada\u015f\u0131m\u0131z var. Ona Allah&#8217;tan rahmet diliyorum. Ailesine ve t\u00fcm polis camias\u0131na ba\u015f sa\u011fl\u0131\u011f\u0131 diliyorum.&#8221;<\/p>\n<p style=\"text-align: justify;\"><strong>MASUM T\u00dcRKER<\/strong><\/p>\n<p style=\"text-align: justify;\">DSP Genel Ba\u015fkan\u0131 Masum T\u00fcrker Kastamonu&#8217;da Ba\u015fbakan Recep Tayyip Erdo\u011fan&#8217;\u0131 koruyan ekibe \u00c7ank\u0131r\u0131 yolunda d\u00fczenlenen silahl\u0131 ve bombal\u0131 sald\u0131r\u0131y\u0131 k\u0131nad\u0131 ve Ba\u015fbakan Recep Tayyip Erdo\u011fan&#8217;a ge\u00e7mi\u015f olsun dileklerini iletti.<\/p>\n<p style=\"text-align: justify;\">DSP&#8217;den yap\u0131lan yaz\u0131l\u0131 a\u00e7\u0131klamaya g\u00f6re, T\u00fcrker telgraf\u0131nda, &#8220;Ba\u015fbakanl\u0131k otob\u00fcs\u00fcne e\u015flik eden trafik eskortuna y\u00f6nelik hain sald\u0131r\u0131y\u0131 \u015fiddetle k\u0131n\u0131yor, size ve \u00e7al\u0131\u015fma arkada\u015flar\u0131n\u0131za ge\u00e7mi\u015f olsun diyoruz. Bu sald\u0131r\u0131, demokrasiye yap\u0131lm\u0131\u015f bir sald\u0131r\u0131d\u0131r&#8221; dedi.<\/p>\n<p style=\"text-align: justify;\"><strong>DEVLET BAH\u00c7EL\u0130<\/strong><\/p>\n<p style=\"text-align: justify;\">MHP lideri Devlet Bah\u00e7eli, se\u00e7im \u00e7al\u0131\u015fmalar\u0131 i\u00e7in geldi\u011fi \u00c7ank\u0131r\u0131&#8217;da, Ba\u015fbakanl\u0131k konvoyuna d\u00fczenlenen sald\u0131r\u0131ya ili\u015fkin de\u011ferlendirmelerde bulundu.<\/p>\n<p style=\"text-align: justify;\">&#8221;Kahraman polislerimizden birisi hakk\u0131n rahmetine kavu\u015farak \u015fehidimiz olmu\u015ftur, bir polis karde\u015fimiz ise yaralanm\u0131\u015ft\u0131r&#8221; diyen Bah\u00e7eli \u015funlar\u0131 kaydetti:<\/p>\n<p style=\"text-align: justify;\">&#8221;Eskort arabas\u0131, \u015fu an i\u00e7in bilinmiyor ama tahmini m\u00fcmk\u00fcn olan odaklarca sald\u0131r\u0131ya u\u011frad\u0131\u011f\u0131 anla\u015f\u0131lmaktad\u0131r. B\u00fcy\u00fck T\u00fcrk milletine, emniyet g\u00fc\u00e7lerimize ba\u015f sa\u011fl\u0131\u011f\u0131 diliyorum. Hakk\u0131n rahmetine kavu\u015fmu\u015f olan polis karde\u015fimize Cenab-\u0131 Allah&#8217;tan rahmet diliyoruz, yaral\u0131 karde\u015fimize ise acil \u015fifalar diliyoruz.&#8221;<\/p>\n<p style=\"text-align: justify;\"><strong>MEHMET AL\u0130 \u015eAH\u0130N<\/strong><\/p>\n<p style=\"text-align: justify;\">TBMM Ba\u015fkan\u0131 Mehmet Ali \u015eahin, Kastamonu&#8217;da polis ekibine y\u00f6nelik silahl\u0131 sald\u0131r\u0131yla ilgili &#8221;Olay\u0131n hangi ter\u00f6r \u00f6rg\u00fct\u00fc taraf\u0131ndan yap\u0131ld\u0131\u011f\u0131n\u0131 hen\u00fcz bilemiyoruz, acaba &#8216;biz T\u00fcrkiye&#8217;nin her yerinde var\u0131z&#8217; m\u0131 demek istiyorlar&#8221; dedi.<\/p>\n<p style=\"text-align: justify;\">\u015eahin, Karab\u00fck&#8217;te gazetecilere yapt\u0131\u011f\u0131 a\u00e7\u0131klamada, Kastamonu Ilgaz Da\u011f\u0131&#8217;nda meydana gelen sald\u0131r\u0131y\u0131 nefretle k\u0131nad\u0131klar\u0131n\u0131 s\u00f6yledi.<\/p>\n<p style=\"text-align: justify;\">Olay\u0131 hangi ter\u00f6r \u00f6rg\u00fct\u00fcn\u00fcn hangi ama\u00e7la yapt\u0131\u011f\u0131n\u0131n devletin g\u00fcvenlik g\u00fc\u00e7lerince tespit edilmesi gerekti\u011finin alt\u0131n\u0131 \u00e7izdi\u011fini vurgulayan \u015eahin, \u015f\u00f6yle konu\u015ftu:<\/p>\n<p style=\"text-align: justify;\">&#8221;San\u0131r\u0131m \u00c7ank\u0131r\u0131 Emniyet M\u00fcd\u00fcrl\u00fc\u011f\u00fc personeli Recep \u015eahin isimli polis memurumuz \u015fehit oldu, bir de yaral\u0131m\u0131z var. Ben gerek jandarmam\u0131z\u0131n gerekse emniyet te\u015fkilat\u0131m\u0131z\u0131n Ilgaz Da\u011f\u0131&#8217;nda bu ter\u00f6ristleri yakalamalar\u0131n\u0131 ve bu \u00f6rg\u00fct\u00fcn hangi \u00f6rg\u00fct oldu\u011funun belirlenerek bir an \u00f6nce kamuoyuna a\u00e7\u0131klanmas\u0131 beklentisi i\u00e7erisindeyim. \u00c7\u00fcnk\u00fc, bizim Karadeniz&#8217;de, Bat\u0131 Karadeniz&#8217;de, \u0130\u00e7 Anadolu&#8217;da ve \u00f6zellikle \u00c7ank\u0131r\u0131, Kastamonu, Karab\u00fck ve Sinop y\u00f6relerinde herhangi ter\u00f6rist eylem \u015fu ana kadar vuku bulmam\u0131\u015ft\u0131. \u0130lgin\u00e7 olan\u0131 ter\u00f6rle hi\u00e7bir ilgisi olmayan ve hi\u00e7bir ter\u00f6r \u00f6rg\u00fct\u00fcne destek vermeyen o y\u00f6rede b\u00f6yle bir olay\u0131n meydana gelmi\u015f olmas\u0131d\u0131r. Olay\u0131n hangi ter\u00f6r \u00f6rg\u00fct\u00fc taraf\u0131ndan yap\u0131ld\u0131\u011f\u0131n\u0131 hen\u00fcz bilemiyoruz, acaba &#8216;biz T\u00fcrkiye&#8217;nin her yerinde var\u0131z&#8217; m\u0131 demek istiyorlar. B\u00fct\u00fcn bunlar\u0131n ara\u015ft\u0131r\u0131larak kanun hakimiyetinin mutlaka sa\u011flanmas\u0131 gerekti\u011fi d\u00fc\u015f\u00fcncesindeyim.&#8221;<\/p>\n<p style=\"text-align: justify;\"><strong>B\u00dcLENT ARIN\u00c7<\/strong><\/p>\n<p style=\"text-align: justify;\">Devlet Bakan\u0131 ve Ba\u015fbakan Yard\u0131mc\u0131s\u0131 B\u00fclent Ar\u0131n\u00e7, Kastamonu&#8217;da polis otosuna yap\u0131lan sald\u0131r\u0131yla ilgili olarak &#8221;Bu bir cinayettir, ter\u00f6rist faaliyettir. Bunlar\u0131 kim yapt\u0131ysa onlar\u0131 lanetliyoruz. Cezalar\u0131 verece\u011fimizin de bilinmesini istiyoruz&#8221; dedi.<\/p>\n<p style=\"text-align: justify;\">Kendisinin de olay\u0131 yeni \u00f6\u011frendi\u011fini, Ba\u015fbakan Recep Tayyip Erdo\u011fan&#8217;\u0131n Kastamonu ve Amasya programlar\u0131n\u0131n oldu\u011funu belirten Ar\u0131n\u00e7 \u015f\u00f6yle konu\u015ftu:<\/p>\n<p style=\"text-align: justify;\">&#8221;Kastamonu&#8217;da koruma arac\u0131na bir tuzak kurulmu\u015f ve maalesef bir polisimiz \u015fehit olmu\u015f birka\u00e7 arkada\u015f\u0131m\u0131z\u0131n da yaral\u0131 oldu\u011funu duydum. Takipler devam ediyor bilebildi\u011fim kadar\u0131yla. Umar\u0131m bir \u015fekilde yakalan\u0131rlar ve hesab\u0131n\u0131 verirler. Bu bir cinayettir, ter\u00f6rist faaliyettir. Bunlar\u0131 kim yapt\u0131ysa onlar\u0131 lanetliyoruz. Cezalar\u0131 verece\u011fimizin de bilinmesini istiyoruz. B\u00fct\u00fcn polis camias\u0131na ba\u015f sa\u011fl\u0131\u011f\u0131 diliyorum. \u00d6len karde\u015fimizin ailesine sab\u0131r diliyorum Allah rahmet eylesin. Umar\u0131m ki buna benzer olaylar T\u00fcrkiye&#8217;de bir daha olmas\u0131n ve hi\u00e7birimiz \u00fcz\u00fclmesin. Hepimizin ba\u015f\u0131 sa\u011folsun.&#8221;<\/p>\n<p style=\"text-align: justify;\"><strong>NUMAN KURTULMU\u015e<\/strong><\/p>\n<p style=\"text-align: justify;\">HSP Genel Ba\u015fkan\u0131 Numan Kurtulmu\u015f, Kastamonu&#8217;da polis otosuna yap\u0131lan sald\u0131r\u0131yla ilgili olarak, &#8221;Teti\u011fi \u00e7eken kim olursa olsun, bu sald\u0131r\u0131n\u0131n se\u00e7ime giden T\u00fcrkiye&#8217;yi istikrars\u0131zla\u015ft\u0131rmaya \u00e7al\u0131\u015fan millet ve demokrasi d\u00fc\u015fmanlar\u0131nca ger\u00e7ekle\u015ftirildi\u011fi a\u00e7\u0131kt\u0131r&#8221; dedi.<\/p>\n<p style=\"text-align: justify;\">Kurtulmu\u015f, Kastamonu&#8217;da polis otosuna yap\u0131lan sald\u0131r\u0131 nedeniyle taziye ve ge\u00e7mi\u015f olsun mesaj\u0131 yay\u0131nlad\u0131.<\/p>\n<p style=\"text-align: justify;\">Ba\u015fbakan Recep Tayyip Erdo\u011fan&#8217;\u0131n Kastamonu mitingi sonras\u0131nda, polis ekiplerinin Kastamonu-\u00c7ank\u0131r\u0131 s\u0131n\u0131r\u0131nda u\u011frad\u0131\u011f\u0131 sald\u0131r\u0131y\u0131 \u015fiddetle k\u0131nad\u0131\u011f\u0131n\u0131 ifade eden Kurtulmu\u015f, mesaj\u0131nda \u015funlar\u0131 kaydetti:<\/p>\n<p style=\"text-align: justify;\">&#8221;Menfur sald\u0131r\u0131 da \u015fehit olan g\u00fcvenlik g\u00f6revlimize Allah&#8217;tan rahmet, yaral\u0131lara acil \u015fifalar diliyoruz.<\/p>\n<p style=\"text-align: justify;\">Teti\u011fi \u00e7eken kim olursa olsun, bu sald\u0131r\u0131n\u0131n se\u00e7ime giden T\u00fcrkiye&#8217;yi istikrars\u0131zla\u015ft\u0131rmaya \u00e7al\u0131\u015fan millet ve demokrasi d\u00fc\u015fmanlar\u0131nca ger\u00e7ekle\u015ftirildi\u011fi a\u00e7\u0131kt\u0131r. HAS Parti olarak T\u00fcrkiye&#8217;yi karanl\u0131\u011fa s\u00fcr\u00fcklemeye \u00e7al\u0131\u015fan derin g\u00fc\u00e7lerin kirli eylemlerinin kar\u015f\u0131s\u0131nda durmaya devam edece\u011fiz. Bu vesile ile se\u00e7im s\u00fcrecine girildi\u011fi bu d\u00f6nemde t\u00fcm siyasi parti liderlerine bir kez daha seslenmek istiyorum. Toplumu gerecek, kutupla\u015ft\u0131racak, ayr\u0131\u015ft\u0131ran s\u00f6ylem ve davran\u0131\u015flardan ka\u00e7\u0131nmaya; isti\u015fare ve uzla\u015fmaya dayal\u0131 bir \u00fcslubu bunu hak eden vatanda\u015f\u0131m\u0131n \u00f6n\u00fcnde sergilemeye davet ediyoruz.<\/p>\n<p style=\"text-align: justify;\">Say\u0131n Ba\u015fbakana, AK Parti camias\u0131na, emniyet mensuplar\u0131m\u0131za ve t\u00fcm milletimize ba\u015fsa\u011fl\u0131\u011f\u0131 diliyoruz.&#8221;<\/p>\n<p style=\"text-align: justify;\"><strong>ERTU\u011eRUL G\u00dcNAY<\/strong><\/p>\n<p style=\"text-align: justify;\">K\u00fclt\u00fcr ve Turizm Bakan\u0131 Ertu\u011frul G\u00fcnay, &#8221;Biz \u00fclkemizde demokratik bir se\u00e7im olacak diye umut ediyoruz. Ama s\u00fcreci sakatlamak konusunda \u00e7e\u015fitli \u00f6rt\u00fcl\u00fc ve a\u00e7\u0131k giri\u015fimler var. \u00d6yle zannediyorum ki \u00f6n\u00fcm\u00fczdeki g\u00fcnlerde yine b\u00f6yle bir tak\u0131m may\u0131n giri\u015fimleriyle kar\u015f\u0131la\u015faca\u011f\u0131z&#8221; dedi.<\/p>\n<p style=\"text-align: justify;\">Bakan G\u00fcnay, sald\u0131r\u0131 haberini \u00e7evre \u00f6d\u00fcl\u00fc vermek \u00fczere geldi\u011fi Dalaman&#8217;daki bir otelde gazetecilerden \u00f6\u011frendi.<\/p>\n<p style=\"text-align: justify;\">Geli\u015fmeleri televizyondan bir s\u00fcre izleyen G\u00fcnay, gazetecilere yapt\u0131\u011f\u0131 a\u00e7\u0131klamada, herkes gibi \u00e7ok \u00fczg\u00fcn oldu\u011funu, \u015fehit polise Allah&#8217;tan rahmet, olayda yaralananlara sa\u011fl\u0131k ve esenlik diledi.<\/p>\n<p style=\"text-align: justify;\">Ba\u015fbakan Recep Tayyip Erdo\u011fan&#8217;\u0131n koruma ekibine d\u00f6n\u00fc\u015f yolunda sald\u0131r\u0131 d\u00fczenlendi\u011fini belirten AKP Genel Ba\u015fkan Yard\u0131mc\u0131s\u0131 \u00d6mer \u00c7elik, &#8221;Bir polisimiz \u015fehit oldu. Allah Ba\u015fbakan\u0131m\u0131z\u0131 korusun. Polisimizin mekan\u0131 cennet olsun&#8221; dedi.<\/p>\n<p style=\"text-align: justify;\"><a href=\"http:\/\/www.radikal.com.tr\/Radikal.aspx?aType=RadikalDetayV3&amp;ArticleID=1048304&amp;Date=05.05.2011&amp;CategoryID=78\" target=\"_blank\">Kaynak : Radikal<\/a><\/p>\n","protected":false},"excerpt":{"rendered":"<p style=\"text-align: center;\">\n<p style=\"text-align: justify;\">Ba\u015fbakan Recep Tayyip Erdo\u011fan&#8217;\u0131n Kastamonu mitinginden Ankara&#8217;ya d\u00f6nen polis ekibine d\u00fczenlenen sald\u0131r\u0131 siyasiler taraf\u0131ndan k\u0131nand\u0131.<\/p>\n<p style=\"text-align: justify;\">Cumhurba\u015fkan\u0131 Abdullah G\u00fcl, Kastamonu&#8217;da Ba\u015fbakanl\u0131k otob\u00fcs\u00fcne e\u015flik eden polis eskortuna sald\u0131r\u0131ya ili\u015fkin, &#8221;Polis memurumuza rahmet diliyorum. Tehlikeli ve ciddiye al\u0131nmas\u0131 gereken bir olay, se\u00e7im arifesinde bu t\u00fcr faaliyetler olacakt\u0131r. Ter\u00f6re T\u00fcrkiye hi\u00e7bir zaman <\/p>\n","protected":false},"author":1,"featured_media":0,"comment_status":"open","ping_status":"closed","sticky":false,"template":"","format":"standard","meta":{"footnotes":""},"categories":[105],"tags":[],"class_list":["post-31764","post","type-post","status-publish","format-standard","hentry","category-gundem","odd"],"_links":{"self":[{"href":"http:\/\/www.korhanyilmaz.com\/index.php?rest_route=\/wp\/v2\/posts\/31764","targetHints":{"allow":["GET"]}}],"collection":[{"href":"http:\/\/www.korhanyilmaz.com\/index.php?rest_route=\/wp\/v2\/posts"}],"about":[{"href":"http:\/\/www.korhanyilmaz.com\/index.php?rest_route=\/wp\/v2\/types\/post"}],"author":[{"embeddable":true,"href":"http:\/\/www.korhanyilmaz.com\/index.php?rest_route=\/wp\/v2\/users\/1"}],"replies":[{"embeddable":true,"href":"http:\/\/www.korhanyilmaz.com\/index.php?rest_route=%2Fwp%2Fv2%2Fcomments&post=31764"}],"version-history":[{"count":0,"href":"http:\/\/www.korhanyilmaz.com\/index.php?rest_route=\/wp\/v2\/posts\/31764\/revisions"}],"wp:attachment":[{"href":"http:\/\/www.korhanyilmaz.com\/index.php?rest_route=%2Fwp%2Fv2%2Fmedia&parent=31764"}],"wp:term":[{"taxonomy":"category","embeddable":true,"href":"http:\/\/www.korhanyilmaz.com\/index.php?rest_route=%2Fwp%2Fv2%2Fcategories&post=31764"},{"taxonomy":"post_tag","embeddable":true,"href":"http:\/\/www.korhanyilmaz.com\/index.php?rest_route=%2Fwp%2Fv2%2Ftags&post=31764"}],"curies":[{"name":"wp","href":"https:\/\/api.w.org\/{rel}","templated":true}]}}