{"id":31749,"date":"2011-05-04T19:02:17","date_gmt":"2011-05-04T16:02:17","guid":{"rendered":"http:\/\/www.korhanyilmaz.com\/?p=31749"},"modified":"2011-05-04T19:02:17","modified_gmt":"2011-05-04T16:02:17","slug":"erdogani-koruyan-polis-ekibine-saldiri","status":"publish","type":"post","link":"http:\/\/www.korhanyilmaz.com\/?p=31749","title":{"rendered":"Erdo\u011fan&#8217;\u0131 koruyan polis ekibine sald\u0131r\u0131"},"content":{"rendered":"<p style=\"text-align: justify;\"><a href=\"http:\/\/www.korhanyilmaz.com\/wp-content\/uploads\/2011\/05\/035.jpg\"  class=\"lightview\"><img loading=\"lazy\" decoding=\"async\" class=\"aligncenter size-full wp-image-31750\" src=\"http:\/\/www.korhanyilmaz.com\/wp-content\/uploads\/2011\/05\/035.jpg\" alt=\"\" width=\"348\" height=\"240\" \/><\/a><\/p>\n<p style=\"text-align: justify;\">Ba\u015fbakan Recep Tayyip Erdo\u011fan&#8217;\u0131n Kastamonu mitingin ard\u0131ndan Ankara&#8217;ya d\u00f6nen Ba\u015fbakanl\u0131k ve AK Parti g\u00f6revlilerinin bulundu\u011fu konvoya Ilgaz Da\u011f\u0131 eteklerinde ter\u00f6ristler el bombalar\u0131 ve uzun namlulu silahlarla sald\u0131rd\u0131. \u00c7\u0131kan \u00e7at\u0131\u015fmada 1 polis \u015fehit oldu, 1 polis de yaraland\u0131.<!--more--><\/p>\n<p style=\"text-align: justify;\">Se\u00e7im \u00e7al\u0131\u015fmas\u0131 i\u00e7in Kastamonu&#8217;ya gelen Ba\u015fbakan Erdo\u011fan toplu a\u00e7\u0131l\u0131\u015f t\u00f6reninden sonra Nasrullah Meydan\u0131&#8217;nda halka hitap etti.<\/p>\n<p style=\"text-align: justify;\">Yakla\u015f\u0131k 15 bin ki\u015fiye hitap eden Erdo\u011fan mitingin ard\u0131ndan helikopterle Amasya&#8217;ya ge\u00e7ti.<\/p>\n<p style=\"text-align: justify;\">Ba\u015fbakan&#8217;\u0131n mitingi nedeniyle Ankara&#8217;dan gelen Ba\u015fbakanl\u0131k ve AK Parti g\u00f6revlileri d\u00f6n\u00fc\u015fe ge\u00e7ti.<\/p>\n<p style=\"text-align: justify;\">Saat 17.15&#8217;te Kastamonu- Ankara karayolunun 25&#8217;inci kilometresinde Ilgaz Da\u011f\u0131 eteklerine ula\u015fan konvoya, burada pusu kuran ter\u00f6ristler el bombalar\u0131 ve otomatik silahlarla sald\u0131rd\u0131.<\/p>\n<p style=\"text-align: justify;\">Bombalardan birinin isabet etti\u011fi Ba\u015fbakanl\u0131k otob\u00fcs\u00fcne eskortluk yapan polis arac\u0131 alev al\u0131rken, Ankara&#8217;dan gelenlerle Kastamonu Emniyet M\u00fcd\u00fcrl\u00fc\u011f\u00fc ekibindeki polisler ter\u00f6ristlerle \u00e7at\u0131\u015fmaya girdi.<\/p>\n<p style=\"text-align: justify;\">Ter\u00f6ristlerin a\u00e7t\u0131\u011f\u0131 ate\u015fle Kastamonu Emniyet M\u00fcd\u00fcrl\u00fc\u011f\u00fc&#8217;nde g\u00f6revli bir polis \u015fehit oldu. Yaralanan polis memuru  Metin Ku\u015f, ambulans helikopterle Ankara&#8217;ya sevk edildi.<\/p>\n<p style=\"text-align: justify;\">Sa\u011fl\u0131k Bakanl\u0131\u011f\u0131 yetkilileri, Ku\u015f&#8217;un ba\u015f\u0131ndan s\u0131y\u0131r\u0131p ge\u00e7en bir kur\u015funla hafif yaraland\u0131\u011f\u0131n\u0131, genel sa\u011fl\u0131k durumunun iyi ve bilincinin a\u00e7\u0131k oldu\u011funu bildirdi.<\/p>\n<p style=\"text-align: justify;\">Bu arada b\u00f6lgede 22 tane bo\u015f mermi kovan\u0131 bulundu.<\/p>\n<p style=\"text-align: justify;\"><strong>Vali: &#8220;Sald\u0131r\u0131 trafik ekibine oldu! <\/strong><\/p>\n<p style=\"text-align: justify;\">Kastamonu Valisi Erdo\u011fan Bekta\u015f, Ba\u015fbakanl\u0131k otob\u00fcs\u00fcne e\u015flik eden trafik eskortuna Kastamonu-\u00c7ank\u0131r\u0131 karayolunun 25. kilometresinde d\u00fczenlenen silahl\u0131 sald\u0131r\u0131da polis memuru Recep \u015eahin&#8217;in \u015fehit oldu\u011funu belirtti.<\/p>\n<p style=\"text-align: justify;\">Bekta\u015f AA muhabirine yapt\u0131\u011f\u0131 a\u00e7\u0131klamada, olay\u0131n, Ba\u015fbakan Tayyip Erdo\u011fan&#8217;\u0131 Kastamonu&#8217;dan u\u011furlad\u0131ktan yar\u0131m saat sonra ger\u00e7ekle\u015fti\u011fini s\u00f6yledi.<\/p>\n<p style=\"text-align: justify;\">Ankara&#8217;ya d\u00f6nen konvoya e\u015flik eden polis arac\u0131na ate\u015f a\u00e7\u0131ld\u0131\u011f\u0131n\u0131 ve bunun sonucunda arac\u0131n s\u00fcr\u00fcc\u00fcs\u00fc Recep \u015eahin&#8217;in olay yerinde \u015fehit oldu\u011funu bildirdi.<\/p>\n<p style=\"text-align: justify;\">Ate\u015f a\u00e7\u0131lmas\u0131yla \u015eahin&#8217;in yan\u0131nda bulunan di\u011fer polis memurunun arabadan inerek a\u00e7\u0131lan ate\u015fe kar\u015f\u0131l\u0131k verdi\u011fini ifade eden Bekta\u015f, bunun neticesinde onun da yaraland\u0131\u011f\u0131n\u0131 belirtti.<\/p>\n<p style=\"text-align: justify;\">\u00c7at\u0131\u015fmada, polis arac\u0131n\u0131n yak\u0131t deposunun da isabet ald\u0131\u011f\u0131n\u0131 ve bunun neticesinde arac\u0131n alev ald\u0131\u011f\u0131n\u0131 dile getiren Bekta\u015f, g\u00fcvenlik g\u00fc\u00e7lerinin, sa\u011fl\u0131k ve itfaiye ekiplerinin olay yerinde oldu\u011funu dile getirdi.<\/p>\n<p style=\"text-align: justify;\">Erdo\u011fan Bekta\u015f, \u015fehit Recep \u015eahin ile yaral\u0131 polis memurunun Kastamonu Emniyet M\u00fcd\u00fcrl\u00fc\u011f\u00fc&#8217;nde g\u00f6rev yapt\u0131\u011f\u0131n\u0131 s\u00f6zlerine ekledi.<\/p>\n<p style=\"text-align: justify;\"><strong>Askeri timler operasyon ba\u015flatt\u0131 <\/strong><\/p>\n<p style=\"text-align: justify;\">Bu arada Kastamonu&#8217;da g\u00fcvenlik g\u00fc\u00e7lerine sald\u0131r\u0131da bulunan ter\u00f6ristlere kar\u015f\u0131 askeri timler operasyon ba\u015flatt\u0131.<\/p>\n<p style=\"text-align: justify;\">Edinilen bilgiye g\u00f6re Kastamonu-\u00c7ank\u0131r\u0131 karayolunun 25. kilometresindeki Ilgaz Da\u011f\u0131 So\u011fuksu mevkisinde, Ba\u015fbakanl\u0131k otob\u00fcs\u00fcne e\u015flik eden trafik eskortuna d\u00fczenlenen sald\u0131r\u0131 nedeniyle askeri tim b\u00f6lgede operasyon ba\u015flatt\u0131.<\/p>\n<p style=\"text-align: justify;\">Bir polisin \u015fehit oldu\u011fu, bir polisin de yaraland\u0131\u011f\u0131 sald\u0131r\u0131y\u0131 ger\u00e7ekle\u015ftirenlerin yakalanabilmesi i\u00e7in b\u00f6lge \u00e7embere al\u0131nd\u0131.<\/p>\n<p style=\"text-align: justify;\">B\u00f6lgeye sevk edilen askeri timler, sald\u0131rganlar\u0131n yakalanabilmesi i\u00e7in b\u00f6lgeye giri\u015f ve b\u00f6lgeden \u00e7\u0131k\u0131\u015flar\u0131 kontrol alt\u0131na ald\u0131.<\/p>\n<p style=\"text-align: justify;\"><strong>G\u00f6rg\u00fc tan\u0131\u011f\u0131 anlatt\u0131 <\/strong><\/p>\n<p style=\"text-align: justify;\">Kastamonu&#8217;da polis ekibine y\u00f6nelik silahl\u0131 sald\u0131r\u0131ya tan\u0131kl\u0131k eden Durali Acar, &#8220;Yerde siper alm\u0131\u015f bir polis memurunun yaral\u0131 halde ormanl\u0131k alana ate\u015f etti\u011fini g\u00f6rd\u00fcm&#8221; dedi.<\/p>\n<p style=\"text-align: justify;\">Acar, AA muhabirine yapt\u0131\u011f\u0131 a\u00e7\u0131klamada, Kastamonu-\u00c7ank\u0131r\u0131 karayolunun 25. kilometresindeki sald\u0131r\u0131 sonras\u0131 otomobiliyle yoldan ge\u00e7ti\u011fini ifade ederek &#8220;Kar\u015f\u0131 \u015feritte \u00f6n\u00fcme \u00e7\u0131kan polis arac\u0131n\u0131n lastikleri yan\u0131yordu. \u00d6nce polis arac\u0131n\u0131n trafik kazas\u0131na kar\u0131\u015ft\u0131\u011f\u0131n\u0131 sand\u0131m ama yerde siper alm\u0131\u015f bir polis memurunu yaral\u0131 halde ormanl\u0131k alana ate\u015f ederken g\u00f6rd\u00fcm&#8221; dedi.<\/p>\n<p style=\"text-align: justify;\">Yaral\u0131 polis memurunun ayn\u0131 zaman \u00e7evreden yard\u0131m istedi\u011fini belirten Acar, bunun \u00fczerine bir s\u00fcre panik ya\u015fad\u0131\u011f\u0131n\u0131 ve daha sonra 112 Acil Yard\u0131m&#8217;\u0131 arayarak ambulans istedi\u011fini s\u00f6yledi.<\/p>\n<p style=\"text-align: justify;\">Bu s\u0131rada etrafta hi\u00e7 kimseyi g\u00f6rmedi\u011fini belirten Acar, bir s\u00fcre sonra olay yerine \u00e7ok say\u0131da polis ekibinin geldi\u011fini ve kendilerini b\u00f6lgeden uzakla\u015ft\u0131rd\u0131klar\u0131n\u0131 anlatt\u0131.<\/p>\n<p style=\"text-align: justify;\"><strong>PKK-T\u0130KKO eylemi mi? <\/strong><\/p>\n<p style=\"text-align: justify;\">Eylemi T\u0130KKO destekli PKK&#8217;l\u0131 ter\u00f6ristlerin ger\u00e7ekle\u015ftirdi\u011fi ileri s\u00fcr\u00fcld\u00fc. PKK&#8217;l\u0131 &#8216;Munzur&#8217; ve &#8216;Zerzan&#8217; kod adl\u0131 ter\u00f6ristlerin T\u0130KKO militanlar\u0131yla Sinop&#8217;un Gerze \u0130l\u00e7esi&#8217;nde jandarmaya, Boyabat \u0130l\u00e7esi&#8217;nde polise y\u00f6nelik eylemler yapm\u0131\u015ft\u0131.<\/p>\n<p style=\"text-align: justify;\">Bug\u00fcnk\u00fc sald\u0131r\u0131n\u0131n ayn\u0131 grubun bir y\u0131l i\u00e7inde yapt\u0131\u011f\u0131 \u00fc\u00e7\u00fcnc\u00fc sald\u0131r\u0131s\u0131 oldu\u011fu iddia edildi.<\/p>\n<p style=\"text-align: justify;\"><a href=\"http:\/\/www.cnnturk.com\/2011\/turkiye\/05\/04\/erdogani.koruyan.polis.ekibine.saldiri\/615548.0\/index.html\" target=\"_blank\">Kaynak : CNN T\u00dcRK<\/a><\/p>\n","protected":false},"excerpt":{"rendered":"<p style=\"text-align: justify;\">\n<p style=\"text-align: justify;\">Ba\u015fbakan Recep Tayyip Erdo\u011fan&#8217;\u0131n Kastamonu mitingin ard\u0131ndan Ankara&#8217;ya d\u00f6nen Ba\u015fbakanl\u0131k ve AK Parti g\u00f6revlilerinin bulundu\u011fu konvoya Ilgaz Da\u011f\u0131 eteklerinde ter\u00f6ristler el bombalar\u0131 ve uzun namlulu silahlarla sald\u0131rd\u0131. \u00c7\u0131kan \u00e7at\u0131\u015fmada 1 polis \u015fehit oldu, 1 polis de yaraland\u0131.<\/p>\n","protected":false},"author":1,"featured_media":0,"comment_status":"open","ping_status":"closed","sticky":false,"template":"","format":"standard","meta":{"footnotes":""},"categories":[105],"tags":[],"class_list":["post-31749","post","type-post","status-publish","format-standard","hentry","category-gundem","odd"],"_links":{"self":[{"href":"http:\/\/www.korhanyilmaz.com\/index.php?rest_route=\/wp\/v2\/posts\/31749","targetHints":{"allow":["GET"]}}],"collection":[{"href":"http:\/\/www.korhanyilmaz.com\/index.php?rest_route=\/wp\/v2\/posts"}],"about":[{"href":"http:\/\/www.korhanyilmaz.com\/index.php?rest_route=\/wp\/v2\/types\/post"}],"author":[{"embeddable":true,"href":"http:\/\/www.korhanyilmaz.com\/index.php?rest_route=\/wp\/v2\/users\/1"}],"replies":[{"embeddable":true,"href":"http:\/\/www.korhanyilmaz.com\/index.php?rest_route=%2Fwp%2Fv2%2Fcomments&post=31749"}],"version-history":[{"count":0,"href":"http:\/\/www.korhanyilmaz.com\/index.php?rest_route=\/wp\/v2\/posts\/31749\/revisions"}],"wp:attachment":[{"href":"http:\/\/www.korhanyilmaz.com\/index.php?rest_route=%2Fwp%2Fv2%2Fmedia&parent=31749"}],"wp:term":[{"taxonomy":"category","embeddable":true,"href":"http:\/\/www.korhanyilmaz.com\/index.php?rest_route=%2Fwp%2Fv2%2Fcategories&post=31749"},{"taxonomy":"post_tag","embeddable":true,"href":"http:\/\/www.korhanyilmaz.com\/index.php?rest_route=%2Fwp%2Fv2%2Ftags&post=31749"}],"curies":[{"name":"wp","href":"https:\/\/api.w.org\/{rel}","templated":true}]}}