{"id":31745,"date":"2011-05-04T16:35:20","date_gmt":"2011-05-04T13:35:20","guid":{"rendered":"http:\/\/www.korhanyilmaz.com\/?p=31745"},"modified":"2011-05-04T16:35:20","modified_gmt":"2011-05-04T13:35:20","slug":"ve-siyaset-bel-altinda","status":"publish","type":"post","link":"http:\/\/www.korhanyilmaz.com\/?p=31745","title":{"rendered":"Ve siyaset bel alt\u0131nda&#8230;"},"content":{"rendered":"<p style=\"text-align: center;\"><a href=\"http:\/\/www.korhanyilmaz.com\/wp-content\/uploads\/2011\/05\/034.jpg\"  class=\"lightview\"><img loading=\"lazy\" decoding=\"async\" class=\"aligncenter size-full wp-image-31746\" src=\"http:\/\/www.korhanyilmaz.com\/wp-content\/uploads\/2011\/05\/034.jpg\" alt=\"\" width=\"346\" height=\"229\" \/><\/a><\/p>\n<p style=\"text-align: justify;\">Ba\u015fbakan Recep Tayyip Erdo\u011fan, partisinin Kastamonu mitinginde K\u0131l\u0131\u00e7daro\u011flu&#8217;nu hedef ald\u0131.CHP liderinin Siirt&#8217;te s\u00f6yledi\u011fi &#8216;Stat\u00fckocunun Allah&#8217;\u0131 Ankara&#8217;da&#8217; s\u00f6z\u00fc \u00fczerinden y\u00fcklenen Erdo\u011fan, &#8216;Baykal&#8217;\u0131 aday g\u00f6sterdin niye o han\u0131m\u0131 aday g\u00f6stermedin? Kasetin han\u0131m taraf\u0131nda m\u0131yd\u0131 sadece su\u00e7?&#8217; diye seslendi.<!--more--><\/p>\n<p style=\"text-align: justify;\">Erdo\u011fan, Kastamonu&#8217;da \u015f\u00f6yle konu\u015ftu: &#8220;H\u00e2l\u00e2 bu medya, bu siyasiler \u2019\u0130nsan\u0131n \u00f6zeline kar\u0131\u015f\u0131yor\u2019 diyorlar. Yahu kendi e\u015fiyle mi bir \u015fey oluyor da \u00f6zel oluyor. Bu \u00f6zel de\u011fil, bu genel genel. Bu genel bir ahlaks\u0131zl\u0131kt\u0131r. Bu toplumu aldatmay\u0131n. Bah\u00e7eli \u00e7\u0131km\u0131\u015f \u2018\u2019AK Parti iktidar\u0131 insanlar\u0131n \u00f6zeline giriyor\u2019\u2019 diyor. Neden? \u00c7\u00fcnk\u00fc kendi adamlar\u0131n\u0131nda kaseti \u00e7\u0131kt\u0131. \u2018\u00d6zeldi\u2019 de, istifa ettirme sahip \u00e7\u0131k o zaman. Bu toplumun ahlak de\u011ferlerine ters d\u00fc\u015fenler noktas\u0131nda \u2018Eline, diline, beline sahip olacaks\u0131n.<\/p>\n<p style=\"text-align: justify;\"><strong>BAYKAL&#8217;I ADAY G\u00d6STERD\u0130N NEDEN O HANIMI ADAY G\u00d6STERMED\u0130N KILI\u00c7DARO\u011eLU <\/strong><\/p>\n<p style=\"text-align: justify;\">Baykal\u2019\u0131 yeniden milletvekili aday\u0131 g\u00f6sterdin, peki o han\u0131m milletvekilini diye g\u00f6stermedin. Kasetin han\u0131m taraf\u0131nda m\u0131yd\u0131 sadece su\u00e7?<\/p>\n<p style=\"text-align: justify;\"><strong>SKANDAL KASET\u0130N GENEL BA\u015eKAN<\/strong>I<\/p>\n<p style=\"text-align: justify;\">K\u0131l\u0131\u00e7daro\u011flu b\u00f6yle bir skandal kasetin genel ba\u015fkan\u0131d\u0131r. Yoksa genel ba\u015fkan olmak onun haddine mi?<\/p>\n<p style=\"text-align: justify;\"><strong>MHP RAHATSIZ OLUYOR <\/strong><\/p>\n<p style=\"text-align: justify;\">MHP&#8217;de de b\u00f6yle kasetler ortaya \u00e7\u0131kt\u0131. Bah\u00e7eli bu y\u00fczden rahats\u0131z oluyor.&#8221;<\/p>\n<p style=\"text-align: justify;\"><strong>ALLAH\u2019A D\u0130L UZATTI <\/strong><\/p>\n<p style=\"text-align: justify;\">K\u0131l\u0131\u00e7daro\u011flu, d\u00fcn, Siirt\u2019te, haddi a\u015farak, s\u0131n\u0131rlar\u0131 a\u015farak, art\u0131k edep dairesini tamamen \u00e7i\u011fneyerek, akl\u0131, izan\u0131, vicdan\u0131, inanc\u0131 bir kenara b\u0131rakarak, mutlak yarat\u0131c\u0131m\u0131z olan Allahuteala\u2019ya dil uzatmak gibi bir densizli\u011fe, bir edepsizli\u011fe, b\u00fcy\u00fck bir sayg\u0131s\u0131zl\u0131\u011fa imzas\u0131n\u0131 att\u0131.<\/p>\n<p style=\"text-align: justify;\">\u2019Ha\u015fa\u2019 diyorum, \u2019s\u00fcbhanallah\u2019 diyorum, \u2019Allah, mekandan, zamandan m\u00fcnezzehtir\u2019 diyorum. Rabbimin ma\u011ffiretine, sizlerin aff\u0131na s\u0131\u011f\u0131n\u0131yorum&#8230; Diyor ki; \u2019Stat\u00fckocular\u0131n Allah\u2019\u0131 Ankara\u2019dad\u0131r\u2019&#8230; Yahu Siirt\u2019te kar\u015f\u0131nda bekledi\u011fin kalabal\u0131\u011f\u0131 bulamad\u0131n diye bu densizli\u011fi yapma hakk\u0131n var m\u0131? Bu densizliktir, bu, edepsizliktir, bu, Yaradan\u2019a kar\u015f\u0131 k\u00fcstahl\u0131kt\u0131r, sayg\u0131s\u0131zl\u0131kt\u0131r.<\/p>\n<p style=\"text-align: justify;\"><strong>O KOLTUKTA OTURAMAZSIN <\/strong><\/p>\n<p style=\"text-align: justify;\">\u015eahs\u0131ma yap\u0131lan bir hakarete bug\u00fcne kadar hep katlan\u0131yordum ama Yaradana yap\u0131lm\u0131\u015f bu k\u00fcstahl\u0131\u011fa g\u00fcl\u00fcp ge\u00e7emem. Bunun benzetmesini bile yapamazs\u0131n. Nedir bu haddini bilmezlik? Kemal K\u0131l\u0131\u00e7daro\u011flu\u2019na buradan \u00e7ok samimi bir tavsiyede bulunuyorum; bizden \u00f6z\u00fcr dilemedi, bari bu edepsizlikten dolay\u0131 milletten \u00f6z\u00fcr dilesin. E\u011fer zerre kadar haysiyeti varsa, bu s\u00f6z\u00fcn \u00fczerine art\u0131k o koltukta oturmas\u0131n. \u2019Bu \u00fclkenin y\u00fczde 99\u2019u M\u00fcsl\u00fcman\u2019 diyeceksin ve M\u00fcsl\u00fcmanlar\u0131n mutlak yarat\u0131c\u0131s\u0131na bu \u015fekilde densizlik yapacaks\u0131n&#8230; Kendisine art\u0131k \u2019edeb ya hu\u2019 demiyorum. Buradan Kastamonu\u2019dan, evliyalar \u015fehri Kastamonu\u2019dan, haddini bil haddini diyorum.&#8221;<\/p>\n<p style=\"text-align: justify;\"><strong>12 HAZ\u0130RAN\u2019DA DEFTER\u0130N D\u00dcR\u00dcLECEK <\/strong><\/p>\n<p style=\"text-align: justify;\">Bunlar \u015f\u0131marmamal\u0131. Bunlara haddini demokratik yoldan haddini bildirmeliyiz. 12 Haziran\u2019da defterin d\u00fcr\u00fclecek, in\u015fallah bir daha da geri d\u00f6nemezsin.<\/p>\n<p style=\"text-align: justify;\"><strong>SSK\u2019YI BATIRDIN, ECEV\u0130T SEN\u0130 \u2018VETO\u2019 ETT\u0130 <\/strong><\/p>\n<p style=\"text-align: justify;\">Say\u0131n K\u0131l\u0131\u00e7daro\u011flu bat\u0131rd\u0131n SSK\u2019y\u0131 be. Senden \u00f6ncekilerde b\u00f6yle de\u011fildi. Sen geldin her y\u0131l geri gitti. Bakt\u0131n olmuyor merhum Ecevit\u2019e siyasete girmek istedi\u011fini s\u00f6yledin. Merhum Ecevit de veto etti seni. \u015eimdi de Ecevit\u2019in \u00fczerinden prim yapmaya \u00e7al\u0131\u015f\u0131yor.<\/p>\n<p style=\"text-align: justify;\"><strong>KILI\u00c7DARO\u011eLU \u0130LE \u0130LG\u0130L\u0130 B\u0130R BELGE A\u00c7IKLIYORUM <\/strong><\/p>\n<p style=\"text-align: justify;\">\u015eu anda CHP\u2019nin Mu\u011fla Milletvekili aday\u0131 olan ki\u015fi d\u00f6nemin DGM savc\u0131s\u0131 20 Haziran 2003 tarihli Ne\u015fter operasyonunun iddianamesinde K\u0131l\u0131\u00e7daro\u011flu\u2019nu tan\u0131k olarak dinliyor. Tan\u0131k olarak dinlemesi \u00f6nemli. O d\u00f6nem K\u0131l\u0131\u00e7daro\u011flu genel m\u00fcd\u00fcrl\u00fck koltu\u011funda. \u0130ddianamede SSK\u2019da yolsuzluklar\u0131n diz boyu oldu\u011fu belirtiliyor.\u0130ddianamede \u2018\u2019SSK kurumlar\u0131 devletin s\u0131rt\u0131nda bir kamburdur. Yolsuzluk diz boyudur\u2019\u2019 deniyor. O d\u00f6nem kendisini san\u0131k olarak davet etmeyen savc\u0131ya vefa borcunu \u00f6dedi, Mu\u011fla Milletvekili aday\u0131 yapt\u0131.&#8221;<\/p>\n<p style=\"text-align: justify;\"><a href=\"http:\/\/www.radikal.com.tr\/Radikal.aspx?aType=RadikalDetayV3&amp;ArticleID=1048261&amp;Date=04.05.2011&amp;CategoryID=78\" target=\"_blank\">Kaynak : Radikal<\/a><\/p>\n","protected":false},"excerpt":{"rendered":"<p style=\"text-align: center;\">\n<p style=\"text-align: justify;\">Ba\u015fbakan Recep Tayyip Erdo\u011fan, partisinin Kastamonu mitinginde K\u0131l\u0131\u00e7daro\u011flu&#8217;nu hedef ald\u0131.CHP liderinin Siirt&#8217;te s\u00f6yledi\u011fi &#8216;Stat\u00fckocunun Allah&#8217;\u0131 Ankara&#8217;da&#8217; s\u00f6z\u00fc \u00fczerinden y\u00fcklenen Erdo\u011fan, &#8216;Baykal&#8217;\u0131 aday g\u00f6sterdin niye o han\u0131m\u0131 aday g\u00f6stermedin? Kasetin han\u0131m taraf\u0131nda m\u0131yd\u0131 sadece su\u00e7?&#8217; diye seslendi.<\/p>\n","protected":false},"author":1,"featured_media":0,"comment_status":"open","ping_status":"closed","sticky":false,"template":"","format":"standard","meta":{"footnotes":""},"categories":[105],"tags":[],"class_list":["post-31745","post","type-post","status-publish","format-standard","hentry","category-gundem","odd"],"_links":{"self":[{"href":"http:\/\/www.korhanyilmaz.com\/index.php?rest_route=\/wp\/v2\/posts\/31745","targetHints":{"allow":["GET"]}}],"collection":[{"href":"http:\/\/www.korhanyilmaz.com\/index.php?rest_route=\/wp\/v2\/posts"}],"about":[{"href":"http:\/\/www.korhanyilmaz.com\/index.php?rest_route=\/wp\/v2\/types\/post"}],"author":[{"embeddable":true,"href":"http:\/\/www.korhanyilmaz.com\/index.php?rest_route=\/wp\/v2\/users\/1"}],"replies":[{"embeddable":true,"href":"http:\/\/www.korhanyilmaz.com\/index.php?rest_route=%2Fwp%2Fv2%2Fcomments&post=31745"}],"version-history":[{"count":0,"href":"http:\/\/www.korhanyilmaz.com\/index.php?rest_route=\/wp\/v2\/posts\/31745\/revisions"}],"wp:attachment":[{"href":"http:\/\/www.korhanyilmaz.com\/index.php?rest_route=%2Fwp%2Fv2%2Fmedia&parent=31745"}],"wp:term":[{"taxonomy":"category","embeddable":true,"href":"http:\/\/www.korhanyilmaz.com\/index.php?rest_route=%2Fwp%2Fv2%2Fcategories&post=31745"},{"taxonomy":"post_tag","embeddable":true,"href":"http:\/\/www.korhanyilmaz.com\/index.php?rest_route=%2Fwp%2Fv2%2Ftags&post=31745"}],"curies":[{"name":"wp","href":"https:\/\/api.w.org\/{rel}","templated":true}]}}