{"id":3172,"date":"2009-02-07T18:02:24","date_gmt":"2009-02-07T16:02:24","guid":{"rendered":"http:\/\/www.korhanyilmaz.com\/?p=3172"},"modified":"2009-02-07T18:02:24","modified_gmt":"2009-02-07T16:02:24","slug":"akp-ilce-baskani-vekil-beni-olumle-tehdit-etti","status":"publish","type":"post","link":"http:\/\/www.korhanyilmaz.com\/?p=3172","title":{"rendered":"AKP \u0130l\u00e7e Ba\u015fkan\u0131: Vekil beni \u00f6l\u00fcmle tehdit etti"},"content":{"rendered":"<p style=\"text-align: center;\"><img loading=\"lazy\" decoding=\"async\" class=\"size-full wp-image-3173 aligncenter\" title=\"Elaz\u0131\u011f'\u0131n Karako\u00e7an \u0130l\u00e7esi AKP \u0130l\u00e7e Ba\u015fkan\u0131 emekli imam Mehmet Emin A\u015fam\" src=\"http:\/\/www.korhanyilmaz.com\/wp-content\/uploads\/2009\/02\/070220091815144220298.jpg\" alt=\"AKP \u0130l\u00e7e Ba\u015fkan\u0131: Vekil beni \u00f6l\u00fcmle tehdit etti \" width=\"320\" height=\"100\" \/><\/p>\n<p style=\"text-align: center;\">\n<p style=\"text-align: justify;\">Elaz\u0131\u011f&#8217;\u0131n Karako\u00e7an \u0130l\u00e7esi AKP \u0130l\u00e7e Ba\u015fkan\u0131 emekli imam Mehmet Emin A\u015fam, partisinin Elaz\u0131\u011f Milletvekili Feyzi \u0130\u015fba\u015faran&#8217;\u0131n kendisini \u00f6l\u00fcmle tehdit etti\u011fini, k\u00fcf\u00fcr etti\u011fini iddia ederek savc\u0131l\u0131\u011fa su\u00e7 duyurusunda bulundu. Partisinden istifa eden A\u015fam, avukat\u0131 arac\u0131l\u0131\u011f\u0131yla Milletvekili \u0130\u015fba\u015faran&#8217;\u0131n kendisini \u00f6l\u00fcmle tehdit edip k\u00fcf\u00fcr etti\u011fi telefon konu\u015fmas\u0131n\u0131 bas\u0131n mensuplar\u0131na da\u011f\u0131tt\u0131.<!--more--><br \/>\nAKP Elaz\u0131\u011f te\u015fkilat\u0131, Karako\u00e7an \u0130l\u00e7e Ba\u015fkan\u0131 emekli imam Mehmet Emin A\u015fam&#8217;\u0131n il\u00e7ede AKP&#8217;nin 29 Mart yerel se\u00e7imlerinde belediye ba\u015fkan aday\u0131 g\u00f6sterdi\u011fi halen Belediye Ba\u015fkan\u0131 olan Nurettin Arslan&#8217;dan 50 bin TL r\u00fc\u015fvet istedi\u011fi iddialar\u0131 \u00fczerine kar\u0131\u015ft\u0131. \u0130ddiaya g\u00f6re \u0130l\u00e7e Ba\u015fkan\u0131 A\u015fam, Arslan&#8217;dan &#8220;Seni belediye ba\u015fkan aday\u0131 yapaca\u011f\u0131z. Bunun i\u00e7in 50 bin TL vereceksin&#8221; diyerek r\u00fc\u015fvet istedi. Nurettin Arslan, r\u00fc\u015fvet konu\u015fmas\u0131n\u0131 kay\u0131t alt\u0131na alarak Ankara&#8217;da bulunan AKP Elaz\u0131\u011f Milletvekili Feyzi \u0130\u015fba\u015faran&#8217;a ula\u015ft\u0131rd\u0131. \u0130\u015fba\u015faran ise kayd\u0131 Ba\u015fbakan Recep Tayyip Erdo\u011fan&#8217;a dinletti.\n<\/p>\n<p style=\"text-align: justify;\"><strong>M\u0130LLETVEK\u0130L\u0130N\u0130N \u00d6L\u00dcMLE TEHD\u0130T ETT\u0130\u011e\u0130 \u0130DD\u0130ASI<\/strong><\/p>\n<p style=\"text-align: justify;\">Milletvekili \u0130\u015fba\u015faran, daha sonra Karako\u00e7an \u0130l\u00e7e Ba\u015fkan\u0131 Mehmet Emin A\u015fam&#8217;\u0131 telefonla arayarak partiden istifa etmesini istedi. \u0130ddiaya g\u00f6re konu\u015fma s\u0131ras\u0131nda \u0130\u015fba\u015faran, \u0130l\u00e7e Ba\u015fkan\u0131 A\u015fam&#8217;\u0131 \u00f6l\u00fcmle tehdit edip a\u011f\u0131r k\u00fcf\u00fcrler etti. Milletvekili Feyzi \u0130\u015fba\u015faran ile yapt\u0131\u011f\u0131 telefon konu\u015fmas\u0131n\u0131 kayda alan \u0130l\u00e7e Ba\u015fkan\u0131 A\u015fam, bug\u00fcn Elaz\u0131\u011f&#8217;da avukat\u0131 Kadir \u00c7i\u00e7ek ile bir bas\u0131n toplant\u0131s\u0131 d\u00fczenlerek, milletvekiliyle aralar\u0131nda ge\u00e7en konu\u015fman\u0131n d\u00f6k\u00fcm\u00fcn\u00fc gazetecilere da\u011f\u0131tt\u0131.<\/p>\n<p style=\"text-align: justify;\">\u0130\u015fba\u015faran&#8217;\u0131n kendisini \u00f6l\u00fcmle tehdit etti\u011fini, k\u00fcf\u00fcr etti\u011fini ileri s\u00fcrerek Cumhuriyet Savc\u0131l\u0131\u011f\u0131&#8217;na su\u00e7 duyurusunda bulundu\u011funu s\u00f6yleyen A\u015fam, AKP&#8217;den de istifa etti\u011fini s\u00f6yledi. Bas\u0131n toplant\u0131s\u0131nda A\u015fam&#8217;\u0131n yerine avukat\u0131 Kadir \u00c7i\u00e7ek a\u00e7\u0131klamalarda bulundu.<\/p>\n<p style=\"text-align: justify;\"><strong>\u0130\u015eBA\u015eARAN&#8217;IN EL\u0130NDE KASET VARSA MAHKEMEYE VERS\u0130N<\/strong><\/p>\n<p style=\"text-align: justify;\">Avukat \u00c7i\u00e7ek, Milletvekili \u0130\u015fba\u015faran&#8217;\u0131n elinde m\u00fcvekkili Mehmet Emin A\u015fam&#8217;la ilgili bir ses kayd\u0131n\u0131n bulundu\u011funu iddia etti\u011fini belirterek, &#8220;Bu kesinlikle bir \u015fantajd\u0131r. Biz elimizdeki ses kayd\u0131n\u0131 mahkemeyle T\u00fcrk yarg\u0131s\u0131yla payla\u015fmakta bir beis g\u00f6rmedik, E\u011fer Feyzi \u0130\u015fba\u015faran&#8217;\u0131n da elinde kaset var ise bu kaseti mahkemeyle payla\u015fmas\u0131n\u0131 bekliyoruz. Di\u011fer t\u00fcrl\u00fc bu \u015fantajd\u0131r ki bu da T\u00fcrk Ceza Kanunu&#8217;nca su\u00e7 say\u0131l\u0131r&#8221; dedi.<\/p>\n<p style=\"text-align: justify;\">Avukat \u00c7i\u00e7ek, milletvekili \u0130\u015fba\u015faran&#8217;\u0131n m\u00fcvekkili A\u015fam&#8217;\u0131 telefonla arad\u0131\u011f\u0131n\u0131 da belirterek, bu konuda \u015funlar\u0131 s\u00f6yledi:<\/p>\n<p style=\"text-align: justify;\">&#8220;M\u00fcvekkilim Karako\u00e7an \u0130l\u00e7e Ba\u015fkan\u0131 05.02.2009 tarihindeki AKP se\u00e7im irtibat b\u00fcrosunun a\u00e7\u0131l\u0131\u015f\u0131nda yapt\u0131\u011f\u0131 konu\u015fmadan sonra saat 22.15 sular\u0131nda Elaz\u0131\u011f AKP Milletvekili Feyzi i\u015fba\u015faran, Mehmet Emin A\u015fam&#8217;\u0131 telefonla arayarak se\u00e7im \u00e7al\u0131\u015fmalar\u0131na kat\u0131lmad\u0131\u011f\u0131n\u0131 ve gen\u00e7lik kollar\u0131 ba\u015fkan\u0131n\u0131 g\u00f6revden alarak ba\u015fka birini atad\u0131\u011f\u0131 gerek\u00e7e g\u00f6sterilerek a\u011f\u0131r bir \u015fekilde hakarette bulunmu\u015ftur. Bu hakaretlerin b\u00fcy\u00fck bir \u00e7o\u011funlu\u011fu \u00e7ok bariz sinkafl\u0131 k\u00fcf\u00fcrler i\u00e7ermekte, ayn\u0131 konu\u015fma i\u00e7eri\u011finde m\u00fcvekkilim Mehmet Emin A\u015fam \u00f6l\u00fcmle tehdit edilmekte ve infaz\u0131n jandarma eliyle yapt\u0131r\u0131laca\u011f\u0131 ve jandarma vas\u0131tas\u0131yla kendisinin ald\u0131r\u0131laca\u011f\u0131 tehdidinde bulunmakta. M\u00fcvekkilimin emekli bir Diyanet mensubu olmas\u0131ndan \u00f6t\u00fcr\u00fc kendisine, &#8216;\u00f6l\u00fc y\u0131kay\u0131c\u0131s\u0131 senin dinini iman\u0131n\u0131&#8217;, s\u00f6ylemek istemiyorum, kabulu m\u00fcmk\u00fcn olmayan a\u011f\u0131r hakaretlerde bulunmu\u015ftur.&#8221;<\/p>\n<p style=\"text-align: justify;\"><span style=\"color: #888888;\">\u015eahismail GEZ\u0130C\u0130- Mustafa DEVR\u0130M\/ ELAZI\u011e,(DHA)<\/span><\/p>\n","protected":false},"excerpt":{"rendered":"<p style=\"text-align: center;\">\n<p style=\"text-align: center;\">\n<p style=\"text-align: justify;\">Elaz\u0131\u011f&#8217;\u0131n Karako\u00e7an \u0130l\u00e7esi AKP \u0130l\u00e7e Ba\u015fkan\u0131 emekli imam Mehmet Emin A\u015fam, partisinin Elaz\u0131\u011f Milletvekili Feyzi \u0130\u015fba\u015faran&#8217;\u0131n kendisini \u00f6l\u00fcmle tehdit etti\u011fini, k\u00fcf\u00fcr etti\u011fini iddia ederek savc\u0131l\u0131\u011fa su\u00e7 duyurusunda bulundu. Partisinden istifa eden A\u015fam, avukat\u0131 arac\u0131l\u0131\u011f\u0131yla Milletvekili \u0130\u015fba\u015faran&#8217;\u0131n kendisini \u00f6l\u00fcmle tehdit edip k\u00fcf\u00fcr etti\u011fi telefon konu\u015fmas\u0131n\u0131 bas\u0131n mensuplar\u0131na da\u011f\u0131tt\u0131.<\/p>\n","protected":false},"author":1,"featured_media":0,"comment_status":"open","ping_status":"closed","sticky":false,"template":"","format":"standard","meta":{"footnotes":""},"categories":[105],"tags":[],"class_list":["post-3172","post","type-post","status-publish","format-standard","hentry","category-gundem","odd"],"_links":{"self":[{"href":"http:\/\/www.korhanyilmaz.com\/index.php?rest_route=\/wp\/v2\/posts\/3172","targetHints":{"allow":["GET"]}}],"collection":[{"href":"http:\/\/www.korhanyilmaz.com\/index.php?rest_route=\/wp\/v2\/posts"}],"about":[{"href":"http:\/\/www.korhanyilmaz.com\/index.php?rest_route=\/wp\/v2\/types\/post"}],"author":[{"embeddable":true,"href":"http:\/\/www.korhanyilmaz.com\/index.php?rest_route=\/wp\/v2\/users\/1"}],"replies":[{"embeddable":true,"href":"http:\/\/www.korhanyilmaz.com\/index.php?rest_route=%2Fwp%2Fv2%2Fcomments&post=3172"}],"version-history":[{"count":0,"href":"http:\/\/www.korhanyilmaz.com\/index.php?rest_route=\/wp\/v2\/posts\/3172\/revisions"}],"wp:attachment":[{"href":"http:\/\/www.korhanyilmaz.com\/index.php?rest_route=%2Fwp%2Fv2%2Fmedia&parent=3172"}],"wp:term":[{"taxonomy":"category","embeddable":true,"href":"http:\/\/www.korhanyilmaz.com\/index.php?rest_route=%2Fwp%2Fv2%2Fcategories&post=3172"},{"taxonomy":"post_tag","embeddable":true,"href":"http:\/\/www.korhanyilmaz.com\/index.php?rest_route=%2Fwp%2Fv2%2Ftags&post=3172"}],"curies":[{"name":"wp","href":"https:\/\/api.w.org\/{rel}","templated":true}]}}