{"id":31719,"date":"2011-05-04T16:06:26","date_gmt":"2011-05-04T13:06:26","guid":{"rendered":"http:\/\/www.korhanyilmaz.com\/?p=31719"},"modified":"2011-05-04T16:06:26","modified_gmt":"2011-05-04T13:06:26","slug":"%e2%80%9cbas-aktor%e2%80%9d-ak-partiden-aday-olmus","status":"publish","type":"post","link":"http:\/\/www.korhanyilmaz.com\/?p=31719","title":{"rendered":"\u201cBa\u015f akt\u00f6r\u201d AK Parti&#8217;den aday olmu\u015f"},"content":{"rendered":"<p style=\"text-align: justify;\"><a href=\"http:\/\/www.korhanyilmaz.com\/wp-content\/uploads\/2011\/05\/030.jpg\"  class=\"lightview\"><img loading=\"lazy\" decoding=\"async\" class=\"aligncenter size-full wp-image-31720\" src=\"http:\/\/www.korhanyilmaz.com\/wp-content\/uploads\/2011\/05\/030.jpg\" alt=\"\" width=\"448\" height=\"231\" \/><\/a><\/p>\n<p style=\"text-align: justify;\">CHP lideri K\u0131l\u0131\u00e7daro\u011flu\u2019nun, Sa\u011fl\u0131k Bakan\u0131 Akda\u011f\u2019\u0131n Van\u2019da 4 milyon TL\u2019lik yolsuzluk soru\u015fturmas\u0131n\u0131 durdurdu\u011funa ili\u015fkin iddias\u0131nda \u201cba\u015f akt\u00f6r\u201d olarak ad\u0131 \u00f6ne \u00e7\u0131kan Van E\u011fitim ve Ara\u015ft\u0131rma Hastanesi eski Ba\u015fhekimi \u00c7\u0131kman\u2019\u0131n AK Parti\u2019den milletvekili aday\u0131 aday\u0131 oldu\u011fu ortaya \u00e7\u0131kt\u0131.<!--more--><\/p>\n<p style=\"text-align: justify;\">ANKARA- CHP Genel Ba\u015fkan\u0131 Kemal K\u0131l\u0131\u00e7daro\u011flu\u2019nun Van\u2019daki 4 milyon TL\u2019lik yolsuzluk soru\u015fturmas\u0131n\u0131 durdurdu\u011funu belirtti\u011fi Sa\u011fl\u0131k Bakan\u0131 Recep Akda\u011f ile iddialar\u0131n tam ortas\u0131ndaki Van E\u011fitim ve Ara\u015ft\u0131rma Hastanesi eski Ba\u015fhekimi \u00d6ztekin \u00c7\u0131kman\u2019\u0131n AKP\u2019den milletvekili olmak i\u00e7in ba\u015fvuru yapt\u0131\u011f\u0131 belirlendi.<\/p>\n<p style=\"text-align: justify;\">CHP Genel Ba\u015fkan\u0131 K\u0131l\u0131\u00e7daro\u011flu ile Sa\u011fl\u0131k Bakan\u0131 Akda\u011f aras\u0131ndaki yolsuzluk soru\u015fturmas\u0131 tart\u0131\u015fmas\u0131ndan ilgin\u00e7 bir ayr\u0131nt\u0131 g\u00fcn \u0131\u015f\u0131\u011f\u0131na \u00e7\u0131kt\u0131. K\u0131l\u0131\u00e7daro\u011flu\u2019nun Van\u2019daki bir yolsuzluk soru\u015fturmas\u0131n\u0131 durdurdu\u011funu belirtti\u011fi Van E\u011fitim ve Ara\u015ft\u0131rma Hastanesi\u2019ndeki olaylar\u0131n arkas\u0131ndaki isim olan Op. Dr. \u00d6ztekin \u00c7\u0131kman\u2019\u0131n 12 Haziran\u2019da AKP\u2019den milletvekili aday aday\u0131 oldu\u011fu belirlendi.<\/p>\n<p style=\"text-align: justify;\"><strong>4 M\u0130LYON TL\u2019L\u0130K YOLSUZLUK<\/strong><\/p>\n<p style=\"text-align: justify;\">Sa\u011fl\u0131k Bakanl\u0131\u011f\u0131 m\u00fcfetti\u015fleri, eski Ba\u015fhekim \u00d6ztekin \u00c7\u0131kman\u2019\u0131n yapt\u0131\u011f\u0131 3 ayr\u0131 ihalenin y\u00fczlerce belgesini inceledi ve yap\u0131lan al\u0131mlarda devletin 4 milyon TL zarara u\u011frat\u0131ld\u0131\u011f\u0131n\u0131 belirledi. Yolsuzlukla ilgili raporlar\u0131n\u0131 ge\u00e7en y\u0131l Sa\u011fl\u0131k Bakanl\u0131\u011f\u0131&#8217;na veren m\u00fcfetti\u015fler, \u00c7\u0131kman ve iki yard\u0131mc\u0131s\u0131 Dr. \u015eenay Can ve Dr. Do\u011fan Ero\u011fullar\u0131 hakk\u0131nda Cumhuriyet Savc\u0131l\u0131\u011f\u0131na su\u00e7 duyurusunda bulundu. Raporlar, savc\u0131l\u0131\u011f\u0131n talebi \u00fczerine Van&#8217;a g\u00f6nderilirken, \u00d6ztekin \u00c7\u0131kman ile yard\u0131mc\u0131lar\u0131 Can ve Ero\u011fullar\u0131 ise Sa\u011fl\u0131k Bakanl\u0131\u011f\u0131\u2019ndan Van Valili\u011fi\u2019ne g\u00f6nderilen yaz\u0131yla g\u00f6revden al\u0131nd\u0131. G\u00f6revden alma yaz\u0131s\u0131ndaki \u201cBir daha y\u00f6neticilik yapamaz\u201d ibaresinin de oldu\u011fu belirtilirken, Sa\u011fl\u0131k Bakan\u0131 Recep Akda\u011f,  resmi yaz\u0131ya imza atarak soru\u015fturmay\u0131 durdurdu.<\/p>\n<p style=\"text-align: justify;\"><strong>DAHA A\u00c7IKLANMADAN SMS \u0130LE DUYURDU<\/strong><\/p>\n<p style=\"text-align: justify;\">Bakan\u0131n soru\u015fturmay\u0131 durdurmas\u0131ndan 4 g\u00fcn sonra \u00c7\u0131kman, g\u00f6revinden istifa etti. \u00c7\u0131kman, hen\u00fcz \u015eubat ay\u0131 olmas\u0131na ve se\u00e7imde aday adaylar\u0131n\u0131n belli olmamas\u0131na ra\u011fmen, baz\u0131 cep telefonlar\u0131na \u201cOp.Dr. \u00d6ztekin \u00c7\u0131kman \u00f6n\u00fcm\u00fczdeki genel se\u00e7imlerde milletvekili aday aday\u0131 olmak \u00fczere 25.02.2011 tarihi itibariyle istifa etmi\u015ftir. Ba\u015fhekim sayg\u0131lar\u0131m\u0131zla\u201d yaz\u0131l\u0131 k\u0131sa mesaj g\u00f6nderdi. Mart ay\u0131n\u0131n ortalar\u0131nda beklenen geli\u015fme oldu ve Op. Dr. \u00c7\u0131kman, Er\u00e7ek Belde Belediye Ba\u015fkan\u0131 Orhan Ba\u011flay\u0131c\u0131 ile birlikte AKP Van il ba\u015fkanl\u0131\u011f\u0131na giderek, milletvekilli\u011fi i\u00e7in aday adayl\u0131k resmi ba\u015fvurusu yapt\u0131. Ba\u015fvurusunu Ba\u015fbakan Recep Tayip Erdo\u011fan\u2019\u0131n \u201cSiyasetin tek liman\u0131 ahlakt\u0131r\u201d s\u00f6z\u00fcn\u00fc hat\u0131rlatarak yapan \u00c7\u0131kman, AKP\u2019nin son 8 y\u0131l i\u00e7inde b\u00f6lgede, T\u00fcrkiye\u2019de ve d\u00fcnyada \u00f6nemli faaliyetler, hizmetler y\u00fcr\u00fctt\u00fc\u011f\u00fcn\u00fc ve bu d\u00fcsturdan hareket ederek d\u00fcr\u00fcstl\u00fckten, manevi de\u011ferlerden taviz vermeden b\u00fcy\u00fcy\u00fcp T\u00fcrkiye partisi haline geldi\u011fini s\u00f6yledi. \u00c7\u0131kman\u2019\u0131n ba\u015fvurusunu \u0130l Ba\u015fkan\u0131 Abdullah Aras ald\u0131.<\/p>\n<p style=\"text-align: justify;\"><strong>TEMAY\u00dcLDE H\u00dcSRAN<\/strong><\/p>\n<p style=\"text-align: justify;\">Kentteki bilborardlara ilanlar vererek se\u00e7im \u00e7al\u0131\u015fmalar\u0131na kat\u0131lan Op. Dr. \u00c7\u0131kman, bir hafta sonra ger\u00e7ekle\u015ftirilen temay\u00fcl yoklamas\u0131nda ise h\u00fcsrana u\u011frad\u0131. 19 Mart\u2019ta yap\u0131lan temay\u00fcl yoklamas\u0131nda 138 aday aas\u0131ndan \u00c7\u0131kman\u2019a 178 oy \u00e7\u0131kt\u0131 ve ilk 10 aday aras\u0131na giremedi. Van\u2019da AKP\u2019nin kesinle\u015fen adaylar\u0131 \u201cBurhan Kayat\u00fcrk, Fatih \u00c7iftci, Mustafa Bilici, G\u00fcl\u015fen Orhan, Zahir So\u011fanda (temay\u00fclde 2), Abdulhalat Arvas (temay\u00fclde 1), Necat G\u00f6renta\u015f (temay\u00fclde 3), Hasan Karada\u015f (temay\u00fclde 4).<\/p>\n<p style=\"text-align: justify;\">1968 I\u011fd\u0131r do\u011fumlu olan \u00c7\u0131kman, 1993 y\u0131l\u0131nda Dicle \u00dcniversitesi T\u0131p Fak\u00fcltesinden mezun oldu. 1993\u2019te Van Muradiye Devlet Hastanesi Acil Servis Tabipli\u011fi ve \u00dcnseli Sa\u011fl\u0131k Oca\u011f\u0131 Tabipli\u011fi, Sa\u011fl\u0131k Gurup Ba\u015fkan\u0131 olarak \u00e7al\u0131\u015ft\u0131. 1998\u20132002 y\u0131llar\u0131nda Y\u00fcz\u00fcnc\u00fc Y\u0131l \u00dcniversitesi T\u0131p Fak\u00fcltesi Genel Cerrahi Ana Bilim Dal\u0131nda uzmanl\u0131k e\u011fitimini tamamlad\u0131. 2003\u20132005 Tarihleri aras\u0131nda Van \u2013Muradiye Devlet Hastanesinde Genel Cerrahi Uzman\u0131 ve Devlet Hastanesi Ba\u015fhekimli\u011fi, Sa\u011fl\u0131k Gurup Ba\u015fkan\u0131 olarak \u00e7al\u0131\u015ft\u0131.<\/p>\n<div id=\"attachment_31721\" style=\"width: 388px\" class=\"wp-caption aligncenter\"><a href=\"http:\/\/www.korhanyilmaz.com\/wp-content\/uploads\/2011\/05\/bakan1.jpg\"  class=\"lightview\"><img loading=\"lazy\" decoding=\"async\" aria-describedby=\"caption-attachment-31721\" class=\"size-full wp-image-31721 \" src=\"http:\/\/www.korhanyilmaz.com\/wp-content\/uploads\/2011\/05\/bakan1.jpg\" alt=\"\" width=\"378\" height=\"441\" \/><\/a><p id=\"caption-attachment-31721\" class=\"wp-caption-text\">Ger\u00e7ek boyut i\u00e7in resmin \u00fczerine t\u0131klay\u0131n..<\/p><\/div>\n<div id=\"attachment_31722\" style=\"width: 410px\" class=\"wp-caption aligncenter\"><a href=\"http:\/\/www.korhanyilmaz.com\/wp-content\/uploads\/2011\/05\/029.jpg\"  class=\"lightview\"><img loading=\"lazy\" decoding=\"async\" aria-describedby=\"caption-attachment-31722\" class=\"size-full wp-image-31722\" src=\"http:\/\/www.korhanyilmaz.com\/wp-content\/uploads\/2011\/05\/029.jpg\" alt=\"\" width=\"400\" height=\"550\" \/><\/a><p id=\"caption-attachment-31722\" class=\"wp-caption-text\">Ger\u00e7ek boyut i\u00e7in resmin \u00fczerine t\u0131klay\u0131n..<\/p><\/div>\n<p style=\"text-align: justify;\"><a href=\"http:\/\/www.gazeteport.com.tr\/SIYASET\/NEWS\/GP_898500\" target=\"_blank\">Kaynak : Yusuf Sahici &#8211; GAZETEPORT<\/a><\/p>\n","protected":false},"excerpt":{"rendered":"<p style=\"text-align: justify;\">\n<p style=\"text-align: justify;\">CHP lideri K\u0131l\u0131\u00e7daro\u011flu\u2019nun, Sa\u011fl\u0131k Bakan\u0131 Akda\u011f\u2019\u0131n Van\u2019da 4 milyon TL\u2019lik yolsuzluk soru\u015fturmas\u0131n\u0131 durdurdu\u011funa ili\u015fkin iddias\u0131nda \u201cba\u015f akt\u00f6r\u201d olarak ad\u0131 \u00f6ne \u00e7\u0131kan Van E\u011fitim ve Ara\u015ft\u0131rma Hastanesi eski Ba\u015fhekimi \u00c7\u0131kman\u2019\u0131n AK Parti\u2019den milletvekili aday\u0131 aday\u0131 oldu\u011fu ortaya \u00e7\u0131kt\u0131.<\/p>\n","protected":false},"author":1,"featured_media":0,"comment_status":"open","ping_status":"closed","sticky":false,"template":"","format":"standard","meta":{"footnotes":""},"categories":[105],"tags":[],"class_list":["post-31719","post","type-post","status-publish","format-standard","hentry","category-gundem","odd"],"_links":{"self":[{"href":"http:\/\/www.korhanyilmaz.com\/index.php?rest_route=\/wp\/v2\/posts\/31719","targetHints":{"allow":["GET"]}}],"collection":[{"href":"http:\/\/www.korhanyilmaz.com\/index.php?rest_route=\/wp\/v2\/posts"}],"about":[{"href":"http:\/\/www.korhanyilmaz.com\/index.php?rest_route=\/wp\/v2\/types\/post"}],"author":[{"embeddable":true,"href":"http:\/\/www.korhanyilmaz.com\/index.php?rest_route=\/wp\/v2\/users\/1"}],"replies":[{"embeddable":true,"href":"http:\/\/www.korhanyilmaz.com\/index.php?rest_route=%2Fwp%2Fv2%2Fcomments&post=31719"}],"version-history":[{"count":0,"href":"http:\/\/www.korhanyilmaz.com\/index.php?rest_route=\/wp\/v2\/posts\/31719\/revisions"}],"wp:attachment":[{"href":"http:\/\/www.korhanyilmaz.com\/index.php?rest_route=%2Fwp%2Fv2%2Fmedia&parent=31719"}],"wp:term":[{"taxonomy":"category","embeddable":true,"href":"http:\/\/www.korhanyilmaz.com\/index.php?rest_route=%2Fwp%2Fv2%2Fcategories&post=31719"},{"taxonomy":"post_tag","embeddable":true,"href":"http:\/\/www.korhanyilmaz.com\/index.php?rest_route=%2Fwp%2Fv2%2Ftags&post=31719"}],"curies":[{"name":"wp","href":"https:\/\/api.w.org\/{rel}","templated":true}]}}