{"id":31715,"date":"2011-05-04T16:05:49","date_gmt":"2011-05-04T13:05:49","guid":{"rendered":"http:\/\/www.korhanyilmaz.com\/?p=31715"},"modified":"2011-05-04T16:05:49","modified_gmt":"2011-05-04T13:05:49","slug":"izmirde-isyan-buyuyor","status":"publish","type":"post","link":"http:\/\/www.korhanyilmaz.com\/?p=31715","title":{"rendered":"\u0130zmir&#8217;de isyan b\u00fcy\u00fcyor"},"content":{"rendered":"<p style=\"text-align: justify;\"><a href=\"http:\/\/www.korhanyilmaz.com\/wp-content\/uploads\/2011\/05\/027.jpg\"  class=\"lightview\"><img loading=\"lazy\" decoding=\"async\" class=\"aligncenter size-full wp-image-31716\" src=\"http:\/\/www.korhanyilmaz.com\/wp-content\/uploads\/2011\/05\/027.jpg\" alt=\"\" width=\"420\" height=\"210\" \/><\/a><\/p>\n<p style=\"text-align: justify;\">\u0130zmir&#8217;de Genel-\u0130\u015f, Belediye-\u0130\u015f, Sosyal-\u0130\u015f ve T\u00fcm-Bel-Sen sendikalar\u0131, \u0130zmir B\u00fcy\u00fck\u015fehir Belediyesindeki aramalar\u0131 protesto i\u00e7in AK Parti \u0130zmir \u0130l Ba\u015fkanl\u0131\u011f\u0131na siyah \u00e7elenk b\u0131rakt\u0131.<\/p>\n<p style=\"text-align: justify;\">\u0130zmir B\u00fcy\u00fck\u015fehir Belediyesi binas\u0131n\u0131n \u00f6n\u00fcnde toplanan \u00e7ok say\u0131da sendika \u00fcyesi i\u015f\u00e7i, \u00c7ankaya semtine do\u011fru y\u00fcr\u00fcd\u00fc. <!--more--><\/p>\n<p style=\"text-align: justify;\">H\u00fck\u00fcmet aleyhine slogan atan grup, yakla\u015f\u0131k 500 metre mesafede bulunan Ak Parti \u0130zmir \u0130l Ba\u015fkanl\u0131\u011f\u0131 binas\u0131n\u0131n \u00f6n\u00fcne geldi.<\/p>\n<p style=\"text-align: justify;\">Binan\u0131n \u00f6n\u00fcnde g\u00fcvenlik \u00f6nlemi alan polisin yola koydu\u011fu tel \u00f6rg\u00fclerin \u00f6n\u00fcnde bas\u0131n a\u00e7\u0131klamas\u0131 okundu.<\/p>\n<p style=\"text-align: justify;\">Belediye-\u0130\u015f 2 No&#8217;lu \u015eube Ba\u015fkan\u0131 Ahmet Muto\u011flu, Ak Parti&#8217;nin se\u00e7imde \u0130zmir&#8217;den umdu\u011funu bulamayaca\u011f\u0131n\u0131 anlad\u0131\u011f\u0131 i\u00e7in operasyonlarla ba\u015far\u0131l\u0131 olmaya \u00e7al\u0131\u015ft\u0131\u011f\u0131n\u0131 iddia ederek, as\u0131l operasyonun 12 Haziran&#8217;da se\u00e7im sand\u0131\u011f\u0131nda yap\u0131laca\u011f\u0131n\u0131 s\u00f6yledi.<\/p>\n<p style=\"text-align: justify;\">Muto\u011flu, \u201c\u0130zmir \u00fczerindeki abluka kalkana, bu t\u00fcr uygulamalar sona erene kadar eylemlerimiz s\u00fcrecek, \u0130zmir sokaklar\u0131 bir\u00e7ok eyleme sahne olacak\u201d dedi.<\/p>\n<p style=\"text-align: justify;\">Belediye-\u0130\u015f 6 No&#8217;lu \u015eube Ba\u015fkan\u0131 Buket Merto\u011flu ise \u0130zmir B\u00fcy\u00fck\u015fehir Belediyesinin denet\u00e7i raporlar\u0131nda \u00f6rnek belediye olarak g\u00f6sterilirken AK Partili bir\u00e7ok belediyedeki usuls\u00fczl\u00fcklerin Torba Yasas\u0131 ile kapat\u0131ld\u0131\u011f\u0131n\u0131 ileri s\u00fcrd\u00fc.<\/p>\n<p style=\"text-align: justify;\">Sendikalar ad\u0131na bas\u0131n a\u00e7\u0131klamas\u0131n\u0131 okuyan Genel-\u0130\u015f 3 No&#8217;lu \u015eube Ba\u015fkan\u0131 Cafer Konca da soru\u015fturman\u0131n gizlili\u011fi ilkesine ra\u011fmen gazetelerde operasyonun ayr\u0131nt\u0131lar\u0131n\u0131n yay\u0131nlanmas\u0131n\u0131n ilgi \u00e7ekici oldu\u011funu ifade ederek, haberlerde yer alan \u00c7ankaya katl\u0131 otopark\u0131 ihalesinin iptal edilerek \u0130zelman&#8217;a verilmesi olay\u0131nda \u0130zelman&#8217;\u0131n \u0130zmir halk\u0131n\u0131n mal\u0131 oldu\u011funun unutulmamas\u0131 gerekti\u011fini s\u00f6yledi.<\/p>\n<p style=\"text-align: justify;\">\u0130zmir B\u00fcy\u00fck\u015fehir Belediyesi ve belediye \u015firketlerine \u201cAK Partili belediyelerdeki ta\u015feron i\u015f\u00e7ilere k\u00f6t\u00fc \u00f6rnek olundu\u011fu\u201d gerek\u00e7esiyle operasyon d\u00fczenlendi\u011fini ileri s\u00fcren Konca, \u015funlar\u0131 kaydetti:<\/p>\n<p style=\"text-align: justify;\">\u201cSendikalar olarak, ne g\u00fczel \u015fehrimizi Kars&#8217;\u0131 kirletmesinin \u00f6d\u00fcl\u00fc olarak \u015fehrimize g\u00f6nderilen K\u00fclt\u00fcr ve Turizm Bakan\u0131&#8217;na, ne bir elinde havu\u00e7 bir elinde sopayla bizleri terbiyeye yollayan Ula\u015ft\u0131rma Bakan\u0131&#8217;na, ne de demokrasi d\u00fc\u015fman\u0131 di\u011ferlerine g\u00fczel \u0130zmir&#8217;i teslim etmeyece\u011fiz. \u00dcyelerimizin haklar\u0131 i\u00e7in gerekirse greve \u00e7\u0131kacak olsak bile Ak Parti&#8217;nin ve sermayenin bu son sald\u0131r\u0131s\u0131na kar\u015f\u0131 \u0130zmir B\u00fcy\u00fck\u015fehir Belediyesini yaln\u0131z b\u0131rakmayaca\u011f\u0131z.\u201d<\/p>\n<p style=\"text-align: justify;\">A\u00e7\u0131klaman\u0131n ard\u0131ndan, \u015fube ba\u015fkanlar\u0131, tel \u00f6rg\u00fcleri ge\u00e7erek binan\u0131n \u00f6n\u00fcne geldi ve siyah \u00e7elenk b\u0131rakt\u0131.<\/p>\n<p style=\"text-align: justify;\">Grup, daha sonra, slogan atarak binan\u0131n \u00f6n\u00fcnden ayr\u0131ld\u0131.<\/p>\n<p style=\"text-align: justify;\"><strong>MESLEK ODALARI DA AYAKTA <\/strong><\/p>\n<p style=\"text-align: justify;\">\u0130ZM\u0130R B\u00fcy\u00fck\u015fehir Belediye Ba\u015fkan\u0131 Aziz Kocao\u011flu\u2019na i\u015f d\u00fcnyas\u0131ndan destek geldi. \u0130zmir\u2019deki meslek odalar\u0131n\u0131n ba\u015fkanlar\u0131n\u0131n olu\u015fturdu\u011fu Ba\u015fkanlar Kurulu \u00fcyeleri Aziz Kocao\u011flu\u2019nu ziyaret ederek, yan\u0131nda olacaklar\u0131 mesaj\u0131n\u0131 verdi.<\/p>\n<p style=\"text-align: justify;\">\u0130ZM\u0130R\u2019de polisin B\u00fcy\u00fck\u015fehir Belediyesi\u2019ne y\u00f6nelik operasyona tepki nedeniyle belediye binas\u0131 \u00f6n\u00fcnde yakla\u015f\u0131k 10 bin ki\u015fi destek i\u00e7in topland\u0131.<\/p>\n<p style=\"text-align: justify;\">\u0130zmir B\u00fcy\u00fck\u015fehir Belediyesi\u2019ne y\u00f6nelik soru\u015fturman\u0131n ard\u0131ndan olu\u015fan tepkilere \u0130zmirli meslek odalar\u0131 da kat\u0131ld\u0131. \u0130zmir Ba\u015fkanlar Kurulu \u00fcyeleri, B\u00fcy\u00fck\u015fehir Belediye Ba\u015fkan\u0131 Aziz Kocao\u011flu\u2019na destek ziyaretinde bulunarak, kendisinin her zaman yan\u0131nda olacaklar\u0131n\u0131 belirtti. Ba\u015fkan Kocao\u011flu\u2019nun makam\u0131nda ger\u00e7ekle\u015fen ziyarete Ege B\u00f6lgesi Sanayi Odas\u0131 Ba\u015fkan\u0131 Ender Yorganc\u0131lar, \u0130zmir Esnaf ve Sanatkarlar Odalar\u0131 Birli\u011fi Ba\u015fkan\u0131 Zekeriya Mutlu, Ege \u0130hracat\u00e7\u0131 Birlikleri Koordinat\u00f6r Ba\u015fkan\u0131 Mustafa T\u00fcrkmeno\u011flu, \u0130zmir Sanayici ve \u0130\u015fadamlar\u0131 Derne\u011fi Ba\u015fkan\u0131 Ayhan Baran, Ege Ekonomisini Geli\u015ftirme Vakf\u0131 Ba\u015fkan\u0131 Y\u0131lmaz Temizocak, Ege Gen\u00e7 \u0130\u015fadamlar\u0131 Derne\u011fi Y\u00f6netim Kurulu Ba\u015fkan\u0131 Temel Aycan \u015een, Bat\u0131 Anadolu Sanayici ve \u0130\u015fadamlar\u0131 Federasyonu Y\u00f6netim Kurulu Ba\u015fkan\u0131 H\u00fcseyin Porsuk, Ege Sanayici ve \u0130\u015fadalar\u0131 Derne\u011fi Y\u00fcksek \u0130sti\u015fare Kurulu Ba\u015fkan\u0131 Kemal \u00c7olako\u011flu, Ege Gen\u00e7 \u0130\u015fadamlar\u0131 Dan\u0131\u015fma Kurulu Ba\u015fkan\u0131 O\u011fuz Tat\u0131\u015f ve G\u00fc\u00e7birli\u011fi Holding Y\u00f6netim Kurulu Ba\u015fkan\u0131 Kemal Zorlu kat\u0131ld\u0131.<\/p>\n<p style=\"text-align: justify;\">Ziyaretin ard\u0131ndan grup ad\u0131na a\u00e7\u0131klama yapan Y\u0131lmaz Temizocak, Ba\u015fkanlar Kurulu olarak Ba\u015fkan Kocao\u011flu\u2019na destek verdiklerini s\u00f6yledi. Ba\u015fkan Kocao\u011flu\u2019na duyduklar\u0131 g\u00fcveni dile getiren Temizocak, &#8220;Say\u0131n Ba\u015fkan\u0131 ziyaret ettik. G\u00f6rd\u00fck ki Say\u0131n Ba\u015fkan\u0131n morali fevkalade yerinde. Bizler de b\u00fct\u00fcn kurumlar\u0131n ba\u015fkanlar\u0131 olarak Say\u0131n Ba\u015fkan\u2019a sonsuz destek veriyoruz. \u0130n\u015fallah en k\u0131sa zamanda g\u00f6zalt\u0131ndaki arkada\u015flar\u0131n da serbest b\u0131rak\u0131laca\u011f\u0131na olan inanc\u0131m\u0131z tamd\u0131r. Say\u0131n Ba\u015fkan\u0131m\u0131z\u0131 da hem dirayeti, hem uygulamalar\u0131, hem de s\u00fckuneti nedeniyle g\u00f6n\u00fclden kutluyoruz&#8221; dedi.<\/p>\n<p style=\"text-align: justify;\">\u0130zmir B\u00fcy\u00fck\u015fehir Belediye Ba\u015fkan\u0131 Aziz Kocao\u011flu da bu s\u0131k\u0131nt\u0131l\u0131 g\u00fcnlerinde kendisini yaln\u0131z b\u0131rakmad\u0131klar\u0131 i\u00e7in Ba\u015fkanlar Kurulu \u00fcyelerine te\u015fekk\u00fcr etti. Kocao\u011flu, &#8220;Beni bu s\u0131k\u0131nt\u0131l\u0131 g\u00fcnlerimde yaln\u0131z b\u0131rakmad\u0131klar\u0131 i\u00e7in t\u00fcm arkada\u015flara hem kendi adlar\u0131na hem de kurumlar\u0131 ad\u0131na sayg\u0131lar sunuyor, \u00e7ok te\u015fekk\u00fcr ediyorum&#8221; diye konu\u015ftu.<\/p>\n<p style=\"text-align: justify;\"><a href=\"http:\/\/haber.gazetevatan.com\/izmirde-isyan-buyuyor\/375222\/1\/Gundem\" target=\"_blank\">Kaynak : VATAN Gazetesi<\/a><\/p>\n","protected":false},"excerpt":{"rendered":"<p style=\"text-align: justify;\">\n<p style=\"text-align: justify;\">\u0130zmir&#8217;de Genel-\u0130\u015f, Belediye-\u0130\u015f, Sosyal-\u0130\u015f ve T\u00fcm-Bel-Sen sendikalar\u0131, \u0130zmir B\u00fcy\u00fck\u015fehir Belediyesindeki aramalar\u0131 protesto i\u00e7in AK Parti \u0130zmir \u0130l Ba\u015fkanl\u0131\u011f\u0131na siyah \u00e7elenk b\u0131rakt\u0131.<\/p>\n<p style=\"text-align: justify;\">\u0130zmir B\u00fcy\u00fck\u015fehir Belediyesi binas\u0131n\u0131n \u00f6n\u00fcnde toplanan \u00e7ok say\u0131da sendika \u00fcyesi i\u015f\u00e7i, \u00c7ankaya semtine do\u011fru y\u00fcr\u00fcd\u00fc. <\/p>\n","protected":false},"author":1,"featured_media":0,"comment_status":"open","ping_status":"closed","sticky":false,"template":"","format":"standard","meta":{"footnotes":""},"categories":[105],"tags":[],"class_list":["post-31715","post","type-post","status-publish","format-standard","hentry","category-gundem","odd"],"_links":{"self":[{"href":"http:\/\/www.korhanyilmaz.com\/index.php?rest_route=\/wp\/v2\/posts\/31715","targetHints":{"allow":["GET"]}}],"collection":[{"href":"http:\/\/www.korhanyilmaz.com\/index.php?rest_route=\/wp\/v2\/posts"}],"about":[{"href":"http:\/\/www.korhanyilmaz.com\/index.php?rest_route=\/wp\/v2\/types\/post"}],"author":[{"embeddable":true,"href":"http:\/\/www.korhanyilmaz.com\/index.php?rest_route=\/wp\/v2\/users\/1"}],"replies":[{"embeddable":true,"href":"http:\/\/www.korhanyilmaz.com\/index.php?rest_route=%2Fwp%2Fv2%2Fcomments&post=31715"}],"version-history":[{"count":0,"href":"http:\/\/www.korhanyilmaz.com\/index.php?rest_route=\/wp\/v2\/posts\/31715\/revisions"}],"wp:attachment":[{"href":"http:\/\/www.korhanyilmaz.com\/index.php?rest_route=%2Fwp%2Fv2%2Fmedia&parent=31715"}],"wp:term":[{"taxonomy":"category","embeddable":true,"href":"http:\/\/www.korhanyilmaz.com\/index.php?rest_route=%2Fwp%2Fv2%2Fcategories&post=31715"},{"taxonomy":"post_tag","embeddable":true,"href":"http:\/\/www.korhanyilmaz.com\/index.php?rest_route=%2Fwp%2Fv2%2Ftags&post=31715"}],"curies":[{"name":"wp","href":"https:\/\/api.w.org\/{rel}","templated":true}]}}