{"id":31711,"date":"2011-05-04T16:01:46","date_gmt":"2011-05-04T13:01:46","guid":{"rendered":"http:\/\/www.korhanyilmaz.com\/?p=31711"},"modified":"2011-05-04T16:01:46","modified_gmt":"2011-05-04T13:01:46","slug":"kilicdaroglundan-sert-tepki-yalanci","status":"publish","type":"post","link":"http:\/\/www.korhanyilmaz.com\/?p=31711","title":{"rendered":"K\u0131l\u0131\u00e7daro\u011flu&#8217;ndan sert tepki: &#8221; Yalanc\u0131! &#8220;"},"content":{"rendered":"<p style=\"text-align: justify;\"><a href=\"http:\/\/www.korhanyilmaz.com\/wp-content\/uploads\/2011\/05\/026.jpg\"  class=\"lightview\"><img loading=\"lazy\" decoding=\"async\" class=\"aligncenter size-full wp-image-31712\" src=\"http:\/\/www.korhanyilmaz.com\/wp-content\/uploads\/2011\/05\/026.jpg\" alt=\"\" width=\"292\" height=\"189\" \/><\/a><\/p>\n<p style=\"text-align: justify;\">CHP Genel Ba\u015fkan\u0131 Kemal K\u0131l\u0131\u00e7daro\u011flu, &#8220;Say\u0131n Ba\u015fbakan &#8216;AK Parti ne veriyorsa biz be\u015f kat\u0131n\u0131 verece\u011fiz&#8217; dedi\u011fimi iddia etmi\u015f. Bu s\u00f6zler yalan&#8221; dedi.<\/p>\n<p style=\"text-align: justify;\">K\u0131l\u0131\u00e7daro\u011flu, yapt\u0131\u011f\u0131 yaz\u0131l\u0131 a\u00e7\u0131klamada, Ba\u015fbakan Erdo\u011fan&#8217;\u0131n \u0130stanbul&#8217;daki bir konu\u015fmas\u0131nda kendisine y\u00f6nelik iddialarda bulundu\u011funu ifade etti. <!--more--><\/p>\n<p style=\"text-align: justify;\">CHP lideri, &#8220;Say\u0131n Ba\u015fbakan \u0130stanbul&#8217;da konu\u015furken beni kastederek, &#8216;AK Parti ne veriyorsa biz be\u015f kat\u0131n\u0131 verece\u011fiz&#8217; dedi\u011fimi iddia etmi\u015f, bu s\u00f6zler yalan. &#8216;Ba\u015fbakan&#8217;a yalanc\u0131 demek yak\u0131\u015f\u0131ks\u0131z&#8217; diyeceksiniz ama yalanc\u0131ya ba\u015fka ne denir ki?&#8221; diye sordu.<\/p>\n<p style=\"text-align: justify;\">K\u0131l\u0131\u00e7daro\u011flu, &#8220;Bug\u00fcne kadar y\u00fczlerce a\u00e7\u0131klama, binlerce konu\u015fma yapt\u0131m. Hi\u00e7bir a\u00e7\u0131klamamda veya konu\u015fmamda, &#8216;AKP ne veriyorsa biz be\u015f kat\u0131n\u0131 verece\u011fiz&#8217; diye bir s\u00f6z s\u00f6ylemedim, b\u00f6yle bir c\u00fcmlem yok&#8221; ifadesini kulland\u0131.<\/p>\n<p style=\"text-align: justify;\">Ba\u015fbakan Erdo\u011fan&#8217;\u0131n &#8220;Kemal K\u0131l\u0131\u00e7daro\u011flu ikide bir ben geldi\u011fim zaman Tayyip Erdo\u011fan&#8217;a T\u00fcrkiye&#8217;yi dar edece\u011fim&#8217; diyor. K\u0131l\u0131\u00e7daro\u011flu, sen anamuhalefet partisinin grup ba\u015fkanvekilleri aras\u0131nda bulundun, elinde dosyalarla dola\u015ft\u0131n. Madem senin elinde bu t\u00fcr dosyalar vard\u0131, niye savc\u0131lara teslim etmedin, hesap sormad\u0131n&#8221; \u015feklinde ifadeler kulland\u0131\u011f\u0131n\u0131 belirten K\u0131l\u0131\u00e7daro\u011flu, a\u00e7\u0131klamas\u0131nda \u015funlar\u0131 ifade etti:<\/p>\n<p style=\"text-align: justify;\">&#8220;Ba\u015fbakan&#8217;\u0131n s\u00f6zleri, ilkesiz, tutars\u0131z, yanl\u0131\u015f; bunun neresini d\u00fczelteyim. Say\u0131n Ba\u015fbakan, hesap sorup sormad\u0131\u011f\u0131m\u0131 kar\u015f\u0131ma \u00e7\u0131kan iki yard\u0131mc\u0131na sor. Hem \u00f6yle bir hesap sordum ki safd\u0131\u015f\u0131 kald\u0131lar ve bir daha bellerini do\u011frultamad\u0131lar. Elimde bulunan Deniz Feneri ile ilgili belgeleri savc\u0131l\u0131\u011fa g\u00f6nderdim. Y\u0131l ge\u00e7ti, Almanya karar verdi, bizde hen\u00fcz dava a\u00e7\u0131lmad\u0131. Dava a\u00e7\u0131ld\u0131\u011f\u0131n\u0131 g\u00f6relim savc\u0131lara intikal ettirece\u011fim \u00e7ok belge var. El yaz\u0131l\u0131 r\u00fc\u015fvet da\u011f\u0131t\u0131m\u0131yla ilgili not defterini g\u00f6nderdim. Kasanda tutuyorsun. Ayr\u0131ca hesap sorup sormayaca\u011f\u0131m\u0131 dokunulmazl\u0131\u011f\u0131n kalk\u0131nca g\u00f6receksin, \u015fimdi dokunulmazl\u0131\u011f\u0131n var. O z\u0131rh\u0131 s\u0131rt\u0131ndan \u00e7\u0131kard\u0131\u011f\u0131n g\u00fcn nas\u0131l hesap sordu\u011fumuzu herkes g\u00f6recek.&#8221;<\/p>\n<p style=\"text-align: justify;\"><a href=\"http:\/\/www.cnnturk.com\/2011\/turkiye\/05\/04\/kilicdaroglundan.sert.tepki.yalanci\/615521.0\/index.html\" target=\"_blank\">Kaynak : CNN T\u00dcRK<\/a><\/p>\n","protected":false},"excerpt":{"rendered":"<p style=\"text-align: justify;\">\n<p style=\"text-align: justify;\">CHP Genel Ba\u015fkan\u0131 Kemal K\u0131l\u0131\u00e7daro\u011flu, &#8220;Say\u0131n Ba\u015fbakan &#8216;AK Parti ne veriyorsa biz be\u015f kat\u0131n\u0131 verece\u011fiz&#8217; dedi\u011fimi iddia etmi\u015f. Bu s\u00f6zler yalan&#8221; dedi.<\/p>\n<p style=\"text-align: justify;\">K\u0131l\u0131\u00e7daro\u011flu, yapt\u0131\u011f\u0131 yaz\u0131l\u0131 a\u00e7\u0131klamada, Ba\u015fbakan Erdo\u011fan&#8217;\u0131n \u0130stanbul&#8217;daki bir konu\u015fmas\u0131nda kendisine y\u00f6nelik iddialarda bulundu\u011funu ifade etti. <\/p>\n","protected":false},"author":1,"featured_media":0,"comment_status":"open","ping_status":"closed","sticky":false,"template":"","format":"standard","meta":{"footnotes":""},"categories":[105],"tags":[],"class_list":["post-31711","post","type-post","status-publish","format-standard","hentry","category-gundem","odd"],"_links":{"self":[{"href":"http:\/\/www.korhanyilmaz.com\/index.php?rest_route=\/wp\/v2\/posts\/31711","targetHints":{"allow":["GET"]}}],"collection":[{"href":"http:\/\/www.korhanyilmaz.com\/index.php?rest_route=\/wp\/v2\/posts"}],"about":[{"href":"http:\/\/www.korhanyilmaz.com\/index.php?rest_route=\/wp\/v2\/types\/post"}],"author":[{"embeddable":true,"href":"http:\/\/www.korhanyilmaz.com\/index.php?rest_route=\/wp\/v2\/users\/1"}],"replies":[{"embeddable":true,"href":"http:\/\/www.korhanyilmaz.com\/index.php?rest_route=%2Fwp%2Fv2%2Fcomments&post=31711"}],"version-history":[{"count":0,"href":"http:\/\/www.korhanyilmaz.com\/index.php?rest_route=\/wp\/v2\/posts\/31711\/revisions"}],"wp:attachment":[{"href":"http:\/\/www.korhanyilmaz.com\/index.php?rest_route=%2Fwp%2Fv2%2Fmedia&parent=31711"}],"wp:term":[{"taxonomy":"category","embeddable":true,"href":"http:\/\/www.korhanyilmaz.com\/index.php?rest_route=%2Fwp%2Fv2%2Fcategories&post=31711"},{"taxonomy":"post_tag","embeddable":true,"href":"http:\/\/www.korhanyilmaz.com\/index.php?rest_route=%2Fwp%2Fv2%2Ftags&post=31711"}],"curies":[{"name":"wp","href":"https:\/\/api.w.org\/{rel}","templated":true}]}}